{"id":16157,"date":"2019-02-07T00:27:40","date_gmt":"2019-02-06T23:27:40","guid":{"rendered":"https:\/\/www.ccaniene.com\/?p=16157"},"modified":"2019-02-22T14:37:08","modified_gmt":"2019-02-22T13:37:08","slug":"dedicata-alla-tutela-del-mare-la-lunga-bolina-2019","status":"publish","type":"post","link":"https:\/\/www.ccaniene.com\/it_it\/dedicata-alla-tutela-del-mare-la-lunga-bolina-2019\/","title":{"rendered":"Dedicata alla tutela del mare La Lunga Bolina 2019"},"content":{"rendered":"<div class=\"page\" title=\"Page 1\">\n<div class=\"layoutArea\">\n<div class=\"column\">\n<p>Il Circolo Canottieri Aniene dedica alla tutela del mare la decima edizione della sua regata d\u2019altura <strong>La Lunga Bolina<\/strong>, istituendo il Trofeo Marevivo per testimoniare l\u2019impegno dell\u2019Associazione che da 34 anni \u00e8 attiva nella difesa e valorizzazione dell\u2019ecosistema marino.<\/p>\n<p><strong>\u201cGuarda il Mare con occhi diversi\u201d<\/strong>: questo sar\u00e0 il concept 2019 de La Lunga Bolina, che il <strong>Circolo Canottieri Aniene<\/strong> vuole promuovere per sostenere la mission di <strong>Marevivo<\/strong> e per sensibilizzare gli armatori, gli equipaggi e le istituzioni sulle problematiche e le emergenze ambientali che minacciano il Pianeta Blu.<\/p>\n<p>In occasione della conferenza stampa, che si terr\u00e0 mercoled\u00ec 20 febbraio alle ore 18 al Circolo, sar\u00e0 infatti lanciato un contest che invita tutti i regatanti a rinunciare alla plastica usa e getta durante la regata. E\u2019 possibile rispettare il mare anche in navigazione e per questo Marevivo sar\u00e0 presente alla regata con un\u2019imbarcazione dalla quale sar\u00e0 totalmente bandita la plastica monouso a favore della filosofia usa e non getta.<\/p>\n<p>L\u2019Aniene oltre a premiare i primi classificati consegner\u00e0 insieme a Marevivo anche un riconoscimento speciale agli equipaggi pi\u00f9 virtuosi.\u00a0#StopSingleUsePlastic, #Plasticfree, #OcchioalMare, sono questi gli hashtag delle principali campagne di Marevivo e di una regata che vuole coniugare lo sport e la competizione con l\u2019attenzione al mare e a quanto ciascuno di noi possa fare per difendere questo bene prezioso e fondamentale per la vita dell\u2019uomo.<\/p>\n<p>\u201cLa Lunga Bolina compie 10 anni e la doppia cifra ne certifica oramai il titolo di tradizione &#8211; spiega il presidente dell&#8217;Aniene,\u00a0<strong>Massimo Fabbricini<\/strong> -. Una bella tradizione non solamente sportiva. Tradizione vuol dire trasmissione di memorie, risultati ed entusiasmi, ma anche di valori e di esempi. In questo senso quest\u2019anno il Circolo Canottieri Aniene ha voluto rendere ancora pi\u00f9 stretto il rapporto di amicizia e collaborazione che lo lega a Marevivo ed alla sua identica missione di amore e tutela per l\u2019ambiente. Una goccia d\u2019acqua nel mare? Il mare \u00e8 fatto di gocce d\u2019acqua&#8230;\u201d.<\/p>\n<\/div>\n<\/div>\n<\/div>\n<div class=\"page\" title=\"Page 2\">\n<div class=\"layoutArea\">\n<div class=\"column\">\n<p>\u201cIl 98% dello spazio abitato dalla vita \u00e8 mare &#8211; aggiunge <strong>Rosalba Giugni<\/strong>, presidente di Marevivo -. \u00a0Tutti gli esseri del Pianeta provengono dal mare. Il mare in buona salute \u00e8 un baluardo importante contro i cambiamenti climatici. Gli immensi oceani producono oltre il 50% dell\u2019ossigeno che respiriamo e assorbono un terzo dell\u2019anidride carbonica prodotta dall\u2019uomo. Nel nostro organismo portiamo il ricordo del sale nel sangue, nel sudore e nelle lacrime. Per questo dobbiamo difendere il mare perch\u00e9 torni ad essere quella immensa riserva di meraviglia che \u00e8 sempre stato\u201d.<\/p>\n<p><strong>LA REGATA<\/strong><br \/>\nLa Lunga Bolina-Trofeo Marevivo mantiene quelle caratteristiche organizzative che hanno fatto della regata dell\u2019Aniene un punto di riferimento per gli amanti della navigazione a vela tra le splendide isole meridionali dell\u2019Arcipelago Toscano. Dopo il consueto skipper briefing di venerd\u00ec 19 aprile alle ore 19.00, La Lunga Bolina partir\u00e0 sabato 20 aprile alle ore 10.00 da Riva di Traiano seguendo un percorso di circa 135 mn tra le isole di Giannutri, Isola del Giglio, Formiche di Grosseto, Monte Argentario, con arrivo a Riva di Traiano. La settimana prima si disputer\u00e0 la Coastal Race in collaborazione con l\u2019Associazione Classe Este 24, che riprender\u00e0 il percorso della loro prima edizione del 2012 e che si svilupper\u00e0 su circa 80 miglia diviso in due giorni: sabato 13 aprile da S. Marinella a Porto Ercole e la domenica 14 aprile da Porto Ercole a S. Marinella.<\/p>\n<p><a href=\"http:\/\/www.ccaniene.com\/wp-content\/uploads\/2019\/02\/LocandinaLBMV.jpg\"><img fetchpriority=\"high\" decoding=\"async\" class=\"aligncenter wp-image-16160 size-large\" src=\"http:\/\/www.ccaniene.com\/wp-content\/uploads\/2019\/02\/LocandinaLBMV-980x980.jpg\" alt=\"\" width=\"980\" height=\"980\" \/><\/a><\/p>\n<\/div>\n<\/div>\n<\/div>\n","protected":false},"excerpt":{"rendered":"<p>Il Circolo Canottieri Aniene dedica alla tutela del mare la decima edizione della sua regata d\u2019altura La Lunga Bolina, istituendo il Trofeo Marevivo per testimoniare l\u2019impegno dell\u2019Associazione che da 34 anni \u00e8 attiva nella difesa e valorizzazione dell\u2019ecosistema marino. \u201cGuarda il Mare con occhi diversi\u201d: questo sar\u00e0 il concept 2019 de La Lunga Bolina, che [&hellip;]<\/p>\n","protected":false},"author":23521,"featured_media":16158,"comment_status":"closed","ping_status":"closed","sticky":false,"template":"","format":"standard","meta":{"pmpro_default_level":0,"footnotes":"","_links_to":"","_links_to_target":""},"categories":[1,26],"tags":[],"class_list":["post-16157","post","type-post","status-publish","format-standard","has-post-thumbnail","hentry","category-news","category-vela","pmpro-has-access"],"featured_image_urls":{"medium":"https:\/\/www.ccaniene.com\/wp-content\/uploads\/2019\/02\/bolina-800x414.jpg","thumbnail":"https:\/\/www.ccaniene.com\/wp-content\/uploads\/2019\/02\/bolina-400x400.jpg","medium_large":"https:\/\/www.ccaniene.com\/wp-content\/uploads\/2019\/02\/bolina-768x397.jpg"},"appp_media":null,"yoast_head":"<!-- This site is optimized with the Yoast SEO plugin v23.6 - https:\/\/yoast.com\/wordpress\/plugins\/seo\/ -->\n<title>Dedicata alla tutela del mare La Lunga Bolina 2019 - Circolo Canottieri Aniene<\/title>\n<meta name=\"robots\" content=\"index, follow, max-snippet:-1, max-image-preview:large, max-video-preview:-1\" \/>\n<link rel=\"canonical\" href=\"https:\/\/www.ccaniene.com\/it_it\/dedicata-alla-tutela-del-mare-la-lunga-bolina-2019\/\" \/>\n<meta property=\"og:locale\" content=\"it_IT\" \/>\n<meta property=\"og:type\" content=\"article\" \/>\n<meta property=\"og:title\" content=\"Dedicata alla tutela del mare La Lunga Bolina 2019 - Circolo Canottieri Aniene\" \/>\n<meta property=\"og:description\" content=\"Il Circolo Canottieri Aniene dedica alla tutela del mare la decima edizione della sua regata d\u2019altura La Lunga Bolina, istituendo il Trofeo Marevivo per testimoniare l\u2019impegno dell\u2019Associazione che da 34 anni \u00e8 attiva nella difesa e valorizzazione dell\u2019ecosistema marino. \u201cGuarda il Mare con occhi diversi\u201d: questo sar\u00e0 il concept 2019 de La Lunga Bolina, che [&hellip;]\" \/>\n<meta property=\"og:url\" content=\"https:\/\/www.ccaniene.com\/it_it\/dedicata-alla-tutela-del-mare-la-lunga-bolina-2019\/\" \/>\n<meta property=\"og:site_name\" content=\"Circolo Canottieri Aniene\" \/>\n<meta property=\"article:published_time\" content=\"2019-02-06T23:27:40+00:00\" \/>\n<meta property=\"article:modified_time\" content=\"2019-02-22T13:37:08+00:00\" \/>\n<meta property=\"og:image\" content=\"https:\/\/www.ccaniene.com\/wp-content\/uploads\/2019\/02\/bolina.jpg\" \/>\n\t<meta property=\"og:image:width\" content=\"870\" \/>\n\t<meta property=\"og:image:height\" content=\"450\" \/>\n\t<meta property=\"og:image:type\" content=\"image\/jpeg\" \/>\n<meta name=\"author\" content=\"carlo.san@tin.it\" \/>\n<meta name=\"twitter:card\" content=\"summary_large_image\" \/>\n<meta name=\"twitter:label1\" content=\"Scritto da\" \/>\n\t<meta name=\"twitter:data1\" content=\"carlo.san@tin.it\" \/>\n\t<meta name=\"twitter:label2\" content=\"Tempo di lettura stimato\" \/>\n\t<meta name=\"twitter:data2\" content=\"3 minuti\" \/>\n<script type=\"application\/ld+json\" class=\"yoast-schema-graph\">{\"@context\":\"https:\/\/schema.org\",\"@graph\":[{\"@type\":\"WebPage\",\"@id\":\"https:\/\/www.ccaniene.com\/it_it\/dedicata-alla-tutela-del-mare-la-lunga-bolina-2019\/\",\"url\":\"https:\/\/www.ccaniene.com\/it_it\/dedicata-alla-tutela-del-mare-la-lunga-bolina-2019\/\",\"name\":\"Dedicata alla tutela del mare La Lunga Bolina 2019 - Circolo Canottieri Aniene\",\"isPartOf\":{\"@id\":\"https:\/\/www.ccaniene.com\/it_it\/#website\"},\"primaryImageOfPage\":{\"@id\":\"https:\/\/www.ccaniene.com\/it_it\/dedicata-alla-tutela-del-mare-la-lunga-bolina-2019\/#primaryimage\"},\"image\":{\"@id\":\"https:\/\/www.ccaniene.com\/it_it\/dedicata-alla-tutela-del-mare-la-lunga-bolina-2019\/#primaryimage\"},\"thumbnailUrl\":\"https:\/\/www.ccaniene.com\/wp-content\/uploads\/2019\/02\/bolina.jpg\",\"datePublished\":\"2019-02-06T23:27:40+00:00\",\"dateModified\":\"2019-02-22T13:37:08+00:00\",\"author\":{\"@id\":\"https:\/\/www.ccaniene.com\/it_it\/#\/schema\/person\/6042bd0ba360674279dffd4247d570ed\"},\"breadcrumb\":{\"@id\":\"https:\/\/www.ccaniene.com\/it_it\/dedicata-alla-tutela-del-mare-la-lunga-bolina-2019\/#breadcrumb\"},\"inLanguage\":\"it-IT\",\"potentialAction\":[{\"@type\":\"ReadAction\",\"target\":[\"https:\/\/www.ccaniene.com\/it_it\/dedicata-alla-tutela-del-mare-la-lunga-bolina-2019\/\"]}]},{\"@type\":\"ImageObject\",\"inLanguage\":\"it-IT\",\"@id\":\"https:\/\/www.ccaniene.com\/it_it\/dedicata-alla-tutela-del-mare-la-lunga-bolina-2019\/#primaryimage\",\"url\":\"https:\/\/www.ccaniene.com\/wp-content\/uploads\/2019\/02\/bolina.jpg\",\"contentUrl\":\"https:\/\/www.ccaniene.com\/wp-content\/uploads\/2019\/02\/bolina.jpg\",\"width\":870,\"height\":450},{\"@type\":\"BreadcrumbList\",\"@id\":\"https:\/\/www.ccaniene.com\/it_it\/dedicata-alla-tutela-del-mare-la-lunga-bolina-2019\/#breadcrumb\",\"itemListElement\":[{\"@type\":\"ListItem\",\"position\":1,\"name\":\"Home\",\"item\":\"https:\/\/www.ccaniene.com\/it_it\/\"},{\"@type\":\"ListItem\",\"position\":2,\"name\":\"Dedicata alla tutela del mare La Lunga Bolina 2019\"}]},{\"@type\":\"WebSite\",\"@id\":\"https:\/\/www.ccaniene.com\/it_it\/#website\",\"url\":\"https:\/\/www.ccaniene.com\/it_it\/\",\"name\":\"Circolo Canottieri Aniene\",\"description\":\"Collare d&#039;Oro e Stella d&#039;Oro al Merito Sportivo\",\"potentialAction\":[{\"@type\":\"SearchAction\",\"target\":{\"@type\":\"EntryPoint\",\"urlTemplate\":\"https:\/\/www.ccaniene.com\/it_it\/?s={search_term_string}\"},\"query-input\":{\"@type\":\"PropertyValueSpecification\",\"valueRequired\":true,\"valueName\":\"search_term_string\"}}],\"inLanguage\":\"it-IT\"},{\"@type\":\"Person\",\"@id\":\"https:\/\/www.ccaniene.com\/it_it\/#\/schema\/person\/6042bd0ba360674279dffd4247d570ed\",\"name\":\"carlo.san@tin.it\",\"image\":{\"@type\":\"ImageObject\",\"inLanguage\":\"it-IT\",\"@id\":\"https:\/\/www.ccaniene.com\/it_it\/#\/schema\/person\/image\/\",\"url\":\"https:\/\/secure.gravatar.com\/avatar\/f993a459d0ffe4d666e4c917fef20ca9?s=96&d=mm&r=g\",\"contentUrl\":\"https:\/\/secure.gravatar.com\/avatar\/f993a459d0ffe4d666e4c917fef20ca9?s=96&d=mm&r=g\",\"caption\":\"carlo.san@tin.it\"},\"url\":\"https:\/\/www.ccaniene.com\/it_it\/author\/carlo-santi-2\/\"}]}<\/script>\n<!-- \/ Yoast SEO plugin. -->","yoast_head_json":{"title":"Dedicata alla tutela del mare La Lunga Bolina 2019 - Circolo Canottieri Aniene","robots":{"index":"index","follow":"follow","max-snippet":"max-snippet:-1","max-image-preview":"max-image-preview:large","max-video-preview":"max-video-preview:-1"},"canonical":"https:\/\/www.ccaniene.com\/it_it\/dedicata-alla-tutela-del-mare-la-lunga-bolina-2019\/","og_locale":"it_IT","og_type":"article","og_title":"Dedicata alla tutela del mare La Lunga Bolina 2019 - Circolo Canottieri Aniene","og_description":"Il Circolo Canottieri Aniene dedica alla tutela del mare la decima edizione della sua regata d\u2019altura La Lunga Bolina, istituendo il Trofeo Marevivo per testimoniare l\u2019impegno dell\u2019Associazione che da 34 anni \u00e8 attiva nella difesa e valorizzazione dell\u2019ecosistema marino. \u201cGuarda il Mare con occhi diversi\u201d: questo sar\u00e0 il concept 2019 de La Lunga Bolina, che [&hellip;]","og_url":"https:\/\/www.ccaniene.com\/it_it\/dedicata-alla-tutela-del-mare-la-lunga-bolina-2019\/","og_site_name":"Circolo Canottieri Aniene","article_published_time":"2019-02-06T23:27:40+00:00","article_modified_time":"2019-02-22T13:37:08+00:00","og_image":[{"width":870,"height":450,"url":"https:\/\/www.ccaniene.com\/wp-content\/uploads\/2019\/02\/bolina.jpg","type":"image\/jpeg"}],"author":"carlo.san@tin.it","twitter_card":"summary_large_image","twitter_misc":{"Scritto da":"carlo.san@tin.it","Tempo di lettura stimato":"3 minuti"},"schema":{"@context":"https:\/\/schema.org","@graph":[{"@type":"WebPage","@id":"https:\/\/www.ccaniene.com\/it_it\/dedicata-alla-tutela-del-mare-la-lunga-bolina-2019\/","url":"https:\/\/www.ccaniene.com\/it_it\/dedicata-alla-tutela-del-mare-la-lunga-bolina-2019\/","name":"Dedicata alla tutela del mare La Lunga Bolina 2019 - Circolo Canottieri Aniene","isPartOf":{"@id":"https:\/\/www.ccaniene.com\/it_it\/#website"},"primaryImageOfPage":{"@id":"https:\/\/www.ccaniene.com\/it_it\/dedicata-alla-tutela-del-mare-la-lunga-bolina-2019\/#primaryimage"},"image":{"@id":"https:\/\/www.ccaniene.com\/it_it\/dedicata-alla-tutela-del-mare-la-lunga-bolina-2019\/#primaryimage"},"thumbnailUrl":"https:\/\/www.ccaniene.com\/wp-content\/uploads\/2019\/02\/bolina.jpg","datePublished":"2019-02-06T23:27:40+00:00","dateModified":"2019-02-22T13:37:08+00:00","author":{"@id":"https:\/\/www.ccaniene.com\/it_it\/#\/schema\/person\/6042bd0ba360674279dffd4247d570ed"},"breadcrumb":{"@id":"https:\/\/www.ccaniene.com\/it_it\/dedicata-alla-tutela-del-mare-la-lunga-bolina-2019\/#breadcrumb"},"inLanguage":"it-IT","potentialAction":[{"@type":"ReadAction","target":["https:\/\/www.ccaniene.com\/it_it\/dedicata-alla-tutela-del-mare-la-lunga-bolina-2019\/"]}]},{"@type":"ImageObject","inLanguage":"it-IT","@id":"https:\/\/www.ccaniene.com\/it_it\/dedicata-alla-tutela-del-mare-la-lunga-bolina-2019\/#primaryimage","url":"https:\/\/www.ccaniene.com\/wp-content\/uploads\/2019\/02\/bolina.jpg","contentUrl":"https:\/\/www.ccaniene.com\/wp-content\/uploads\/2019\/02\/bolina.jpg","width":870,"height":450},{"@type":"BreadcrumbList","@id":"https:\/\/www.ccaniene.com\/it_it\/dedicata-alla-tutela-del-mare-la-lunga-bolina-2019\/#breadcrumb","itemListElement":[{"@type":"ListItem","position":1,"name":"Home","item":"https:\/\/www.ccaniene.com\/it_it\/"},{"@type":"ListItem","position":2,"name":"Dedicata alla tutela del mare La Lunga Bolina 2019"}]},{"@type":"WebSite","@id":"https:\/\/www.ccaniene.com\/it_it\/#website","url":"https:\/\/www.ccaniene.com\/it_it\/","name":"Circolo Canottieri Aniene","description":"Collare d&#039;Oro e Stella d&#039;Oro al Merito Sportivo","potentialAction":[{"@type":"SearchAction","target":{"@type":"EntryPoint","urlTemplate":"https:\/\/www.ccaniene.com\/it_it\/?s={search_term_string}"},"query-input":{"@type":"PropertyValueSpecification","valueRequired":true,"valueName":"search_term_string"}}],"inLanguage":"it-IT"},{"@type":"Person","@id":"https:\/\/www.ccaniene.com\/it_it\/#\/schema\/person\/6042bd0ba360674279dffd4247d570ed","name":"carlo.san@tin.it","image":{"@type":"ImageObject","inLanguage":"it-IT","@id":"https:\/\/www.ccaniene.com\/it_it\/#\/schema\/person\/image\/","url":"https:\/\/secure.gravatar.com\/avatar\/f993a459d0ffe4d666e4c917fef20ca9?s=96&d=mm&r=g","contentUrl":"https:\/\/secure.gravatar.com\/avatar\/f993a459d0ffe4d666e4c917fef20ca9?s=96&d=mm&r=g","caption":"carlo.san@tin.it"},"url":"https:\/\/www.ccaniene.com\/it_it\/author\/carlo-santi-2\/"}]}},"_links":{"self":[{"href":"https:\/\/www.ccaniene.com\/it_it\/wp-json\/wp\/v2\/posts\/16157"}],"collection":[{"href":"https:\/\/www.ccaniene.com\/it_it\/wp-json\/wp\/v2\/posts"}],"about":[{"href":"https:\/\/www.ccaniene.com\/it_it\/wp-json\/wp\/v2\/types\/post"}],"author":[{"embeddable":true,"href":"https:\/\/www.ccaniene.com\/it_it\/wp-json\/wp\/v2\/users\/23521"}],"replies":[{"embeddable":true,"href":"https:\/\/www.ccaniene.com\/it_it\/wp-json\/wp\/v2\/comments?post=16157"}],"version-history":[{"count":1,"href":"https:\/\/www.ccaniene.com\/it_it\/wp-json\/wp\/v2\/posts\/16157\/revisions"}],"predecessor-version":[{"id":16162,"href":"https:\/\/www.ccaniene.com\/it_it\/wp-json\/wp\/v2\/posts\/16157\/revisions\/16162"}],"wp:featuredmedia":[{"embeddable":true,"href":"https:\/\/www.ccaniene.com\/it_it\/wp-json\/wp\/v2\/media\/16158"}],"wp:attachment":[{"href":"https:\/\/www.ccaniene.com\/it_it\/wp-json\/wp\/v2\/media?parent=16157"}],"wp:term":[{"taxonomy":"category","embeddable":true,"href":"https:\/\/www.ccaniene.com\/it_it\/wp-json\/wp\/v2\/categories?post=16157"},{"taxonomy":"post_tag","embeddable":true,"href":"https:\/\/www.ccaniene.com\/it_it\/wp-json\/wp\/v2\/tags?post=16157"}],"curies":[{"name":"wp","href":"https:\/\/api.w.org\/{rel}","templated":true}]}}