{"id":16051,"date":"2019-01-28T14:46:41","date_gmt":"2019-01-28T13:46:41","guid":{"rendered":"https:\/\/www.ccaniene.com\/?p=16051"},"modified":"2019-01-28T14:48:43","modified_gmt":"2019-01-28T13:48:43","slug":"lorenzo-dattilo-primo-ad-anzio-nella-classe-laser","status":"publish","type":"post","link":"https:\/\/www.ccaniene.com\/it_it\/lorenzo-dattilo-primo-ad-anzio-nella-classe-laser\/","title":{"rendered":"Lorenzo Dattilo primo ad Anzio nella classe Laser"},"content":{"rendered":"<p>Si \u00e8 disputata domenica 27 gennaio la prima tappa del campionato zonale della classe Laser. La regata si \u00e8 svolta ad Anzio ed \u00e8 stata vinta dal nostro atleta Lorenzo Dattilo, che si \u00e8 aggiudicato l&#8217;unica prova disputata. Chiara Antonetti, neo tesserata con i colori dell&#8217;Aniene per la classe Laser Radial, \u00e8 arrivata quinta assoluta e prima tra le donne.<\/p>\n","protected":false},"excerpt":{"rendered":"<p>Si \u00e8 disputata domenica 27 gennaio la prima tappa del campionato zonale della classe Laser. La regata si \u00e8 svolta ad Anzio ed \u00e8 stata vinta dal nostro atleta Lorenzo Dattilo, che si \u00e8 aggiudicato l&#8217;unica prova disputata. Chiara Antonetti, neo tesserata con i colori dell&#8217;Aniene per la classe Laser Radial, \u00e8 arrivata quinta assoluta [&hellip;]<\/p>\n","protected":false},"author":23521,"featured_media":16052,"comment_status":"closed","ping_status":"closed","sticky":false,"template":"","format":"standard","meta":{"pmpro_default_level":0,"footnotes":"","_links_to":"","_links_to_target":""},"categories":[1,26],"tags":[],"class_list":["post-16051","post","type-post","status-publish","format-standard","has-post-thumbnail","hentry","category-news","category-vela","pmpro-has-access"],"featured_image_urls":{"thumbnail":"https:\/\/www.ccaniene.com\/wp-content\/uploads\/2019\/01\/dattilo-393x400.png"},"appp_media":null,"yoast_head":"<!-- This site is optimized with the Yoast SEO plugin v23.6 - https:\/\/yoast.com\/wordpress\/plugins\/seo\/ -->\n<title>Lorenzo Dattilo primo ad Anzio nella classe Laser - Circolo Canottieri Aniene<\/title>\n<meta name=\"robots\" content=\"index, follow, max-snippet:-1, max-image-preview:large, max-video-preview:-1\" \/>\n<link rel=\"canonical\" href=\"https:\/\/www.ccaniene.com\/it_it\/lorenzo-dattilo-primo-ad-anzio-nella-classe-laser\/\" \/>\n<meta property=\"og:locale\" content=\"it_IT\" \/>\n<meta property=\"og:type\" content=\"article\" \/>\n<meta property=\"og:title\" content=\"Lorenzo Dattilo primo ad Anzio nella classe Laser - Circolo Canottieri Aniene\" \/>\n<meta property=\"og:description\" content=\"Si \u00e8 disputata domenica 27 gennaio la prima tappa del campionato zonale della classe Laser. La regata si \u00e8 svolta ad Anzio ed \u00e8 stata vinta dal nostro atleta Lorenzo Dattilo, che si \u00e8 aggiudicato l&#8217;unica prova disputata. Chiara Antonetti, neo tesserata con i colori dell&#8217;Aniene per la classe Laser Radial, \u00e8 arrivata quinta assoluta [&hellip;]\" \/>\n<meta property=\"og:url\" content=\"https:\/\/www.ccaniene.com\/it_it\/lorenzo-dattilo-primo-ad-anzio-nella-classe-laser\/\" \/>\n<meta property=\"og:site_name\" content=\"Circolo Canottieri Aniene\" \/>\n<meta property=\"article:published_time\" content=\"2019-01-28T13:46:41+00:00\" \/>\n<meta property=\"article:modified_time\" content=\"2019-01-28T13:48:43+00:00\" \/>\n<meta property=\"og:image\" content=\"https:\/\/www.ccaniene.com\/wp-content\/uploads\/2019\/01\/dattilo.png\" \/>\n\t<meta property=\"og:image:width\" content=\"393\" \/>\n\t<meta property=\"og:image:height\" content=\"613\" \/>\n\t<meta property=\"og:image:type\" content=\"image\/png\" \/>\n<meta name=\"author\" content=\"carlo.san@tin.it\" \/>\n<meta name=\"twitter:card\" content=\"summary_large_image\" \/>\n<meta name=\"twitter:label1\" content=\"Scritto da\" \/>\n\t<meta name=\"twitter:data1\" content=\"carlo.san@tin.it\" \/>\n<script type=\"application\/ld+json\" class=\"yoast-schema-graph\">{\"@context\":\"https:\/\/schema.org\",\"@graph\":[{\"@type\":\"WebPage\",\"@id\":\"https:\/\/www.ccaniene.com\/it_it\/lorenzo-dattilo-primo-ad-anzio-nella-classe-laser\/\",\"url\":\"https:\/\/www.ccaniene.com\/it_it\/lorenzo-dattilo-primo-ad-anzio-nella-classe-laser\/\",\"name\":\"Lorenzo Dattilo primo ad Anzio nella classe Laser - Circolo Canottieri Aniene\",\"isPartOf\":{\"@id\":\"http:\/\/www.ccaniene.com\/it_it\/#website\"},\"primaryImageOfPage\":{\"@id\":\"https:\/\/www.ccaniene.com\/it_it\/lorenzo-dattilo-primo-ad-anzio-nella-classe-laser\/#primaryimage\"},\"image\":{\"@id\":\"https:\/\/www.ccaniene.com\/it_it\/lorenzo-dattilo-primo-ad-anzio-nella-classe-laser\/#primaryimage\"},\"thumbnailUrl\":\"https:\/\/www.ccaniene.com\/wp-content\/uploads\/2019\/01\/dattilo.png\",\"datePublished\":\"2019-01-28T13:46:41+00:00\",\"dateModified\":\"2019-01-28T13:48:43+00:00\",\"author\":{\"@id\":\"http:\/\/www.ccaniene.com\/it_it\/#\/schema\/person\/6042bd0ba360674279dffd4247d570ed\"},\"breadcrumb\":{\"@id\":\"https:\/\/www.ccaniene.com\/it_it\/lorenzo-dattilo-primo-ad-anzio-nella-classe-laser\/#breadcrumb\"},\"inLanguage\":\"it-IT\",\"potentialAction\":[{\"@type\":\"ReadAction\",\"target\":[\"https:\/\/www.ccaniene.com\/it_it\/lorenzo-dattilo-primo-ad-anzio-nella-classe-laser\/\"]}]},{\"@type\":\"ImageObject\",\"inLanguage\":\"it-IT\",\"@id\":\"https:\/\/www.ccaniene.com\/it_it\/lorenzo-dattilo-primo-ad-anzio-nella-classe-laser\/#primaryimage\",\"url\":\"https:\/\/www.ccaniene.com\/wp-content\/uploads\/2019\/01\/dattilo.png\",\"contentUrl\":\"https:\/\/www.ccaniene.com\/wp-content\/uploads\/2019\/01\/dattilo.png\",\"width\":393,\"height\":613},{\"@type\":\"BreadcrumbList\",\"@id\":\"https:\/\/www.ccaniene.com\/it_it\/lorenzo-dattilo-primo-ad-anzio-nella-classe-laser\/#breadcrumb\",\"itemListElement\":[{\"@type\":\"ListItem\",\"position\":1,\"name\":\"Home\",\"item\":\"http:\/\/www.ccaniene.com\/it_it\/\"},{\"@type\":\"ListItem\",\"position\":2,\"name\":\"Lorenzo Dattilo primo ad Anzio nella classe Laser\"}]},{\"@type\":\"WebSite\",\"@id\":\"http:\/\/www.ccaniene.com\/it_it\/#website\",\"url\":\"http:\/\/www.ccaniene.com\/it_it\/\",\"name\":\"Circolo Canottieri Aniene\",\"description\":\"Collare d&#039;Oro e Stella d&#039;Oro al Merito Sportivo\",\"potentialAction\":[{\"@type\":\"SearchAction\",\"target\":{\"@type\":\"EntryPoint\",\"urlTemplate\":\"http:\/\/www.ccaniene.com\/it_it\/?s={search_term_string}\"},\"query-input\":{\"@type\":\"PropertyValueSpecification\",\"valueRequired\":true,\"valueName\":\"search_term_string\"}}],\"inLanguage\":\"it-IT\"},{\"@type\":\"Person\",\"@id\":\"http:\/\/www.ccaniene.com\/it_it\/#\/schema\/person\/6042bd0ba360674279dffd4247d570ed\",\"name\":\"carlo.san@tin.it\",\"image\":{\"@type\":\"ImageObject\",\"inLanguage\":\"it-IT\",\"@id\":\"http:\/\/www.ccaniene.com\/it_it\/#\/schema\/person\/image\/\",\"url\":\"https:\/\/secure.gravatar.com\/avatar\/f993a459d0ffe4d666e4c917fef20ca9?s=96&d=mm&r=g\",\"contentUrl\":\"https:\/\/secure.gravatar.com\/avatar\/f993a459d0ffe4d666e4c917fef20ca9?s=96&d=mm&r=g\",\"caption\":\"carlo.san@tin.it\"},\"url\":\"https:\/\/www.ccaniene.com\/it_it\/author\/carlo-santi-2\/\"}]}<\/script>\n<!-- \/ Yoast SEO plugin. -->","yoast_head_json":{"title":"Lorenzo Dattilo primo ad Anzio nella classe Laser - Circolo Canottieri Aniene","robots":{"index":"index","follow":"follow","max-snippet":"max-snippet:-1","max-image-preview":"max-image-preview:large","max-video-preview":"max-video-preview:-1"},"canonical":"https:\/\/www.ccaniene.com\/it_it\/lorenzo-dattilo-primo-ad-anzio-nella-classe-laser\/","og_locale":"it_IT","og_type":"article","og_title":"Lorenzo Dattilo primo ad Anzio nella classe Laser - Circolo Canottieri Aniene","og_description":"Si \u00e8 disputata domenica 27 gennaio la prima tappa del campionato zonale della classe Laser. La regata si \u00e8 svolta ad Anzio ed \u00e8 stata vinta dal nostro atleta Lorenzo Dattilo, che si \u00e8 aggiudicato l&#8217;unica prova disputata. Chiara Antonetti, neo tesserata con i colori dell&#8217;Aniene per la classe Laser Radial, \u00e8 arrivata quinta assoluta [&hellip;]","og_url":"https:\/\/www.ccaniene.com\/it_it\/lorenzo-dattilo-primo-ad-anzio-nella-classe-laser\/","og_site_name":"Circolo Canottieri Aniene","article_published_time":"2019-01-28T13:46:41+00:00","article_modified_time":"2019-01-28T13:48:43+00:00","og_image":[{"width":393,"height":613,"url":"https:\/\/www.ccaniene.com\/wp-content\/uploads\/2019\/01\/dattilo.png","type":"image\/png"}],"author":"carlo.san@tin.it","twitter_card":"summary_large_image","twitter_misc":{"Scritto da":"carlo.san@tin.it"},"schema":{"@context":"https:\/\/schema.org","@graph":[{"@type":"WebPage","@id":"https:\/\/www.ccaniene.com\/it_it\/lorenzo-dattilo-primo-ad-anzio-nella-classe-laser\/","url":"https:\/\/www.ccaniene.com\/it_it\/lorenzo-dattilo-primo-ad-anzio-nella-classe-laser\/","name":"Lorenzo Dattilo primo ad Anzio nella classe Laser - Circolo Canottieri Aniene","isPartOf":{"@id":"http:\/\/www.ccaniene.com\/it_it\/#website"},"primaryImageOfPage":{"@id":"https:\/\/www.ccaniene.com\/it_it\/lorenzo-dattilo-primo-ad-anzio-nella-classe-laser\/#primaryimage"},"image":{"@id":"https:\/\/www.ccaniene.com\/it_it\/lorenzo-dattilo-primo-ad-anzio-nella-classe-laser\/#primaryimage"},"thumbnailUrl":"https:\/\/www.ccaniene.com\/wp-content\/uploads\/2019\/01\/dattilo.png","datePublished":"2019-01-28T13:46:41+00:00","dateModified":"2019-01-28T13:48:43+00:00","author":{"@id":"http:\/\/www.ccaniene.com\/it_it\/#\/schema\/person\/6042bd0ba360674279dffd4247d570ed"},"breadcrumb":{"@id":"https:\/\/www.ccaniene.com\/it_it\/lorenzo-dattilo-primo-ad-anzio-nella-classe-laser\/#breadcrumb"},"inLanguage":"it-IT","potentialAction":[{"@type":"ReadAction","target":["https:\/\/www.ccaniene.com\/it_it\/lorenzo-dattilo-primo-ad-anzio-nella-classe-laser\/"]}]},{"@type":"ImageObject","inLanguage":"it-IT","@id":"https:\/\/www.ccaniene.com\/it_it\/lorenzo-dattilo-primo-ad-anzio-nella-classe-laser\/#primaryimage","url":"https:\/\/www.ccaniene.com\/wp-content\/uploads\/2019\/01\/dattilo.png","contentUrl":"https:\/\/www.ccaniene.com\/wp-content\/uploads\/2019\/01\/dattilo.png","width":393,"height":613},{"@type":"BreadcrumbList","@id":"https:\/\/www.ccaniene.com\/it_it\/lorenzo-dattilo-primo-ad-anzio-nella-classe-laser\/#breadcrumb","itemListElement":[{"@type":"ListItem","position":1,"name":"Home","item":"http:\/\/www.ccaniene.com\/it_it\/"},{"@type":"ListItem","position":2,"name":"Lorenzo Dattilo primo ad Anzio nella classe Laser"}]},{"@type":"WebSite","@id":"http:\/\/www.ccaniene.com\/it_it\/#website","url":"http:\/\/www.ccaniene.com\/it_it\/","name":"Circolo Canottieri Aniene","description":"Collare d&#039;Oro e Stella d&#039;Oro al Merito Sportivo","potentialAction":[{"@type":"SearchAction","target":{"@type":"EntryPoint","urlTemplate":"http:\/\/www.ccaniene.com\/it_it\/?s={search_term_string}"},"query-input":{"@type":"PropertyValueSpecification","valueRequired":true,"valueName":"search_term_string"}}],"inLanguage":"it-IT"},{"@type":"Person","@id":"http:\/\/www.ccaniene.com\/it_it\/#\/schema\/person\/6042bd0ba360674279dffd4247d570ed","name":"carlo.san@tin.it","image":{"@type":"ImageObject","inLanguage":"it-IT","@id":"http:\/\/www.ccaniene.com\/it_it\/#\/schema\/person\/image\/","url":"https:\/\/secure.gravatar.com\/avatar\/f993a459d0ffe4d666e4c917fef20ca9?s=96&d=mm&r=g","contentUrl":"https:\/\/secure.gravatar.com\/avatar\/f993a459d0ffe4d666e4c917fef20ca9?s=96&d=mm&r=g","caption":"carlo.san@tin.it"},"url":"https:\/\/www.ccaniene.com\/it_it\/author\/carlo-santi-2\/"}]}},"_links":{"self":[{"href":"https:\/\/www.ccaniene.com\/it_it\/wp-json\/wp\/v2\/posts\/16051"}],"collection":[{"href":"https:\/\/www.ccaniene.com\/it_it\/wp-json\/wp\/v2\/posts"}],"about":[{"href":"https:\/\/www.ccaniene.com\/it_it\/wp-json\/wp\/v2\/types\/post"}],"author":[{"embeddable":true,"href":"https:\/\/www.ccaniene.com\/it_it\/wp-json\/wp\/v2\/users\/23521"}],"replies":[{"embeddable":true,"href":"https:\/\/www.ccaniene.com\/it_it\/wp-json\/wp\/v2\/comments?post=16051"}],"version-history":[{"count":1,"href":"https:\/\/www.ccaniene.com\/it_it\/wp-json\/wp\/v2\/posts\/16051\/revisions"}],"predecessor-version":[{"id":16054,"href":"https:\/\/www.ccaniene.com\/it_it\/wp-json\/wp\/v2\/posts\/16051\/revisions\/16054"}],"wp:featuredmedia":[{"embeddable":true,"href":"https:\/\/www.ccaniene.com\/it_it\/wp-json\/wp\/v2\/media\/16052"}],"wp:attachment":[{"href":"https:\/\/www.ccaniene.com\/it_it\/wp-json\/wp\/v2\/media?parent=16051"}],"wp:term":[{"taxonomy":"category","embeddable":true,"href":"https:\/\/www.ccaniene.com\/it_it\/wp-json\/wp\/v2\/categories?post=16051"},{"taxonomy":"post_tag","embeddable":true,"href":"https:\/\/www.ccaniene.com\/it_it\/wp-json\/wp\/v2\/tags?post=16051"}],"curies":[{"name":"wp","href":"https:\/\/api.w.org\/{rel}","templated":true}]}}