{"id":15619,"date":"2018-09-15T23:18:31","date_gmt":"2018-09-15T21:18:31","guid":{"rendered":"https:\/\/www.ccaniene.com\/?p=15619"},"modified":"2018-09-15T23:29:55","modified_gmt":"2018-09-15T21:29:55","slug":"bruno-rosetti-dargento-con-il-4-ai-mondiali-di-plovdiv","status":"publish","type":"post","link":"https:\/\/www.ccaniene.com\/it_it\/bruno-rosetti-dargento-con-il-4-ai-mondiali-di-plovdiv\/","title":{"rendered":"Bruno Rosetti d&#8217;argento con il 4- ai Mondiali di Plovdiv"},"content":{"rendered":"<p>Ai Campionati del Mondo Assoluti di Plovdiv si \u00e8 messo in luce un grande talento, che oltre ai colori azzurri indossa quelli dell\u2019Aniene: Bruno Rosetti.\u00a0Il canottiere di Ravenna, tesserato per il nostro Circolo dal gennaio scorso, \u00e8 tornato al remo meno di due anni fa, dopo diverse stagioni di pausa seguite a una gi\u00e0 brillante carriera giovanile.<\/p>\n<p>Gi\u00e0 alla prima esperienza mondiale della sua seconda vita remiera, nel 2017 a Sarasota, era stato capace di vincere uno storico bronzo nell&#8217;8+. Poi, passo dopo passo, nel 2018 \u00e8 andato a conquistarsi un posto, al carrello numero 3, sulla barca pi\u00f9 ambiziosa della punta italiana, il 4- dei pi\u00f9 esperti e gi\u00e0 medagliati Marco Di Costanzo, Matteo Lodo e Matteo Castaldo. E questo equipaggio, oggi a Plovdiv, ha dato vita a una delle gare pi\u00f9 belle della manifestazione.<\/p>\n<p><a href=\"http:\/\/www.ccaniene.com\/wp-content\/uploads\/2018\/09\/DSC_3077.jpg\"><img fetchpriority=\"high\" decoding=\"async\" class=\"aligncenter wp-image-15622 size-large\" src=\"http:\/\/www.ccaniene.com\/wp-content\/uploads\/2018\/09\/DSC_3077-980x646.jpg\" alt=\"\" width=\"980\" height=\"646\" \/><\/a><\/p>\n<p>Tra le favorite insieme alla fortissima Australia (iridata l&#8217;anno scorso), avendo vinto una delle due semifinali, l&#8217;Italia \u00e8 partita un po&#8217; in sordina, ma ha saputo resistere al ritmo forsennato imposto proprio dagli australiani, capaci di prendersi a met\u00e0 gara quasi un&#8217;imbarcazione di vantaggio, e al forcing di Romania e Olanda. Ha sofferto, senza perdere lucidit\u00e0 e concentrazione. Dopo i mille ha lasciato indietro prima la Romania e poi l&#8217;Olanda e negli ultimi 500 metri ha sferrato l&#8217;attacco alla stessa Australia, che sembrava irraggiungibile.<\/p>\n<p>Gli azzurri ci hanno creduto fino in fondo, e noi pure, quando li abbiamo visti affiancare i battistrada in un finale pazzesco. L\u2019Australia, per\u00f2, \u00e8 riuscita a conservare un vantaggio di soli 25 centesimi, sufficienti per vincere l&#8217;oro. Argento a una splendida Italia e al nostro Bruno. Grande gara, grande canottaggio.<\/p>\n","protected":false},"excerpt":{"rendered":"<p>Ai Campionati del Mondo Assoluti di Plovdiv si \u00e8 messo in luce un grande talento, che oltre ai colori azzurri indossa quelli dell\u2019Aniene: Bruno Rosetti.\u00a0Il canottiere di Ravenna, tesserato per il nostro Circolo dal gennaio scorso, \u00e8 tornato al remo meno di due anni fa, dopo diverse stagioni di pausa seguite a una gi\u00e0 brillante [&hellip;]<\/p>\n","protected":false},"author":23521,"featured_media":15620,"comment_status":"closed","ping_status":"closed","sticky":false,"template":"","format":"standard","meta":{"pmpro_default_level":0,"footnotes":"","_links_to":"","_links_to_target":""},"categories":[9,1],"tags":[],"class_list":["post-15619","post","type-post","status-publish","format-standard","has-post-thumbnail","hentry","category-canottaggio","category-news","pmpro-has-access"],"featured_image_urls":{"medium":"https:\/\/www.ccaniene.com\/wp-content\/uploads\/2018\/09\/DSC_2884-800x534.jpg","thumbnail":"https:\/\/www.ccaniene.com\/wp-content\/uploads\/2018\/09\/DSC_2884-400x400.jpg","medium_large":"https:\/\/www.ccaniene.com\/wp-content\/uploads\/2018\/09\/DSC_2884-768x512.jpg"},"appp_media":null,"yoast_head":"<!-- This site is optimized with the Yoast SEO plugin v23.6 - https:\/\/yoast.com\/wordpress\/plugins\/seo\/ -->\n<title>Bruno Rosetti d&#039;argento con il 4- ai Mondiali di Plovdiv - Circolo Canottieri Aniene<\/title>\n<meta name=\"robots\" content=\"index, follow, max-snippet:-1, max-image-preview:large, max-video-preview:-1\" \/>\n<link rel=\"canonical\" href=\"https:\/\/www.ccaniene.com\/it_it\/bruno-rosetti-dargento-con-il-4-ai-mondiali-di-plovdiv\/\" \/>\n<meta property=\"og:locale\" content=\"it_IT\" \/>\n<meta property=\"og:type\" content=\"article\" \/>\n<meta property=\"og:title\" content=\"Bruno Rosetti d&#039;argento con il 4- ai Mondiali di Plovdiv - Circolo Canottieri Aniene\" \/>\n<meta property=\"og:description\" content=\"Ai Campionati del Mondo Assoluti di Plovdiv si \u00e8 messo in luce un grande talento, che oltre ai colori azzurri indossa quelli dell\u2019Aniene: Bruno Rosetti.\u00a0Il canottiere di Ravenna, tesserato per il nostro Circolo dal gennaio scorso, \u00e8 tornato al remo meno di due anni fa, dopo diverse stagioni di pausa seguite a una gi\u00e0 brillante [&hellip;]\" \/>\n<meta property=\"og:url\" content=\"https:\/\/www.ccaniene.com\/it_it\/bruno-rosetti-dargento-con-il-4-ai-mondiali-di-plovdiv\/\" \/>\n<meta property=\"og:site_name\" content=\"Circolo Canottieri Aniene\" \/>\n<meta property=\"article:published_time\" content=\"2018-09-15T21:18:31+00:00\" \/>\n<meta property=\"article:modified_time\" content=\"2018-09-15T21:29:55+00:00\" \/>\n<meta property=\"og:image\" content=\"https:\/\/www.ccaniene.com\/wp-content\/uploads\/2018\/09\/DSC_2884.jpg\" \/>\n\t<meta property=\"og:image:width\" content=\"1024\" \/>\n\t<meta property=\"og:image:height\" content=\"683\" \/>\n\t<meta property=\"og:image:type\" content=\"image\/jpeg\" \/>\n<meta name=\"author\" content=\"carlo.san@tin.it\" \/>\n<meta name=\"twitter:card\" content=\"summary_large_image\" \/>\n<meta name=\"twitter:label1\" content=\"Scritto da\" \/>\n\t<meta name=\"twitter:data1\" content=\"carlo.san@tin.it\" \/>\n\t<meta name=\"twitter:label2\" content=\"Tempo di lettura stimato\" \/>\n\t<meta name=\"twitter:data2\" content=\"1 minuto\" \/>\n<script type=\"application\/ld+json\" class=\"yoast-schema-graph\">{\"@context\":\"https:\/\/schema.org\",\"@graph\":[{\"@type\":\"WebPage\",\"@id\":\"https:\/\/www.ccaniene.com\/en\/bruno-rosetti-dargento-con-il-4-ai-mondiali-di-plovdiv\/\",\"url\":\"https:\/\/www.ccaniene.com\/en\/bruno-rosetti-dargento-con-il-4-ai-mondiali-di-plovdiv\/\",\"name\":\"Bruno Rosetti d'argento con il 4- ai Mondiali di Plovdiv - Circolo Canottieri Aniene\",\"isPartOf\":{\"@id\":\"https:\/\/www.ccaniene.com\/it_it\/#website\"},\"primaryImageOfPage\":{\"@id\":\"https:\/\/www.ccaniene.com\/en\/bruno-rosetti-dargento-con-il-4-ai-mondiali-di-plovdiv\/#primaryimage\"},\"image\":{\"@id\":\"https:\/\/www.ccaniene.com\/en\/bruno-rosetti-dargento-con-il-4-ai-mondiali-di-plovdiv\/#primaryimage\"},\"thumbnailUrl\":\"https:\/\/www.ccaniene.com\/wp-content\/uploads\/2018\/09\/DSC_2884.jpg\",\"datePublished\":\"2018-09-15T21:18:31+00:00\",\"dateModified\":\"2018-09-15T21:29:55+00:00\",\"author\":{\"@id\":\"https:\/\/www.ccaniene.com\/it_it\/#\/schema\/person\/6042bd0ba360674279dffd4247d570ed\"},\"breadcrumb\":{\"@id\":\"https:\/\/www.ccaniene.com\/en\/bruno-rosetti-dargento-con-il-4-ai-mondiali-di-plovdiv\/#breadcrumb\"},\"inLanguage\":\"it-IT\",\"potentialAction\":[{\"@type\":\"ReadAction\",\"target\":[\"https:\/\/www.ccaniene.com\/en\/bruno-rosetti-dargento-con-il-4-ai-mondiali-di-plovdiv\/\"]}]},{\"@type\":\"ImageObject\",\"inLanguage\":\"it-IT\",\"@id\":\"https:\/\/www.ccaniene.com\/en\/bruno-rosetti-dargento-con-il-4-ai-mondiali-di-plovdiv\/#primaryimage\",\"url\":\"https:\/\/www.ccaniene.com\/wp-content\/uploads\/2018\/09\/DSC_2884.jpg\",\"contentUrl\":\"https:\/\/www.ccaniene.com\/wp-content\/uploads\/2018\/09\/DSC_2884.jpg\",\"width\":1024,\"height\":683},{\"@type\":\"BreadcrumbList\",\"@id\":\"https:\/\/www.ccaniene.com\/en\/bruno-rosetti-dargento-con-il-4-ai-mondiali-di-plovdiv\/#breadcrumb\",\"itemListElement\":[{\"@type\":\"ListItem\",\"position\":1,\"name\":\"Home\",\"item\":\"https:\/\/www.ccaniene.com\/it_it\/\"},{\"@type\":\"ListItem\",\"position\":2,\"name\":\"Bruno Rosetti d&#8217;argento con il 4- ai Mondiali di Plovdiv\"}]},{\"@type\":\"WebSite\",\"@id\":\"https:\/\/www.ccaniene.com\/it_it\/#website\",\"url\":\"https:\/\/www.ccaniene.com\/it_it\/\",\"name\":\"Circolo Canottieri Aniene\",\"description\":\"Collare d&#039;Oro e Stella d&#039;Oro al Merito Sportivo\",\"potentialAction\":[{\"@type\":\"SearchAction\",\"target\":{\"@type\":\"EntryPoint\",\"urlTemplate\":\"https:\/\/www.ccaniene.com\/it_it\/?s={search_term_string}\"},\"query-input\":{\"@type\":\"PropertyValueSpecification\",\"valueRequired\":true,\"valueName\":\"search_term_string\"}}],\"inLanguage\":\"it-IT\"},{\"@type\":\"Person\",\"@id\":\"https:\/\/www.ccaniene.com\/it_it\/#\/schema\/person\/6042bd0ba360674279dffd4247d570ed\",\"name\":\"carlo.san@tin.it\",\"image\":{\"@type\":\"ImageObject\",\"inLanguage\":\"it-IT\",\"@id\":\"https:\/\/www.ccaniene.com\/it_it\/#\/schema\/person\/image\/\",\"url\":\"https:\/\/secure.gravatar.com\/avatar\/f993a459d0ffe4d666e4c917fef20ca9?s=96&d=mm&r=g\",\"contentUrl\":\"https:\/\/secure.gravatar.com\/avatar\/f993a459d0ffe4d666e4c917fef20ca9?s=96&d=mm&r=g\",\"caption\":\"carlo.san@tin.it\"},\"url\":\"https:\/\/www.ccaniene.com\/it_it\/author\/carlo-santi-2\/\"}]}<\/script>\n<!-- \/ Yoast SEO plugin. -->","yoast_head_json":{"title":"Bruno Rosetti d'argento con il 4- ai Mondiali di Plovdiv - Circolo Canottieri Aniene","robots":{"index":"index","follow":"follow","max-snippet":"max-snippet:-1","max-image-preview":"max-image-preview:large","max-video-preview":"max-video-preview:-1"},"canonical":"https:\/\/www.ccaniene.com\/it_it\/bruno-rosetti-dargento-con-il-4-ai-mondiali-di-plovdiv\/","og_locale":"it_IT","og_type":"article","og_title":"Bruno Rosetti d'argento con il 4- ai Mondiali di Plovdiv - Circolo Canottieri Aniene","og_description":"Ai Campionati del Mondo Assoluti di Plovdiv si \u00e8 messo in luce un grande talento, che oltre ai colori azzurri indossa quelli dell\u2019Aniene: Bruno Rosetti.\u00a0Il canottiere di Ravenna, tesserato per il nostro Circolo dal gennaio scorso, \u00e8 tornato al remo meno di due anni fa, dopo diverse stagioni di pausa seguite a una gi\u00e0 brillante [&hellip;]","og_url":"https:\/\/www.ccaniene.com\/it_it\/bruno-rosetti-dargento-con-il-4-ai-mondiali-di-plovdiv\/","og_site_name":"Circolo Canottieri Aniene","article_published_time":"2018-09-15T21:18:31+00:00","article_modified_time":"2018-09-15T21:29:55+00:00","og_image":[{"width":1024,"height":683,"url":"https:\/\/www.ccaniene.com\/wp-content\/uploads\/2018\/09\/DSC_2884.jpg","type":"image\/jpeg"}],"author":"carlo.san@tin.it","twitter_card":"summary_large_image","twitter_misc":{"Scritto da":"carlo.san@tin.it","Tempo di lettura stimato":"1 minuto"},"schema":{"@context":"https:\/\/schema.org","@graph":[{"@type":"WebPage","@id":"https:\/\/www.ccaniene.com\/en\/bruno-rosetti-dargento-con-il-4-ai-mondiali-di-plovdiv\/","url":"https:\/\/www.ccaniene.com\/en\/bruno-rosetti-dargento-con-il-4-ai-mondiali-di-plovdiv\/","name":"Bruno Rosetti d'argento con il 4- ai Mondiali di Plovdiv - Circolo Canottieri Aniene","isPartOf":{"@id":"https:\/\/www.ccaniene.com\/it_it\/#website"},"primaryImageOfPage":{"@id":"https:\/\/www.ccaniene.com\/en\/bruno-rosetti-dargento-con-il-4-ai-mondiali-di-plovdiv\/#primaryimage"},"image":{"@id":"https:\/\/www.ccaniene.com\/en\/bruno-rosetti-dargento-con-il-4-ai-mondiali-di-plovdiv\/#primaryimage"},"thumbnailUrl":"https:\/\/www.ccaniene.com\/wp-content\/uploads\/2018\/09\/DSC_2884.jpg","datePublished":"2018-09-15T21:18:31+00:00","dateModified":"2018-09-15T21:29:55+00:00","author":{"@id":"https:\/\/www.ccaniene.com\/it_it\/#\/schema\/person\/6042bd0ba360674279dffd4247d570ed"},"breadcrumb":{"@id":"https:\/\/www.ccaniene.com\/en\/bruno-rosetti-dargento-con-il-4-ai-mondiali-di-plovdiv\/#breadcrumb"},"inLanguage":"it-IT","potentialAction":[{"@type":"ReadAction","target":["https:\/\/www.ccaniene.com\/en\/bruno-rosetti-dargento-con-il-4-ai-mondiali-di-plovdiv\/"]}]},{"@type":"ImageObject","inLanguage":"it-IT","@id":"https:\/\/www.ccaniene.com\/en\/bruno-rosetti-dargento-con-il-4-ai-mondiali-di-plovdiv\/#primaryimage","url":"https:\/\/www.ccaniene.com\/wp-content\/uploads\/2018\/09\/DSC_2884.jpg","contentUrl":"https:\/\/www.ccaniene.com\/wp-content\/uploads\/2018\/09\/DSC_2884.jpg","width":1024,"height":683},{"@type":"BreadcrumbList","@id":"https:\/\/www.ccaniene.com\/en\/bruno-rosetti-dargento-con-il-4-ai-mondiali-di-plovdiv\/#breadcrumb","itemListElement":[{"@type":"ListItem","position":1,"name":"Home","item":"https:\/\/www.ccaniene.com\/it_it\/"},{"@type":"ListItem","position":2,"name":"Bruno Rosetti d&#8217;argento con il 4- ai Mondiali di Plovdiv"}]},{"@type":"WebSite","@id":"https:\/\/www.ccaniene.com\/it_it\/#website","url":"https:\/\/www.ccaniene.com\/it_it\/","name":"Circolo Canottieri Aniene","description":"Collare d&#039;Oro e Stella d&#039;Oro al Merito Sportivo","potentialAction":[{"@type":"SearchAction","target":{"@type":"EntryPoint","urlTemplate":"https:\/\/www.ccaniene.com\/it_it\/?s={search_term_string}"},"query-input":{"@type":"PropertyValueSpecification","valueRequired":true,"valueName":"search_term_string"}}],"inLanguage":"it-IT"},{"@type":"Person","@id":"https:\/\/www.ccaniene.com\/it_it\/#\/schema\/person\/6042bd0ba360674279dffd4247d570ed","name":"carlo.san@tin.it","image":{"@type":"ImageObject","inLanguage":"it-IT","@id":"https:\/\/www.ccaniene.com\/it_it\/#\/schema\/person\/image\/","url":"https:\/\/secure.gravatar.com\/avatar\/f993a459d0ffe4d666e4c917fef20ca9?s=96&d=mm&r=g","contentUrl":"https:\/\/secure.gravatar.com\/avatar\/f993a459d0ffe4d666e4c917fef20ca9?s=96&d=mm&r=g","caption":"carlo.san@tin.it"},"url":"https:\/\/www.ccaniene.com\/it_it\/author\/carlo-santi-2\/"}]}},"_links":{"self":[{"href":"https:\/\/www.ccaniene.com\/it_it\/wp-json\/wp\/v2\/posts\/15619"}],"collection":[{"href":"https:\/\/www.ccaniene.com\/it_it\/wp-json\/wp\/v2\/posts"}],"about":[{"href":"https:\/\/www.ccaniene.com\/it_it\/wp-json\/wp\/v2\/types\/post"}],"author":[{"embeddable":true,"href":"https:\/\/www.ccaniene.com\/it_it\/wp-json\/wp\/v2\/users\/23521"}],"replies":[{"embeddable":true,"href":"https:\/\/www.ccaniene.com\/it_it\/wp-json\/wp\/v2\/comments?post=15619"}],"version-history":[{"count":2,"href":"https:\/\/www.ccaniene.com\/it_it\/wp-json\/wp\/v2\/posts\/15619\/revisions"}],"predecessor-version":[{"id":15631,"href":"https:\/\/www.ccaniene.com\/it_it\/wp-json\/wp\/v2\/posts\/15619\/revisions\/15631"}],"wp:featuredmedia":[{"embeddable":true,"href":"https:\/\/www.ccaniene.com\/it_it\/wp-json\/wp\/v2\/media\/15620"}],"wp:attachment":[{"href":"https:\/\/www.ccaniene.com\/it_it\/wp-json\/wp\/v2\/media?parent=15619"}],"wp:term":[{"taxonomy":"category","embeddable":true,"href":"https:\/\/www.ccaniene.com\/it_it\/wp-json\/wp\/v2\/categories?post=15619"},{"taxonomy":"post_tag","embeddable":true,"href":"https:\/\/www.ccaniene.com\/it_it\/wp-json\/wp\/v2\/tags?post=15619"}],"curies":[{"name":"wp","href":"https:\/\/api.w.org\/{rel}","templated":true}]}}