{"id":13904,"date":"2017-10-07T17:40:21","date_gmt":"2017-10-07T15:40:21","guid":{"rendered":"https:\/\/www.ccaniene.com\/?p=13904\/"},"modified":"2017-10-07T17:40:21","modified_gmt":"2017-10-07T15:40:21","slug":"spadoni-settimo-al-trofeo-menonidelegazione-aniene-allinnovaction-milano","status":"publish","type":"post","link":"https:\/\/www.ccaniene.com\/it_it\/spadoni-settimo-al-trofeo-menonidelegazione-aniene-allinnovaction-milano\/","title":{"rendered":"Spadoni settimo al trofeo Menoni<br>Delegazione Aniene all&#8217;Innovaction di Milano"},"content":{"rendered":"<p>L\u2019ultima tappa della Coppa Italia Finn si \u00e8 disputata dal 28 al 30 settembre, come di consueto in occasione della International Finn Cup, Trofeo Andrea Menoni, organizzata dalla Fraglia Vela Malcesine. La partecipazione \u00e8 stata numerosa, con 70 timonieri provenienti da 11 nazioni, e il livello tecnico molto alto, con la presenza dei tre campioni del mondo in carica, lo svedese Max Salminen recente vincitore della Finn Gold Cup e medaglia d\u2019oro alle Olimpiadi di Londra a prua della Star, il finlandese Oskari Muhonen campione Under 23 e il russo Vladimir Krutskikh, campione del mondo Master.<br \/>\nLe sei prove previste del programma si sono corse tutte nei primi due giorni con una Ora di intensit\u00e0 medio-leggera, con met\u00e0 delle prove corse con pompaggio libero nei lati di poppa. La vittoria \u00e8 andata come da previsioni al recente vincitore della Finn Gold Cup, lo svedese Max Salminen. Il nostro atleta Alessio Spadoni chiude al 7\u00b0 posto.<br \/>\nA Milano, il 28 settembre, una delegazione della Sezione Vela, capitanati dalla plurimedagliata Alessandra Sensini, Caterina Marianna Banti (titolo europeo e bronzo mondiale 2017 classe nacra17) e il tecnico Daniel Loperfido, sono stati i testimonial dell&#8217;evento Innovaction organizzati dallo sponsor, della sezione Vela, Salini Impregilo. Durante l&#8217;evento oltre ai video e le foto dell&#8217;attivit\u00e0 della sezione sono stati trattati i temi di Team e definizione degli obiettivi nella vela.<\/p>\n<div id=\"attachment_13906\" style=\"width: 990px\" class=\"wp-caption aligncenter\"><a href=\"http:\/\/www.ccaniene.com\/wp-content\/uploads\/2017\/10\/SALINI-INNOVATION-128.jpg\"><img fetchpriority=\"high\" decoding=\"async\" aria-describedby=\"caption-attachment-13906\" class=\"wp-image-13906 size-large\" src=\"http:\/\/www.ccaniene.com\/wp-content\/uploads\/2017\/10\/SALINI-INNOVATION-128-980x654.jpg\" alt=\"\" width=\"980\" height=\"654\" \/><\/a><p id=\"caption-attachment-13906\" class=\"wp-caption-text\">SALINI INNOVATION<\/p><\/div>\n","protected":false},"excerpt":{"rendered":"<p>L\u2019ultima tappa della Coppa Italia Finn si \u00e8 disputata dal 28 al 30 settembre, come di consueto in occasione della International Finn Cup, Trofeo Andrea Menoni, organizzata dalla Fraglia Vela Malcesine. La partecipazione \u00e8 stata numerosa, con 70 timonieri provenienti da 11 nazioni, e il livello tecnico molto alto, con la presenza dei tre campioni [&hellip;]<\/p>\n","protected":false},"author":23521,"featured_media":13905,"comment_status":"open","ping_status":"closed","sticky":false,"template":"","format":"standard","meta":{"pmpro_default_level":0,"footnotes":"","_links_to":"","_links_to_target":""},"categories":[1,26],"tags":[],"class_list":["post-13904","post","type-post","status-publish","format-standard","has-post-thumbnail","hentry","category-news","category-vela","pmpro-has-access"],"featured_image_urls":{},"appp_media":null,"yoast_head":"<!-- This site is optimized with the Yoast SEO plugin v23.6 - https:\/\/yoast.com\/wordpress\/plugins\/seo\/ -->\n<title>Spadoni settimo al trofeo MenoniDelegazione Aniene all&#039;Innovaction di Milano - Circolo Canottieri Aniene<\/title>\n<meta name=\"robots\" content=\"index, follow, max-snippet:-1, max-image-preview:large, max-video-preview:-1\" \/>\n<link rel=\"canonical\" href=\"https:\/\/www.ccaniene.com\/it_it\/spadoni-settimo-al-trofeo-menonidelegazione-aniene-allinnovaction-milano\/\" \/>\n<meta property=\"og:locale\" content=\"it_IT\" \/>\n<meta property=\"og:type\" content=\"article\" \/>\n<meta property=\"og:title\" content=\"Spadoni settimo al trofeo MenoniDelegazione Aniene all&#039;Innovaction di Milano - Circolo Canottieri Aniene\" \/>\n<meta property=\"og:description\" content=\"L\u2019ultima tappa della Coppa Italia Finn si \u00e8 disputata dal 28 al 30 settembre, come di consueto in occasione della International Finn Cup, Trofeo Andrea Menoni, organizzata dalla Fraglia Vela Malcesine. La partecipazione \u00e8 stata numerosa, con 70 timonieri provenienti da 11 nazioni, e il livello tecnico molto alto, con la presenza dei tre campioni [&hellip;]\" \/>\n<meta property=\"og:url\" content=\"https:\/\/www.ccaniene.com\/it_it\/spadoni-settimo-al-trofeo-menonidelegazione-aniene-allinnovaction-milano\/\" \/>\n<meta property=\"og:site_name\" content=\"Circolo Canottieri Aniene\" \/>\n<meta property=\"article:published_time\" content=\"2017-10-07T15:40:21+00:00\" \/>\n<meta property=\"og:image\" content=\"https:\/\/www.ccaniene.com\/wp-content\/uploads\/2008\/02\/DSC_0354_1-1.jpg\" \/>\n\t<meta property=\"og:image:width\" content=\"960\" \/>\n\t<meta property=\"og:image:height\" content=\"639\" \/>\n\t<meta property=\"og:image:type\" content=\"image\/jpeg\" \/>\n<meta name=\"author\" content=\"carlo.san@tin.it\" \/>\n<meta name=\"twitter:card\" content=\"summary_large_image\" \/>\n<meta name=\"twitter:label1\" content=\"Scritto da\" \/>\n\t<meta name=\"twitter:data1\" content=\"carlo.san@tin.it\" \/>\n\t<meta name=\"twitter:label2\" content=\"Tempo di lettura stimato\" \/>\n\t<meta name=\"twitter:data2\" content=\"1 minuto\" \/>\n<script type=\"application\/ld+json\" class=\"yoast-schema-graph\">{\"@context\":\"https:\/\/schema.org\",\"@graph\":[{\"@type\":\"WebPage\",\"@id\":\"https:\/\/www.ccaniene.com\/en\/spadoni-settimo-al-trofeo-menonidelegazione-aniene-allinnovaction-milano\/\",\"url\":\"https:\/\/www.ccaniene.com\/en\/spadoni-settimo-al-trofeo-menonidelegazione-aniene-allinnovaction-milano\/\",\"name\":\"Spadoni settimo al trofeo Menoni Delegazione Aniene all'Innovaction di Milano - Circolo Canottieri Aniene\",\"isPartOf\":{\"@id\":\"https:\/\/www.ccaniene.com\/it_it\/#website\"},\"primaryImageOfPage\":{\"@id\":\"https:\/\/www.ccaniene.com\/en\/spadoni-settimo-al-trofeo-menonidelegazione-aniene-allinnovaction-milano\/#primaryimage\"},\"image\":{\"@id\":\"https:\/\/www.ccaniene.com\/en\/spadoni-settimo-al-trofeo-menonidelegazione-aniene-allinnovaction-milano\/#primaryimage\"},\"thumbnailUrl\":\"\",\"datePublished\":\"2017-10-07T15:40:21+00:00\",\"dateModified\":\"2017-10-07T15:40:21+00:00\",\"author\":{\"@id\":\"https:\/\/www.ccaniene.com\/it_it\/#\/schema\/person\/6042bd0ba360674279dffd4247d570ed\"},\"breadcrumb\":{\"@id\":\"https:\/\/www.ccaniene.com\/en\/spadoni-settimo-al-trofeo-menonidelegazione-aniene-allinnovaction-milano\/#breadcrumb\"},\"inLanguage\":\"it-IT\",\"potentialAction\":[{\"@type\":\"ReadAction\",\"target\":[\"https:\/\/www.ccaniene.com\/en\/spadoni-settimo-al-trofeo-menonidelegazione-aniene-allinnovaction-milano\/\"]}]},{\"@type\":\"ImageObject\",\"inLanguage\":\"it-IT\",\"@id\":\"https:\/\/www.ccaniene.com\/en\/spadoni-settimo-al-trofeo-menonidelegazione-aniene-allinnovaction-milano\/#primaryimage\",\"url\":\"\",\"contentUrl\":\"\",\"width\":964,\"height\":534},{\"@type\":\"BreadcrumbList\",\"@id\":\"https:\/\/www.ccaniene.com\/en\/spadoni-settimo-al-trofeo-menonidelegazione-aniene-allinnovaction-milano\/#breadcrumb\",\"itemListElement\":[{\"@type\":\"ListItem\",\"position\":1,\"name\":\"Home\",\"item\":\"https:\/\/www.ccaniene.com\/it_it\/\"},{\"@type\":\"ListItem\",\"position\":2,\"name\":\"Spadoni settimo al trofeo MenoniDelegazione Aniene all&#8217;Innovaction di Milano\"}]},{\"@type\":\"WebSite\",\"@id\":\"https:\/\/www.ccaniene.com\/it_it\/#website\",\"url\":\"https:\/\/www.ccaniene.com\/it_it\/\",\"name\":\"Circolo Canottieri Aniene\",\"description\":\"Collare d&#039;Oro e Stella d&#039;Oro al Merito Sportivo\",\"potentialAction\":[{\"@type\":\"SearchAction\",\"target\":{\"@type\":\"EntryPoint\",\"urlTemplate\":\"https:\/\/www.ccaniene.com\/it_it\/?s={search_term_string}\"},\"query-input\":{\"@type\":\"PropertyValueSpecification\",\"valueRequired\":true,\"valueName\":\"search_term_string\"}}],\"inLanguage\":\"it-IT\"},{\"@type\":\"Person\",\"@id\":\"https:\/\/www.ccaniene.com\/it_it\/#\/schema\/person\/6042bd0ba360674279dffd4247d570ed\",\"name\":\"carlo.san@tin.it\",\"image\":{\"@type\":\"ImageObject\",\"inLanguage\":\"it-IT\",\"@id\":\"https:\/\/www.ccaniene.com\/it_it\/#\/schema\/person\/image\/\",\"url\":\"https:\/\/secure.gravatar.com\/avatar\/f993a459d0ffe4d666e4c917fef20ca9?s=96&d=mm&r=g\",\"contentUrl\":\"https:\/\/secure.gravatar.com\/avatar\/f993a459d0ffe4d666e4c917fef20ca9?s=96&d=mm&r=g\",\"caption\":\"carlo.san@tin.it\"},\"url\":\"https:\/\/www.ccaniene.com\/it_it\/author\/carlo-santi-2\/\"}]}<\/script>\n<!-- \/ Yoast SEO plugin. -->","yoast_head_json":{"title":"Spadoni settimo al trofeo MenoniDelegazione Aniene all'Innovaction di Milano - Circolo Canottieri Aniene","robots":{"index":"index","follow":"follow","max-snippet":"max-snippet:-1","max-image-preview":"max-image-preview:large","max-video-preview":"max-video-preview:-1"},"canonical":"https:\/\/www.ccaniene.com\/it_it\/spadoni-settimo-al-trofeo-menonidelegazione-aniene-allinnovaction-milano\/","og_locale":"it_IT","og_type":"article","og_title":"Spadoni settimo al trofeo MenoniDelegazione Aniene all'Innovaction di Milano - Circolo Canottieri Aniene","og_description":"L\u2019ultima tappa della Coppa Italia Finn si \u00e8 disputata dal 28 al 30 settembre, come di consueto in occasione della International Finn Cup, Trofeo Andrea Menoni, organizzata dalla Fraglia Vela Malcesine. La partecipazione \u00e8 stata numerosa, con 70 timonieri provenienti da 11 nazioni, e il livello tecnico molto alto, con la presenza dei tre campioni [&hellip;]","og_url":"https:\/\/www.ccaniene.com\/it_it\/spadoni-settimo-al-trofeo-menonidelegazione-aniene-allinnovaction-milano\/","og_site_name":"Circolo Canottieri Aniene","article_published_time":"2017-10-07T15:40:21+00:00","og_image":[{"width":960,"height":639,"url":"https:\/\/www.ccaniene.com\/wp-content\/uploads\/2008\/02\/DSC_0354_1-1.jpg","type":"image\/jpeg"}],"author":"carlo.san@tin.it","twitter_card":"summary_large_image","twitter_misc":{"Scritto da":"carlo.san@tin.it","Tempo di lettura stimato":"1 minuto"},"schema":{"@context":"https:\/\/schema.org","@graph":[{"@type":"WebPage","@id":"https:\/\/www.ccaniene.com\/en\/spadoni-settimo-al-trofeo-menonidelegazione-aniene-allinnovaction-milano\/","url":"https:\/\/www.ccaniene.com\/en\/spadoni-settimo-al-trofeo-menonidelegazione-aniene-allinnovaction-milano\/","name":"Spadoni settimo al trofeo Menoni Delegazione Aniene all'Innovaction di Milano - Circolo Canottieri Aniene","isPartOf":{"@id":"https:\/\/www.ccaniene.com\/it_it\/#website"},"primaryImageOfPage":{"@id":"https:\/\/www.ccaniene.com\/en\/spadoni-settimo-al-trofeo-menonidelegazione-aniene-allinnovaction-milano\/#primaryimage"},"image":{"@id":"https:\/\/www.ccaniene.com\/en\/spadoni-settimo-al-trofeo-menonidelegazione-aniene-allinnovaction-milano\/#primaryimage"},"thumbnailUrl":"","datePublished":"2017-10-07T15:40:21+00:00","dateModified":"2017-10-07T15:40:21+00:00","author":{"@id":"https:\/\/www.ccaniene.com\/it_it\/#\/schema\/person\/6042bd0ba360674279dffd4247d570ed"},"breadcrumb":{"@id":"https:\/\/www.ccaniene.com\/en\/spadoni-settimo-al-trofeo-menonidelegazione-aniene-allinnovaction-milano\/#breadcrumb"},"inLanguage":"it-IT","potentialAction":[{"@type":"ReadAction","target":["https:\/\/www.ccaniene.com\/en\/spadoni-settimo-al-trofeo-menonidelegazione-aniene-allinnovaction-milano\/"]}]},{"@type":"ImageObject","inLanguage":"it-IT","@id":"https:\/\/www.ccaniene.com\/en\/spadoni-settimo-al-trofeo-menonidelegazione-aniene-allinnovaction-milano\/#primaryimage","url":"","contentUrl":"","width":964,"height":534},{"@type":"BreadcrumbList","@id":"https:\/\/www.ccaniene.com\/en\/spadoni-settimo-al-trofeo-menonidelegazione-aniene-allinnovaction-milano\/#breadcrumb","itemListElement":[{"@type":"ListItem","position":1,"name":"Home","item":"https:\/\/www.ccaniene.com\/it_it\/"},{"@type":"ListItem","position":2,"name":"Spadoni settimo al trofeo MenoniDelegazione Aniene all&#8217;Innovaction di Milano"}]},{"@type":"WebSite","@id":"https:\/\/www.ccaniene.com\/it_it\/#website","url":"https:\/\/www.ccaniene.com\/it_it\/","name":"Circolo Canottieri Aniene","description":"Collare d&#039;Oro e Stella d&#039;Oro al Merito Sportivo","potentialAction":[{"@type":"SearchAction","target":{"@type":"EntryPoint","urlTemplate":"https:\/\/www.ccaniene.com\/it_it\/?s={search_term_string}"},"query-input":{"@type":"PropertyValueSpecification","valueRequired":true,"valueName":"search_term_string"}}],"inLanguage":"it-IT"},{"@type":"Person","@id":"https:\/\/www.ccaniene.com\/it_it\/#\/schema\/person\/6042bd0ba360674279dffd4247d570ed","name":"carlo.san@tin.it","image":{"@type":"ImageObject","inLanguage":"it-IT","@id":"https:\/\/www.ccaniene.com\/it_it\/#\/schema\/person\/image\/","url":"https:\/\/secure.gravatar.com\/avatar\/f993a459d0ffe4d666e4c917fef20ca9?s=96&d=mm&r=g","contentUrl":"https:\/\/secure.gravatar.com\/avatar\/f993a459d0ffe4d666e4c917fef20ca9?s=96&d=mm&r=g","caption":"carlo.san@tin.it"},"url":"https:\/\/www.ccaniene.com\/it_it\/author\/carlo-santi-2\/"}]}},"_links":{"self":[{"href":"https:\/\/www.ccaniene.com\/it_it\/wp-json\/wp\/v2\/posts\/13904"}],"collection":[{"href":"https:\/\/www.ccaniene.com\/it_it\/wp-json\/wp\/v2\/posts"}],"about":[{"href":"https:\/\/www.ccaniene.com\/it_it\/wp-json\/wp\/v2\/types\/post"}],"author":[{"embeddable":true,"href":"https:\/\/www.ccaniene.com\/it_it\/wp-json\/wp\/v2\/users\/23521"}],"replies":[{"embeddable":true,"href":"https:\/\/www.ccaniene.com\/it_it\/wp-json\/wp\/v2\/comments?post=13904"}],"version-history":[{"count":1,"href":"https:\/\/www.ccaniene.com\/it_it\/wp-json\/wp\/v2\/posts\/13904\/revisions"}],"predecessor-version":[{"id":13907,"href":"https:\/\/www.ccaniene.com\/it_it\/wp-json\/wp\/v2\/posts\/13904\/revisions\/13907"}],"wp:featuredmedia":[{"embeddable":true,"href":"https:\/\/www.ccaniene.com\/it_it\/wp-json\/wp\/v2\/media\/13905"}],"wp:attachment":[{"href":"https:\/\/www.ccaniene.com\/it_it\/wp-json\/wp\/v2\/media?parent=13904"}],"wp:term":[{"taxonomy":"category","embeddable":true,"href":"https:\/\/www.ccaniene.com\/it_it\/wp-json\/wp\/v2\/categories?post=13904"},{"taxonomy":"post_tag","embeddable":true,"href":"https:\/\/www.ccaniene.com\/it_it\/wp-json\/wp\/v2\/tags?post=13904"}],"curies":[{"name":"wp","href":"https:\/\/api.w.org\/{rel}","templated":true}]}}