{"id":13558,"date":"2017-07-17T14:51:46","date_gmt":"2017-07-17T12:51:46","guid":{"rendered":"https:\/\/www.ccaniene.com\/?p=13558\/"},"modified":"2017-07-17T21:25:52","modified_gmt":"2017-07-17T19:25:52","slug":"alberto-rossi-secondo-nel-mondiale-farr-40","status":"publish","type":"post","link":"https:\/\/www.ccaniene.com\/it_it\/alberto-rossi-secondo-nel-mondiale-farr-40\/","title":{"rendered":"Alberto Rossi secondo nel Mondiale Farr 40"},"content":{"rendered":"<p>Enfant Terrible di Alberto Rossi, con il\u00a0tattico Vasco Vascotto,\u00a0ha conquistato\u00a0un ottimo secondo posto nella 20esima edizione del Rolex Farr 40 World Championship. Meglio dell&#8217;equipaggio portacolori del Circolo Canottieri Aniene \u00e8 riuscito a fare solo l\u2019americano Alex Roepers, gi\u00e0 campione mondiale uscente, che &#8211; con\u00a0Terry Hutchinson alla tattica &#8211; nel weekend appena trascorso\u00a0si \u00e8 confermato, su Plenty, per la terza volta al vertice della Classe One Design Farr 40. Grazie a una serie di regate eccellenti, Alberto Rossi ha chiuso a soli 3 punti dal campione iridato.<a href=\"http:\/\/www.ccaniene.com\/wp-content\/uploads\/2017\/07\/farr40.jpg\"><img fetchpriority=\"high\" decoding=\"async\" class=\"aligncenter wp-image-13561 size-large\" src=\"http:\/\/www.ccaniene.com\/wp-content\/uploads\/2017\/07\/farr40-980x600.jpg\" alt=\"\" width=\"980\" height=\"600\" \/><\/a><\/p>\n<p>&#8220;Siamo felici di aver finito bene &#8211; ha dichiarato il\u00a0nostro consocio Alberto Rossi, armatore-timoniere di Enfant Terrible -. Dopo la giornata di sabato eravamo demoralizzati, ma siamo abituati a non mollare fino alla fine e lo abbiamo dimostrato anche questa volta. Domenica ci siamo resi protagonisti di\u00a0ottime partenze e abbiamo regatato bene. Personalmente penso di aver fatto la mia parte al timone e Vasco ha scelto sempre le migliori opzioni. Ci siamo meritati di essere la barca del giorno, cos\u00ec come Plenty \u00e8 risultata la pi\u00f9 forte nel complesso e ha meritato di vincere il Mondiale. La mia felicit\u00e0 \u00e8 poi completata dalla vittoria nei Corinthian di mia figlia Claudia, autrice con il suo equipaggio di un recupero eccellente. L&#8217;anno prossimo sar\u00e0 lei a sostituirmi al timone qualora eventuali impegni mi impedissero di essere presente&#8221;.<\/p>\n","protected":false},"excerpt":{"rendered":"<p>Enfant Terrible di Alberto Rossi, con il\u00a0tattico Vasco Vascotto,\u00a0ha conquistato\u00a0un ottimo secondo posto nella 20esima edizione del Rolex Farr 40 World Championship. Meglio dell&#8217;equipaggio portacolori del Circolo Canottieri Aniene \u00e8 riuscito a fare solo l\u2019americano Alex Roepers, gi\u00e0 campione mondiale uscente, che &#8211; con\u00a0Terry Hutchinson alla tattica &#8211; nel weekend appena trascorso\u00a0si \u00e8 confermato, su [&hellip;]<\/p>\n","protected":false},"author":23521,"featured_media":13560,"comment_status":"open","ping_status":"closed","sticky":false,"template":"","format":"standard","meta":{"pmpro_default_level":0,"footnotes":"","_links_to":"","_links_to_target":""},"categories":[1,26],"tags":[],"class_list":["post-13558","post","type-post","status-publish","format-standard","has-post-thumbnail","hentry","category-news","category-vela","pmpro-has-access"],"featured_image_urls":{"woocommerce_thumbnail":"https:\/\/www.ccaniene.com\/wp-content\/uploads\/2017\/07\/farr40_2-scaled-300x300.jpg","woocommerce_gallery_thumbnail":"https:\/\/www.ccaniene.com\/wp-content\/uploads\/2017\/07\/farr40_2-scaled-100x100.jpg","woocommerce_single":"https:\/\/www.ccaniene.com\/wp-content\/uploads\/2017\/07\/farr40_2-scaled-600x326.jpg","medium":"https:\/\/www.ccaniene.com\/wp-content\/uploads\/2017\/07\/farr40_2-800x435.jpg","large":"https:\/\/www.ccaniene.com\/wp-content\/uploads\/2017\/07\/farr40_2-1920x1043.jpg","thumbnail":"https:\/\/www.ccaniene.com\/wp-content\/uploads\/2017\/07\/farr40_2-400x400.jpg","medium_large":"https:\/\/www.ccaniene.com\/wp-content\/uploads\/2017\/07\/farr40_2-768x417.jpg","1536x1536":"https:\/\/www.ccaniene.com\/wp-content\/uploads\/2017\/07\/farr40_2-1536x835.jpg","2048x2048":"https:\/\/www.ccaniene.com\/wp-content\/uploads\/2017\/07\/farr40_2-2048x1113.jpg","slider":"https:\/\/www.ccaniene.com\/wp-content\/uploads\/2017\/07\/farr40_2-1920x1080.jpg"},"appp_media":null,"yoast_head":"<!-- This site is optimized with the Yoast SEO plugin v23.6 - https:\/\/yoast.com\/wordpress\/plugins\/seo\/ -->\n<title>Alberto Rossi secondo nel Mondiale Farr 40 - Circolo Canottieri Aniene<\/title>\n<meta name=\"robots\" content=\"index, follow, max-snippet:-1, max-image-preview:large, max-video-preview:-1\" \/>\n<link rel=\"canonical\" href=\"https:\/\/www.ccaniene.com\/it_it\/alberto-rossi-secondo-nel-mondiale-farr-40\/\" \/>\n<meta property=\"og:locale\" content=\"it_IT\" \/>\n<meta property=\"og:type\" content=\"article\" \/>\n<meta property=\"og:title\" content=\"Alberto Rossi secondo nel Mondiale Farr 40 - Circolo Canottieri Aniene\" \/>\n<meta property=\"og:description\" content=\"Enfant Terrible di Alberto Rossi, con il\u00a0tattico Vasco Vascotto,\u00a0ha conquistato\u00a0un ottimo secondo posto nella 20esima edizione del Rolex Farr 40 World Championship. Meglio dell&#8217;equipaggio portacolori del Circolo Canottieri Aniene \u00e8 riuscito a fare solo l\u2019americano Alex Roepers, gi\u00e0 campione mondiale uscente, che &#8211; con\u00a0Terry Hutchinson alla tattica &#8211; nel weekend appena trascorso\u00a0si \u00e8 confermato, su [&hellip;]\" \/>\n<meta property=\"og:url\" content=\"https:\/\/www.ccaniene.com\/it_it\/alberto-rossi-secondo-nel-mondiale-farr-40\/\" \/>\n<meta property=\"og:site_name\" content=\"Circolo Canottieri Aniene\" \/>\n<meta property=\"article:published_time\" content=\"2017-07-17T12:51:46+00:00\" \/>\n<meta property=\"article:modified_time\" content=\"2017-07-17T19:25:52+00:00\" \/>\n<meta property=\"og:image\" content=\"https:\/\/www.ccaniene.com\/wp-content\/uploads\/2017\/07\/farr40_2-scaled.jpg\" \/>\n\t<meta property=\"og:image:width\" content=\"2560\" \/>\n\t<meta property=\"og:image:height\" content=\"1391\" \/>\n\t<meta property=\"og:image:type\" content=\"image\/jpeg\" \/>\n<meta name=\"author\" content=\"carlo.san@tin.it\" \/>\n<meta name=\"twitter:card\" content=\"summary_large_image\" \/>\n<meta name=\"twitter:label1\" content=\"Scritto da\" \/>\n\t<meta name=\"twitter:data1\" content=\"carlo.san@tin.it\" \/>\n\t<meta name=\"twitter:label2\" content=\"Tempo di lettura stimato\" \/>\n\t<meta name=\"twitter:data2\" content=\"1 minuto\" \/>\n<script type=\"application\/ld+json\" class=\"yoast-schema-graph\">{\"@context\":\"https:\/\/schema.org\",\"@graph\":[{\"@type\":\"WebPage\",\"@id\":\"https:\/\/www.ccaniene.com\/en\/alberto-rossi-secondo-nel-mondiale-farr-40\/\",\"url\":\"https:\/\/www.ccaniene.com\/en\/alberto-rossi-secondo-nel-mondiale-farr-40\/\",\"name\":\"Alberto Rossi secondo nel Mondiale Farr 40 - Circolo Canottieri Aniene\",\"isPartOf\":{\"@id\":\"https:\/\/www.ccaniene.com\/it_it\/#website\"},\"primaryImageOfPage\":{\"@id\":\"https:\/\/www.ccaniene.com\/en\/alberto-rossi-secondo-nel-mondiale-farr-40\/#primaryimage\"},\"image\":{\"@id\":\"https:\/\/www.ccaniene.com\/en\/alberto-rossi-secondo-nel-mondiale-farr-40\/#primaryimage\"},\"thumbnailUrl\":\"https:\/\/www.ccaniene.com\/wp-content\/uploads\/2017\/07\/farr40_2-scaled.jpg\",\"datePublished\":\"2017-07-17T12:51:46+00:00\",\"dateModified\":\"2017-07-17T19:25:52+00:00\",\"author\":{\"@id\":\"https:\/\/www.ccaniene.com\/it_it\/#\/schema\/person\/6042bd0ba360674279dffd4247d570ed\"},\"breadcrumb\":{\"@id\":\"https:\/\/www.ccaniene.com\/en\/alberto-rossi-secondo-nel-mondiale-farr-40\/#breadcrumb\"},\"inLanguage\":\"it-IT\",\"potentialAction\":[{\"@type\":\"ReadAction\",\"target\":[\"https:\/\/www.ccaniene.com\/en\/alberto-rossi-secondo-nel-mondiale-farr-40\/\"]}]},{\"@type\":\"ImageObject\",\"inLanguage\":\"it-IT\",\"@id\":\"https:\/\/www.ccaniene.com\/en\/alberto-rossi-secondo-nel-mondiale-farr-40\/#primaryimage\",\"url\":\"https:\/\/www.ccaniene.com\/wp-content\/uploads\/2017\/07\/farr40_2-scaled.jpg\",\"contentUrl\":\"https:\/\/www.ccaniene.com\/wp-content\/uploads\/2017\/07\/farr40_2-scaled.jpg\",\"width\":2560,\"height\":1391},{\"@type\":\"BreadcrumbList\",\"@id\":\"https:\/\/www.ccaniene.com\/en\/alberto-rossi-secondo-nel-mondiale-farr-40\/#breadcrumb\",\"itemListElement\":[{\"@type\":\"ListItem\",\"position\":1,\"name\":\"Home\",\"item\":\"https:\/\/www.ccaniene.com\/it_it\/\"},{\"@type\":\"ListItem\",\"position\":2,\"name\":\"Alberto Rossi secondo nel Mondiale Farr 40\"}]},{\"@type\":\"WebSite\",\"@id\":\"https:\/\/www.ccaniene.com\/it_it\/#website\",\"url\":\"https:\/\/www.ccaniene.com\/it_it\/\",\"name\":\"Circolo Canottieri Aniene\",\"description\":\"Collare d&#039;Oro e Stella d&#039;Oro al Merito Sportivo\",\"potentialAction\":[{\"@type\":\"SearchAction\",\"target\":{\"@type\":\"EntryPoint\",\"urlTemplate\":\"https:\/\/www.ccaniene.com\/it_it\/?s={search_term_string}\"},\"query-input\":{\"@type\":\"PropertyValueSpecification\",\"valueRequired\":true,\"valueName\":\"search_term_string\"}}],\"inLanguage\":\"it-IT\"},{\"@type\":\"Person\",\"@id\":\"https:\/\/www.ccaniene.com\/it_it\/#\/schema\/person\/6042bd0ba360674279dffd4247d570ed\",\"name\":\"carlo.san@tin.it\",\"image\":{\"@type\":\"ImageObject\",\"inLanguage\":\"it-IT\",\"@id\":\"https:\/\/www.ccaniene.com\/it_it\/#\/schema\/person\/image\/\",\"url\":\"https:\/\/secure.gravatar.com\/avatar\/f993a459d0ffe4d666e4c917fef20ca9?s=96&d=mm&r=g\",\"contentUrl\":\"https:\/\/secure.gravatar.com\/avatar\/f993a459d0ffe4d666e4c917fef20ca9?s=96&d=mm&r=g\",\"caption\":\"carlo.san@tin.it\"},\"url\":\"https:\/\/www.ccaniene.com\/it_it\/author\/carlo-santi-2\/\"}]}<\/script>\n<!-- \/ Yoast SEO plugin. -->","yoast_head_json":{"title":"Alberto Rossi secondo nel Mondiale Farr 40 - Circolo Canottieri Aniene","robots":{"index":"index","follow":"follow","max-snippet":"max-snippet:-1","max-image-preview":"max-image-preview:large","max-video-preview":"max-video-preview:-1"},"canonical":"https:\/\/www.ccaniene.com\/it_it\/alberto-rossi-secondo-nel-mondiale-farr-40\/","og_locale":"it_IT","og_type":"article","og_title":"Alberto Rossi secondo nel Mondiale Farr 40 - Circolo Canottieri Aniene","og_description":"Enfant Terrible di Alberto Rossi, con il\u00a0tattico Vasco Vascotto,\u00a0ha conquistato\u00a0un ottimo secondo posto nella 20esima edizione del Rolex Farr 40 World Championship. Meglio dell&#8217;equipaggio portacolori del Circolo Canottieri Aniene \u00e8 riuscito a fare solo l\u2019americano Alex Roepers, gi\u00e0 campione mondiale uscente, che &#8211; con\u00a0Terry Hutchinson alla tattica &#8211; nel weekend appena trascorso\u00a0si \u00e8 confermato, su [&hellip;]","og_url":"https:\/\/www.ccaniene.com\/it_it\/alberto-rossi-secondo-nel-mondiale-farr-40\/","og_site_name":"Circolo Canottieri Aniene","article_published_time":"2017-07-17T12:51:46+00:00","article_modified_time":"2017-07-17T19:25:52+00:00","og_image":[{"width":2560,"height":1391,"url":"https:\/\/www.ccaniene.com\/wp-content\/uploads\/2017\/07\/farr40_2-scaled.jpg","type":"image\/jpeg"}],"author":"carlo.san@tin.it","twitter_card":"summary_large_image","twitter_misc":{"Scritto da":"carlo.san@tin.it","Tempo di lettura stimato":"1 minuto"},"schema":{"@context":"https:\/\/schema.org","@graph":[{"@type":"WebPage","@id":"https:\/\/www.ccaniene.com\/en\/alberto-rossi-secondo-nel-mondiale-farr-40\/","url":"https:\/\/www.ccaniene.com\/en\/alberto-rossi-secondo-nel-mondiale-farr-40\/","name":"Alberto Rossi secondo nel Mondiale Farr 40 - Circolo Canottieri Aniene","isPartOf":{"@id":"https:\/\/www.ccaniene.com\/it_it\/#website"},"primaryImageOfPage":{"@id":"https:\/\/www.ccaniene.com\/en\/alberto-rossi-secondo-nel-mondiale-farr-40\/#primaryimage"},"image":{"@id":"https:\/\/www.ccaniene.com\/en\/alberto-rossi-secondo-nel-mondiale-farr-40\/#primaryimage"},"thumbnailUrl":"https:\/\/www.ccaniene.com\/wp-content\/uploads\/2017\/07\/farr40_2-scaled.jpg","datePublished":"2017-07-17T12:51:46+00:00","dateModified":"2017-07-17T19:25:52+00:00","author":{"@id":"https:\/\/www.ccaniene.com\/it_it\/#\/schema\/person\/6042bd0ba360674279dffd4247d570ed"},"breadcrumb":{"@id":"https:\/\/www.ccaniene.com\/en\/alberto-rossi-secondo-nel-mondiale-farr-40\/#breadcrumb"},"inLanguage":"it-IT","potentialAction":[{"@type":"ReadAction","target":["https:\/\/www.ccaniene.com\/en\/alberto-rossi-secondo-nel-mondiale-farr-40\/"]}]},{"@type":"ImageObject","inLanguage":"it-IT","@id":"https:\/\/www.ccaniene.com\/en\/alberto-rossi-secondo-nel-mondiale-farr-40\/#primaryimage","url":"https:\/\/www.ccaniene.com\/wp-content\/uploads\/2017\/07\/farr40_2-scaled.jpg","contentUrl":"https:\/\/www.ccaniene.com\/wp-content\/uploads\/2017\/07\/farr40_2-scaled.jpg","width":2560,"height":1391},{"@type":"BreadcrumbList","@id":"https:\/\/www.ccaniene.com\/en\/alberto-rossi-secondo-nel-mondiale-farr-40\/#breadcrumb","itemListElement":[{"@type":"ListItem","position":1,"name":"Home","item":"https:\/\/www.ccaniene.com\/it_it\/"},{"@type":"ListItem","position":2,"name":"Alberto Rossi secondo nel Mondiale Farr 40"}]},{"@type":"WebSite","@id":"https:\/\/www.ccaniene.com\/it_it\/#website","url":"https:\/\/www.ccaniene.com\/it_it\/","name":"Circolo Canottieri Aniene","description":"Collare d&#039;Oro e Stella d&#039;Oro al Merito Sportivo","potentialAction":[{"@type":"SearchAction","target":{"@type":"EntryPoint","urlTemplate":"https:\/\/www.ccaniene.com\/it_it\/?s={search_term_string}"},"query-input":{"@type":"PropertyValueSpecification","valueRequired":true,"valueName":"search_term_string"}}],"inLanguage":"it-IT"},{"@type":"Person","@id":"https:\/\/www.ccaniene.com\/it_it\/#\/schema\/person\/6042bd0ba360674279dffd4247d570ed","name":"carlo.san@tin.it","image":{"@type":"ImageObject","inLanguage":"it-IT","@id":"https:\/\/www.ccaniene.com\/it_it\/#\/schema\/person\/image\/","url":"https:\/\/secure.gravatar.com\/avatar\/f993a459d0ffe4d666e4c917fef20ca9?s=96&d=mm&r=g","contentUrl":"https:\/\/secure.gravatar.com\/avatar\/f993a459d0ffe4d666e4c917fef20ca9?s=96&d=mm&r=g","caption":"carlo.san@tin.it"},"url":"https:\/\/www.ccaniene.com\/it_it\/author\/carlo-santi-2\/"}]}},"_links":{"self":[{"href":"https:\/\/www.ccaniene.com\/it_it\/wp-json\/wp\/v2\/posts\/13558"}],"collection":[{"href":"https:\/\/www.ccaniene.com\/it_it\/wp-json\/wp\/v2\/posts"}],"about":[{"href":"https:\/\/www.ccaniene.com\/it_it\/wp-json\/wp\/v2\/types\/post"}],"author":[{"embeddable":true,"href":"https:\/\/www.ccaniene.com\/it_it\/wp-json\/wp\/v2\/users\/23521"}],"replies":[{"embeddable":true,"href":"https:\/\/www.ccaniene.com\/it_it\/wp-json\/wp\/v2\/comments?post=13558"}],"version-history":[{"count":3,"href":"https:\/\/www.ccaniene.com\/it_it\/wp-json\/wp\/v2\/posts\/13558\/revisions"}],"predecessor-version":[{"id":13575,"href":"https:\/\/www.ccaniene.com\/it_it\/wp-json\/wp\/v2\/posts\/13558\/revisions\/13575"}],"wp:featuredmedia":[{"embeddable":true,"href":"https:\/\/www.ccaniene.com\/it_it\/wp-json\/wp\/v2\/media\/13560"}],"wp:attachment":[{"href":"https:\/\/www.ccaniene.com\/it_it\/wp-json\/wp\/v2\/media?parent=13558"}],"wp:term":[{"taxonomy":"category","embeddable":true,"href":"https:\/\/www.ccaniene.com\/it_it\/wp-json\/wp\/v2\/categories?post=13558"},{"taxonomy":"post_tag","embeddable":true,"href":"https:\/\/www.ccaniene.com\/it_it\/wp-json\/wp\/v2\/tags?post=13558"}],"curies":[{"name":"wp","href":"https:\/\/api.w.org\/{rel}","templated":true}]}}