{"id":13465,"date":"2017-06-26T17:41:03","date_gmt":"2017-06-26T15:41:03","guid":{"rendered":"https:\/\/www.ccaniene.com\/?p=13465\/"},"modified":"2017-06-26T17:41:03","modified_gmt":"2017-06-26T15:41:03","slug":"solo-cecchinato-ferma-caruana-todi-semifinale","status":"publish","type":"post","link":"https:\/\/www.ccaniene.com\/it_it\/solo-cecchinato-ferma-caruana-todi-semifinale\/","title":{"rendered":"Solo Cecchinato ferma Caruana: a Todi \u00e8 semifinale"},"content":{"rendered":"<p>Il nostro Liam Caruana, appena diciottenne, \u00e8 stata la vera sorpresa del Challenger di Todi che si \u00e8 concluso domenica sui campi in terra battuta del locale circolo tennis.<br \/>\nEntrato in tabellone con una wild card, Liam, numero 767 delle classifiche mondiali, si \u00e8 issato fino alle semifinali prima di cedere il passo a Marco Cecchinato, n. 97 al mondo, con il punteggio di 6-2, 6-2.<br \/>\nRisultato comunque pi\u00f9 che positivo per Caruana che gli consentir\u00e0 un notevole balzo in avanti nel ranking internazionale.<\/p>\n","protected":false},"excerpt":{"rendered":"<p>Il nostro Liam Caruana, appena diciottenne, \u00e8 stata la vera sorpresa del Challenger di Todi che si \u00e8 concluso domenica sui campi in terra battuta del locale circolo tennis. Entrato in tabellone con una wild card, Liam, numero 767 delle classifiche mondiali, si \u00e8 issato fino alle semifinali prima di cedere il passo a Marco [&hellip;]<\/p>\n","protected":false},"author":23521,"featured_media":13466,"comment_status":"open","ping_status":"closed","sticky":false,"template":"","format":"standard","meta":{"pmpro_default_level":0,"footnotes":"","_links_to":"","_links_to_target":""},"categories":[1,10],"tags":[],"class_list":["post-13465","post","type-post","status-publish","format-standard","has-post-thumbnail","hentry","category-news","category-tennis","pmpro-has-access"],"featured_image_urls":{"woocommerce_thumbnail":"https:\/\/www.ccaniene.com\/wp-content\/uploads\/2017\/06\/ajaxmail-1-300x300.png","woocommerce_gallery_thumbnail":"https:\/\/www.ccaniene.com\/wp-content\/uploads\/2017\/06\/ajaxmail-1-100x100.png","woocommerce_single":"https:\/\/www.ccaniene.com\/wp-content\/uploads\/2017\/06\/ajaxmail-1-600x430.png","thumbnail":"https:\/\/www.ccaniene.com\/wp-content\/uploads\/2017\/06\/ajaxmail-1-400x400.png"},"appp_media":null,"yoast_head":"<!-- This site is optimized with the Yoast SEO plugin v23.6 - https:\/\/yoast.com\/wordpress\/plugins\/seo\/ -->\n<title>Solo Cecchinato ferma Caruana: a Todi \u00e8 semifinale - Circolo Canottieri Aniene<\/title>\n<meta name=\"robots\" content=\"index, follow, max-snippet:-1, max-image-preview:large, max-video-preview:-1\" \/>\n<link rel=\"canonical\" href=\"https:\/\/www.ccaniene.com\/it_it\/solo-cecchinato-ferma-caruana-todi-semifinale\/\" \/>\n<meta property=\"og:locale\" content=\"it_IT\" \/>\n<meta property=\"og:type\" content=\"article\" \/>\n<meta property=\"og:title\" content=\"Solo Cecchinato ferma Caruana: a Todi \u00e8 semifinale - Circolo Canottieri Aniene\" \/>\n<meta property=\"og:description\" content=\"Il nostro Liam Caruana, appena diciottenne, \u00e8 stata la vera sorpresa del Challenger di Todi che si \u00e8 concluso domenica sui campi in terra battuta del locale circolo tennis. Entrato in tabellone con una wild card, Liam, numero 767 delle classifiche mondiali, si \u00e8 issato fino alle semifinali prima di cedere il passo a Marco [&hellip;]\" \/>\n<meta property=\"og:url\" content=\"https:\/\/www.ccaniene.com\/it_it\/solo-cecchinato-ferma-caruana-todi-semifinale\/\" \/>\n<meta property=\"og:site_name\" content=\"Circolo Canottieri Aniene\" \/>\n<meta property=\"article:published_time\" content=\"2017-06-26T15:41:03+00:00\" \/>\n<meta property=\"og:image\" content=\"https:\/\/www.ccaniene.com\/wp-content\/uploads\/2017\/06\/ajaxmail-1.png\" \/>\n\t<meta property=\"og:image:width\" content=\"650\" \/>\n\t<meta property=\"og:image:height\" content=\"466\" \/>\n\t<meta property=\"og:image:type\" content=\"image\/png\" \/>\n<meta name=\"author\" content=\"carlo.san@tin.it\" \/>\n<meta name=\"twitter:card\" content=\"summary_large_image\" \/>\n<meta name=\"twitter:label1\" content=\"Scritto da\" \/>\n\t<meta name=\"twitter:data1\" content=\"carlo.san@tin.it\" \/>\n<script type=\"application\/ld+json\" class=\"yoast-schema-graph\">{\"@context\":\"https:\/\/schema.org\",\"@graph\":[{\"@type\":\"WebPage\",\"@id\":\"https:\/\/www.ccaniene.com\/it_it\/solo-cecchinato-ferma-caruana-todi-semifinale\/\",\"url\":\"https:\/\/www.ccaniene.com\/it_it\/solo-cecchinato-ferma-caruana-todi-semifinale\/\",\"name\":\"Solo Cecchinato ferma Caruana: a Todi \u00e8 semifinale - Circolo Canottieri Aniene\",\"isPartOf\":{\"@id\":\"https:\/\/www.ccaniene.com\/it_it\/#website\"},\"primaryImageOfPage\":{\"@id\":\"https:\/\/www.ccaniene.com\/it_it\/solo-cecchinato-ferma-caruana-todi-semifinale\/#primaryimage\"},\"image\":{\"@id\":\"https:\/\/www.ccaniene.com\/it_it\/solo-cecchinato-ferma-caruana-todi-semifinale\/#primaryimage\"},\"thumbnailUrl\":\"https:\/\/www.ccaniene.com\/wp-content\/uploads\/2017\/06\/ajaxmail-1.png\",\"datePublished\":\"2017-06-26T15:41:03+00:00\",\"dateModified\":\"2017-06-26T15:41:03+00:00\",\"author\":{\"@id\":\"https:\/\/www.ccaniene.com\/it_it\/#\/schema\/person\/6042bd0ba360674279dffd4247d570ed\"},\"breadcrumb\":{\"@id\":\"https:\/\/www.ccaniene.com\/it_it\/solo-cecchinato-ferma-caruana-todi-semifinale\/#breadcrumb\"},\"inLanguage\":\"it-IT\",\"potentialAction\":[{\"@type\":\"ReadAction\",\"target\":[\"https:\/\/www.ccaniene.com\/it_it\/solo-cecchinato-ferma-caruana-todi-semifinale\/\"]}]},{\"@type\":\"ImageObject\",\"inLanguage\":\"it-IT\",\"@id\":\"https:\/\/www.ccaniene.com\/it_it\/solo-cecchinato-ferma-caruana-todi-semifinale\/#primaryimage\",\"url\":\"https:\/\/www.ccaniene.com\/wp-content\/uploads\/2017\/06\/ajaxmail-1.png\",\"contentUrl\":\"https:\/\/www.ccaniene.com\/wp-content\/uploads\/2017\/06\/ajaxmail-1.png\",\"width\":650,\"height\":466},{\"@type\":\"BreadcrumbList\",\"@id\":\"https:\/\/www.ccaniene.com\/it_it\/solo-cecchinato-ferma-caruana-todi-semifinale\/#breadcrumb\",\"itemListElement\":[{\"@type\":\"ListItem\",\"position\":1,\"name\":\"Home\",\"item\":\"https:\/\/www.ccaniene.com\/it_it\/\"},{\"@type\":\"ListItem\",\"position\":2,\"name\":\"Solo Cecchinato ferma Caruana: a Todi \u00e8 semifinale\"}]},{\"@type\":\"WebSite\",\"@id\":\"https:\/\/www.ccaniene.com\/it_it\/#website\",\"url\":\"https:\/\/www.ccaniene.com\/it_it\/\",\"name\":\"Circolo Canottieri Aniene\",\"description\":\"Collare d&#039;Oro e Stella d&#039;Oro al Merito Sportivo\",\"potentialAction\":[{\"@type\":\"SearchAction\",\"target\":{\"@type\":\"EntryPoint\",\"urlTemplate\":\"https:\/\/www.ccaniene.com\/it_it\/?s={search_term_string}\"},\"query-input\":{\"@type\":\"PropertyValueSpecification\",\"valueRequired\":true,\"valueName\":\"search_term_string\"}}],\"inLanguage\":\"it-IT\"},{\"@type\":\"Person\",\"@id\":\"https:\/\/www.ccaniene.com\/it_it\/#\/schema\/person\/6042bd0ba360674279dffd4247d570ed\",\"name\":\"carlo.san@tin.it\",\"image\":{\"@type\":\"ImageObject\",\"inLanguage\":\"it-IT\",\"@id\":\"https:\/\/www.ccaniene.com\/it_it\/#\/schema\/person\/image\/\",\"url\":\"https:\/\/secure.gravatar.com\/avatar\/f993a459d0ffe4d666e4c917fef20ca9?s=96&d=mm&r=g\",\"contentUrl\":\"https:\/\/secure.gravatar.com\/avatar\/f993a459d0ffe4d666e4c917fef20ca9?s=96&d=mm&r=g\",\"caption\":\"carlo.san@tin.it\"},\"url\":\"https:\/\/www.ccaniene.com\/it_it\/author\/carlo-santi-2\/\"}]}<\/script>\n<!-- \/ Yoast SEO plugin. -->","yoast_head_json":{"title":"Solo Cecchinato ferma Caruana: a Todi \u00e8 semifinale - Circolo Canottieri Aniene","robots":{"index":"index","follow":"follow","max-snippet":"max-snippet:-1","max-image-preview":"max-image-preview:large","max-video-preview":"max-video-preview:-1"},"canonical":"https:\/\/www.ccaniene.com\/it_it\/solo-cecchinato-ferma-caruana-todi-semifinale\/","og_locale":"it_IT","og_type":"article","og_title":"Solo Cecchinato ferma Caruana: a Todi \u00e8 semifinale - Circolo Canottieri Aniene","og_description":"Il nostro Liam Caruana, appena diciottenne, \u00e8 stata la vera sorpresa del Challenger di Todi che si \u00e8 concluso domenica sui campi in terra battuta del locale circolo tennis. Entrato in tabellone con una wild card, Liam, numero 767 delle classifiche mondiali, si \u00e8 issato fino alle semifinali prima di cedere il passo a Marco [&hellip;]","og_url":"https:\/\/www.ccaniene.com\/it_it\/solo-cecchinato-ferma-caruana-todi-semifinale\/","og_site_name":"Circolo Canottieri Aniene","article_published_time":"2017-06-26T15:41:03+00:00","og_image":[{"width":650,"height":466,"url":"https:\/\/www.ccaniene.com\/wp-content\/uploads\/2017\/06\/ajaxmail-1.png","type":"image\/png"}],"author":"carlo.san@tin.it","twitter_card":"summary_large_image","twitter_misc":{"Scritto da":"carlo.san@tin.it"},"schema":{"@context":"https:\/\/schema.org","@graph":[{"@type":"WebPage","@id":"https:\/\/www.ccaniene.com\/it_it\/solo-cecchinato-ferma-caruana-todi-semifinale\/","url":"https:\/\/www.ccaniene.com\/it_it\/solo-cecchinato-ferma-caruana-todi-semifinale\/","name":"Solo Cecchinato ferma Caruana: a Todi \u00e8 semifinale - Circolo Canottieri Aniene","isPartOf":{"@id":"https:\/\/www.ccaniene.com\/it_it\/#website"},"primaryImageOfPage":{"@id":"https:\/\/www.ccaniene.com\/it_it\/solo-cecchinato-ferma-caruana-todi-semifinale\/#primaryimage"},"image":{"@id":"https:\/\/www.ccaniene.com\/it_it\/solo-cecchinato-ferma-caruana-todi-semifinale\/#primaryimage"},"thumbnailUrl":"https:\/\/www.ccaniene.com\/wp-content\/uploads\/2017\/06\/ajaxmail-1.png","datePublished":"2017-06-26T15:41:03+00:00","dateModified":"2017-06-26T15:41:03+00:00","author":{"@id":"https:\/\/www.ccaniene.com\/it_it\/#\/schema\/person\/6042bd0ba360674279dffd4247d570ed"},"breadcrumb":{"@id":"https:\/\/www.ccaniene.com\/it_it\/solo-cecchinato-ferma-caruana-todi-semifinale\/#breadcrumb"},"inLanguage":"it-IT","potentialAction":[{"@type":"ReadAction","target":["https:\/\/www.ccaniene.com\/it_it\/solo-cecchinato-ferma-caruana-todi-semifinale\/"]}]},{"@type":"ImageObject","inLanguage":"it-IT","@id":"https:\/\/www.ccaniene.com\/it_it\/solo-cecchinato-ferma-caruana-todi-semifinale\/#primaryimage","url":"https:\/\/www.ccaniene.com\/wp-content\/uploads\/2017\/06\/ajaxmail-1.png","contentUrl":"https:\/\/www.ccaniene.com\/wp-content\/uploads\/2017\/06\/ajaxmail-1.png","width":650,"height":466},{"@type":"BreadcrumbList","@id":"https:\/\/www.ccaniene.com\/it_it\/solo-cecchinato-ferma-caruana-todi-semifinale\/#breadcrumb","itemListElement":[{"@type":"ListItem","position":1,"name":"Home","item":"https:\/\/www.ccaniene.com\/it_it\/"},{"@type":"ListItem","position":2,"name":"Solo Cecchinato ferma Caruana: a Todi \u00e8 semifinale"}]},{"@type":"WebSite","@id":"https:\/\/www.ccaniene.com\/it_it\/#website","url":"https:\/\/www.ccaniene.com\/it_it\/","name":"Circolo Canottieri Aniene","description":"Collare d&#039;Oro e Stella d&#039;Oro al Merito Sportivo","potentialAction":[{"@type":"SearchAction","target":{"@type":"EntryPoint","urlTemplate":"https:\/\/www.ccaniene.com\/it_it\/?s={search_term_string}"},"query-input":{"@type":"PropertyValueSpecification","valueRequired":true,"valueName":"search_term_string"}}],"inLanguage":"it-IT"},{"@type":"Person","@id":"https:\/\/www.ccaniene.com\/it_it\/#\/schema\/person\/6042bd0ba360674279dffd4247d570ed","name":"carlo.san@tin.it","image":{"@type":"ImageObject","inLanguage":"it-IT","@id":"https:\/\/www.ccaniene.com\/it_it\/#\/schema\/person\/image\/","url":"https:\/\/secure.gravatar.com\/avatar\/f993a459d0ffe4d666e4c917fef20ca9?s=96&d=mm&r=g","contentUrl":"https:\/\/secure.gravatar.com\/avatar\/f993a459d0ffe4d666e4c917fef20ca9?s=96&d=mm&r=g","caption":"carlo.san@tin.it"},"url":"https:\/\/www.ccaniene.com\/it_it\/author\/carlo-santi-2\/"}]}},"_links":{"self":[{"href":"https:\/\/www.ccaniene.com\/it_it\/wp-json\/wp\/v2\/posts\/13465"}],"collection":[{"href":"https:\/\/www.ccaniene.com\/it_it\/wp-json\/wp\/v2\/posts"}],"about":[{"href":"https:\/\/www.ccaniene.com\/it_it\/wp-json\/wp\/v2\/types\/post"}],"author":[{"embeddable":true,"href":"https:\/\/www.ccaniene.com\/it_it\/wp-json\/wp\/v2\/users\/23521"}],"replies":[{"embeddable":true,"href":"https:\/\/www.ccaniene.com\/it_it\/wp-json\/wp\/v2\/comments?post=13465"}],"version-history":[{"count":1,"href":"https:\/\/www.ccaniene.com\/it_it\/wp-json\/wp\/v2\/posts\/13465\/revisions"}],"predecessor-version":[{"id":13467,"href":"https:\/\/www.ccaniene.com\/it_it\/wp-json\/wp\/v2\/posts\/13465\/revisions\/13467"}],"wp:featuredmedia":[{"embeddable":true,"href":"https:\/\/www.ccaniene.com\/it_it\/wp-json\/wp\/v2\/media\/13466"}],"wp:attachment":[{"href":"https:\/\/www.ccaniene.com\/it_it\/wp-json\/wp\/v2\/media?parent=13465"}],"wp:term":[{"taxonomy":"category","embeddable":true,"href":"https:\/\/www.ccaniene.com\/it_it\/wp-json\/wp\/v2\/categories?post=13465"},{"taxonomy":"post_tag","embeddable":true,"href":"https:\/\/www.ccaniene.com\/it_it\/wp-json\/wp\/v2\/tags?post=13465"}],"curies":[{"name":"wp","href":"https:\/\/api.w.org\/{rel}","templated":true}]}}