{"id":13328,"date":"2017-06-08T14:57:29","date_gmt":"2017-06-08T12:57:29","guid":{"rendered":"https:\/\/www.ccaniene.com\/?p=13328\/"},"modified":"2017-06-08T15:05:18","modified_gmt":"2017-06-08T13:05:18","slug":"barone-vince-leuropeo-windsurfer","status":"publish","type":"post","link":"https:\/\/www.ccaniene.com\/it_it\/barone-vince-leuropeo-windsurfer\/","title":{"rendered":"Barone trionfa nel Campionato Europeo Windsurfer"},"content":{"rendered":"<p>Si \u00e8 svolta a Barcellona dal 2 al 4 giugno, sotto l&#8217;egida della Federazione Spagnola della Vela, l&#8217;Eurocup Grimaldi &#8211; Campionato Europeo di Windsurfer, alla quale hanno partecipato oltre 60 concorrenti provenienti da tutta Europa. Dopo tre giorni di regate e di divertimento, con la manifestazione che \u00e8 stata caratterizzata anche dalle prove di slalom e freestyle, il nostro\u00a0Giuseppe Barone si \u00e8 imposto su tutti.<\/p>\n<p><a href=\"http:\/\/www.ccaniene.com\/wp-content\/uploads\/2017\/06\/barone-1.jpg\"><img fetchpriority=\"high\" decoding=\"async\" class=\"size-medium wp-image-13335 alignleft\" src=\"http:\/\/www.ccaniene.com\/wp-content\/uploads\/2017\/06\/barone-1-460x460.jpg\" alt=\"\" width=\"460\" height=\"460\" \/><\/a><\/p>\n<p>Il portacolori dell&#8217;Aniene, oltre ad avere vinto il course Race, si \u00e8 laureato campione anche nello slalom e nel freestyle: un vero triplete che gli \u00e8 valso il titolo assoluto. La classe Windsurfer, la pi\u00f9 storica e la pi\u00f9 frequentata dagli appassionati di questo sport, trova in Italia il maggior numero di partecipanti insieme all&#8217;Australia, al punto che a Barcellona solo il 30% dei concorrenti era straniero.<\/p>\n<p>Per quanto riguarda il course racing si sono diplomati campioni dopo cinque prove: Marco Marchesi nei leggeri, Luca Frascari nei medioleggeri, Giampaolo Fantozzi nei medio pesanti, Celine Bordier tra le donne. La regata \u00e8 stata organizzata dal Club di Natacion di Barcellona nella sua splendida sede.<\/p>\n","protected":false},"excerpt":{"rendered":"<p>Si \u00e8 svolta a Barcellona dal 2 al 4 giugno, sotto l&#8217;egida della Federazione Spagnola della Vela, l&#8217;Eurocup Grimaldi &#8211; Campionato Europeo di Windsurfer, alla quale hanno partecipato oltre 60 concorrenti provenienti da tutta Europa. Dopo tre giorni di regate e di divertimento, con la manifestazione che \u00e8 stata caratterizzata anche dalle prove di slalom [&hellip;]<\/p>\n","protected":false},"author":23521,"featured_media":13329,"comment_status":"open","ping_status":"closed","sticky":false,"template":"","format":"standard","meta":{"pmpro_default_level":0,"footnotes":"","_links_to":"","_links_to_target":""},"categories":[13,1],"tags":[],"class_list":["post-13328","post","type-post","status-publish","format-standard","has-post-thumbnail","hentry","category-altri-sport","category-news","pmpro-has-access"],"featured_image_urls":{"woocommerce_thumbnail":"https:\/\/www.ccaniene.com\/wp-content\/uploads\/2017\/06\/barone-scaled-300x300.jpg","woocommerce_gallery_thumbnail":"https:\/\/www.ccaniene.com\/wp-content\/uploads\/2017\/06\/barone-scaled-100x100.jpg","woocommerce_single":"https:\/\/www.ccaniene.com\/wp-content\/uploads\/2017\/06\/barone-scaled-600x800.jpg","medium":"https:\/\/www.ccaniene.com\/wp-content\/uploads\/2017\/06\/barone-600x800.jpg","large":"https:\/\/www.ccaniene.com\/wp-content\/uploads\/2017\/06\/barone-1440x1920.jpg","thumbnail":"https:\/\/www.ccaniene.com\/wp-content\/uploads\/2017\/06\/barone-400x400.jpg","medium_large":"https:\/\/www.ccaniene.com\/wp-content\/uploads\/2017\/06\/barone-768x1024.jpg","1536x1536":"https:\/\/www.ccaniene.com\/wp-content\/uploads\/2017\/06\/barone-1152x1536.jpg","2048x2048":"https:\/\/www.ccaniene.com\/wp-content\/uploads\/2017\/06\/barone-1536x2048.jpg","slider":"https:\/\/www.ccaniene.com\/wp-content\/uploads\/2017\/06\/barone-1920x1080.jpg"},"appp_media":null,"yoast_head":"<!-- This site is optimized with the Yoast SEO plugin v23.6 - https:\/\/yoast.com\/wordpress\/plugins\/seo\/ -->\n<title>Barone trionfa nel Campionato Europeo Windsurfer - Circolo Canottieri Aniene<\/title>\n<meta name=\"robots\" content=\"index, follow, max-snippet:-1, max-image-preview:large, max-video-preview:-1\" \/>\n<link rel=\"canonical\" href=\"http:\/\/www.ccaniene.com\/it_it\/barone-vince-leuropeo-windsurfer\/\" \/>\n<meta property=\"og:locale\" content=\"it_IT\" \/>\n<meta property=\"og:type\" content=\"article\" \/>\n<meta property=\"og:title\" content=\"Barone trionfa nel Campionato Europeo Windsurfer - Circolo Canottieri Aniene\" \/>\n<meta property=\"og:description\" content=\"Si \u00e8 svolta a Barcellona dal 2 al 4 giugno, sotto l&#8217;egida della Federazione Spagnola della Vela, l&#8217;Eurocup Grimaldi &#8211; Campionato Europeo di Windsurfer, alla quale hanno partecipato oltre 60 concorrenti provenienti da tutta Europa. Dopo tre giorni di regate e di divertimento, con la manifestazione che \u00e8 stata caratterizzata anche dalle prove di slalom [&hellip;]\" \/>\n<meta property=\"og:url\" content=\"http:\/\/www.ccaniene.com\/it_it\/barone-vince-leuropeo-windsurfer\/\" \/>\n<meta property=\"og:site_name\" content=\"Circolo Canottieri Aniene\" \/>\n<meta property=\"article:published_time\" content=\"2017-06-08T12:57:29+00:00\" \/>\n<meta property=\"article:modified_time\" content=\"2017-06-08T13:05:18+00:00\" \/>\n<meta property=\"og:image\" content=\"http:\/\/www.ccaniene.com\/wp-content\/uploads\/2017\/06\/barone-scaled.jpg\" \/>\n\t<meta property=\"og:image:width\" content=\"1920\" \/>\n\t<meta property=\"og:image:height\" content=\"2560\" \/>\n\t<meta property=\"og:image:type\" content=\"image\/jpeg\" \/>\n<meta name=\"author\" content=\"carlo.san@tin.it\" \/>\n<meta name=\"twitter:card\" content=\"summary_large_image\" \/>\n<meta name=\"twitter:label1\" content=\"Scritto da\" \/>\n\t<meta name=\"twitter:data1\" content=\"carlo.san@tin.it\" \/>\n\t<meta name=\"twitter:label2\" content=\"Tempo di lettura stimato\" \/>\n\t<meta name=\"twitter:data2\" content=\"1 minuto\" \/>\n<script type=\"application\/ld+json\" class=\"yoast-schema-graph\">{\"@context\":\"https:\/\/schema.org\",\"@graph\":[{\"@type\":\"WebPage\",\"@id\":\"http:\/\/www.ccaniene.com\/en\/barone-vince-leuropeo-windsurfer\/\",\"url\":\"http:\/\/www.ccaniene.com\/en\/barone-vince-leuropeo-windsurfer\/\",\"name\":\"Barone trionfa nel Campionato Europeo Windsurfer - Circolo Canottieri Aniene\",\"isPartOf\":{\"@id\":\"https:\/\/www.ccaniene.com\/it_it\/#website\"},\"primaryImageOfPage\":{\"@id\":\"http:\/\/www.ccaniene.com\/en\/barone-vince-leuropeo-windsurfer\/#primaryimage\"},\"image\":{\"@id\":\"http:\/\/www.ccaniene.com\/en\/barone-vince-leuropeo-windsurfer\/#primaryimage\"},\"thumbnailUrl\":\"https:\/\/www.ccaniene.com\/wp-content\/uploads\/2017\/06\/barone-scaled.jpg\",\"datePublished\":\"2017-06-08T12:57:29+00:00\",\"dateModified\":\"2017-06-08T13:05:18+00:00\",\"author\":{\"@id\":\"https:\/\/www.ccaniene.com\/it_it\/#\/schema\/person\/6042bd0ba360674279dffd4247d570ed\"},\"breadcrumb\":{\"@id\":\"http:\/\/www.ccaniene.com\/en\/barone-vince-leuropeo-windsurfer\/#breadcrumb\"},\"inLanguage\":\"it-IT\",\"potentialAction\":[{\"@type\":\"ReadAction\",\"target\":[\"http:\/\/www.ccaniene.com\/en\/barone-vince-leuropeo-windsurfer\/\"]}]},{\"@type\":\"ImageObject\",\"inLanguage\":\"it-IT\",\"@id\":\"http:\/\/www.ccaniene.com\/en\/barone-vince-leuropeo-windsurfer\/#primaryimage\",\"url\":\"https:\/\/www.ccaniene.com\/wp-content\/uploads\/2017\/06\/barone-scaled.jpg\",\"contentUrl\":\"https:\/\/www.ccaniene.com\/wp-content\/uploads\/2017\/06\/barone-scaled.jpg\",\"width\":1920,\"height\":2560},{\"@type\":\"BreadcrumbList\",\"@id\":\"http:\/\/www.ccaniene.com\/en\/barone-vince-leuropeo-windsurfer\/#breadcrumb\",\"itemListElement\":[{\"@type\":\"ListItem\",\"position\":1,\"name\":\"Home\",\"item\":\"https:\/\/www.ccaniene.com\/it_it\/\"},{\"@type\":\"ListItem\",\"position\":2,\"name\":\"Barone trionfa nel Campionato Europeo Windsurfer\"}]},{\"@type\":\"WebSite\",\"@id\":\"https:\/\/www.ccaniene.com\/it_it\/#website\",\"url\":\"https:\/\/www.ccaniene.com\/it_it\/\",\"name\":\"Circolo Canottieri Aniene\",\"description\":\"Collare d&#039;Oro e Stella d&#039;Oro al Merito Sportivo\",\"potentialAction\":[{\"@type\":\"SearchAction\",\"target\":{\"@type\":\"EntryPoint\",\"urlTemplate\":\"https:\/\/www.ccaniene.com\/it_it\/?s={search_term_string}\"},\"query-input\":{\"@type\":\"PropertyValueSpecification\",\"valueRequired\":true,\"valueName\":\"search_term_string\"}}],\"inLanguage\":\"it-IT\"},{\"@type\":\"Person\",\"@id\":\"https:\/\/www.ccaniene.com\/it_it\/#\/schema\/person\/6042bd0ba360674279dffd4247d570ed\",\"name\":\"carlo.san@tin.it\",\"image\":{\"@type\":\"ImageObject\",\"inLanguage\":\"it-IT\",\"@id\":\"https:\/\/www.ccaniene.com\/it_it\/#\/schema\/person\/image\/\",\"url\":\"https:\/\/secure.gravatar.com\/avatar\/f993a459d0ffe4d666e4c917fef20ca9?s=96&d=mm&r=g\",\"contentUrl\":\"https:\/\/secure.gravatar.com\/avatar\/f993a459d0ffe4d666e4c917fef20ca9?s=96&d=mm&r=g\",\"caption\":\"carlo.san@tin.it\"},\"url\":\"https:\/\/www.ccaniene.com\/it_it\/author\/carlo-santi-2\/\"}]}<\/script>\n<!-- \/ Yoast SEO plugin. -->","yoast_head_json":{"title":"Barone trionfa nel Campionato Europeo Windsurfer - Circolo Canottieri Aniene","robots":{"index":"index","follow":"follow","max-snippet":"max-snippet:-1","max-image-preview":"max-image-preview:large","max-video-preview":"max-video-preview:-1"},"canonical":"http:\/\/www.ccaniene.com\/it_it\/barone-vince-leuropeo-windsurfer\/","og_locale":"it_IT","og_type":"article","og_title":"Barone trionfa nel Campionato Europeo Windsurfer - Circolo Canottieri Aniene","og_description":"Si \u00e8 svolta a Barcellona dal 2 al 4 giugno, sotto l&#8217;egida della Federazione Spagnola della Vela, l&#8217;Eurocup Grimaldi &#8211; Campionato Europeo di Windsurfer, alla quale hanno partecipato oltre 60 concorrenti provenienti da tutta Europa. Dopo tre giorni di regate e di divertimento, con la manifestazione che \u00e8 stata caratterizzata anche dalle prove di slalom [&hellip;]","og_url":"http:\/\/www.ccaniene.com\/it_it\/barone-vince-leuropeo-windsurfer\/","og_site_name":"Circolo Canottieri Aniene","article_published_time":"2017-06-08T12:57:29+00:00","article_modified_time":"2017-06-08T13:05:18+00:00","og_image":[{"width":1920,"height":2560,"url":"http:\/\/www.ccaniene.com\/wp-content\/uploads\/2017\/06\/barone-scaled.jpg","type":"image\/jpeg"}],"author":"carlo.san@tin.it","twitter_card":"summary_large_image","twitter_misc":{"Scritto da":"carlo.san@tin.it","Tempo di lettura stimato":"1 minuto"},"schema":{"@context":"https:\/\/schema.org","@graph":[{"@type":"WebPage","@id":"http:\/\/www.ccaniene.com\/en\/barone-vince-leuropeo-windsurfer\/","url":"http:\/\/www.ccaniene.com\/en\/barone-vince-leuropeo-windsurfer\/","name":"Barone trionfa nel Campionato Europeo Windsurfer - Circolo Canottieri Aniene","isPartOf":{"@id":"https:\/\/www.ccaniene.com\/it_it\/#website"},"primaryImageOfPage":{"@id":"http:\/\/www.ccaniene.com\/en\/barone-vince-leuropeo-windsurfer\/#primaryimage"},"image":{"@id":"http:\/\/www.ccaniene.com\/en\/barone-vince-leuropeo-windsurfer\/#primaryimage"},"thumbnailUrl":"https:\/\/www.ccaniene.com\/wp-content\/uploads\/2017\/06\/barone-scaled.jpg","datePublished":"2017-06-08T12:57:29+00:00","dateModified":"2017-06-08T13:05:18+00:00","author":{"@id":"https:\/\/www.ccaniene.com\/it_it\/#\/schema\/person\/6042bd0ba360674279dffd4247d570ed"},"breadcrumb":{"@id":"http:\/\/www.ccaniene.com\/en\/barone-vince-leuropeo-windsurfer\/#breadcrumb"},"inLanguage":"it-IT","potentialAction":[{"@type":"ReadAction","target":["http:\/\/www.ccaniene.com\/en\/barone-vince-leuropeo-windsurfer\/"]}]},{"@type":"ImageObject","inLanguage":"it-IT","@id":"http:\/\/www.ccaniene.com\/en\/barone-vince-leuropeo-windsurfer\/#primaryimage","url":"https:\/\/www.ccaniene.com\/wp-content\/uploads\/2017\/06\/barone-scaled.jpg","contentUrl":"https:\/\/www.ccaniene.com\/wp-content\/uploads\/2017\/06\/barone-scaled.jpg","width":1920,"height":2560},{"@type":"BreadcrumbList","@id":"http:\/\/www.ccaniene.com\/en\/barone-vince-leuropeo-windsurfer\/#breadcrumb","itemListElement":[{"@type":"ListItem","position":1,"name":"Home","item":"https:\/\/www.ccaniene.com\/it_it\/"},{"@type":"ListItem","position":2,"name":"Barone trionfa nel Campionato Europeo Windsurfer"}]},{"@type":"WebSite","@id":"https:\/\/www.ccaniene.com\/it_it\/#website","url":"https:\/\/www.ccaniene.com\/it_it\/","name":"Circolo Canottieri Aniene","description":"Collare d&#039;Oro e Stella d&#039;Oro al Merito Sportivo","potentialAction":[{"@type":"SearchAction","target":{"@type":"EntryPoint","urlTemplate":"https:\/\/www.ccaniene.com\/it_it\/?s={search_term_string}"},"query-input":{"@type":"PropertyValueSpecification","valueRequired":true,"valueName":"search_term_string"}}],"inLanguage":"it-IT"},{"@type":"Person","@id":"https:\/\/www.ccaniene.com\/it_it\/#\/schema\/person\/6042bd0ba360674279dffd4247d570ed","name":"carlo.san@tin.it","image":{"@type":"ImageObject","inLanguage":"it-IT","@id":"https:\/\/www.ccaniene.com\/it_it\/#\/schema\/person\/image\/","url":"https:\/\/secure.gravatar.com\/avatar\/f993a459d0ffe4d666e4c917fef20ca9?s=96&d=mm&r=g","contentUrl":"https:\/\/secure.gravatar.com\/avatar\/f993a459d0ffe4d666e4c917fef20ca9?s=96&d=mm&r=g","caption":"carlo.san@tin.it"},"url":"https:\/\/www.ccaniene.com\/it_it\/author\/carlo-santi-2\/"}]}},"_links":{"self":[{"href":"https:\/\/www.ccaniene.com\/it_it\/wp-json\/wp\/v2\/posts\/13328"}],"collection":[{"href":"https:\/\/www.ccaniene.com\/it_it\/wp-json\/wp\/v2\/posts"}],"about":[{"href":"https:\/\/www.ccaniene.com\/it_it\/wp-json\/wp\/v2\/types\/post"}],"author":[{"embeddable":true,"href":"https:\/\/www.ccaniene.com\/it_it\/wp-json\/wp\/v2\/users\/23521"}],"replies":[{"embeddable":true,"href":"https:\/\/www.ccaniene.com\/it_it\/wp-json\/wp\/v2\/comments?post=13328"}],"version-history":[{"count":7,"href":"https:\/\/www.ccaniene.com\/it_it\/wp-json\/wp\/v2\/posts\/13328\/revisions"}],"predecessor-version":[{"id":13337,"href":"https:\/\/www.ccaniene.com\/it_it\/wp-json\/wp\/v2\/posts\/13328\/revisions\/13337"}],"wp:featuredmedia":[{"embeddable":true,"href":"https:\/\/www.ccaniene.com\/it_it\/wp-json\/wp\/v2\/media\/13329"}],"wp:attachment":[{"href":"https:\/\/www.ccaniene.com\/it_it\/wp-json\/wp\/v2\/media?parent=13328"}],"wp:term":[{"taxonomy":"category","embeddable":true,"href":"https:\/\/www.ccaniene.com\/it_it\/wp-json\/wp\/v2\/categories?post=13328"},{"taxonomy":"post_tag","embeddable":true,"href":"https:\/\/www.ccaniene.com\/it_it\/wp-json\/wp\/v2\/tags?post=13328"}],"curies":[{"name":"wp","href":"https:\/\/api.w.org\/{rel}","templated":true}]}}