{"id":13217,"date":"2017-05-31T10:57:52","date_gmt":"2017-05-31T08:57:52","guid":{"rendered":"https:\/\/www.ccaniene.com\/?p=13217\/"},"modified":"2017-05-31T11:05:10","modified_gmt":"2017-05-31T09:05:10","slug":"campionati-europei-buone-prove-serafini-pietra-caprina","status":"publish","type":"post","link":"https:\/\/www.ccaniene.com\/it_it\/campionati-europei-buone-prove-serafini-pietra-caprina\/","title":{"rendered":"Europei, buone prove di Serafini e Pietra Caprina"},"content":{"rendered":"<div class=\"gmail_extra\">\n<p>Si sono svolti a Racice, in Repubblica Ceca, i Campionati Europei Assoluti e Pesi Leggeri di canottaggio. Il Circolo Canottieri Aniene \u00e8 stato rappresentato nell&#8217;importante rassegna da Ludovica Serafini e Leonardo Pietra Caprina.<\/p>\n<p>Per Ludovica e la sua compagna di 2 senza Giorgia Pelacchi si \u00e8 trattato del primo confronto internazionale di alto livello, che arriva dopo una prima parte di stagione piena di successi in Italia. Banco di prova importante, dunque, in vista soprattutto dei Campionati del Mondo U23 di Plovdiv (24 luglio). Le ragazze hanno centrato l&#8217;obiettivo di entrare in finale, dove sono riuscite a piazzarsi quarte. Nonostante un certo distacco dalle prime tre barche (tutti equipaggi di maggiore esperienza, con qualche atleta gi\u00e0 medagliata alle Olimpiadi), gara soddisfacente per la nostra portacolori, risultata &#8211; assieme alla sua compagna &#8211; la prima delle giovani, visto che Francia e Spagna, anche loro equipaggi U23, si sono piazzate rispettivamente quinta e sesta. Un buon punto di partenza in attesa del ritorno dagli USA di Carmela Pappalardo, compagna dei successi dell&#8217;anno scorso, che dovr\u00e0 dimostrare quanto \u00e8 cresciuta con l&#8217;esperienza americana (anche questa ricca di affermazioni).<\/p>\n<p><a href=\"http:\/\/www.ccaniene.com\/wp-content\/uploads\/2017\/05\/Leonardo-Pietra-Caprina.jpg\"><img fetchpriority=\"high\" decoding=\"async\" class=\"aligncenter wp-image-13215 size-large\" src=\"http:\/\/www.ccaniene.com\/wp-content\/uploads\/2017\/05\/Leonardo-Pietra-Caprina-980x651.jpg\" alt=\"\" width=\"980\" height=\"651\" \/><\/a><\/p>\n<p>Per quanto riguarda Leonardo, invece, si \u00e8 trattato del suo esordio nella nazionale maggiore, in un 8+ assemblato soltanto nell&#8217;ultimo raduno. Piuttosto complicate la batteria e i recuperi &#8211; gare caratterizzate dall&#8217;espressione di un&#8217;ottima velocit\u00e0 nei primi mille metri, alla pari con i pi\u00f9 forti, ma non altrettanto nella seconda met\u00e0 del percorso &#8211; che hanno permesso all&#8217;Italia di accedere soltanto alla finale B. Molto meglio quest&#8217;ultima prova, dove Pietra Caprina si \u00e8 piazzato secondo, a soli 2&#8221; dall&#8217;Ucraina che il giorno prima aveva sfiorato l&#8217;ingresso in finale A. Un&#8217;ottima esperienza per il nostro Leonardo, anche lui lanciato verso i Campionati del Mondo U23.<\/p>\n<p>Ora tutti al Circolo per preparare i Campionati Italiani Assoluti e Juniores che si terranno a Milano questo week end.<\/p>\n<\/div>\n<div class=\"gmail_extra\"><\/div>\n<div class=\"gmail_extra\"><\/div>\n","protected":false},"excerpt":{"rendered":"<p>Si sono svolti a Racice, in Repubblica Ceca, i Campionati Europei Assoluti e Pesi Leggeri di canottaggio. Il Circolo Canottieri Aniene \u00e8 stato rappresentato nell&#8217;importante rassegna da Ludovica Serafini e Leonardo Pietra Caprina. Per Ludovica e la sua compagna di 2 senza Giorgia Pelacchi si \u00e8 trattato del primo confronto internazionale di alto livello, che [&hellip;]<\/p>\n","protected":false},"author":23521,"featured_media":13214,"comment_status":"open","ping_status":"closed","sticky":false,"template":"","format":"standard","meta":{"pmpro_default_level":0,"footnotes":"","_links_to":"","_links_to_target":""},"categories":[9,1],"tags":[],"class_list":["post-13217","post","type-post","status-publish","format-standard","has-post-thumbnail","hentry","category-canottaggio","category-news","pmpro-has-access"],"featured_image_urls":{"woocommerce_thumbnail":"https:\/\/www.ccaniene.com\/wp-content\/uploads\/2017\/05\/Ludovica-Serafini-300x300.jpg","woocommerce_gallery_thumbnail":"https:\/\/www.ccaniene.com\/wp-content\/uploads\/2017\/05\/Ludovica-Serafini-100x100.jpg","woocommerce_single":"https:\/\/www.ccaniene.com\/wp-content\/uploads\/2017\/05\/Ludovica-Serafini-600x398.jpg","medium":"https:\/\/www.ccaniene.com\/wp-content\/uploads\/2017\/05\/Ludovica-Serafini-800x531.jpg","thumbnail":"https:\/\/www.ccaniene.com\/wp-content\/uploads\/2017\/05\/Ludovica-Serafini-400x400.jpg","medium_large":"https:\/\/www.ccaniene.com\/wp-content\/uploads\/2017\/05\/Ludovica-Serafini-768x510.jpg"},"appp_media":null,"yoast_head":"<!-- This site is optimized with the Yoast SEO plugin v23.6 - https:\/\/yoast.com\/wordpress\/plugins\/seo\/ -->\n<title>Europei, buone prove di Serafini e Pietra Caprina - Circolo Canottieri Aniene<\/title>\n<meta name=\"robots\" content=\"index, follow, max-snippet:-1, max-image-preview:large, max-video-preview:-1\" \/>\n<link rel=\"canonical\" href=\"http:\/\/www.ccaniene.com\/it_it\/campionati-europei-buone-prove-serafini-pietra-caprina\/\" \/>\n<meta property=\"og:locale\" content=\"it_IT\" \/>\n<meta property=\"og:type\" content=\"article\" \/>\n<meta property=\"og:title\" content=\"Europei, buone prove di Serafini e Pietra Caprina - Circolo Canottieri Aniene\" \/>\n<meta property=\"og:description\" content=\"Si sono svolti a Racice, in Repubblica Ceca, i Campionati Europei Assoluti e Pesi Leggeri di canottaggio. Il Circolo Canottieri Aniene \u00e8 stato rappresentato nell&#8217;importante rassegna da Ludovica Serafini e Leonardo Pietra Caprina. Per Ludovica e la sua compagna di 2 senza Giorgia Pelacchi si \u00e8 trattato del primo confronto internazionale di alto livello, che [&hellip;]\" \/>\n<meta property=\"og:url\" content=\"http:\/\/www.ccaniene.com\/it_it\/campionati-europei-buone-prove-serafini-pietra-caprina\/\" \/>\n<meta property=\"og:site_name\" content=\"Circolo Canottieri Aniene\" \/>\n<meta property=\"article:published_time\" content=\"2017-05-31T08:57:52+00:00\" \/>\n<meta property=\"article:modified_time\" content=\"2017-05-31T09:05:10+00:00\" \/>\n<meta property=\"og:image\" content=\"http:\/\/www.ccaniene.com\/wp-content\/uploads\/2017\/05\/Ludovica-Serafini.jpg\" \/>\n\t<meta property=\"og:image:width\" content=\"1024\" \/>\n\t<meta property=\"og:image:height\" content=\"680\" \/>\n\t<meta property=\"og:image:type\" content=\"image\/jpeg\" \/>\n<meta name=\"author\" content=\"carlo.san@tin.it\" \/>\n<meta name=\"twitter:card\" content=\"summary_large_image\" \/>\n<meta name=\"twitter:label1\" content=\"Scritto da\" \/>\n\t<meta name=\"twitter:data1\" content=\"carlo.san@tin.it\" \/>\n\t<meta name=\"twitter:label2\" content=\"Tempo di lettura stimato\" \/>\n\t<meta name=\"twitter:data2\" content=\"2 minuti\" \/>\n<script type=\"application\/ld+json\" class=\"yoast-schema-graph\">{\"@context\":\"https:\/\/schema.org\",\"@graph\":[{\"@type\":\"WebPage\",\"@id\":\"http:\/\/www.ccaniene.com\/en\/campionati-europei-buone-prove-serafini-pietra-caprina\/\",\"url\":\"http:\/\/www.ccaniene.com\/en\/campionati-europei-buone-prove-serafini-pietra-caprina\/\",\"name\":\"Europei, buone prove di Serafini e Pietra Caprina - Circolo Canottieri Aniene\",\"isPartOf\":{\"@id\":\"https:\/\/www.ccaniene.com\/it_it\/#website\"},\"primaryImageOfPage\":{\"@id\":\"http:\/\/www.ccaniene.com\/en\/campionati-europei-buone-prove-serafini-pietra-caprina\/#primaryimage\"},\"image\":{\"@id\":\"http:\/\/www.ccaniene.com\/en\/campionati-europei-buone-prove-serafini-pietra-caprina\/#primaryimage\"},\"thumbnailUrl\":\"https:\/\/www.ccaniene.com\/wp-content\/uploads\/2017\/05\/Ludovica-Serafini.jpg\",\"datePublished\":\"2017-05-31T08:57:52+00:00\",\"dateModified\":\"2017-05-31T09:05:10+00:00\",\"author\":{\"@id\":\"https:\/\/www.ccaniene.com\/it_it\/#\/schema\/person\/6042bd0ba360674279dffd4247d570ed\"},\"breadcrumb\":{\"@id\":\"http:\/\/www.ccaniene.com\/en\/campionati-europei-buone-prove-serafini-pietra-caprina\/#breadcrumb\"},\"inLanguage\":\"it-IT\",\"potentialAction\":[{\"@type\":\"ReadAction\",\"target\":[\"http:\/\/www.ccaniene.com\/en\/campionati-europei-buone-prove-serafini-pietra-caprina\/\"]}]},{\"@type\":\"ImageObject\",\"inLanguage\":\"it-IT\",\"@id\":\"http:\/\/www.ccaniene.com\/en\/campionati-europei-buone-prove-serafini-pietra-caprina\/#primaryimage\",\"url\":\"https:\/\/www.ccaniene.com\/wp-content\/uploads\/2017\/05\/Ludovica-Serafini.jpg\",\"contentUrl\":\"https:\/\/www.ccaniene.com\/wp-content\/uploads\/2017\/05\/Ludovica-Serafini.jpg\",\"width\":1024,\"height\":680},{\"@type\":\"BreadcrumbList\",\"@id\":\"http:\/\/www.ccaniene.com\/en\/campionati-europei-buone-prove-serafini-pietra-caprina\/#breadcrumb\",\"itemListElement\":[{\"@type\":\"ListItem\",\"position\":1,\"name\":\"Home\",\"item\":\"https:\/\/www.ccaniene.com\/it_it\/\"},{\"@type\":\"ListItem\",\"position\":2,\"name\":\"Europei, buone prove di Serafini e Pietra Caprina\"}]},{\"@type\":\"WebSite\",\"@id\":\"https:\/\/www.ccaniene.com\/it_it\/#website\",\"url\":\"https:\/\/www.ccaniene.com\/it_it\/\",\"name\":\"Circolo Canottieri Aniene\",\"description\":\"Collare d&#039;Oro e Stella d&#039;Oro al Merito Sportivo\",\"potentialAction\":[{\"@type\":\"SearchAction\",\"target\":{\"@type\":\"EntryPoint\",\"urlTemplate\":\"https:\/\/www.ccaniene.com\/it_it\/?s={search_term_string}\"},\"query-input\":{\"@type\":\"PropertyValueSpecification\",\"valueRequired\":true,\"valueName\":\"search_term_string\"}}],\"inLanguage\":\"it-IT\"},{\"@type\":\"Person\",\"@id\":\"https:\/\/www.ccaniene.com\/it_it\/#\/schema\/person\/6042bd0ba360674279dffd4247d570ed\",\"name\":\"carlo.san@tin.it\",\"image\":{\"@type\":\"ImageObject\",\"inLanguage\":\"it-IT\",\"@id\":\"https:\/\/www.ccaniene.com\/it_it\/#\/schema\/person\/image\/\",\"url\":\"https:\/\/secure.gravatar.com\/avatar\/f993a459d0ffe4d666e4c917fef20ca9?s=96&d=mm&r=g\",\"contentUrl\":\"https:\/\/secure.gravatar.com\/avatar\/f993a459d0ffe4d666e4c917fef20ca9?s=96&d=mm&r=g\",\"caption\":\"carlo.san@tin.it\"},\"url\":\"https:\/\/www.ccaniene.com\/it_it\/author\/carlo-santi-2\/\"}]}<\/script>\n<!-- \/ Yoast SEO plugin. -->","yoast_head_json":{"title":"Europei, buone prove di Serafini e Pietra Caprina - Circolo Canottieri Aniene","robots":{"index":"index","follow":"follow","max-snippet":"max-snippet:-1","max-image-preview":"max-image-preview:large","max-video-preview":"max-video-preview:-1"},"canonical":"http:\/\/www.ccaniene.com\/it_it\/campionati-europei-buone-prove-serafini-pietra-caprina\/","og_locale":"it_IT","og_type":"article","og_title":"Europei, buone prove di Serafini e Pietra Caprina - Circolo Canottieri Aniene","og_description":"Si sono svolti a Racice, in Repubblica Ceca, i Campionati Europei Assoluti e Pesi Leggeri di canottaggio. Il Circolo Canottieri Aniene \u00e8 stato rappresentato nell&#8217;importante rassegna da Ludovica Serafini e Leonardo Pietra Caprina. Per Ludovica e la sua compagna di 2 senza Giorgia Pelacchi si \u00e8 trattato del primo confronto internazionale di alto livello, che [&hellip;]","og_url":"http:\/\/www.ccaniene.com\/it_it\/campionati-europei-buone-prove-serafini-pietra-caprina\/","og_site_name":"Circolo Canottieri Aniene","article_published_time":"2017-05-31T08:57:52+00:00","article_modified_time":"2017-05-31T09:05:10+00:00","og_image":[{"width":1024,"height":680,"url":"http:\/\/www.ccaniene.com\/wp-content\/uploads\/2017\/05\/Ludovica-Serafini.jpg","type":"image\/jpeg"}],"author":"carlo.san@tin.it","twitter_card":"summary_large_image","twitter_misc":{"Scritto da":"carlo.san@tin.it","Tempo di lettura stimato":"2 minuti"},"schema":{"@context":"https:\/\/schema.org","@graph":[{"@type":"WebPage","@id":"http:\/\/www.ccaniene.com\/en\/campionati-europei-buone-prove-serafini-pietra-caprina\/","url":"http:\/\/www.ccaniene.com\/en\/campionati-europei-buone-prove-serafini-pietra-caprina\/","name":"Europei, buone prove di Serafini e Pietra Caprina - Circolo Canottieri Aniene","isPartOf":{"@id":"https:\/\/www.ccaniene.com\/it_it\/#website"},"primaryImageOfPage":{"@id":"http:\/\/www.ccaniene.com\/en\/campionati-europei-buone-prove-serafini-pietra-caprina\/#primaryimage"},"image":{"@id":"http:\/\/www.ccaniene.com\/en\/campionati-europei-buone-prove-serafini-pietra-caprina\/#primaryimage"},"thumbnailUrl":"https:\/\/www.ccaniene.com\/wp-content\/uploads\/2017\/05\/Ludovica-Serafini.jpg","datePublished":"2017-05-31T08:57:52+00:00","dateModified":"2017-05-31T09:05:10+00:00","author":{"@id":"https:\/\/www.ccaniene.com\/it_it\/#\/schema\/person\/6042bd0ba360674279dffd4247d570ed"},"breadcrumb":{"@id":"http:\/\/www.ccaniene.com\/en\/campionati-europei-buone-prove-serafini-pietra-caprina\/#breadcrumb"},"inLanguage":"it-IT","potentialAction":[{"@type":"ReadAction","target":["http:\/\/www.ccaniene.com\/en\/campionati-europei-buone-prove-serafini-pietra-caprina\/"]}]},{"@type":"ImageObject","inLanguage":"it-IT","@id":"http:\/\/www.ccaniene.com\/en\/campionati-europei-buone-prove-serafini-pietra-caprina\/#primaryimage","url":"https:\/\/www.ccaniene.com\/wp-content\/uploads\/2017\/05\/Ludovica-Serafini.jpg","contentUrl":"https:\/\/www.ccaniene.com\/wp-content\/uploads\/2017\/05\/Ludovica-Serafini.jpg","width":1024,"height":680},{"@type":"BreadcrumbList","@id":"http:\/\/www.ccaniene.com\/en\/campionati-europei-buone-prove-serafini-pietra-caprina\/#breadcrumb","itemListElement":[{"@type":"ListItem","position":1,"name":"Home","item":"https:\/\/www.ccaniene.com\/it_it\/"},{"@type":"ListItem","position":2,"name":"Europei, buone prove di Serafini e Pietra Caprina"}]},{"@type":"WebSite","@id":"https:\/\/www.ccaniene.com\/it_it\/#website","url":"https:\/\/www.ccaniene.com\/it_it\/","name":"Circolo Canottieri Aniene","description":"Collare d&#039;Oro e Stella d&#039;Oro al Merito Sportivo","potentialAction":[{"@type":"SearchAction","target":{"@type":"EntryPoint","urlTemplate":"https:\/\/www.ccaniene.com\/it_it\/?s={search_term_string}"},"query-input":{"@type":"PropertyValueSpecification","valueRequired":true,"valueName":"search_term_string"}}],"inLanguage":"it-IT"},{"@type":"Person","@id":"https:\/\/www.ccaniene.com\/it_it\/#\/schema\/person\/6042bd0ba360674279dffd4247d570ed","name":"carlo.san@tin.it","image":{"@type":"ImageObject","inLanguage":"it-IT","@id":"https:\/\/www.ccaniene.com\/it_it\/#\/schema\/person\/image\/","url":"https:\/\/secure.gravatar.com\/avatar\/f993a459d0ffe4d666e4c917fef20ca9?s=96&d=mm&r=g","contentUrl":"https:\/\/secure.gravatar.com\/avatar\/f993a459d0ffe4d666e4c917fef20ca9?s=96&d=mm&r=g","caption":"carlo.san@tin.it"},"url":"https:\/\/www.ccaniene.com\/it_it\/author\/carlo-santi-2\/"}]}},"_links":{"self":[{"href":"https:\/\/www.ccaniene.com\/it_it\/wp-json\/wp\/v2\/posts\/13217"}],"collection":[{"href":"https:\/\/www.ccaniene.com\/it_it\/wp-json\/wp\/v2\/posts"}],"about":[{"href":"https:\/\/www.ccaniene.com\/it_it\/wp-json\/wp\/v2\/types\/post"}],"author":[{"embeddable":true,"href":"https:\/\/www.ccaniene.com\/it_it\/wp-json\/wp\/v2\/users\/23521"}],"replies":[{"embeddable":true,"href":"https:\/\/www.ccaniene.com\/it_it\/wp-json\/wp\/v2\/comments?post=13217"}],"version-history":[{"count":7,"href":"https:\/\/www.ccaniene.com\/it_it\/wp-json\/wp\/v2\/posts\/13217\/revisions"}],"predecessor-version":[{"id":13226,"href":"https:\/\/www.ccaniene.com\/it_it\/wp-json\/wp\/v2\/posts\/13217\/revisions\/13226"}],"wp:featuredmedia":[{"embeddable":true,"href":"https:\/\/www.ccaniene.com\/it_it\/wp-json\/wp\/v2\/media\/13214"}],"wp:attachment":[{"href":"https:\/\/www.ccaniene.com\/it_it\/wp-json\/wp\/v2\/media?parent=13217"}],"wp:term":[{"taxonomy":"category","embeddable":true,"href":"https:\/\/www.ccaniene.com\/it_it\/wp-json\/wp\/v2\/categories?post=13217"},{"taxonomy":"post_tag","embeddable":true,"href":"https:\/\/www.ccaniene.com\/it_it\/wp-json\/wp\/v2\/tags?post=13217"}],"curies":[{"name":"wp","href":"https:\/\/api.w.org\/{rel}","templated":true}]}}