{"id":13177,"date":"2017-05-28T23:50:19","date_gmt":"2017-05-28T21:50:19","guid":{"rendered":"https:\/\/www.ccaniene.com\/?p=13177\/"},"modified":"2017-05-29T10:09:59","modified_gmt":"2017-05-29T08:09:59","slug":"ai-consoci-romanisti-cui-francesco-totti","status":"publish","type":"post","link":"https:\/\/www.ccaniene.com\/it_it\/ai-consoci-romanisti-cui-francesco-totti\/","title":{"rendered":"Ai consoci romanisti (tra cui Francesco Totti)"},"content":{"rendered":"<p>Leggo che quanto accaduto questa sera valga pi\u00f9 di cinque scudetti, pi\u00f9 di dieci, forse pi\u00f9 di molti altri ancora. No. Non credo che sia cos\u00ec. Quanto accaduto stasera pu\u00f2 essere quantificato soltanto con una diversa unit\u00e0 di misura, che non \u00e8\u00a0 data dalla quantit\u00e0 o dall&#8217;importanza di un successo, di una vittoria, ma da altro e di diverso: dal senso di appartenenza. Di un popolo con una squadra, di una squadra con un suo giocatore. Quando non avevo ancora l&#8217;et\u00e0 della ragione, c&#8217;era chi mi ripeteva che nella vita tutto passa, tranne la Roma. Era cos\u00ec. E&#8217; cos\u00ec. E stasera ne abbiamo avuto la prova. Perch\u00e9 stasera le sue lacrime erano le mie, erano di quello che mi sedeva accanto, dell&#8217;altro che sedeva qualche fila pi\u00f9 in l\u00e0, o ancora nell&#8217;altra tribuna, o in curva. Stasera non c&#8217;era bisogno di parole. E&#8217; stato un tutto unico. Lui, le lacrime dei suoi compagni, le nostre. Se \u00e8 vero che la storia di un popolo \u00e8 data dalla memoria di ci\u00f2 che \u00e8 stato, stasera la memoria di tutti noi romanisti ha usato le medesime parole per raccontare gli ultimi vent&#8217;anni. Nessuna divergenza, nessuno scostamento. Abbiamo vissuto tutti gli stessi sentimenti, pianto le stesse lacrime, sentito la felicit\u00e0 di essere parte, tutti insieme, di qualcosa che appartiene indistintamente a ciascuno di noi, a tutti, nessuno escluso.<\/p>\n<p>Stasera non si sono vinti scudetti, coppe, derby. Stasera si \u00e8 vissuto qualcosa di molto pi\u00f9 importante. Stasera si \u00e8 condivisa la storia delle nostre vite. Tenute strette, una attaccata all&#8217;altra, dalla carriera di un solo giocatore. C&#8217;erano giovani, persone anziane, uomini che erano giovani vent&#8217;anni fa e che ora non lo sono pi\u00f9. Ma lui, come la Roma, in questi anni c&#8217;\u00e8 sempre stato. E noi con lui. Stasera abbiamo avuto la prova che la Roma siamo tutti noi. E questa \u00e8 una vittoria che appartiene a tutti. E che nessuno potr\u00e0 mai toglierci.<\/p>\n<p>E sar\u00e0 fantastico riparlarne tra di noi, al circolo, ancora tra tanti anni. Magari proprio con il consocio Francesco, cercando di fare capannello intorno a lui. E magari facendo finta di non sentire le battute dei consoci laziali, seduti, su qualche divano un po&#8217; pi\u00f9 in l\u00e0. Augurandogli di cuore, anche a loro, di avere la possibilit\u00e0, un giorno, di vivere qualcosa di simile.<\/p>\n","protected":false},"excerpt":{"rendered":"<p>Leggo che quanto accaduto questa sera valga pi\u00f9 di cinque scudetti, pi\u00f9 di dieci, forse pi\u00f9 di molti altri ancora. No. Non credo che sia cos\u00ec. Quanto accaduto stasera pu\u00f2 essere quantificato soltanto con una diversa unit\u00e0 di misura, che non \u00e8\u00a0 data dalla quantit\u00e0 o dall&#8217;importanza di un successo, di una vittoria, ma da [&hellip;]<\/p>\n","protected":false},"author":23521,"featured_media":13178,"comment_status":"open","ping_status":"closed","sticky":false,"template":"","format":"standard","meta":{"pmpro_default_level":0,"footnotes":"","_links_to":"","_links_to_target":""},"categories":[122],"tags":[],"class_list":["post-13177","post","type-post","status-publish","format-standard","has-post-thumbnail","hentry","category-vecchio-scarpino","pmpro-has-access"],"featured_image_urls":{"woocommerce_thumbnail":"https:\/\/www.ccaniene.com\/wp-content\/uploads\/2017\/05\/totti-300x300.jpg","woocommerce_gallery_thumbnail":"https:\/\/www.ccaniene.com\/wp-content\/uploads\/2017\/05\/totti-100x100.jpg","woocommerce_single":"https:\/\/www.ccaniene.com\/wp-content\/uploads\/2017\/05\/totti-600x360.jpg","medium":"https:\/\/www.ccaniene.com\/wp-content\/uploads\/2017\/05\/totti-800x479.jpg","thumbnail":"https:\/\/www.ccaniene.com\/wp-content\/uploads\/2017\/05\/totti-400x400.jpg","medium_large":"https:\/\/www.ccaniene.com\/wp-content\/uploads\/2017\/05\/totti-768x460.jpg"},"appp_media":null,"yoast_head":"<!-- This site is optimized with the Yoast SEO plugin v23.6 - https:\/\/yoast.com\/wordpress\/plugins\/seo\/ -->\n<title>Ai consoci romanisti (tra cui Francesco Totti) - Circolo Canottieri Aniene<\/title>\n<meta name=\"robots\" content=\"index, follow, max-snippet:-1, max-image-preview:large, max-video-preview:-1\" \/>\n<link rel=\"canonical\" href=\"https:\/\/www.ccaniene.com\/it_it\/ai-consoci-romanisti-cui-francesco-totti\/\" \/>\n<meta property=\"og:locale\" content=\"it_IT\" \/>\n<meta property=\"og:type\" content=\"article\" \/>\n<meta property=\"og:title\" content=\"Ai consoci romanisti (tra cui Francesco Totti) - Circolo Canottieri Aniene\" \/>\n<meta property=\"og:description\" content=\"Leggo che quanto accaduto questa sera valga pi\u00f9 di cinque scudetti, pi\u00f9 di dieci, forse pi\u00f9 di molti altri ancora. No. Non credo che sia cos\u00ec. Quanto accaduto stasera pu\u00f2 essere quantificato soltanto con una diversa unit\u00e0 di misura, che non \u00e8\u00a0 data dalla quantit\u00e0 o dall&#8217;importanza di un successo, di una vittoria, ma da [&hellip;]\" \/>\n<meta property=\"og:url\" content=\"https:\/\/www.ccaniene.com\/it_it\/ai-consoci-romanisti-cui-francesco-totti\/\" \/>\n<meta property=\"og:site_name\" content=\"Circolo Canottieri Aniene\" \/>\n<meta property=\"article:published_time\" content=\"2017-05-28T21:50:19+00:00\" \/>\n<meta property=\"article:modified_time\" content=\"2017-05-29T08:09:59+00:00\" \/>\n<meta property=\"og:image\" content=\"https:\/\/www.ccaniene.com\/wp-content\/uploads\/2017\/05\/totti.jpg\" \/>\n\t<meta property=\"og:image:width\" content=\"968\" \/>\n\t<meta property=\"og:image:height\" content=\"580\" \/>\n\t<meta property=\"og:image:type\" content=\"image\/jpeg\" \/>\n<meta name=\"author\" content=\"carlo.san@tin.it\" \/>\n<meta name=\"twitter:card\" content=\"summary_large_image\" \/>\n<meta name=\"twitter:label1\" content=\"Scritto da\" \/>\n\t<meta name=\"twitter:data1\" content=\"carlo.san@tin.it\" \/>\n\t<meta name=\"twitter:label2\" content=\"Tempo di lettura stimato\" \/>\n\t<meta name=\"twitter:data2\" content=\"2 minuti\" \/>\n<script type=\"application\/ld+json\" class=\"yoast-schema-graph\">{\"@context\":\"https:\/\/schema.org\",\"@graph\":[{\"@type\":\"WebPage\",\"@id\":\"https:\/\/www.ccaniene.com\/en\/ai-consoci-romanisti-cui-francesco-totti\/\",\"url\":\"https:\/\/www.ccaniene.com\/en\/ai-consoci-romanisti-cui-francesco-totti\/\",\"name\":\"Ai consoci romanisti (tra cui Francesco Totti) - Circolo Canottieri Aniene\",\"isPartOf\":{\"@id\":\"https:\/\/www.ccaniene.com\/it_it\/#website\"},\"primaryImageOfPage\":{\"@id\":\"https:\/\/www.ccaniene.com\/en\/ai-consoci-romanisti-cui-francesco-totti\/#primaryimage\"},\"image\":{\"@id\":\"https:\/\/www.ccaniene.com\/en\/ai-consoci-romanisti-cui-francesco-totti\/#primaryimage\"},\"thumbnailUrl\":\"https:\/\/www.ccaniene.com\/wp-content\/uploads\/2017\/05\/totti.jpg\",\"datePublished\":\"2017-05-28T21:50:19+00:00\",\"dateModified\":\"2017-05-29T08:09:59+00:00\",\"author\":{\"@id\":\"https:\/\/www.ccaniene.com\/it_it\/#\/schema\/person\/6042bd0ba360674279dffd4247d570ed\"},\"breadcrumb\":{\"@id\":\"https:\/\/www.ccaniene.com\/en\/ai-consoci-romanisti-cui-francesco-totti\/#breadcrumb\"},\"inLanguage\":\"it-IT\",\"potentialAction\":[{\"@type\":\"ReadAction\",\"target\":[\"https:\/\/www.ccaniene.com\/en\/ai-consoci-romanisti-cui-francesco-totti\/\"]}]},{\"@type\":\"ImageObject\",\"inLanguage\":\"it-IT\",\"@id\":\"https:\/\/www.ccaniene.com\/en\/ai-consoci-romanisti-cui-francesco-totti\/#primaryimage\",\"url\":\"https:\/\/www.ccaniene.com\/wp-content\/uploads\/2017\/05\/totti.jpg\",\"contentUrl\":\"https:\/\/www.ccaniene.com\/wp-content\/uploads\/2017\/05\/totti.jpg\",\"width\":968,\"height\":580},{\"@type\":\"BreadcrumbList\",\"@id\":\"https:\/\/www.ccaniene.com\/en\/ai-consoci-romanisti-cui-francesco-totti\/#breadcrumb\",\"itemListElement\":[{\"@type\":\"ListItem\",\"position\":1,\"name\":\"Home\",\"item\":\"https:\/\/www.ccaniene.com\/it_it\/\"},{\"@type\":\"ListItem\",\"position\":2,\"name\":\"Ai consoci romanisti (tra cui Francesco Totti)\"}]},{\"@type\":\"WebSite\",\"@id\":\"https:\/\/www.ccaniene.com\/it_it\/#website\",\"url\":\"https:\/\/www.ccaniene.com\/it_it\/\",\"name\":\"Circolo Canottieri Aniene\",\"description\":\"Collare d&#039;Oro e Stella d&#039;Oro al Merito Sportivo\",\"potentialAction\":[{\"@type\":\"SearchAction\",\"target\":{\"@type\":\"EntryPoint\",\"urlTemplate\":\"https:\/\/www.ccaniene.com\/it_it\/?s={search_term_string}\"},\"query-input\":{\"@type\":\"PropertyValueSpecification\",\"valueRequired\":true,\"valueName\":\"search_term_string\"}}],\"inLanguage\":\"it-IT\"},{\"@type\":\"Person\",\"@id\":\"https:\/\/www.ccaniene.com\/it_it\/#\/schema\/person\/6042bd0ba360674279dffd4247d570ed\",\"name\":\"carlo.san@tin.it\",\"image\":{\"@type\":\"ImageObject\",\"inLanguage\":\"it-IT\",\"@id\":\"https:\/\/www.ccaniene.com\/it_it\/#\/schema\/person\/image\/\",\"url\":\"https:\/\/secure.gravatar.com\/avatar\/f993a459d0ffe4d666e4c917fef20ca9?s=96&d=mm&r=g\",\"contentUrl\":\"https:\/\/secure.gravatar.com\/avatar\/f993a459d0ffe4d666e4c917fef20ca9?s=96&d=mm&r=g\",\"caption\":\"carlo.san@tin.it\"},\"url\":\"https:\/\/www.ccaniene.com\/it_it\/author\/carlo-santi-2\/\"}]}<\/script>\n<!-- \/ Yoast SEO plugin. -->","yoast_head_json":{"title":"Ai consoci romanisti (tra cui Francesco Totti) - Circolo Canottieri Aniene","robots":{"index":"index","follow":"follow","max-snippet":"max-snippet:-1","max-image-preview":"max-image-preview:large","max-video-preview":"max-video-preview:-1"},"canonical":"https:\/\/www.ccaniene.com\/it_it\/ai-consoci-romanisti-cui-francesco-totti\/","og_locale":"it_IT","og_type":"article","og_title":"Ai consoci romanisti (tra cui Francesco Totti) - Circolo Canottieri Aniene","og_description":"Leggo che quanto accaduto questa sera valga pi\u00f9 di cinque scudetti, pi\u00f9 di dieci, forse pi\u00f9 di molti altri ancora. No. Non credo che sia cos\u00ec. Quanto accaduto stasera pu\u00f2 essere quantificato soltanto con una diversa unit\u00e0 di misura, che non \u00e8\u00a0 data dalla quantit\u00e0 o dall&#8217;importanza di un successo, di una vittoria, ma da [&hellip;]","og_url":"https:\/\/www.ccaniene.com\/it_it\/ai-consoci-romanisti-cui-francesco-totti\/","og_site_name":"Circolo Canottieri Aniene","article_published_time":"2017-05-28T21:50:19+00:00","article_modified_time":"2017-05-29T08:09:59+00:00","og_image":[{"width":968,"height":580,"url":"https:\/\/www.ccaniene.com\/wp-content\/uploads\/2017\/05\/totti.jpg","type":"image\/jpeg"}],"author":"carlo.san@tin.it","twitter_card":"summary_large_image","twitter_misc":{"Scritto da":"carlo.san@tin.it","Tempo di lettura stimato":"2 minuti"},"schema":{"@context":"https:\/\/schema.org","@graph":[{"@type":"WebPage","@id":"https:\/\/www.ccaniene.com\/en\/ai-consoci-romanisti-cui-francesco-totti\/","url":"https:\/\/www.ccaniene.com\/en\/ai-consoci-romanisti-cui-francesco-totti\/","name":"Ai consoci romanisti (tra cui Francesco Totti) - Circolo Canottieri Aniene","isPartOf":{"@id":"https:\/\/www.ccaniene.com\/it_it\/#website"},"primaryImageOfPage":{"@id":"https:\/\/www.ccaniene.com\/en\/ai-consoci-romanisti-cui-francesco-totti\/#primaryimage"},"image":{"@id":"https:\/\/www.ccaniene.com\/en\/ai-consoci-romanisti-cui-francesco-totti\/#primaryimage"},"thumbnailUrl":"https:\/\/www.ccaniene.com\/wp-content\/uploads\/2017\/05\/totti.jpg","datePublished":"2017-05-28T21:50:19+00:00","dateModified":"2017-05-29T08:09:59+00:00","author":{"@id":"https:\/\/www.ccaniene.com\/it_it\/#\/schema\/person\/6042bd0ba360674279dffd4247d570ed"},"breadcrumb":{"@id":"https:\/\/www.ccaniene.com\/en\/ai-consoci-romanisti-cui-francesco-totti\/#breadcrumb"},"inLanguage":"it-IT","potentialAction":[{"@type":"ReadAction","target":["https:\/\/www.ccaniene.com\/en\/ai-consoci-romanisti-cui-francesco-totti\/"]}]},{"@type":"ImageObject","inLanguage":"it-IT","@id":"https:\/\/www.ccaniene.com\/en\/ai-consoci-romanisti-cui-francesco-totti\/#primaryimage","url":"https:\/\/www.ccaniene.com\/wp-content\/uploads\/2017\/05\/totti.jpg","contentUrl":"https:\/\/www.ccaniene.com\/wp-content\/uploads\/2017\/05\/totti.jpg","width":968,"height":580},{"@type":"BreadcrumbList","@id":"https:\/\/www.ccaniene.com\/en\/ai-consoci-romanisti-cui-francesco-totti\/#breadcrumb","itemListElement":[{"@type":"ListItem","position":1,"name":"Home","item":"https:\/\/www.ccaniene.com\/it_it\/"},{"@type":"ListItem","position":2,"name":"Ai consoci romanisti (tra cui Francesco Totti)"}]},{"@type":"WebSite","@id":"https:\/\/www.ccaniene.com\/it_it\/#website","url":"https:\/\/www.ccaniene.com\/it_it\/","name":"Circolo Canottieri Aniene","description":"Collare d&#039;Oro e Stella d&#039;Oro al Merito Sportivo","potentialAction":[{"@type":"SearchAction","target":{"@type":"EntryPoint","urlTemplate":"https:\/\/www.ccaniene.com\/it_it\/?s={search_term_string}"},"query-input":{"@type":"PropertyValueSpecification","valueRequired":true,"valueName":"search_term_string"}}],"inLanguage":"it-IT"},{"@type":"Person","@id":"https:\/\/www.ccaniene.com\/it_it\/#\/schema\/person\/6042bd0ba360674279dffd4247d570ed","name":"carlo.san@tin.it","image":{"@type":"ImageObject","inLanguage":"it-IT","@id":"https:\/\/www.ccaniene.com\/it_it\/#\/schema\/person\/image\/","url":"https:\/\/secure.gravatar.com\/avatar\/f993a459d0ffe4d666e4c917fef20ca9?s=96&d=mm&r=g","contentUrl":"https:\/\/secure.gravatar.com\/avatar\/f993a459d0ffe4d666e4c917fef20ca9?s=96&d=mm&r=g","caption":"carlo.san@tin.it"},"url":"https:\/\/www.ccaniene.com\/it_it\/author\/carlo-santi-2\/"}]}},"_links":{"self":[{"href":"https:\/\/www.ccaniene.com\/it_it\/wp-json\/wp\/v2\/posts\/13177"}],"collection":[{"href":"https:\/\/www.ccaniene.com\/it_it\/wp-json\/wp\/v2\/posts"}],"about":[{"href":"https:\/\/www.ccaniene.com\/it_it\/wp-json\/wp\/v2\/types\/post"}],"author":[{"embeddable":true,"href":"https:\/\/www.ccaniene.com\/it_it\/wp-json\/wp\/v2\/users\/23521"}],"replies":[{"embeddable":true,"href":"https:\/\/www.ccaniene.com\/it_it\/wp-json\/wp\/v2\/comments?post=13177"}],"version-history":[{"count":3,"href":"https:\/\/www.ccaniene.com\/it_it\/wp-json\/wp\/v2\/posts\/13177\/revisions"}],"predecessor-version":[{"id":13181,"href":"https:\/\/www.ccaniene.com\/it_it\/wp-json\/wp\/v2\/posts\/13177\/revisions\/13181"}],"wp:featuredmedia":[{"embeddable":true,"href":"https:\/\/www.ccaniene.com\/it_it\/wp-json\/wp\/v2\/media\/13178"}],"wp:attachment":[{"href":"https:\/\/www.ccaniene.com\/it_it\/wp-json\/wp\/v2\/media?parent=13177"}],"wp:term":[{"taxonomy":"category","embeddable":true,"href":"https:\/\/www.ccaniene.com\/it_it\/wp-json\/wp\/v2\/categories?post=13177"},{"taxonomy":"post_tag","embeddable":true,"href":"https:\/\/www.ccaniene.com\/it_it\/wp-json\/wp\/v2\/tags?post=13177"}],"curies":[{"name":"wp","href":"https:\/\/api.w.org\/{rel}","templated":true}]}}