{"id":13144,"date":"2017-05-25T16:41:37","date_gmt":"2017-05-25T14:41:37","guid":{"rendered":"https:\/\/www.ccaniene.com\/?p=13144\/"},"modified":"2017-05-25T19:54:23","modified_gmt":"2017-05-25T17:54:23","slug":"nasce-la-lunga-bolina-coastal-race-sardinia-2017","status":"publish","type":"post","link":"https:\/\/www.ccaniene.com\/it_it\/nasce-la-lunga-bolina-coastal-race-sardinia-2017\/","title":{"rendered":"Nasce La Lunga Bolina &#038; Coastal Race Sardinia"},"content":{"rendered":"<p>Dalla collaborazione tra il Circolo Canottieri Aniene e lo Yacht Club Porto Rotondo nasce La Lunga Bolina &amp; Coastal Race Sardinia 2017. Il gemellaggio tra i due prestigiosi sodalizi non \u00e8 solo un atto formale, ma una vera sinergia sociale e sportiva, che li vedr\u00e0 co-organizzatori dell&#8217;evento in programma dal 22 al 24 settembre.<\/p>\n<p><a href=\"http:\/\/www.ccaniene.com\/wp-content\/uploads\/2017\/05\/YC_PortoRotondo.jpg\"><img fetchpriority=\"high\" decoding=\"async\" class=\"size-medium wp-image-13146 alignleft\" src=\"http:\/\/www.ccaniene.com\/wp-content\/uploads\/2017\/05\/YC_PortoRotondo-460x307.jpg\" alt=\"\" width=\"460\" height=\"307\" \/><\/a><\/p>\n<p>Alla manifestazione prender\u00e0 parte la flotta degli Este24 in tre giorni di regate: il 22 e il 24 si disputeranno regate tra le boe, mentre sabato 23 si terr\u00e0 una costiera di circa 25 miglia. Le barche d\u2019altura si sfideranno in un percorso offshore di oltre 100 miglia che partendo da Porto Rotondo punter\u00e0 a nord verso il fantastico Arcipelago della Maddalena e potr\u00e0 comprendere anche la circumnavigazione delle mede di Secca di Tre Monti e di Lavezzi e delle isole Mortorio e Mortoriotto, Bisce, Santo Stefano, La Maddalena, Spargi e Spargiotto, Budelli, Razzoli, Santa Maria, Berettinelli, Caprera, Monaci, per poi ridiscendere verso Tavolara e Molara e fare ritorno a Porto Rotondo. Un percorso molto tecnico, in un\u2019area dove il maestrale la fa da padrone. Lo slalom tra le meravigliose isole dell\u2019Arcipelago metter\u00e0 in evidenza le capacit\u00e0 interpretative e tattiche degli equipaggi.<\/p>\n<p><a href=\"http:\/\/www.ccaniene.com\/wp-content\/uploads\/2017\/05\/LOGO_LB_SARDINIA.jpg\"><img decoding=\"async\" class=\"size-medium wp-image-13147 alignright\" src=\"http:\/\/www.ccaniene.com\/wp-content\/uploads\/2017\/05\/LOGO_LB_SARDINIA-460x428.jpg\" alt=\"\" width=\"460\" height=\"428\" \/><\/a><\/p>\n<p>La collaborazione tra il Circolo Canottieri Aniene e lo Yacht Club Porto Rotondo, che nello scorso week end si sono appena qualificati per la finale del Campionato Nazionale per Club a Crotone, ha avuto inizio a novembre del 2016 in occasione del gemellaggio tra i due sodalizi sportivi. Dalla voglia di entrambi i circoli di organizzare\u00a0insieme una grande manifestazione velica, in poco tempo, ha preso forma quest\u2019evento, con la speranza di riportare le barche d\u2019altura a regatare in uno dei campi di regata pi\u00f9 suggestivi d\u2019Italia. Nelle prossime settimane saranno pubblicati su <a href=\"http:\/\/www.ycpr.it\/\">www.ycpr.it <\/a>e su <a href=\"http:\/\/www.lalungabolina.it\/\">www.lalungabolina.it<\/a> i bandi e saranno aperte le iscrizioni.<\/p>\n<p>Il programma si baser\u00e0 su quello gi\u00e0 testato in questi anni per l\u2019edizione classica di fine aprile: per la Coastal Race Sardinia si prevedono tre percorsi costieri che si svolgeranno su tre giornate, mentre per le imbarcazioni pi\u00f9 grandi saranno studiati pi\u00f9 percorsi e solo al momento del briefing, in base alle condizioni meteo, sar\u00e0 indicato quello prescelto. Le imbarcazioni saranno ospitate gratuitamente al Marina di Porto Rotondo dal 19 al 26 settembre 2017.<\/p>\n<p>Gi\u00e0 molte le adesioni ricevute e l\u2019interesse per questo nuovo evento \u00e8 destinato a crescere ancora, come testimoniato durante il lancio avvenuto in occasione della premiazione de La Lunga Bolina 2017 della scorsa settimana. La sfida \u00e8 appena iniziata.<\/p>\n","protected":false},"excerpt":{"rendered":"<p>Dalla collaborazione tra il Circolo Canottieri Aniene e lo Yacht Club Porto Rotondo nasce La Lunga Bolina &amp; Coastal Race Sardinia 2017. Il gemellaggio tra i due prestigiosi sodalizi non \u00e8 solo un atto formale, ma una vera sinergia sociale e sportiva, che li vedr\u00e0 co-organizzatori dell&#8217;evento in programma dal 22 al 24 settembre. Alla [&hellip;]<\/p>\n","protected":false},"author":23521,"featured_media":13145,"comment_status":"open","ping_status":"closed","sticky":false,"template":"","format":"standard","meta":{"pmpro_default_level":0,"footnotes":"","_links_to":"","_links_to_target":""},"categories":[1,26],"tags":[],"class_list":["post-13144","post","type-post","status-publish","format-standard","has-post-thumbnail","hentry","category-news","category-vela","pmpro-has-access"],"featured_image_urls":{"woocommerce_thumbnail":"https:\/\/www.ccaniene.com\/wp-content\/uploads\/2017\/05\/lunga_bolina-300x300.jpg","woocommerce_gallery_thumbnail":"https:\/\/www.ccaniene.com\/wp-content\/uploads\/2017\/05\/lunga_bolina-100x100.jpg","woocommerce_single":"https:\/\/www.ccaniene.com\/wp-content\/uploads\/2017\/05\/lunga_bolina-600x400.jpg","medium":"https:\/\/www.ccaniene.com\/wp-content\/uploads\/2017\/05\/lunga_bolina-800x533.jpg","large":"https:\/\/www.ccaniene.com\/wp-content\/uploads\/2017\/05\/lunga_bolina-1920x1279.jpg","thumbnail":"https:\/\/www.ccaniene.com\/wp-content\/uploads\/2017\/05\/lunga_bolina-400x400.jpg","medium_large":"https:\/\/www.ccaniene.com\/wp-content\/uploads\/2017\/05\/lunga_bolina-768x512.jpg","1536x1536":"https:\/\/www.ccaniene.com\/wp-content\/uploads\/2017\/05\/lunga_bolina-1536x1024.jpg","2048x2048":"https:\/\/www.ccaniene.com\/wp-content\/uploads\/2017\/05\/lunga_bolina-2048x1365.jpg","slider":"https:\/\/www.ccaniene.com\/wp-content\/uploads\/2017\/05\/lunga_bolina-1920x1080.jpg"},"appp_media":null,"yoast_head":"<!-- This site is optimized with the Yoast SEO plugin v23.6 - https:\/\/yoast.com\/wordpress\/plugins\/seo\/ -->\n<title>Nasce La Lunga Bolina &amp; Coastal Race Sardinia - Circolo Canottieri Aniene<\/title>\n<meta name=\"robots\" content=\"index, follow, max-snippet:-1, max-image-preview:large, max-video-preview:-1\" \/>\n<link rel=\"canonical\" href=\"https:\/\/www.ccaniene.com\/it_it\/nasce-la-lunga-bolina-coastal-race-sardinia-2017\/\" \/>\n<meta property=\"og:locale\" content=\"it_IT\" \/>\n<meta property=\"og:type\" content=\"article\" \/>\n<meta property=\"og:title\" content=\"Nasce La Lunga Bolina &amp; Coastal Race Sardinia - Circolo Canottieri Aniene\" \/>\n<meta property=\"og:description\" content=\"Dalla collaborazione tra il Circolo Canottieri Aniene e lo Yacht Club Porto Rotondo nasce La Lunga Bolina &amp; Coastal Race Sardinia 2017. Il gemellaggio tra i due prestigiosi sodalizi non \u00e8 solo un atto formale, ma una vera sinergia sociale e sportiva, che li vedr\u00e0 co-organizzatori dell&#8217;evento in programma dal 22 al 24 settembre. Alla [&hellip;]\" \/>\n<meta property=\"og:url\" content=\"https:\/\/www.ccaniene.com\/it_it\/nasce-la-lunga-bolina-coastal-race-sardinia-2017\/\" \/>\n<meta property=\"og:site_name\" content=\"Circolo Canottieri Aniene\" \/>\n<meta property=\"article:published_time\" content=\"2017-05-25T14:41:37+00:00\" \/>\n<meta property=\"article:modified_time\" content=\"2017-05-25T17:54:23+00:00\" \/>\n<meta property=\"og:image\" content=\"https:\/\/www.ccaniene.com\/wp-content\/uploads\/2017\/05\/lunga_bolina.jpg\" \/>\n\t<meta property=\"og:image:width\" content=\"2500\" \/>\n\t<meta property=\"og:image:height\" content=\"1666\" \/>\n\t<meta property=\"og:image:type\" content=\"image\/jpeg\" \/>\n<meta name=\"author\" content=\"carlo.san@tin.it\" \/>\n<meta name=\"twitter:card\" content=\"summary_large_image\" \/>\n<meta name=\"twitter:label1\" content=\"Scritto da\" \/>\n\t<meta name=\"twitter:data1\" content=\"carlo.san@tin.it\" \/>\n\t<meta name=\"twitter:label2\" content=\"Tempo di lettura stimato\" \/>\n\t<meta name=\"twitter:data2\" content=\"2 minuti\" \/>\n<script type=\"application\/ld+json\" class=\"yoast-schema-graph\">{\"@context\":\"https:\/\/schema.org\",\"@graph\":[{\"@type\":\"WebPage\",\"@id\":\"https:\/\/www.ccaniene.com\/it_it\/nasce-la-lunga-bolina-coastal-race-sardinia-2017\/\",\"url\":\"https:\/\/www.ccaniene.com\/it_it\/nasce-la-lunga-bolina-coastal-race-sardinia-2017\/\",\"name\":\"Nasce La Lunga Bolina & Coastal Race Sardinia - Circolo Canottieri Aniene\",\"isPartOf\":{\"@id\":\"https:\/\/www.ccaniene.com\/it_it\/#website\"},\"primaryImageOfPage\":{\"@id\":\"https:\/\/www.ccaniene.com\/it_it\/nasce-la-lunga-bolina-coastal-race-sardinia-2017\/#primaryimage\"},\"image\":{\"@id\":\"https:\/\/www.ccaniene.com\/it_it\/nasce-la-lunga-bolina-coastal-race-sardinia-2017\/#primaryimage\"},\"thumbnailUrl\":\"https:\/\/www.ccaniene.com\/wp-content\/uploads\/2017\/05\/lunga_bolina.jpg\",\"datePublished\":\"2017-05-25T14:41:37+00:00\",\"dateModified\":\"2017-05-25T17:54:23+00:00\",\"author\":{\"@id\":\"https:\/\/www.ccaniene.com\/it_it\/#\/schema\/person\/6042bd0ba360674279dffd4247d570ed\"},\"breadcrumb\":{\"@id\":\"https:\/\/www.ccaniene.com\/it_it\/nasce-la-lunga-bolina-coastal-race-sardinia-2017\/#breadcrumb\"},\"inLanguage\":\"it-IT\",\"potentialAction\":[{\"@type\":\"ReadAction\",\"target\":[\"https:\/\/www.ccaniene.com\/it_it\/nasce-la-lunga-bolina-coastal-race-sardinia-2017\/\"]}]},{\"@type\":\"ImageObject\",\"inLanguage\":\"it-IT\",\"@id\":\"https:\/\/www.ccaniene.com\/it_it\/nasce-la-lunga-bolina-coastal-race-sardinia-2017\/#primaryimage\",\"url\":\"https:\/\/www.ccaniene.com\/wp-content\/uploads\/2017\/05\/lunga_bolina.jpg\",\"contentUrl\":\"https:\/\/www.ccaniene.com\/wp-content\/uploads\/2017\/05\/lunga_bolina.jpg\",\"width\":2500,\"height\":1666},{\"@type\":\"BreadcrumbList\",\"@id\":\"https:\/\/www.ccaniene.com\/it_it\/nasce-la-lunga-bolina-coastal-race-sardinia-2017\/#breadcrumb\",\"itemListElement\":[{\"@type\":\"ListItem\",\"position\":1,\"name\":\"Home\",\"item\":\"https:\/\/www.ccaniene.com\/it_it\/\"},{\"@type\":\"ListItem\",\"position\":2,\"name\":\"Nasce La Lunga Bolina &#038; Coastal Race Sardinia\"}]},{\"@type\":\"WebSite\",\"@id\":\"https:\/\/www.ccaniene.com\/it_it\/#website\",\"url\":\"https:\/\/www.ccaniene.com\/it_it\/\",\"name\":\"Circolo Canottieri Aniene\",\"description\":\"Collare d&#039;Oro e Stella d&#039;Oro al Merito Sportivo\",\"potentialAction\":[{\"@type\":\"SearchAction\",\"target\":{\"@type\":\"EntryPoint\",\"urlTemplate\":\"https:\/\/www.ccaniene.com\/it_it\/?s={search_term_string}\"},\"query-input\":{\"@type\":\"PropertyValueSpecification\",\"valueRequired\":true,\"valueName\":\"search_term_string\"}}],\"inLanguage\":\"it-IT\"},{\"@type\":\"Person\",\"@id\":\"https:\/\/www.ccaniene.com\/it_it\/#\/schema\/person\/6042bd0ba360674279dffd4247d570ed\",\"name\":\"carlo.san@tin.it\",\"image\":{\"@type\":\"ImageObject\",\"inLanguage\":\"it-IT\",\"@id\":\"https:\/\/www.ccaniene.com\/it_it\/#\/schema\/person\/image\/\",\"url\":\"https:\/\/secure.gravatar.com\/avatar\/f993a459d0ffe4d666e4c917fef20ca9?s=96&d=mm&r=g\",\"contentUrl\":\"https:\/\/secure.gravatar.com\/avatar\/f993a459d0ffe4d666e4c917fef20ca9?s=96&d=mm&r=g\",\"caption\":\"carlo.san@tin.it\"},\"url\":\"https:\/\/www.ccaniene.com\/it_it\/author\/carlo-santi-2\/\"}]}<\/script>\n<!-- \/ Yoast SEO plugin. -->","yoast_head_json":{"title":"Nasce La Lunga Bolina & Coastal Race Sardinia - Circolo Canottieri Aniene","robots":{"index":"index","follow":"follow","max-snippet":"max-snippet:-1","max-image-preview":"max-image-preview:large","max-video-preview":"max-video-preview:-1"},"canonical":"https:\/\/www.ccaniene.com\/it_it\/nasce-la-lunga-bolina-coastal-race-sardinia-2017\/","og_locale":"it_IT","og_type":"article","og_title":"Nasce La Lunga Bolina & Coastal Race Sardinia - Circolo Canottieri Aniene","og_description":"Dalla collaborazione tra il Circolo Canottieri Aniene e lo Yacht Club Porto Rotondo nasce La Lunga Bolina &amp; Coastal Race Sardinia 2017. Il gemellaggio tra i due prestigiosi sodalizi non \u00e8 solo un atto formale, ma una vera sinergia sociale e sportiva, che li vedr\u00e0 co-organizzatori dell&#8217;evento in programma dal 22 al 24 settembre. Alla [&hellip;]","og_url":"https:\/\/www.ccaniene.com\/it_it\/nasce-la-lunga-bolina-coastal-race-sardinia-2017\/","og_site_name":"Circolo Canottieri Aniene","article_published_time":"2017-05-25T14:41:37+00:00","article_modified_time":"2017-05-25T17:54:23+00:00","og_image":[{"width":2500,"height":1666,"url":"https:\/\/www.ccaniene.com\/wp-content\/uploads\/2017\/05\/lunga_bolina.jpg","type":"image\/jpeg"}],"author":"carlo.san@tin.it","twitter_card":"summary_large_image","twitter_misc":{"Scritto da":"carlo.san@tin.it","Tempo di lettura stimato":"2 minuti"},"schema":{"@context":"https:\/\/schema.org","@graph":[{"@type":"WebPage","@id":"https:\/\/www.ccaniene.com\/it_it\/nasce-la-lunga-bolina-coastal-race-sardinia-2017\/","url":"https:\/\/www.ccaniene.com\/it_it\/nasce-la-lunga-bolina-coastal-race-sardinia-2017\/","name":"Nasce La Lunga Bolina & Coastal Race Sardinia - Circolo Canottieri Aniene","isPartOf":{"@id":"https:\/\/www.ccaniene.com\/it_it\/#website"},"primaryImageOfPage":{"@id":"https:\/\/www.ccaniene.com\/it_it\/nasce-la-lunga-bolina-coastal-race-sardinia-2017\/#primaryimage"},"image":{"@id":"https:\/\/www.ccaniene.com\/it_it\/nasce-la-lunga-bolina-coastal-race-sardinia-2017\/#primaryimage"},"thumbnailUrl":"https:\/\/www.ccaniene.com\/wp-content\/uploads\/2017\/05\/lunga_bolina.jpg","datePublished":"2017-05-25T14:41:37+00:00","dateModified":"2017-05-25T17:54:23+00:00","author":{"@id":"https:\/\/www.ccaniene.com\/it_it\/#\/schema\/person\/6042bd0ba360674279dffd4247d570ed"},"breadcrumb":{"@id":"https:\/\/www.ccaniene.com\/it_it\/nasce-la-lunga-bolina-coastal-race-sardinia-2017\/#breadcrumb"},"inLanguage":"it-IT","potentialAction":[{"@type":"ReadAction","target":["https:\/\/www.ccaniene.com\/it_it\/nasce-la-lunga-bolina-coastal-race-sardinia-2017\/"]}]},{"@type":"ImageObject","inLanguage":"it-IT","@id":"https:\/\/www.ccaniene.com\/it_it\/nasce-la-lunga-bolina-coastal-race-sardinia-2017\/#primaryimage","url":"https:\/\/www.ccaniene.com\/wp-content\/uploads\/2017\/05\/lunga_bolina.jpg","contentUrl":"https:\/\/www.ccaniene.com\/wp-content\/uploads\/2017\/05\/lunga_bolina.jpg","width":2500,"height":1666},{"@type":"BreadcrumbList","@id":"https:\/\/www.ccaniene.com\/it_it\/nasce-la-lunga-bolina-coastal-race-sardinia-2017\/#breadcrumb","itemListElement":[{"@type":"ListItem","position":1,"name":"Home","item":"https:\/\/www.ccaniene.com\/it_it\/"},{"@type":"ListItem","position":2,"name":"Nasce La Lunga Bolina &#038; Coastal Race Sardinia"}]},{"@type":"WebSite","@id":"https:\/\/www.ccaniene.com\/it_it\/#website","url":"https:\/\/www.ccaniene.com\/it_it\/","name":"Circolo Canottieri Aniene","description":"Collare d&#039;Oro e Stella d&#039;Oro al Merito Sportivo","potentialAction":[{"@type":"SearchAction","target":{"@type":"EntryPoint","urlTemplate":"https:\/\/www.ccaniene.com\/it_it\/?s={search_term_string}"},"query-input":{"@type":"PropertyValueSpecification","valueRequired":true,"valueName":"search_term_string"}}],"inLanguage":"it-IT"},{"@type":"Person","@id":"https:\/\/www.ccaniene.com\/it_it\/#\/schema\/person\/6042bd0ba360674279dffd4247d570ed","name":"carlo.san@tin.it","image":{"@type":"ImageObject","inLanguage":"it-IT","@id":"https:\/\/www.ccaniene.com\/it_it\/#\/schema\/person\/image\/","url":"https:\/\/secure.gravatar.com\/avatar\/f993a459d0ffe4d666e4c917fef20ca9?s=96&d=mm&r=g","contentUrl":"https:\/\/secure.gravatar.com\/avatar\/f993a459d0ffe4d666e4c917fef20ca9?s=96&d=mm&r=g","caption":"carlo.san@tin.it"},"url":"https:\/\/www.ccaniene.com\/it_it\/author\/carlo-santi-2\/"}]}},"_links":{"self":[{"href":"https:\/\/www.ccaniene.com\/it_it\/wp-json\/wp\/v2\/posts\/13144"}],"collection":[{"href":"https:\/\/www.ccaniene.com\/it_it\/wp-json\/wp\/v2\/posts"}],"about":[{"href":"https:\/\/www.ccaniene.com\/it_it\/wp-json\/wp\/v2\/types\/post"}],"author":[{"embeddable":true,"href":"https:\/\/www.ccaniene.com\/it_it\/wp-json\/wp\/v2\/users\/23521"}],"replies":[{"embeddable":true,"href":"https:\/\/www.ccaniene.com\/it_it\/wp-json\/wp\/v2\/comments?post=13144"}],"version-history":[{"count":7,"href":"https:\/\/www.ccaniene.com\/it_it\/wp-json\/wp\/v2\/posts\/13144\/revisions"}],"predecessor-version":[{"id":13156,"href":"https:\/\/www.ccaniene.com\/it_it\/wp-json\/wp\/v2\/posts\/13144\/revisions\/13156"}],"wp:featuredmedia":[{"embeddable":true,"href":"https:\/\/www.ccaniene.com\/it_it\/wp-json\/wp\/v2\/media\/13145"}],"wp:attachment":[{"href":"https:\/\/www.ccaniene.com\/it_it\/wp-json\/wp\/v2\/media?parent=13144"}],"wp:term":[{"taxonomy":"category","embeddable":true,"href":"https:\/\/www.ccaniene.com\/it_it\/wp-json\/wp\/v2\/categories?post=13144"},{"taxonomy":"post_tag","embeddable":true,"href":"https:\/\/www.ccaniene.com\/it_it\/wp-json\/wp\/v2\/tags?post=13144"}],"curies":[{"name":"wp","href":"https:\/\/api.w.org\/{rel}","templated":true}]}}