{"id":13028,"date":"2017-05-15T19:57:55","date_gmt":"2017-05-15T17:57:55","guid":{"rendered":"https:\/\/www.ccaniene.com\/?p=13028\/"},"modified":"2017-05-15T21:14:48","modified_gmt":"2017-05-15T19:14:48","slug":"matteo-berrettini-perde-derby-italiano-fognini","status":"publish","type":"post","link":"https:\/\/www.ccaniene.com\/it_it\/matteo-berrettini-perde-derby-italiano-fognini\/","title":{"rendered":"Matteo Berrettini perde il derby italiano con Fognini"},"content":{"rendered":"<p>Il n. 1 d\u2019Italia e top 30 delle classifiche mondiali Fabio Fognini spegne al primo turno del tabellone principale degli Internazionali il sogno di Matteo Berrettini. Il nostro giocatore, per la prima volta nel main draw di un Master 1000 ATP e per la prima volta sul Campo Centrale del Foro Italico, non \u00e8 riuscito ad esprimersi al meglio a causa della comprensibile emozione che ne ha limitato, specialmente nel primo set, il rendimento.<\/p>\n<p>Di fronte ad un Fognini concentratissino, Matteo subisce subito il break permettendo all\u2019avversario di volare 4-1 per chiudere il set con un eloquente 6-1. Diverso il discorso nella seconda frazione di gioco nella quale il nostro portacolori metteva alla frusta Fognini con il suo schema preferito servizio \/ diritto alternato da alcune pregevoli smorzate vincenti segno di grande talento e sensibilit\u00e0. Nel settimo game,\u00a0 sul 3 pari, Matteo subiva il break decisivo che consegnava meritatamente la partita per 6-3 al n. 29 al mondo.<\/p>\n<p>Troppe e indescrivibili le senzazioni provate da Berrettini, supportato sugli spalti dalla famiglia, con pap\u00e0 Luca (emozionato pi\u00f9 del figlio) , mamma Claudia e dal fratello Jacopo (anche lui ottimo e promettente tennista), oltre ai tantissimi amici e soci dell\u2019Aniene, per un\u2019esperienza che rimarr\u00e0 a lungo nel cuore di tutti. Il pi\u00f9 emozionato, anche se non lo dava a vedere, \u00e8 stato sicuramente Vincenzo Santopadre, che con Stefano Cobolli ha plasmato negli anni Matteo facendolo diventare, con calma e senza pressioni, un giocatore professionista di tennis ed il giovane pi\u00f9 promettente del panorama nazionale. Ora si ritorna al lavoro sui campi di casa del Canottieri Aniene, l\u2019avventura \u00e8 solo all\u2019inizio.<\/p>\n","protected":false},"excerpt":{"rendered":"<p>Il n. 1 d\u2019Italia e top 30 delle classifiche mondiali Fabio Fognini spegne al primo turno del tabellone principale degli Internazionali il sogno di Matteo Berrettini. Il nostro giocatore, per la prima volta nel main draw di un Master 1000 ATP e per la prima volta sul Campo Centrale del Foro Italico, non \u00e8 riuscito [&hellip;]<\/p>\n","protected":false},"author":23521,"featured_media":13029,"comment_status":"open","ping_status":"closed","sticky":false,"template":"","format":"standard","meta":{"pmpro_default_level":0,"footnotes":"","_links_to":"","_links_to_target":""},"categories":[1,10],"tags":[],"class_list":["post-13028","post","type-post","status-publish","format-standard","has-post-thumbnail","hentry","category-news","category-tennis","pmpro-has-access"],"featured_image_urls":{"woocommerce_thumbnail":"https:\/\/www.ccaniene.com\/wp-content\/uploads\/2017\/05\/berrettinimatteo-300x300.png","woocommerce_gallery_thumbnail":"https:\/\/www.ccaniene.com\/wp-content\/uploads\/2017\/05\/berrettinimatteo-100x100.png","woocommerce_single":"https:\/\/www.ccaniene.com\/wp-content\/uploads\/2017\/05\/berrettinimatteo-600x442.png","medium":"https:\/\/www.ccaniene.com\/wp-content\/uploads\/2017\/05\/berrettinimatteo-800x590.png","thumbnail":"https:\/\/www.ccaniene.com\/wp-content\/uploads\/2017\/05\/berrettinimatteo-400x400.png","medium_large":"https:\/\/www.ccaniene.com\/wp-content\/uploads\/2017\/05\/berrettinimatteo-768x566.png"},"appp_media":null,"yoast_head":"<!-- This site is optimized with the Yoast SEO plugin v23.6 - https:\/\/yoast.com\/wordpress\/plugins\/seo\/ -->\n<title>Matteo Berrettini perde il derby italiano con Fognini - Circolo Canottieri Aniene<\/title>\n<meta name=\"robots\" content=\"index, follow, max-snippet:-1, max-image-preview:large, max-video-preview:-1\" \/>\n<link rel=\"canonical\" href=\"https:\/\/www.ccaniene.com\/it_it\/matteo-berrettini-perde-derby-italiano-fognini\/\" \/>\n<meta property=\"og:locale\" content=\"it_IT\" \/>\n<meta property=\"og:type\" content=\"article\" \/>\n<meta property=\"og:title\" content=\"Matteo Berrettini perde il derby italiano con Fognini - Circolo Canottieri Aniene\" \/>\n<meta property=\"og:description\" content=\"Il n. 1 d\u2019Italia e top 30 delle classifiche mondiali Fabio Fognini spegne al primo turno del tabellone principale degli Internazionali il sogno di Matteo Berrettini. Il nostro giocatore, per la prima volta nel main draw di un Master 1000 ATP e per la prima volta sul Campo Centrale del Foro Italico, non \u00e8 riuscito [&hellip;]\" \/>\n<meta property=\"og:url\" content=\"https:\/\/www.ccaniene.com\/it_it\/matteo-berrettini-perde-derby-italiano-fognini\/\" \/>\n<meta property=\"og:site_name\" content=\"Circolo Canottieri Aniene\" \/>\n<meta property=\"article:published_time\" content=\"2017-05-15T17:57:55+00:00\" \/>\n<meta property=\"article:modified_time\" content=\"2017-05-15T19:14:48+00:00\" \/>\n<meta property=\"og:image\" content=\"https:\/\/www.ccaniene.com\/wp-content\/uploads\/2017\/05\/berrettinimatteo.png\" \/>\n\t<meta property=\"og:image:width\" content=\"1251\" \/>\n\t<meta property=\"og:image:height\" content=\"922\" \/>\n\t<meta property=\"og:image:type\" content=\"image\/png\" \/>\n<meta name=\"author\" content=\"carlo.san@tin.it\" \/>\n<meta name=\"twitter:card\" content=\"summary_large_image\" \/>\n<meta name=\"twitter:label1\" content=\"Scritto da\" \/>\n\t<meta name=\"twitter:data1\" content=\"carlo.san@tin.it\" \/>\n\t<meta name=\"twitter:label2\" content=\"Tempo di lettura stimato\" \/>\n\t<meta name=\"twitter:data2\" content=\"1 minuto\" \/>\n<script type=\"application\/ld+json\" class=\"yoast-schema-graph\">{\"@context\":\"https:\/\/schema.org\",\"@graph\":[{\"@type\":\"WebPage\",\"@id\":\"https:\/\/www.ccaniene.com\/en\/matteo-berrettini-perde-derby-italiano-fognini\/\",\"url\":\"https:\/\/www.ccaniene.com\/en\/matteo-berrettini-perde-derby-italiano-fognini\/\",\"name\":\"Matteo Berrettini perde il derby italiano con Fognini - Circolo Canottieri Aniene\",\"isPartOf\":{\"@id\":\"https:\/\/www.ccaniene.com\/it_it\/#website\"},\"primaryImageOfPage\":{\"@id\":\"https:\/\/www.ccaniene.com\/en\/matteo-berrettini-perde-derby-italiano-fognini\/#primaryimage\"},\"image\":{\"@id\":\"https:\/\/www.ccaniene.com\/en\/matteo-berrettini-perde-derby-italiano-fognini\/#primaryimage\"},\"thumbnailUrl\":\"https:\/\/www.ccaniene.com\/wp-content\/uploads\/2017\/05\/berrettinimatteo.png\",\"datePublished\":\"2017-05-15T17:57:55+00:00\",\"dateModified\":\"2017-05-15T19:14:48+00:00\",\"author\":{\"@id\":\"https:\/\/www.ccaniene.com\/it_it\/#\/schema\/person\/6042bd0ba360674279dffd4247d570ed\"},\"breadcrumb\":{\"@id\":\"https:\/\/www.ccaniene.com\/en\/matteo-berrettini-perde-derby-italiano-fognini\/#breadcrumb\"},\"inLanguage\":\"it-IT\",\"potentialAction\":[{\"@type\":\"ReadAction\",\"target\":[\"https:\/\/www.ccaniene.com\/en\/matteo-berrettini-perde-derby-italiano-fognini\/\"]}]},{\"@type\":\"ImageObject\",\"inLanguage\":\"it-IT\",\"@id\":\"https:\/\/www.ccaniene.com\/en\/matteo-berrettini-perde-derby-italiano-fognini\/#primaryimage\",\"url\":\"https:\/\/www.ccaniene.com\/wp-content\/uploads\/2017\/05\/berrettinimatteo.png\",\"contentUrl\":\"https:\/\/www.ccaniene.com\/wp-content\/uploads\/2017\/05\/berrettinimatteo.png\",\"width\":1251,\"height\":922},{\"@type\":\"BreadcrumbList\",\"@id\":\"https:\/\/www.ccaniene.com\/en\/matteo-berrettini-perde-derby-italiano-fognini\/#breadcrumb\",\"itemListElement\":[{\"@type\":\"ListItem\",\"position\":1,\"name\":\"Home\",\"item\":\"https:\/\/www.ccaniene.com\/it_it\/\"},{\"@type\":\"ListItem\",\"position\":2,\"name\":\"Matteo Berrettini perde il derby italiano con Fognini\"}]},{\"@type\":\"WebSite\",\"@id\":\"https:\/\/www.ccaniene.com\/it_it\/#website\",\"url\":\"https:\/\/www.ccaniene.com\/it_it\/\",\"name\":\"Circolo Canottieri Aniene\",\"description\":\"Collare d&#039;Oro e Stella d&#039;Oro al Merito Sportivo\",\"potentialAction\":[{\"@type\":\"SearchAction\",\"target\":{\"@type\":\"EntryPoint\",\"urlTemplate\":\"https:\/\/www.ccaniene.com\/it_it\/?s={search_term_string}\"},\"query-input\":{\"@type\":\"PropertyValueSpecification\",\"valueRequired\":true,\"valueName\":\"search_term_string\"}}],\"inLanguage\":\"it-IT\"},{\"@type\":\"Person\",\"@id\":\"https:\/\/www.ccaniene.com\/it_it\/#\/schema\/person\/6042bd0ba360674279dffd4247d570ed\",\"name\":\"carlo.san@tin.it\",\"image\":{\"@type\":\"ImageObject\",\"inLanguage\":\"it-IT\",\"@id\":\"https:\/\/www.ccaniene.com\/it_it\/#\/schema\/person\/image\/\",\"url\":\"https:\/\/secure.gravatar.com\/avatar\/f993a459d0ffe4d666e4c917fef20ca9?s=96&d=mm&r=g\",\"contentUrl\":\"https:\/\/secure.gravatar.com\/avatar\/f993a459d0ffe4d666e4c917fef20ca9?s=96&d=mm&r=g\",\"caption\":\"carlo.san@tin.it\"},\"url\":\"https:\/\/www.ccaniene.com\/it_it\/author\/carlo-santi-2\/\"}]}<\/script>\n<!-- \/ Yoast SEO plugin. -->","yoast_head_json":{"title":"Matteo Berrettini perde il derby italiano con Fognini - Circolo Canottieri Aniene","robots":{"index":"index","follow":"follow","max-snippet":"max-snippet:-1","max-image-preview":"max-image-preview:large","max-video-preview":"max-video-preview:-1"},"canonical":"https:\/\/www.ccaniene.com\/it_it\/matteo-berrettini-perde-derby-italiano-fognini\/","og_locale":"it_IT","og_type":"article","og_title":"Matteo Berrettini perde il derby italiano con Fognini - Circolo Canottieri Aniene","og_description":"Il n. 1 d\u2019Italia e top 30 delle classifiche mondiali Fabio Fognini spegne al primo turno del tabellone principale degli Internazionali il sogno di Matteo Berrettini. Il nostro giocatore, per la prima volta nel main draw di un Master 1000 ATP e per la prima volta sul Campo Centrale del Foro Italico, non \u00e8 riuscito [&hellip;]","og_url":"https:\/\/www.ccaniene.com\/it_it\/matteo-berrettini-perde-derby-italiano-fognini\/","og_site_name":"Circolo Canottieri Aniene","article_published_time":"2017-05-15T17:57:55+00:00","article_modified_time":"2017-05-15T19:14:48+00:00","og_image":[{"width":1251,"height":922,"url":"https:\/\/www.ccaniene.com\/wp-content\/uploads\/2017\/05\/berrettinimatteo.png","type":"image\/png"}],"author":"carlo.san@tin.it","twitter_card":"summary_large_image","twitter_misc":{"Scritto da":"carlo.san@tin.it","Tempo di lettura stimato":"1 minuto"},"schema":{"@context":"https:\/\/schema.org","@graph":[{"@type":"WebPage","@id":"https:\/\/www.ccaniene.com\/en\/matteo-berrettini-perde-derby-italiano-fognini\/","url":"https:\/\/www.ccaniene.com\/en\/matteo-berrettini-perde-derby-italiano-fognini\/","name":"Matteo Berrettini perde il derby italiano con Fognini - Circolo Canottieri Aniene","isPartOf":{"@id":"https:\/\/www.ccaniene.com\/it_it\/#website"},"primaryImageOfPage":{"@id":"https:\/\/www.ccaniene.com\/en\/matteo-berrettini-perde-derby-italiano-fognini\/#primaryimage"},"image":{"@id":"https:\/\/www.ccaniene.com\/en\/matteo-berrettini-perde-derby-italiano-fognini\/#primaryimage"},"thumbnailUrl":"https:\/\/www.ccaniene.com\/wp-content\/uploads\/2017\/05\/berrettinimatteo.png","datePublished":"2017-05-15T17:57:55+00:00","dateModified":"2017-05-15T19:14:48+00:00","author":{"@id":"https:\/\/www.ccaniene.com\/it_it\/#\/schema\/person\/6042bd0ba360674279dffd4247d570ed"},"breadcrumb":{"@id":"https:\/\/www.ccaniene.com\/en\/matteo-berrettini-perde-derby-italiano-fognini\/#breadcrumb"},"inLanguage":"it-IT","potentialAction":[{"@type":"ReadAction","target":["https:\/\/www.ccaniene.com\/en\/matteo-berrettini-perde-derby-italiano-fognini\/"]}]},{"@type":"ImageObject","inLanguage":"it-IT","@id":"https:\/\/www.ccaniene.com\/en\/matteo-berrettini-perde-derby-italiano-fognini\/#primaryimage","url":"https:\/\/www.ccaniene.com\/wp-content\/uploads\/2017\/05\/berrettinimatteo.png","contentUrl":"https:\/\/www.ccaniene.com\/wp-content\/uploads\/2017\/05\/berrettinimatteo.png","width":1251,"height":922},{"@type":"BreadcrumbList","@id":"https:\/\/www.ccaniene.com\/en\/matteo-berrettini-perde-derby-italiano-fognini\/#breadcrumb","itemListElement":[{"@type":"ListItem","position":1,"name":"Home","item":"https:\/\/www.ccaniene.com\/it_it\/"},{"@type":"ListItem","position":2,"name":"Matteo Berrettini perde il derby italiano con Fognini"}]},{"@type":"WebSite","@id":"https:\/\/www.ccaniene.com\/it_it\/#website","url":"https:\/\/www.ccaniene.com\/it_it\/","name":"Circolo Canottieri Aniene","description":"Collare d&#039;Oro e Stella d&#039;Oro al Merito Sportivo","potentialAction":[{"@type":"SearchAction","target":{"@type":"EntryPoint","urlTemplate":"https:\/\/www.ccaniene.com\/it_it\/?s={search_term_string}"},"query-input":{"@type":"PropertyValueSpecification","valueRequired":true,"valueName":"search_term_string"}}],"inLanguage":"it-IT"},{"@type":"Person","@id":"https:\/\/www.ccaniene.com\/it_it\/#\/schema\/person\/6042bd0ba360674279dffd4247d570ed","name":"carlo.san@tin.it","image":{"@type":"ImageObject","inLanguage":"it-IT","@id":"https:\/\/www.ccaniene.com\/it_it\/#\/schema\/person\/image\/","url":"https:\/\/secure.gravatar.com\/avatar\/f993a459d0ffe4d666e4c917fef20ca9?s=96&d=mm&r=g","contentUrl":"https:\/\/secure.gravatar.com\/avatar\/f993a459d0ffe4d666e4c917fef20ca9?s=96&d=mm&r=g","caption":"carlo.san@tin.it"},"url":"https:\/\/www.ccaniene.com\/it_it\/author\/carlo-santi-2\/"}]}},"_links":{"self":[{"href":"https:\/\/www.ccaniene.com\/it_it\/wp-json\/wp\/v2\/posts\/13028"}],"collection":[{"href":"https:\/\/www.ccaniene.com\/it_it\/wp-json\/wp\/v2\/posts"}],"about":[{"href":"https:\/\/www.ccaniene.com\/it_it\/wp-json\/wp\/v2\/types\/post"}],"author":[{"embeddable":true,"href":"https:\/\/www.ccaniene.com\/it_it\/wp-json\/wp\/v2\/users\/23521"}],"replies":[{"embeddable":true,"href":"https:\/\/www.ccaniene.com\/it_it\/wp-json\/wp\/v2\/comments?post=13028"}],"version-history":[{"count":1,"href":"https:\/\/www.ccaniene.com\/it_it\/wp-json\/wp\/v2\/posts\/13028\/revisions"}],"predecessor-version":[{"id":13030,"href":"https:\/\/www.ccaniene.com\/it_it\/wp-json\/wp\/v2\/posts\/13028\/revisions\/13030"}],"wp:featuredmedia":[{"embeddable":true,"href":"https:\/\/www.ccaniene.com\/it_it\/wp-json\/wp\/v2\/media\/13029"}],"wp:attachment":[{"href":"https:\/\/www.ccaniene.com\/it_it\/wp-json\/wp\/v2\/media?parent=13028"}],"wp:term":[{"taxonomy":"category","embeddable":true,"href":"https:\/\/www.ccaniene.com\/it_it\/wp-json\/wp\/v2\/categories?post=13028"},{"taxonomy":"post_tag","embeddable":true,"href":"https:\/\/www.ccaniene.com\/it_it\/wp-json\/wp\/v2\/tags?post=13028"}],"curies":[{"name":"wp","href":"https:\/\/api.w.org\/{rel}","templated":true}]}}