{"id":13004,"date":"2017-05-12T13:13:22","date_gmt":"2017-05-12T11:13:22","guid":{"rendered":"https:\/\/www.ccaniene.com\/?p=13004\/"},"modified":"2017-05-12T13:13:22","modified_gmt":"2017-05-12T11:13:22","slug":"giovanni-malago-rieletto-presidente-alessandra-sensini-vicepresidente","status":"publish","type":"post","link":"https:\/\/www.ccaniene.com\/it_it\/giovanni-malago-rieletto-presidente-alessandra-sensini-vicepresidente\/","title":{"rendered":"Giovanni Malag\u00f2 rieletto presidente, Alessandra Sensini vicepresidente"},"content":{"rendered":"<p>Giovanni Malag\u00f2, presidente onorario del nostro Circolo, \u00e8 stato rieletto presidente del Coni. Una vittoria schiacciante, ottenuta con 67 voti sui 75 aventi diritto. Due schede sono andate al suo rivale, Sergio Grifoni: cinque le schede bianche, una nulla. La rielezione di Malag\u00f2 \u00e8 stata accolta dagli applausi: &#8220;Ringrazio tutti, lavoriamo per stare insieme. Un presidente non rinuncia al sogno olimpico&#8221;, le parole del presidente, che ha scelto Franco Chimenti e Alessandra Sensini come vicepresidenti.<\/p>\n<div id=\"attachment_9689\" style=\"width: 760px\" class=\"wp-caption aligncenter\"><a href=\"http:\/\/www.ccaniene.com\/wp-content\/uploads\/2016\/06\/pellegrini-malag\u00f2-1.jpg\"><img fetchpriority=\"high\" decoding=\"async\" aria-describedby=\"caption-attachment-9689\" class=\"size-full wp-image-9689\" src=\"http:\/\/www.ccaniene.com\/wp-content\/uploads\/2016\/06\/pellegrini-malag\u00f2-1.jpg\" alt=\"\" width=\"750\" height=\"460\" srcset=\"https:\/\/www.ccaniene.com\/wp-content\/uploads\/2016\/06\/pellegrini-malag\u00f2-1.jpg 750w, https:\/\/www.ccaniene.com\/wp-content\/uploads\/2016\/06\/pellegrini-malag\u00f2-1-460x282.jpg 460w, https:\/\/www.ccaniene.com\/wp-content\/uploads\/2016\/06\/pellegrini-malag\u00f2-1-300x184.jpg 300w\" sizes=\"(max-width: 750px) 100vw, 750px\" \/><\/a><p id=\"caption-attachment-9689\" class=\"wp-caption-text\">Federica Pellegrini con il presidente Giovanni Malag\u00f2<\/p><\/div>\n<p>Proprio Alessandra Sensini, storicamente legata al nostro Circolo, non ha potuto nascondere la sua soddisfazione: \u00e8 la seconda donna a ricoprire questo incarico dopo Diana Bianchedi. &#8220;Si tratta di un momento molto bello, ho fatto l&#8217;atleta per trent&#8217;anni ed \u00e8 una grande soddisfazione avere la fiducia di Malag\u00f2, una persona che stimo moltissimo. Ne sono orgogliosa&#8221;.<\/p>\n<p><a href=\"http:\/\/www.ccaniene.com\/wp-content\/uploads\/2017\/05\/73c175d6e7bcb2dc122fa53bd67b4872.jpg-.jpg\"><img decoding=\"async\" class=\"aligncenter size-full wp-image-13007\" src=\"http:\/\/www.ccaniene.com\/wp-content\/uploads\/2017\/05\/73c175d6e7bcb2dc122fa53bd67b4872.jpg-.jpg\" alt=\"\" width=\"690\" height=\"442\" srcset=\"https:\/\/www.ccaniene.com\/wp-content\/uploads\/2017\/05\/73c175d6e7bcb2dc122fa53bd67b4872.jpg-.jpg 690w, https:\/\/www.ccaniene.com\/wp-content\/uploads\/2017\/05\/73c175d6e7bcb2dc122fa53bd67b4872.jpg--600x384.jpg 600w\" sizes=\"(max-width: 690px) 100vw, 690px\" \/><\/a><\/p>\n","protected":false},"excerpt":{"rendered":"<p>Giovanni Malag\u00f2, presidente onorario del nostro Circolo, \u00e8 stato rieletto presidente del Coni. Una vittoria schiacciante, ottenuta con 67 voti sui 75 aventi diritto. Due schede sono andate al suo rivale, Sergio Grifoni: cinque le schede bianche, una nulla. La rielezione di Malag\u00f2 \u00e8 stata accolta dagli applausi: &#8220;Ringrazio tutti, lavoriamo per stare insieme. Un [&hellip;]<\/p>\n","protected":false},"author":23521,"featured_media":13006,"comment_status":"open","ping_status":"closed","sticky":false,"template":"","format":"standard","meta":{"pmpro_default_level":0,"footnotes":"","_links_to":"","_links_to_target":""},"categories":[1],"tags":[],"class_list":["post-13004","post","type-post","status-publish","format-standard","has-post-thumbnail","hentry","category-news","pmpro-has-access"],"featured_image_urls":{"woocommerce_thumbnail":"https:\/\/www.ccaniene.com\/wp-content\/uploads\/2017\/05\/145236955-f94d88c6-f537-4907-bfec-da3040fffd0c-1-300x300.jpg","woocommerce_gallery_thumbnail":"https:\/\/www.ccaniene.com\/wp-content\/uploads\/2017\/05\/145236955-f94d88c6-f537-4907-bfec-da3040fffd0c-1-100x100.jpg","thumbnail":"https:\/\/www.ccaniene.com\/wp-content\/uploads\/2017\/05\/145236955-f94d88c6-f537-4907-bfec-da3040fffd0c-1-400x315.jpg"},"appp_media":null,"yoast_head":"<!-- This site is optimized with the Yoast SEO plugin v23.6 - https:\/\/yoast.com\/wordpress\/plugins\/seo\/ -->\n<title>Giovanni Malag\u00f2 rieletto presidente, Alessandra Sensini vicepresidente - Circolo Canottieri Aniene<\/title>\n<meta name=\"robots\" content=\"index, follow, max-snippet:-1, max-image-preview:large, max-video-preview:-1\" \/>\n<link rel=\"canonical\" href=\"http:\/\/www.ccaniene.com\/it_it\/giovanni-malago-rieletto-presidente-alessandra-sensini-vicepresidente\/\" \/>\n<meta property=\"og:locale\" content=\"it_IT\" \/>\n<meta property=\"og:type\" content=\"article\" \/>\n<meta property=\"og:title\" content=\"Giovanni Malag\u00f2 rieletto presidente, Alessandra Sensini vicepresidente - Circolo Canottieri Aniene\" \/>\n<meta property=\"og:description\" content=\"Giovanni Malag\u00f2, presidente onorario del nostro Circolo, \u00e8 stato rieletto presidente del Coni. Una vittoria schiacciante, ottenuta con 67 voti sui 75 aventi diritto. Due schede sono andate al suo rivale, Sergio Grifoni: cinque le schede bianche, una nulla. La rielezione di Malag\u00f2 \u00e8 stata accolta dagli applausi: &#8220;Ringrazio tutti, lavoriamo per stare insieme. Un [&hellip;]\" \/>\n<meta property=\"og:url\" content=\"http:\/\/www.ccaniene.com\/it_it\/giovanni-malago-rieletto-presidente-alessandra-sensini-vicepresidente\/\" \/>\n<meta property=\"og:site_name\" content=\"Circolo Canottieri Aniene\" \/>\n<meta property=\"article:published_time\" content=\"2017-05-12T11:13:22+00:00\" \/>\n<meta property=\"og:image\" content=\"http:\/\/www.ccaniene.com\/wp-content\/uploads\/2017\/05\/145236955-f94d88c6-f537-4907-bfec-da3040fffd0c-1.jpg\" \/>\n\t<meta property=\"og:image:width\" content=\"560\" \/>\n\t<meta property=\"og:image:height\" content=\"315\" \/>\n\t<meta property=\"og:image:type\" content=\"image\/jpeg\" \/>\n<meta name=\"author\" content=\"carlo.san@tin.it\" \/>\n<meta name=\"twitter:card\" content=\"summary_large_image\" \/>\n<meta name=\"twitter:label1\" content=\"Scritto da\" \/>\n\t<meta name=\"twitter:data1\" content=\"carlo.san@tin.it\" \/>\n\t<meta name=\"twitter:label2\" content=\"Tempo di lettura stimato\" \/>\n\t<meta name=\"twitter:data2\" content=\"1 minuto\" \/>\n<script type=\"application\/ld+json\" class=\"yoast-schema-graph\">{\"@context\":\"https:\/\/schema.org\",\"@graph\":[{\"@type\":\"WebPage\",\"@id\":\"http:\/\/www.ccaniene.com\/en\/giovanni-malago-rieletto-presidente-alessandra-sensini-vicepresidente\/\",\"url\":\"http:\/\/www.ccaniene.com\/en\/giovanni-malago-rieletto-presidente-alessandra-sensini-vicepresidente\/\",\"name\":\"Giovanni Malag\u00f2 rieletto presidente, Alessandra Sensini vicepresidente - Circolo Canottieri Aniene\",\"isPartOf\":{\"@id\":\"https:\/\/www.ccaniene.com\/it_it\/#website\"},\"primaryImageOfPage\":{\"@id\":\"http:\/\/www.ccaniene.com\/en\/giovanni-malago-rieletto-presidente-alessandra-sensini-vicepresidente\/#primaryimage\"},\"image\":{\"@id\":\"http:\/\/www.ccaniene.com\/en\/giovanni-malago-rieletto-presidente-alessandra-sensini-vicepresidente\/#primaryimage\"},\"thumbnailUrl\":\"https:\/\/www.ccaniene.com\/wp-content\/uploads\/2017\/05\/145236955-f94d88c6-f537-4907-bfec-da3040fffd0c-1.jpg\",\"datePublished\":\"2017-05-12T11:13:22+00:00\",\"dateModified\":\"2017-05-12T11:13:22+00:00\",\"author\":{\"@id\":\"https:\/\/www.ccaniene.com\/it_it\/#\/schema\/person\/6042bd0ba360674279dffd4247d570ed\"},\"breadcrumb\":{\"@id\":\"http:\/\/www.ccaniene.com\/en\/giovanni-malago-rieletto-presidente-alessandra-sensini-vicepresidente\/#breadcrumb\"},\"inLanguage\":\"it-IT\",\"potentialAction\":[{\"@type\":\"ReadAction\",\"target\":[\"http:\/\/www.ccaniene.com\/en\/giovanni-malago-rieletto-presidente-alessandra-sensini-vicepresidente\/\"]}]},{\"@type\":\"ImageObject\",\"inLanguage\":\"it-IT\",\"@id\":\"http:\/\/www.ccaniene.com\/en\/giovanni-malago-rieletto-presidente-alessandra-sensini-vicepresidente\/#primaryimage\",\"url\":\"https:\/\/www.ccaniene.com\/wp-content\/uploads\/2017\/05\/145236955-f94d88c6-f537-4907-bfec-da3040fffd0c-1.jpg\",\"contentUrl\":\"https:\/\/www.ccaniene.com\/wp-content\/uploads\/2017\/05\/145236955-f94d88c6-f537-4907-bfec-da3040fffd0c-1.jpg\",\"width\":560,\"height\":315},{\"@type\":\"BreadcrumbList\",\"@id\":\"http:\/\/www.ccaniene.com\/en\/giovanni-malago-rieletto-presidente-alessandra-sensini-vicepresidente\/#breadcrumb\",\"itemListElement\":[{\"@type\":\"ListItem\",\"position\":1,\"name\":\"Home\",\"item\":\"https:\/\/www.ccaniene.com\/it_it\/\"},{\"@type\":\"ListItem\",\"position\":2,\"name\":\"Giovanni Malag\u00f2 rieletto presidente, Alessandra Sensini vicepresidente\"}]},{\"@type\":\"WebSite\",\"@id\":\"https:\/\/www.ccaniene.com\/it_it\/#website\",\"url\":\"https:\/\/www.ccaniene.com\/it_it\/\",\"name\":\"Circolo Canottieri Aniene\",\"description\":\"Collare d&#039;Oro e Stella d&#039;Oro al Merito Sportivo\",\"potentialAction\":[{\"@type\":\"SearchAction\",\"target\":{\"@type\":\"EntryPoint\",\"urlTemplate\":\"https:\/\/www.ccaniene.com\/it_it\/?s={search_term_string}\"},\"query-input\":{\"@type\":\"PropertyValueSpecification\",\"valueRequired\":true,\"valueName\":\"search_term_string\"}}],\"inLanguage\":\"it-IT\"},{\"@type\":\"Person\",\"@id\":\"https:\/\/www.ccaniene.com\/it_it\/#\/schema\/person\/6042bd0ba360674279dffd4247d570ed\",\"name\":\"carlo.san@tin.it\",\"image\":{\"@type\":\"ImageObject\",\"inLanguage\":\"it-IT\",\"@id\":\"https:\/\/www.ccaniene.com\/it_it\/#\/schema\/person\/image\/\",\"url\":\"https:\/\/secure.gravatar.com\/avatar\/f993a459d0ffe4d666e4c917fef20ca9?s=96&d=mm&r=g\",\"contentUrl\":\"https:\/\/secure.gravatar.com\/avatar\/f993a459d0ffe4d666e4c917fef20ca9?s=96&d=mm&r=g\",\"caption\":\"carlo.san@tin.it\"},\"url\":\"https:\/\/www.ccaniene.com\/it_it\/author\/carlo-santi-2\/\"}]}<\/script>\n<!-- \/ Yoast SEO plugin. -->","yoast_head_json":{"title":"Giovanni Malag\u00f2 rieletto presidente, Alessandra Sensini vicepresidente - Circolo Canottieri Aniene","robots":{"index":"index","follow":"follow","max-snippet":"max-snippet:-1","max-image-preview":"max-image-preview:large","max-video-preview":"max-video-preview:-1"},"canonical":"http:\/\/www.ccaniene.com\/it_it\/giovanni-malago-rieletto-presidente-alessandra-sensini-vicepresidente\/","og_locale":"it_IT","og_type":"article","og_title":"Giovanni Malag\u00f2 rieletto presidente, Alessandra Sensini vicepresidente - Circolo Canottieri Aniene","og_description":"Giovanni Malag\u00f2, presidente onorario del nostro Circolo, \u00e8 stato rieletto presidente del Coni. Una vittoria schiacciante, ottenuta con 67 voti sui 75 aventi diritto. Due schede sono andate al suo rivale, Sergio Grifoni: cinque le schede bianche, una nulla. La rielezione di Malag\u00f2 \u00e8 stata accolta dagli applausi: &#8220;Ringrazio tutti, lavoriamo per stare insieme. Un [&hellip;]","og_url":"http:\/\/www.ccaniene.com\/it_it\/giovanni-malago-rieletto-presidente-alessandra-sensini-vicepresidente\/","og_site_name":"Circolo Canottieri Aniene","article_published_time":"2017-05-12T11:13:22+00:00","og_image":[{"width":560,"height":315,"url":"http:\/\/www.ccaniene.com\/wp-content\/uploads\/2017\/05\/145236955-f94d88c6-f537-4907-bfec-da3040fffd0c-1.jpg","type":"image\/jpeg"}],"author":"carlo.san@tin.it","twitter_card":"summary_large_image","twitter_misc":{"Scritto da":"carlo.san@tin.it","Tempo di lettura stimato":"1 minuto"},"schema":{"@context":"https:\/\/schema.org","@graph":[{"@type":"WebPage","@id":"http:\/\/www.ccaniene.com\/en\/giovanni-malago-rieletto-presidente-alessandra-sensini-vicepresidente\/","url":"http:\/\/www.ccaniene.com\/en\/giovanni-malago-rieletto-presidente-alessandra-sensini-vicepresidente\/","name":"Giovanni Malag\u00f2 rieletto presidente, Alessandra Sensini vicepresidente - Circolo Canottieri Aniene","isPartOf":{"@id":"https:\/\/www.ccaniene.com\/it_it\/#website"},"primaryImageOfPage":{"@id":"http:\/\/www.ccaniene.com\/en\/giovanni-malago-rieletto-presidente-alessandra-sensini-vicepresidente\/#primaryimage"},"image":{"@id":"http:\/\/www.ccaniene.com\/en\/giovanni-malago-rieletto-presidente-alessandra-sensini-vicepresidente\/#primaryimage"},"thumbnailUrl":"https:\/\/www.ccaniene.com\/wp-content\/uploads\/2017\/05\/145236955-f94d88c6-f537-4907-bfec-da3040fffd0c-1.jpg","datePublished":"2017-05-12T11:13:22+00:00","dateModified":"2017-05-12T11:13:22+00:00","author":{"@id":"https:\/\/www.ccaniene.com\/it_it\/#\/schema\/person\/6042bd0ba360674279dffd4247d570ed"},"breadcrumb":{"@id":"http:\/\/www.ccaniene.com\/en\/giovanni-malago-rieletto-presidente-alessandra-sensini-vicepresidente\/#breadcrumb"},"inLanguage":"it-IT","potentialAction":[{"@type":"ReadAction","target":["http:\/\/www.ccaniene.com\/en\/giovanni-malago-rieletto-presidente-alessandra-sensini-vicepresidente\/"]}]},{"@type":"ImageObject","inLanguage":"it-IT","@id":"http:\/\/www.ccaniene.com\/en\/giovanni-malago-rieletto-presidente-alessandra-sensini-vicepresidente\/#primaryimage","url":"https:\/\/www.ccaniene.com\/wp-content\/uploads\/2017\/05\/145236955-f94d88c6-f537-4907-bfec-da3040fffd0c-1.jpg","contentUrl":"https:\/\/www.ccaniene.com\/wp-content\/uploads\/2017\/05\/145236955-f94d88c6-f537-4907-bfec-da3040fffd0c-1.jpg","width":560,"height":315},{"@type":"BreadcrumbList","@id":"http:\/\/www.ccaniene.com\/en\/giovanni-malago-rieletto-presidente-alessandra-sensini-vicepresidente\/#breadcrumb","itemListElement":[{"@type":"ListItem","position":1,"name":"Home","item":"https:\/\/www.ccaniene.com\/it_it\/"},{"@type":"ListItem","position":2,"name":"Giovanni Malag\u00f2 rieletto presidente, Alessandra Sensini vicepresidente"}]},{"@type":"WebSite","@id":"https:\/\/www.ccaniene.com\/it_it\/#website","url":"https:\/\/www.ccaniene.com\/it_it\/","name":"Circolo Canottieri Aniene","description":"Collare d&#039;Oro e Stella d&#039;Oro al Merito Sportivo","potentialAction":[{"@type":"SearchAction","target":{"@type":"EntryPoint","urlTemplate":"https:\/\/www.ccaniene.com\/it_it\/?s={search_term_string}"},"query-input":{"@type":"PropertyValueSpecification","valueRequired":true,"valueName":"search_term_string"}}],"inLanguage":"it-IT"},{"@type":"Person","@id":"https:\/\/www.ccaniene.com\/it_it\/#\/schema\/person\/6042bd0ba360674279dffd4247d570ed","name":"carlo.san@tin.it","image":{"@type":"ImageObject","inLanguage":"it-IT","@id":"https:\/\/www.ccaniene.com\/it_it\/#\/schema\/person\/image\/","url":"https:\/\/secure.gravatar.com\/avatar\/f993a459d0ffe4d666e4c917fef20ca9?s=96&d=mm&r=g","contentUrl":"https:\/\/secure.gravatar.com\/avatar\/f993a459d0ffe4d666e4c917fef20ca9?s=96&d=mm&r=g","caption":"carlo.san@tin.it"},"url":"https:\/\/www.ccaniene.com\/it_it\/author\/carlo-santi-2\/"}]}},"_links":{"self":[{"href":"https:\/\/www.ccaniene.com\/it_it\/wp-json\/wp\/v2\/posts\/13004"}],"collection":[{"href":"https:\/\/www.ccaniene.com\/it_it\/wp-json\/wp\/v2\/posts"}],"about":[{"href":"https:\/\/www.ccaniene.com\/it_it\/wp-json\/wp\/v2\/types\/post"}],"author":[{"embeddable":true,"href":"https:\/\/www.ccaniene.com\/it_it\/wp-json\/wp\/v2\/users\/23521"}],"replies":[{"embeddable":true,"href":"https:\/\/www.ccaniene.com\/it_it\/wp-json\/wp\/v2\/comments?post=13004"}],"version-history":[{"count":1,"href":"https:\/\/www.ccaniene.com\/it_it\/wp-json\/wp\/v2\/posts\/13004\/revisions"}],"predecessor-version":[{"id":13009,"href":"https:\/\/www.ccaniene.com\/it_it\/wp-json\/wp\/v2\/posts\/13004\/revisions\/13009"}],"wp:featuredmedia":[{"embeddable":true,"href":"https:\/\/www.ccaniene.com\/it_it\/wp-json\/wp\/v2\/media\/13006"}],"wp:attachment":[{"href":"https:\/\/www.ccaniene.com\/it_it\/wp-json\/wp\/v2\/media?parent=13004"}],"wp:term":[{"taxonomy":"category","embeddable":true,"href":"https:\/\/www.ccaniene.com\/it_it\/wp-json\/wp\/v2\/categories?post=13004"},{"taxonomy":"post_tag","embeddable":true,"href":"https:\/\/www.ccaniene.com\/it_it\/wp-json\/wp\/v2\/tags?post=13004"}],"curies":[{"name":"wp","href":"https:\/\/api.w.org\/{rel}","templated":true}]}}