{"id":12980,"date":"2017-05-09T08:21:26","date_gmt":"2017-05-09T06:21:26","guid":{"rendered":"https:\/\/www.ccaniene.com\/?p=12980\/"},"modified":"2017-05-09T23:49:52","modified_gmt":"2017-05-09T21:49:52","slug":"nove-medaglie-nella-gara-nazionale-mantova","status":"publish","type":"post","link":"https:\/\/www.ccaniene.com\/it_it\/nove-medaglie-nella-gara-nazionale-mantova\/","title":{"rendered":"Nove medaglie nella gara nazionale di Mantova"},"content":{"rendered":"<p>Seconda gara stagionale sulle distanze veloci dei 200,\u00a0500 e 1000 metri\u00a0per i canoisti del Circolo Canottieri Aniene. Sulle acque del Lago Inferiore di Mantova gli atleti della squadra agonistica si sono confrontati con le migliori societ\u00e0 d\u2019Italia sabato 6 e domenica 7 maggio. Ottimi segnali di crescita da parte di tutta la spedizione, che torna a casa con un bottino di\u00a02 medaglie d\u2019oro, 3 d&#8217;argento e 4 di bronzo.<\/p>\n<p><a href=\"http:\/\/www.ccaniene.com\/wp-content\/uploads\/2017\/05\/canoa.jpg\"><img fetchpriority=\"high\" decoding=\"async\" class=\"size-medium wp-image-12982 alignleft\" src=\"http:\/\/www.ccaniene.com\/wp-content\/uploads\/2017\/05\/canoa-460x345.jpg\" alt=\"\" width=\"460\" height=\"345\" \/><\/a><\/p>\n<p>Salgono sul gradino pi\u00f9 alto del podio Andrea Ramella nel K1 1000 mt Senior e Nicolae Craciun nel C2 500 mt Senior in coppia con il fratello Sergiu, con il quale conquista anche un argento nel C2 1000 mt Senior. Nel K1 500 mt Senior sorprende Alessandro Zampetti, capace di piazzarsi secondo assoluto alle spalle del campione del Mondo Junior Andrea Diliberto. Sempre nella categoria Senior medaglia di bronzo per Simone Giorgi nel K4 500 mt, formato da un equipaggio misto societario.<\/p>\n<p>Tra i giovani belle prestazioni sia a livello individuale che di equipaggio. Tra le donne medaglia d\u2019argento per il K4 500 mt Ragazze, composto da Antea Mariani, Camilla Toraldo, Francesca Blanda e Federica Siena, quest\u2019ultima anche bronzo individuale nel K1 200 mt Ragazze. Nelle categorie maschili Riccardo Lonigro \u00e8 terzo nel K1 200 mt Ragazzi e contribuisce anche al bronzo nel K4 1000 mt Ragazzi, assieme a Valerio Coppotelli, Giulio Oggioni e Luca Romano.<\/p>\n<p><a href=\"http:\/\/www.ccaniene.com\/wp-content\/uploads\/2017\/05\/canoa2.jpg\"><img decoding=\"async\" class=\"size-medium wp-image-12983 alignright\" src=\"http:\/\/www.ccaniene.com\/wp-content\/uploads\/2017\/05\/canoa2-460x259.jpg\" alt=\"\" width=\"460\" height=\"259\" \/><\/a><\/p>\n<p>Da segnalare anche i tanti piazzamenti in finale: Alessandro Franchi nel K1 200 mt Junior e nel K2 200 mt in coppia con Andrea Vaccari, Tomasz Apuzzo nel K1 500 mt Senior, Giorgia Caselli e Francesca Blanda nel K2 200 mt Ragazze, Camilla Toraldo nel K1 200 mt Ragazze, Davide Marin e Lorenzo Giannini nel K2 1000 mt Senior. Infine ben 3 nostre atlete si sono qualificate per la finale del K1 500 mt Ragazze: Antea Mariani, Camilla Toraldo e Federica Siena.<\/p>\n<p>Prossimo appuntamento \u00e8 la gara nazionale di Castel Gandolfo del 3-4 giugno, valida anche come prova selettiva per le varie competizioni internazionali delle categorie Ragazzi, Junior ed Under 23. In questi giorni, intanto, i nostri atleti Andrea Ramella, Simone Giorgi e Nicolae Craciun sono in raduno con la Nazionale per preparare la Coppa del Mondo di Velocit\u00e0, che si terr\u00e0 a Szeged (Ungheria) tra il 25 e il 28 maggio, mentre Federico Urbani sar\u00e0 uno dei punti di forza della selezione azzurra\u00a0di discesa ai Campionati Europei Assoluti di Skopje (Macedonia), in programma nel weekend del 13-14 maggio.<\/p>\n<p><a href=\"http:\/\/www.ccaniene.com\/wp-content\/uploads\/2017\/05\/canoa3-1.jpg\"><img decoding=\"async\" class=\"size-medium wp-image-12985 aligncenter\" src=\"http:\/\/www.ccaniene.com\/wp-content\/uploads\/2017\/05\/canoa3-1-345x460.jpg\" alt=\"\" width=\"345\" height=\"460\" \/><\/a><\/p>\n<p>&nbsp;<\/p>\n","protected":false},"excerpt":{"rendered":"<p>Seconda gara stagionale sulle distanze veloci dei 200,\u00a0500 e 1000 metri\u00a0per i canoisti del Circolo Canottieri Aniene. Sulle acque del Lago Inferiore di Mantova gli atleti della squadra agonistica si sono confrontati con le migliori societ\u00e0 d\u2019Italia sabato 6 e domenica 7 maggio. Ottimi segnali di crescita da parte di tutta la spedizione, che torna [&hellip;]<\/p>\n","protected":false},"author":23521,"featured_media":12981,"comment_status":"open","ping_status":"closed","sticky":false,"template":"","format":"standard","meta":{"pmpro_default_level":0,"footnotes":"","_links_to":"","_links_to_target":""},"categories":[8,1],"tags":[],"class_list":["post-12980","post","type-post","status-publish","format-standard","has-post-thumbnail","hentry","category-canoa","category-news","pmpro-has-access"],"featured_image_urls":{"woocommerce_thumbnail":"https:\/\/www.ccaniene.com\/wp-content\/uploads\/2017\/05\/IMG_1889-scaled-300x300.jpg","woocommerce_gallery_thumbnail":"https:\/\/www.ccaniene.com\/wp-content\/uploads\/2017\/05\/IMG_1889-scaled-100x100.jpg","woocommerce_single":"https:\/\/www.ccaniene.com\/wp-content\/uploads\/2017\/05\/IMG_1889-scaled-600x450.jpg","medium":"https:\/\/www.ccaniene.com\/wp-content\/uploads\/2017\/05\/IMG_1889-800x600.jpg","large":"https:\/\/www.ccaniene.com\/wp-content\/uploads\/2017\/05\/IMG_1889-1920x1440.jpg","thumbnail":"https:\/\/www.ccaniene.com\/wp-content\/uploads\/2017\/05\/IMG_1889-400x400.jpg","medium_large":"https:\/\/www.ccaniene.com\/wp-content\/uploads\/2017\/05\/IMG_1889-768x576.jpg","1536x1536":"https:\/\/www.ccaniene.com\/wp-content\/uploads\/2017\/05\/IMG_1889-1536x1152.jpg","2048x2048":"https:\/\/www.ccaniene.com\/wp-content\/uploads\/2017\/05\/IMG_1889-2048x1536.jpg","slider":"https:\/\/www.ccaniene.com\/wp-content\/uploads\/2017\/05\/IMG_1889-1920x1080.jpg"},"appp_media":null,"yoast_head":"<!-- This site is optimized with the Yoast SEO plugin v23.6 - https:\/\/yoast.com\/wordpress\/plugins\/seo\/ -->\n<title>Nove medaglie nella gara nazionale di Mantova - Circolo Canottieri Aniene<\/title>\n<meta name=\"robots\" content=\"index, follow, max-snippet:-1, max-image-preview:large, max-video-preview:-1\" \/>\n<link rel=\"canonical\" href=\"https:\/\/www.ccaniene.com\/it_it\/nove-medaglie-nella-gara-nazionale-mantova\/\" \/>\n<meta property=\"og:locale\" content=\"it_IT\" \/>\n<meta property=\"og:type\" content=\"article\" \/>\n<meta property=\"og:title\" content=\"Nove medaglie nella gara nazionale di Mantova - Circolo Canottieri Aniene\" \/>\n<meta property=\"og:description\" content=\"Seconda gara stagionale sulle distanze veloci dei 200,\u00a0500 e 1000 metri\u00a0per i canoisti del Circolo Canottieri Aniene. Sulle acque del Lago Inferiore di Mantova gli atleti della squadra agonistica si sono confrontati con le migliori societ\u00e0 d\u2019Italia sabato 6 e domenica 7 maggio. Ottimi segnali di crescita da parte di tutta la spedizione, che torna [&hellip;]\" \/>\n<meta property=\"og:url\" content=\"https:\/\/www.ccaniene.com\/it_it\/nove-medaglie-nella-gara-nazionale-mantova\/\" \/>\n<meta property=\"og:site_name\" content=\"Circolo Canottieri Aniene\" \/>\n<meta property=\"article:published_time\" content=\"2017-05-09T06:21:26+00:00\" \/>\n<meta property=\"article:modified_time\" content=\"2017-05-09T21:49:52+00:00\" \/>\n<meta property=\"og:image\" content=\"https:\/\/www.ccaniene.com\/wp-content\/uploads\/2017\/05\/IMG_1889-scaled.jpg\" \/>\n\t<meta property=\"og:image:width\" content=\"2560\" \/>\n\t<meta property=\"og:image:height\" content=\"1920\" \/>\n\t<meta property=\"og:image:type\" content=\"image\/jpeg\" \/>\n<meta name=\"author\" content=\"carlo.san@tin.it\" \/>\n<meta name=\"twitter:card\" content=\"summary_large_image\" \/>\n<meta name=\"twitter:label1\" content=\"Scritto da\" \/>\n\t<meta name=\"twitter:data1\" content=\"carlo.san@tin.it\" \/>\n\t<meta name=\"twitter:label2\" content=\"Tempo di lettura stimato\" \/>\n\t<meta name=\"twitter:data2\" content=\"2 minuti\" \/>\n<script type=\"application\/ld+json\" class=\"yoast-schema-graph\">{\"@context\":\"https:\/\/schema.org\",\"@graph\":[{\"@type\":\"WebPage\",\"@id\":\"https:\/\/www.ccaniene.com\/it_it\/nove-medaglie-nella-gara-nazionale-mantova\/\",\"url\":\"https:\/\/www.ccaniene.com\/it_it\/nove-medaglie-nella-gara-nazionale-mantova\/\",\"name\":\"Nove medaglie nella gara nazionale di Mantova - Circolo Canottieri Aniene\",\"isPartOf\":{\"@id\":\"https:\/\/www.ccaniene.com\/it_it\/#website\"},\"primaryImageOfPage\":{\"@id\":\"https:\/\/www.ccaniene.com\/it_it\/nove-medaglie-nella-gara-nazionale-mantova\/#primaryimage\"},\"image\":{\"@id\":\"https:\/\/www.ccaniene.com\/it_it\/nove-medaglie-nella-gara-nazionale-mantova\/#primaryimage\"},\"thumbnailUrl\":\"https:\/\/www.ccaniene.com\/wp-content\/uploads\/2017\/05\/IMG_1889-scaled.jpg\",\"datePublished\":\"2017-05-09T06:21:26+00:00\",\"dateModified\":\"2017-05-09T21:49:52+00:00\",\"author\":{\"@id\":\"https:\/\/www.ccaniene.com\/it_it\/#\/schema\/person\/6042bd0ba360674279dffd4247d570ed\"},\"breadcrumb\":{\"@id\":\"https:\/\/www.ccaniene.com\/it_it\/nove-medaglie-nella-gara-nazionale-mantova\/#breadcrumb\"},\"inLanguage\":\"it-IT\",\"potentialAction\":[{\"@type\":\"ReadAction\",\"target\":[\"https:\/\/www.ccaniene.com\/it_it\/nove-medaglie-nella-gara-nazionale-mantova\/\"]}]},{\"@type\":\"ImageObject\",\"inLanguage\":\"it-IT\",\"@id\":\"https:\/\/www.ccaniene.com\/it_it\/nove-medaglie-nella-gara-nazionale-mantova\/#primaryimage\",\"url\":\"https:\/\/www.ccaniene.com\/wp-content\/uploads\/2017\/05\/IMG_1889-scaled.jpg\",\"contentUrl\":\"https:\/\/www.ccaniene.com\/wp-content\/uploads\/2017\/05\/IMG_1889-scaled.jpg\",\"width\":2560,\"height\":1920},{\"@type\":\"BreadcrumbList\",\"@id\":\"https:\/\/www.ccaniene.com\/it_it\/nove-medaglie-nella-gara-nazionale-mantova\/#breadcrumb\",\"itemListElement\":[{\"@type\":\"ListItem\",\"position\":1,\"name\":\"Home\",\"item\":\"https:\/\/www.ccaniene.com\/it_it\/\"},{\"@type\":\"ListItem\",\"position\":2,\"name\":\"Nove medaglie nella gara nazionale di Mantova\"}]},{\"@type\":\"WebSite\",\"@id\":\"https:\/\/www.ccaniene.com\/it_it\/#website\",\"url\":\"https:\/\/www.ccaniene.com\/it_it\/\",\"name\":\"Circolo Canottieri Aniene\",\"description\":\"Collare d&#039;Oro e Stella d&#039;Oro al Merito Sportivo\",\"potentialAction\":[{\"@type\":\"SearchAction\",\"target\":{\"@type\":\"EntryPoint\",\"urlTemplate\":\"https:\/\/www.ccaniene.com\/it_it\/?s={search_term_string}\"},\"query-input\":{\"@type\":\"PropertyValueSpecification\",\"valueRequired\":true,\"valueName\":\"search_term_string\"}}],\"inLanguage\":\"it-IT\"},{\"@type\":\"Person\",\"@id\":\"https:\/\/www.ccaniene.com\/it_it\/#\/schema\/person\/6042bd0ba360674279dffd4247d570ed\",\"name\":\"carlo.san@tin.it\",\"image\":{\"@type\":\"ImageObject\",\"inLanguage\":\"it-IT\",\"@id\":\"https:\/\/www.ccaniene.com\/it_it\/#\/schema\/person\/image\/\",\"url\":\"https:\/\/secure.gravatar.com\/avatar\/f993a459d0ffe4d666e4c917fef20ca9?s=96&d=mm&r=g\",\"contentUrl\":\"https:\/\/secure.gravatar.com\/avatar\/f993a459d0ffe4d666e4c917fef20ca9?s=96&d=mm&r=g\",\"caption\":\"carlo.san@tin.it\"},\"url\":\"https:\/\/www.ccaniene.com\/it_it\/author\/carlo-santi-2\/\"}]}<\/script>\n<!-- \/ Yoast SEO plugin. -->","yoast_head_json":{"title":"Nove medaglie nella gara nazionale di Mantova - Circolo Canottieri Aniene","robots":{"index":"index","follow":"follow","max-snippet":"max-snippet:-1","max-image-preview":"max-image-preview:large","max-video-preview":"max-video-preview:-1"},"canonical":"https:\/\/www.ccaniene.com\/it_it\/nove-medaglie-nella-gara-nazionale-mantova\/","og_locale":"it_IT","og_type":"article","og_title":"Nove medaglie nella gara nazionale di Mantova - Circolo Canottieri Aniene","og_description":"Seconda gara stagionale sulle distanze veloci dei 200,\u00a0500 e 1000 metri\u00a0per i canoisti del Circolo Canottieri Aniene. Sulle acque del Lago Inferiore di Mantova gli atleti della squadra agonistica si sono confrontati con le migliori societ\u00e0 d\u2019Italia sabato 6 e domenica 7 maggio. Ottimi segnali di crescita da parte di tutta la spedizione, che torna [&hellip;]","og_url":"https:\/\/www.ccaniene.com\/it_it\/nove-medaglie-nella-gara-nazionale-mantova\/","og_site_name":"Circolo Canottieri Aniene","article_published_time":"2017-05-09T06:21:26+00:00","article_modified_time":"2017-05-09T21:49:52+00:00","og_image":[{"width":2560,"height":1920,"url":"https:\/\/www.ccaniene.com\/wp-content\/uploads\/2017\/05\/IMG_1889-scaled.jpg","type":"image\/jpeg"}],"author":"carlo.san@tin.it","twitter_card":"summary_large_image","twitter_misc":{"Scritto da":"carlo.san@tin.it","Tempo di lettura stimato":"2 minuti"},"schema":{"@context":"https:\/\/schema.org","@graph":[{"@type":"WebPage","@id":"https:\/\/www.ccaniene.com\/it_it\/nove-medaglie-nella-gara-nazionale-mantova\/","url":"https:\/\/www.ccaniene.com\/it_it\/nove-medaglie-nella-gara-nazionale-mantova\/","name":"Nove medaglie nella gara nazionale di Mantova - Circolo Canottieri Aniene","isPartOf":{"@id":"https:\/\/www.ccaniene.com\/it_it\/#website"},"primaryImageOfPage":{"@id":"https:\/\/www.ccaniene.com\/it_it\/nove-medaglie-nella-gara-nazionale-mantova\/#primaryimage"},"image":{"@id":"https:\/\/www.ccaniene.com\/it_it\/nove-medaglie-nella-gara-nazionale-mantova\/#primaryimage"},"thumbnailUrl":"https:\/\/www.ccaniene.com\/wp-content\/uploads\/2017\/05\/IMG_1889-scaled.jpg","datePublished":"2017-05-09T06:21:26+00:00","dateModified":"2017-05-09T21:49:52+00:00","author":{"@id":"https:\/\/www.ccaniene.com\/it_it\/#\/schema\/person\/6042bd0ba360674279dffd4247d570ed"},"breadcrumb":{"@id":"https:\/\/www.ccaniene.com\/it_it\/nove-medaglie-nella-gara-nazionale-mantova\/#breadcrumb"},"inLanguage":"it-IT","potentialAction":[{"@type":"ReadAction","target":["https:\/\/www.ccaniene.com\/it_it\/nove-medaglie-nella-gara-nazionale-mantova\/"]}]},{"@type":"ImageObject","inLanguage":"it-IT","@id":"https:\/\/www.ccaniene.com\/it_it\/nove-medaglie-nella-gara-nazionale-mantova\/#primaryimage","url":"https:\/\/www.ccaniene.com\/wp-content\/uploads\/2017\/05\/IMG_1889-scaled.jpg","contentUrl":"https:\/\/www.ccaniene.com\/wp-content\/uploads\/2017\/05\/IMG_1889-scaled.jpg","width":2560,"height":1920},{"@type":"BreadcrumbList","@id":"https:\/\/www.ccaniene.com\/it_it\/nove-medaglie-nella-gara-nazionale-mantova\/#breadcrumb","itemListElement":[{"@type":"ListItem","position":1,"name":"Home","item":"https:\/\/www.ccaniene.com\/it_it\/"},{"@type":"ListItem","position":2,"name":"Nove medaglie nella gara nazionale di Mantova"}]},{"@type":"WebSite","@id":"https:\/\/www.ccaniene.com\/it_it\/#website","url":"https:\/\/www.ccaniene.com\/it_it\/","name":"Circolo Canottieri Aniene","description":"Collare d&#039;Oro e Stella d&#039;Oro al Merito Sportivo","potentialAction":[{"@type":"SearchAction","target":{"@type":"EntryPoint","urlTemplate":"https:\/\/www.ccaniene.com\/it_it\/?s={search_term_string}"},"query-input":{"@type":"PropertyValueSpecification","valueRequired":true,"valueName":"search_term_string"}}],"inLanguage":"it-IT"},{"@type":"Person","@id":"https:\/\/www.ccaniene.com\/it_it\/#\/schema\/person\/6042bd0ba360674279dffd4247d570ed","name":"carlo.san@tin.it","image":{"@type":"ImageObject","inLanguage":"it-IT","@id":"https:\/\/www.ccaniene.com\/it_it\/#\/schema\/person\/image\/","url":"https:\/\/secure.gravatar.com\/avatar\/f993a459d0ffe4d666e4c917fef20ca9?s=96&d=mm&r=g","contentUrl":"https:\/\/secure.gravatar.com\/avatar\/f993a459d0ffe4d666e4c917fef20ca9?s=96&d=mm&r=g","caption":"carlo.san@tin.it"},"url":"https:\/\/www.ccaniene.com\/it_it\/author\/carlo-santi-2\/"}]}},"_links":{"self":[{"href":"https:\/\/www.ccaniene.com\/it_it\/wp-json\/wp\/v2\/posts\/12980"}],"collection":[{"href":"https:\/\/www.ccaniene.com\/it_it\/wp-json\/wp\/v2\/posts"}],"about":[{"href":"https:\/\/www.ccaniene.com\/it_it\/wp-json\/wp\/v2\/types\/post"}],"author":[{"embeddable":true,"href":"https:\/\/www.ccaniene.com\/it_it\/wp-json\/wp\/v2\/users\/23521"}],"replies":[{"embeddable":true,"href":"https:\/\/www.ccaniene.com\/it_it\/wp-json\/wp\/v2\/comments?post=12980"}],"version-history":[{"count":4,"href":"https:\/\/www.ccaniene.com\/it_it\/wp-json\/wp\/v2\/posts\/12980\/revisions"}],"predecessor-version":[{"id":12994,"href":"https:\/\/www.ccaniene.com\/it_it\/wp-json\/wp\/v2\/posts\/12980\/revisions\/12994"}],"wp:featuredmedia":[{"embeddable":true,"href":"https:\/\/www.ccaniene.com\/it_it\/wp-json\/wp\/v2\/media\/12981"}],"wp:attachment":[{"href":"https:\/\/www.ccaniene.com\/it_it\/wp-json\/wp\/v2\/media?parent=12980"}],"wp:term":[{"taxonomy":"category","embeddable":true,"href":"https:\/\/www.ccaniene.com\/it_it\/wp-json\/wp\/v2\/categories?post=12980"},{"taxonomy":"post_tag","embeddable":true,"href":"https:\/\/www.ccaniene.com\/it_it\/wp-json\/wp\/v2\/tags?post=12980"}],"curies":[{"name":"wp","href":"https:\/\/api.w.org\/{rel}","templated":true}]}}