{"id":12834,"date":"2017-04-18T21:18:11","date_gmt":"2017-04-18T19:18:11","guid":{"rendered":"https:\/\/www.ccaniene.com\/?p=12834\/"},"modified":"2017-04-21T15:55:30","modified_gmt":"2017-04-21T13:55:30","slug":"laniene-non-dimentica-le-aree-terremotate","status":"publish","type":"post","link":"https:\/\/www.ccaniene.com\/it_it\/laniene-non-dimentica-le-aree-terremotate\/","title":{"rendered":"L&#8217;Aniene non dimentica le aree terremotate"},"content":{"rendered":"<p>L&#8217;Aniene continua a sostenere le aree terremotate. Dall&#8217;agosto 2016, con cadenza mensile, consoci del Circolo si recano nella frazione di San Tomasso, a nord di Amatrice, per aiutare l&#8217;allevatore Costantino Poggi e il fratello Gianfranco, adottati dal nostro sodalizio.<\/p>\n<p>Beni di prima necessit\u00e0, affetto e a breve 20 pecore sarde potranno consentire alla famiglia Poggi di sperare in un futuro migliore. Il Circolo Canottieri Aniene li sosterr\u00e0 in questo percorso di rinascita. Anche nelle festivit\u00e0 Pasquali, un gruppo di giovani consoci \u00e8 salito ad Amatrice per trascorrere semplicemente del tempo insieme a Costantino e Gianfranco.<\/p>\n","protected":false},"excerpt":{"rendered":"<p>L&#8217;Aniene continua a sostenere le aree terremotate. Dall&#8217;agosto 2016, con cadenza mensile, consoci del Circolo si recano nella frazione di San Tomasso, a nord di Amatrice, per aiutare l&#8217;allevatore Costantino Poggi e il fratello Gianfranco, adottati dal nostro sodalizio. Beni di prima necessit\u00e0, affetto e a breve 20 pecore sarde potranno consentire alla famiglia Poggi [&hellip;]<\/p>\n","protected":false},"author":23521,"featured_media":12835,"comment_status":"open","ping_status":"closed","sticky":false,"template":"","format":"standard","meta":{"pmpro_default_level":0,"footnotes":"","_links_to":"","_links_to_target":""},"categories":[1],"tags":[],"class_list":["post-12834","post","type-post","status-publish","format-standard","has-post-thumbnail","hentry","category-news","pmpro-has-access"],"featured_image_urls":{"woocommerce_thumbnail":"https:\/\/www.ccaniene.com\/wp-content\/uploads\/2017\/04\/IMG-20170415-WA0009-1-scaled-300x300.jpeg","woocommerce_gallery_thumbnail":"https:\/\/www.ccaniene.com\/wp-content\/uploads\/2017\/04\/IMG-20170415-WA0009-1-scaled-100x100.jpeg","woocommerce_single":"https:\/\/www.ccaniene.com\/wp-content\/uploads\/2017\/04\/IMG-20170415-WA0009-1-scaled-600x338.jpeg","medium":"https:\/\/www.ccaniene.com\/wp-content\/uploads\/2017\/04\/IMG-20170415-WA0009-1-800x450.jpeg","large":"https:\/\/www.ccaniene.com\/wp-content\/uploads\/2017\/04\/IMG-20170415-WA0009-1-1920x1080.jpeg","thumbnail":"https:\/\/www.ccaniene.com\/wp-content\/uploads\/2017\/04\/IMG-20170415-WA0009-1-400x400.jpeg","medium_large":"https:\/\/www.ccaniene.com\/wp-content\/uploads\/2017\/04\/IMG-20170415-WA0009-1-768x432.jpeg","1536x1536":"https:\/\/www.ccaniene.com\/wp-content\/uploads\/2017\/04\/IMG-20170415-WA0009-1-1536x864.jpeg","2048x2048":"https:\/\/www.ccaniene.com\/wp-content\/uploads\/2017\/04\/IMG-20170415-WA0009-1-2048x1152.jpeg","slider":"https:\/\/www.ccaniene.com\/wp-content\/uploads\/2017\/04\/IMG-20170415-WA0009-1-1920x1080.jpeg"},"appp_media":null,"yoast_head":"<!-- This site is optimized with the Yoast SEO plugin v23.6 - https:\/\/yoast.com\/wordpress\/plugins\/seo\/ -->\n<title>L&#039;Aniene non dimentica le aree terremotate - Circolo Canottieri Aniene<\/title>\n<meta name=\"robots\" content=\"index, follow, max-snippet:-1, max-image-preview:large, max-video-preview:-1\" \/>\n<link rel=\"canonical\" href=\"https:\/\/www.ccaniene.com\/it_it\/laniene-non-dimentica-le-aree-terremotate\/\" \/>\n<meta property=\"og:locale\" content=\"it_IT\" \/>\n<meta property=\"og:type\" content=\"article\" \/>\n<meta property=\"og:title\" content=\"L&#039;Aniene non dimentica le aree terremotate - Circolo Canottieri Aniene\" \/>\n<meta property=\"og:description\" content=\"L&#8217;Aniene continua a sostenere le aree terremotate. Dall&#8217;agosto 2016, con cadenza mensile, consoci del Circolo si recano nella frazione di San Tomasso, a nord di Amatrice, per aiutare l&#8217;allevatore Costantino Poggi e il fratello Gianfranco, adottati dal nostro sodalizio. Beni di prima necessit\u00e0, affetto e a breve 20 pecore sarde potranno consentire alla famiglia Poggi [&hellip;]\" \/>\n<meta property=\"og:url\" content=\"https:\/\/www.ccaniene.com\/it_it\/laniene-non-dimentica-le-aree-terremotate\/\" \/>\n<meta property=\"og:site_name\" content=\"Circolo Canottieri Aniene\" \/>\n<meta property=\"article:published_time\" content=\"2017-04-18T19:18:11+00:00\" \/>\n<meta property=\"article:modified_time\" content=\"2017-04-21T13:55:30+00:00\" \/>\n<meta property=\"og:image\" content=\"https:\/\/www.ccaniene.com\/wp-content\/uploads\/2017\/04\/IMG-20170415-WA0009-1-scaled.jpeg\" \/>\n\t<meta property=\"og:image:width\" content=\"2560\" \/>\n\t<meta property=\"og:image:height\" content=\"1440\" \/>\n\t<meta property=\"og:image:type\" content=\"image\/jpeg\" \/>\n<meta name=\"author\" content=\"carlo.san@tin.it\" \/>\n<meta name=\"twitter:card\" content=\"summary_large_image\" \/>\n<meta name=\"twitter:label1\" content=\"Scritto da\" \/>\n\t<meta name=\"twitter:data1\" content=\"carlo.san@tin.it\" \/>\n<script type=\"application\/ld+json\" class=\"yoast-schema-graph\">{\"@context\":\"https:\/\/schema.org\",\"@graph\":[{\"@type\":\"WebPage\",\"@id\":\"https:\/\/www.ccaniene.com\/it_it\/laniene-non-dimentica-le-aree-terremotate\/\",\"url\":\"https:\/\/www.ccaniene.com\/it_it\/laniene-non-dimentica-le-aree-terremotate\/\",\"name\":\"L'Aniene non dimentica le aree terremotate - Circolo Canottieri Aniene\",\"isPartOf\":{\"@id\":\"https:\/\/www.ccaniene.com\/it_it\/#website\"},\"primaryImageOfPage\":{\"@id\":\"https:\/\/www.ccaniene.com\/it_it\/laniene-non-dimentica-le-aree-terremotate\/#primaryimage\"},\"image\":{\"@id\":\"https:\/\/www.ccaniene.com\/it_it\/laniene-non-dimentica-le-aree-terremotate\/#primaryimage\"},\"thumbnailUrl\":\"https:\/\/www.ccaniene.com\/wp-content\/uploads\/2017\/04\/IMG-20170415-WA0009-1-scaled.jpeg\",\"datePublished\":\"2017-04-18T19:18:11+00:00\",\"dateModified\":\"2017-04-21T13:55:30+00:00\",\"author\":{\"@id\":\"https:\/\/www.ccaniene.com\/it_it\/#\/schema\/person\/6042bd0ba360674279dffd4247d570ed\"},\"breadcrumb\":{\"@id\":\"https:\/\/www.ccaniene.com\/it_it\/laniene-non-dimentica-le-aree-terremotate\/#breadcrumb\"},\"inLanguage\":\"it-IT\",\"potentialAction\":[{\"@type\":\"ReadAction\",\"target\":[\"https:\/\/www.ccaniene.com\/it_it\/laniene-non-dimentica-le-aree-terremotate\/\"]}]},{\"@type\":\"ImageObject\",\"inLanguage\":\"it-IT\",\"@id\":\"https:\/\/www.ccaniene.com\/it_it\/laniene-non-dimentica-le-aree-terremotate\/#primaryimage\",\"url\":\"https:\/\/www.ccaniene.com\/wp-content\/uploads\/2017\/04\/IMG-20170415-WA0009-1-scaled.jpeg\",\"contentUrl\":\"https:\/\/www.ccaniene.com\/wp-content\/uploads\/2017\/04\/IMG-20170415-WA0009-1-scaled.jpeg\",\"width\":2560,\"height\":1440},{\"@type\":\"BreadcrumbList\",\"@id\":\"https:\/\/www.ccaniene.com\/it_it\/laniene-non-dimentica-le-aree-terremotate\/#breadcrumb\",\"itemListElement\":[{\"@type\":\"ListItem\",\"position\":1,\"name\":\"Home\",\"item\":\"https:\/\/www.ccaniene.com\/it_it\/\"},{\"@type\":\"ListItem\",\"position\":2,\"name\":\"L&#8217;Aniene non dimentica le aree terremotate\"}]},{\"@type\":\"WebSite\",\"@id\":\"https:\/\/www.ccaniene.com\/it_it\/#website\",\"url\":\"https:\/\/www.ccaniene.com\/it_it\/\",\"name\":\"Circolo Canottieri Aniene\",\"description\":\"Collare d&#039;Oro e Stella d&#039;Oro al Merito Sportivo\",\"potentialAction\":[{\"@type\":\"SearchAction\",\"target\":{\"@type\":\"EntryPoint\",\"urlTemplate\":\"https:\/\/www.ccaniene.com\/it_it\/?s={search_term_string}\"},\"query-input\":{\"@type\":\"PropertyValueSpecification\",\"valueRequired\":true,\"valueName\":\"search_term_string\"}}],\"inLanguage\":\"it-IT\"},{\"@type\":\"Person\",\"@id\":\"https:\/\/www.ccaniene.com\/it_it\/#\/schema\/person\/6042bd0ba360674279dffd4247d570ed\",\"name\":\"carlo.san@tin.it\",\"image\":{\"@type\":\"ImageObject\",\"inLanguage\":\"it-IT\",\"@id\":\"https:\/\/www.ccaniene.com\/it_it\/#\/schema\/person\/image\/\",\"url\":\"https:\/\/secure.gravatar.com\/avatar\/f993a459d0ffe4d666e4c917fef20ca9?s=96&d=mm&r=g\",\"contentUrl\":\"https:\/\/secure.gravatar.com\/avatar\/f993a459d0ffe4d666e4c917fef20ca9?s=96&d=mm&r=g\",\"caption\":\"carlo.san@tin.it\"},\"url\":\"https:\/\/www.ccaniene.com\/it_it\/author\/carlo-santi-2\/\"}]}<\/script>\n<!-- \/ Yoast SEO plugin. -->","yoast_head_json":{"title":"L'Aniene non dimentica le aree terremotate - Circolo Canottieri Aniene","robots":{"index":"index","follow":"follow","max-snippet":"max-snippet:-1","max-image-preview":"max-image-preview:large","max-video-preview":"max-video-preview:-1"},"canonical":"https:\/\/www.ccaniene.com\/it_it\/laniene-non-dimentica-le-aree-terremotate\/","og_locale":"it_IT","og_type":"article","og_title":"L'Aniene non dimentica le aree terremotate - Circolo Canottieri Aniene","og_description":"L&#8217;Aniene continua a sostenere le aree terremotate. Dall&#8217;agosto 2016, con cadenza mensile, consoci del Circolo si recano nella frazione di San Tomasso, a nord di Amatrice, per aiutare l&#8217;allevatore Costantino Poggi e il fratello Gianfranco, adottati dal nostro sodalizio. Beni di prima necessit\u00e0, affetto e a breve 20 pecore sarde potranno consentire alla famiglia Poggi [&hellip;]","og_url":"https:\/\/www.ccaniene.com\/it_it\/laniene-non-dimentica-le-aree-terremotate\/","og_site_name":"Circolo Canottieri Aniene","article_published_time":"2017-04-18T19:18:11+00:00","article_modified_time":"2017-04-21T13:55:30+00:00","og_image":[{"width":2560,"height":1440,"url":"https:\/\/www.ccaniene.com\/wp-content\/uploads\/2017\/04\/IMG-20170415-WA0009-1-scaled.jpeg","type":"image\/jpeg"}],"author":"carlo.san@tin.it","twitter_card":"summary_large_image","twitter_misc":{"Scritto da":"carlo.san@tin.it"},"schema":{"@context":"https:\/\/schema.org","@graph":[{"@type":"WebPage","@id":"https:\/\/www.ccaniene.com\/it_it\/laniene-non-dimentica-le-aree-terremotate\/","url":"https:\/\/www.ccaniene.com\/it_it\/laniene-non-dimentica-le-aree-terremotate\/","name":"L'Aniene non dimentica le aree terremotate - Circolo Canottieri Aniene","isPartOf":{"@id":"https:\/\/www.ccaniene.com\/it_it\/#website"},"primaryImageOfPage":{"@id":"https:\/\/www.ccaniene.com\/it_it\/laniene-non-dimentica-le-aree-terremotate\/#primaryimage"},"image":{"@id":"https:\/\/www.ccaniene.com\/it_it\/laniene-non-dimentica-le-aree-terremotate\/#primaryimage"},"thumbnailUrl":"https:\/\/www.ccaniene.com\/wp-content\/uploads\/2017\/04\/IMG-20170415-WA0009-1-scaled.jpeg","datePublished":"2017-04-18T19:18:11+00:00","dateModified":"2017-04-21T13:55:30+00:00","author":{"@id":"https:\/\/www.ccaniene.com\/it_it\/#\/schema\/person\/6042bd0ba360674279dffd4247d570ed"},"breadcrumb":{"@id":"https:\/\/www.ccaniene.com\/it_it\/laniene-non-dimentica-le-aree-terremotate\/#breadcrumb"},"inLanguage":"it-IT","potentialAction":[{"@type":"ReadAction","target":["https:\/\/www.ccaniene.com\/it_it\/laniene-non-dimentica-le-aree-terremotate\/"]}]},{"@type":"ImageObject","inLanguage":"it-IT","@id":"https:\/\/www.ccaniene.com\/it_it\/laniene-non-dimentica-le-aree-terremotate\/#primaryimage","url":"https:\/\/www.ccaniene.com\/wp-content\/uploads\/2017\/04\/IMG-20170415-WA0009-1-scaled.jpeg","contentUrl":"https:\/\/www.ccaniene.com\/wp-content\/uploads\/2017\/04\/IMG-20170415-WA0009-1-scaled.jpeg","width":2560,"height":1440},{"@type":"BreadcrumbList","@id":"https:\/\/www.ccaniene.com\/it_it\/laniene-non-dimentica-le-aree-terremotate\/#breadcrumb","itemListElement":[{"@type":"ListItem","position":1,"name":"Home","item":"https:\/\/www.ccaniene.com\/it_it\/"},{"@type":"ListItem","position":2,"name":"L&#8217;Aniene non dimentica le aree terremotate"}]},{"@type":"WebSite","@id":"https:\/\/www.ccaniene.com\/it_it\/#website","url":"https:\/\/www.ccaniene.com\/it_it\/","name":"Circolo Canottieri Aniene","description":"Collare d&#039;Oro e Stella d&#039;Oro al Merito Sportivo","potentialAction":[{"@type":"SearchAction","target":{"@type":"EntryPoint","urlTemplate":"https:\/\/www.ccaniene.com\/it_it\/?s={search_term_string}"},"query-input":{"@type":"PropertyValueSpecification","valueRequired":true,"valueName":"search_term_string"}}],"inLanguage":"it-IT"},{"@type":"Person","@id":"https:\/\/www.ccaniene.com\/it_it\/#\/schema\/person\/6042bd0ba360674279dffd4247d570ed","name":"carlo.san@tin.it","image":{"@type":"ImageObject","inLanguage":"it-IT","@id":"https:\/\/www.ccaniene.com\/it_it\/#\/schema\/person\/image\/","url":"https:\/\/secure.gravatar.com\/avatar\/f993a459d0ffe4d666e4c917fef20ca9?s=96&d=mm&r=g","contentUrl":"https:\/\/secure.gravatar.com\/avatar\/f993a459d0ffe4d666e4c917fef20ca9?s=96&d=mm&r=g","caption":"carlo.san@tin.it"},"url":"https:\/\/www.ccaniene.com\/it_it\/author\/carlo-santi-2\/"}]}},"_links":{"self":[{"href":"https:\/\/www.ccaniene.com\/it_it\/wp-json\/wp\/v2\/posts\/12834"}],"collection":[{"href":"https:\/\/www.ccaniene.com\/it_it\/wp-json\/wp\/v2\/posts"}],"about":[{"href":"https:\/\/www.ccaniene.com\/it_it\/wp-json\/wp\/v2\/types\/post"}],"author":[{"embeddable":true,"href":"https:\/\/www.ccaniene.com\/it_it\/wp-json\/wp\/v2\/users\/23521"}],"replies":[{"embeddable":true,"href":"https:\/\/www.ccaniene.com\/it_it\/wp-json\/wp\/v2\/comments?post=12834"}],"version-history":[{"count":2,"href":"https:\/\/www.ccaniene.com\/it_it\/wp-json\/wp\/v2\/posts\/12834\/revisions"}],"predecessor-version":[{"id":12840,"href":"https:\/\/www.ccaniene.com\/it_it\/wp-json\/wp\/v2\/posts\/12834\/revisions\/12840"}],"wp:featuredmedia":[{"embeddable":true,"href":"https:\/\/www.ccaniene.com\/it_it\/wp-json\/wp\/v2\/media\/12835"}],"wp:attachment":[{"href":"https:\/\/www.ccaniene.com\/it_it\/wp-json\/wp\/v2\/media?parent=12834"}],"wp:term":[{"taxonomy":"category","embeddable":true,"href":"https:\/\/www.ccaniene.com\/it_it\/wp-json\/wp\/v2\/categories?post=12834"},{"taxonomy":"post_tag","embeddable":true,"href":"https:\/\/www.ccaniene.com\/it_it\/wp-json\/wp\/v2\/tags?post=12834"}],"curies":[{"name":"wp","href":"https:\/\/api.w.org\/{rel}","templated":true}]}}