{"id":12696,"date":"2017-04-05T18:42:57","date_gmt":"2017-04-05T16:42:57","guid":{"rendered":"https:\/\/www.ccaniene.com\/?p=12696\/"},"modified":"2017-04-05T20:24:56","modified_gmt":"2017-04-05T18:24:56","slug":"divertimento-commozione-alla-festa-del-paddle","status":"publish","type":"post","link":"https:\/\/www.ccaniene.com\/it_it\/divertimento-commozione-alla-festa-del-paddle\/","title":{"rendered":"Festa del paddle per addio &#8220;Ramasso&#8221;"},"content":{"rendered":"<p>C&#8217;\u00e8 stato anche un torneo, ma questa volta e in questa giornata non \u00e8 importante chi ha vinto. Perch\u00e9 nel giorno dell\u2019addio al caro, vecchio \u201cRamasso\u201d, dove tutto \u00e8 cominciato, \u00e8 stata bella la festa del paddle del Circolo Canottieri Aniene.<\/p>\n<p><a href=\"http:\/\/www.ccaniene.com\/wp-content\/uploads\/2017\/04\/IMG_3007.jpg\"><img fetchpriority=\"high\" decoding=\"async\" class=\"wp-image-12698 alignleft\" src=\"http:\/\/www.ccaniene.com\/wp-content\/uploads\/2017\/04\/IMG_3007-460x345.jpg\" alt=\"\" width=\"420\" height=\"315\" \/><\/a><\/p>\n<p>E\u2019 stata bella, divertente e commovente. E\u2019 stata partecipata. E\u2019 stata bella perch\u00e9 il nuovo responsabile della sezione Alessandro Di Bella l\u2019ha fortemente voluta . E\u2019 stata bella perch\u00e9 per la prima volta sono stati insieme sul campo e in tribuna Formilli, Sgobbi, Nirdaci e Ticca, con i quali tutto \u00e8 cominciato (ma grazie anche a Francesco Bolla), e Baldini, Cestelli e Cardilli, gli ultimi arrivati. E\u2019 stata bella perch\u00e9 c\u2019eravamo tutti.<\/p>\n<p>E\u2019 stato bello mangiare porchetta e amatriciana come la prima, la seconda e tutte le altre volte ad Ariccia, o nelle cene in stile Ariccia. E\u2019 stato bello il passaggio di consegne tra Nirdaci, che ha fatto diventare il paddle una realt\u00e0 importante all&#8217;Aniene e in Italia, e il suo successore Alessandro Di Bella che gi\u00e0 ci ha fatto capire dove ci porter\u00e0. E\u2019 stato bello.<\/p>\n<p><a href=\"http:\/\/www.ccaniene.com\/wp-content\/uploads\/2017\/04\/IMG_3009.jpg\"><img decoding=\"async\" class=\"wp-image-12699 alignleft\" src=\"http:\/\/www.ccaniene.com\/wp-content\/uploads\/2017\/04\/IMG_3009-460x345.jpg\" alt=\"\" width=\"400\" height=\"300\" \/><\/a>\u00a0 \u00a0\u00a0<a href=\"http:\/\/www.ccaniene.com\/wp-content\/uploads\/2017\/04\/IMG_3016.jpg\"><img decoding=\"async\" class=\"wp-image-12703 alignright\" src=\"http:\/\/www.ccaniene.com\/wp-content\/uploads\/2017\/04\/IMG_3016-460x345.jpg\" alt=\"\" width=\"400\" height=\"300\" \/><\/a><\/p>\n<p>&nbsp;<\/p>\n<p>&nbsp;<\/p>\n<p>&nbsp;<\/p>\n<p>&nbsp;<\/p>\n<p>&nbsp;<\/p>\n<p>&nbsp;<\/p>\n<p>&nbsp;<\/p>\n<p>&nbsp;<\/p>\n<p>&nbsp;<\/p>\n<p>&nbsp;<\/p>\n","protected":false},"excerpt":{"rendered":"<p>C&#8217;\u00e8 stato anche un torneo, ma questa volta e in questa giornata non \u00e8 importante chi ha vinto. Perch\u00e9 nel giorno dell\u2019addio al caro, vecchio \u201cRamasso\u201d, dove tutto \u00e8 cominciato, \u00e8 stata bella la festa del paddle del Circolo Canottieri Aniene. E\u2019 stata bella, divertente e commovente. E\u2019 stata partecipata. E\u2019 stata bella perch\u00e9 il [&hellip;]<\/p>\n","protected":false},"author":23521,"featured_media":12697,"comment_status":"open","ping_status":"closed","sticky":false,"template":"","format":"standard","meta":{"pmpro_default_level":0,"footnotes":"","_links_to":"","_links_to_target":""},"categories":[1,47],"tags":[],"class_list":["post-12696","post","type-post","status-publish","format-standard","has-post-thumbnail","hentry","category-news","category-paddle","pmpro-has-access"],"featured_image_urls":{"woocommerce_thumbnail":"https:\/\/www.ccaniene.com\/wp-content\/uploads\/2017\/04\/IMG_3017-300x300.jpg","woocommerce_gallery_thumbnail":"https:\/\/www.ccaniene.com\/wp-content\/uploads\/2017\/04\/IMG_3017-100x100.jpg","woocommerce_single":"https:\/\/www.ccaniene.com\/wp-content\/uploads\/2017\/04\/IMG_3017-600x450.jpg","thumbnail":"https:\/\/www.ccaniene.com\/wp-content\/uploads\/2017\/04\/IMG_3017-400x400.jpg"},"appp_media":null,"yoast_head":"<!-- This site is optimized with the Yoast SEO plugin v23.6 - https:\/\/yoast.com\/wordpress\/plugins\/seo\/ -->\n<title>Festa del paddle per addio &quot;Ramasso&quot; - Circolo Canottieri Aniene<\/title>\n<meta name=\"robots\" content=\"index, follow, max-snippet:-1, max-image-preview:large, max-video-preview:-1\" \/>\n<link rel=\"canonical\" href=\"https:\/\/www.ccaniene.com\/it_it\/divertimento-commozione-alla-festa-del-paddle\/\" \/>\n<meta property=\"og:locale\" content=\"it_IT\" \/>\n<meta property=\"og:type\" content=\"article\" \/>\n<meta property=\"og:title\" content=\"Festa del paddle per addio &quot;Ramasso&quot; - Circolo Canottieri Aniene\" \/>\n<meta property=\"og:description\" content=\"C&#8217;\u00e8 stato anche un torneo, ma questa volta e in questa giornata non \u00e8 importante chi ha vinto. Perch\u00e9 nel giorno dell\u2019addio al caro, vecchio \u201cRamasso\u201d, dove tutto \u00e8 cominciato, \u00e8 stata bella la festa del paddle del Circolo Canottieri Aniene. E\u2019 stata bella, divertente e commovente. E\u2019 stata partecipata. E\u2019 stata bella perch\u00e9 il [&hellip;]\" \/>\n<meta property=\"og:url\" content=\"https:\/\/www.ccaniene.com\/it_it\/divertimento-commozione-alla-festa-del-paddle\/\" \/>\n<meta property=\"og:site_name\" content=\"Circolo Canottieri Aniene\" \/>\n<meta property=\"article:published_time\" content=\"2017-04-05T16:42:57+00:00\" \/>\n<meta property=\"article:modified_time\" content=\"2017-04-05T18:24:56+00:00\" \/>\n<meta property=\"og:image\" content=\"https:\/\/www.ccaniene.com\/wp-content\/uploads\/2017\/04\/IMG_3017.jpg\" \/>\n\t<meta property=\"og:image:width\" content=\"640\" \/>\n\t<meta property=\"og:image:height\" content=\"480\" \/>\n\t<meta property=\"og:image:type\" content=\"image\/jpeg\" \/>\n<meta name=\"author\" content=\"carlo.san@tin.it\" \/>\n<meta name=\"twitter:card\" content=\"summary_large_image\" \/>\n<meta name=\"twitter:label1\" content=\"Scritto da\" \/>\n\t<meta name=\"twitter:data1\" content=\"carlo.san@tin.it\" \/>\n\t<meta name=\"twitter:label2\" content=\"Tempo di lettura stimato\" \/>\n\t<meta name=\"twitter:data2\" content=\"1 minuto\" \/>\n<script type=\"application\/ld+json\" class=\"yoast-schema-graph\">{\"@context\":\"https:\/\/schema.org\",\"@graph\":[{\"@type\":\"WebPage\",\"@id\":\"https:\/\/www.ccaniene.com\/it_it\/divertimento-commozione-alla-festa-del-paddle\/\",\"url\":\"https:\/\/www.ccaniene.com\/it_it\/divertimento-commozione-alla-festa-del-paddle\/\",\"name\":\"Festa del paddle per addio \\\"Ramasso\\\" - Circolo Canottieri Aniene\",\"isPartOf\":{\"@id\":\"https:\/\/www.ccaniene.com\/it_it\/#website\"},\"primaryImageOfPage\":{\"@id\":\"https:\/\/www.ccaniene.com\/it_it\/divertimento-commozione-alla-festa-del-paddle\/#primaryimage\"},\"image\":{\"@id\":\"https:\/\/www.ccaniene.com\/it_it\/divertimento-commozione-alla-festa-del-paddle\/#primaryimage\"},\"thumbnailUrl\":\"https:\/\/www.ccaniene.com\/wp-content\/uploads\/2017\/04\/IMG_3017.jpg\",\"datePublished\":\"2017-04-05T16:42:57+00:00\",\"dateModified\":\"2017-04-05T18:24:56+00:00\",\"author\":{\"@id\":\"https:\/\/www.ccaniene.com\/it_it\/#\/schema\/person\/6042bd0ba360674279dffd4247d570ed\"},\"breadcrumb\":{\"@id\":\"https:\/\/www.ccaniene.com\/it_it\/divertimento-commozione-alla-festa-del-paddle\/#breadcrumb\"},\"inLanguage\":\"it-IT\",\"potentialAction\":[{\"@type\":\"ReadAction\",\"target\":[\"https:\/\/www.ccaniene.com\/it_it\/divertimento-commozione-alla-festa-del-paddle\/\"]}]},{\"@type\":\"ImageObject\",\"inLanguage\":\"it-IT\",\"@id\":\"https:\/\/www.ccaniene.com\/it_it\/divertimento-commozione-alla-festa-del-paddle\/#primaryimage\",\"url\":\"https:\/\/www.ccaniene.com\/wp-content\/uploads\/2017\/04\/IMG_3017.jpg\",\"contentUrl\":\"https:\/\/www.ccaniene.com\/wp-content\/uploads\/2017\/04\/IMG_3017.jpg\",\"width\":640,\"height\":480},{\"@type\":\"BreadcrumbList\",\"@id\":\"https:\/\/www.ccaniene.com\/it_it\/divertimento-commozione-alla-festa-del-paddle\/#breadcrumb\",\"itemListElement\":[{\"@type\":\"ListItem\",\"position\":1,\"name\":\"Home\",\"item\":\"https:\/\/www.ccaniene.com\/it_it\/\"},{\"@type\":\"ListItem\",\"position\":2,\"name\":\"Festa del paddle per addio &#8220;Ramasso&#8221;\"}]},{\"@type\":\"WebSite\",\"@id\":\"https:\/\/www.ccaniene.com\/it_it\/#website\",\"url\":\"https:\/\/www.ccaniene.com\/it_it\/\",\"name\":\"Circolo Canottieri Aniene\",\"description\":\"Collare d&#039;Oro e Stella d&#039;Oro al Merito Sportivo\",\"potentialAction\":[{\"@type\":\"SearchAction\",\"target\":{\"@type\":\"EntryPoint\",\"urlTemplate\":\"https:\/\/www.ccaniene.com\/it_it\/?s={search_term_string}\"},\"query-input\":{\"@type\":\"PropertyValueSpecification\",\"valueRequired\":true,\"valueName\":\"search_term_string\"}}],\"inLanguage\":\"it-IT\"},{\"@type\":\"Person\",\"@id\":\"https:\/\/www.ccaniene.com\/it_it\/#\/schema\/person\/6042bd0ba360674279dffd4247d570ed\",\"name\":\"carlo.san@tin.it\",\"image\":{\"@type\":\"ImageObject\",\"inLanguage\":\"it-IT\",\"@id\":\"https:\/\/www.ccaniene.com\/it_it\/#\/schema\/person\/image\/\",\"url\":\"https:\/\/secure.gravatar.com\/avatar\/f993a459d0ffe4d666e4c917fef20ca9?s=96&d=mm&r=g\",\"contentUrl\":\"https:\/\/secure.gravatar.com\/avatar\/f993a459d0ffe4d666e4c917fef20ca9?s=96&d=mm&r=g\",\"caption\":\"carlo.san@tin.it\"},\"url\":\"https:\/\/www.ccaniene.com\/it_it\/author\/carlo-santi-2\/\"}]}<\/script>\n<!-- \/ Yoast SEO plugin. -->","yoast_head_json":{"title":"Festa del paddle per addio \"Ramasso\" - Circolo Canottieri Aniene","robots":{"index":"index","follow":"follow","max-snippet":"max-snippet:-1","max-image-preview":"max-image-preview:large","max-video-preview":"max-video-preview:-1"},"canonical":"https:\/\/www.ccaniene.com\/it_it\/divertimento-commozione-alla-festa-del-paddle\/","og_locale":"it_IT","og_type":"article","og_title":"Festa del paddle per addio \"Ramasso\" - Circolo Canottieri Aniene","og_description":"C&#8217;\u00e8 stato anche un torneo, ma questa volta e in questa giornata non \u00e8 importante chi ha vinto. Perch\u00e9 nel giorno dell\u2019addio al caro, vecchio \u201cRamasso\u201d, dove tutto \u00e8 cominciato, \u00e8 stata bella la festa del paddle del Circolo Canottieri Aniene. E\u2019 stata bella, divertente e commovente. E\u2019 stata partecipata. E\u2019 stata bella perch\u00e9 il [&hellip;]","og_url":"https:\/\/www.ccaniene.com\/it_it\/divertimento-commozione-alla-festa-del-paddle\/","og_site_name":"Circolo Canottieri Aniene","article_published_time":"2017-04-05T16:42:57+00:00","article_modified_time":"2017-04-05T18:24:56+00:00","og_image":[{"width":640,"height":480,"url":"https:\/\/www.ccaniene.com\/wp-content\/uploads\/2017\/04\/IMG_3017.jpg","type":"image\/jpeg"}],"author":"carlo.san@tin.it","twitter_card":"summary_large_image","twitter_misc":{"Scritto da":"carlo.san@tin.it","Tempo di lettura stimato":"1 minuto"},"schema":{"@context":"https:\/\/schema.org","@graph":[{"@type":"WebPage","@id":"https:\/\/www.ccaniene.com\/it_it\/divertimento-commozione-alla-festa-del-paddle\/","url":"https:\/\/www.ccaniene.com\/it_it\/divertimento-commozione-alla-festa-del-paddle\/","name":"Festa del paddle per addio \"Ramasso\" - Circolo Canottieri Aniene","isPartOf":{"@id":"https:\/\/www.ccaniene.com\/it_it\/#website"},"primaryImageOfPage":{"@id":"https:\/\/www.ccaniene.com\/it_it\/divertimento-commozione-alla-festa-del-paddle\/#primaryimage"},"image":{"@id":"https:\/\/www.ccaniene.com\/it_it\/divertimento-commozione-alla-festa-del-paddle\/#primaryimage"},"thumbnailUrl":"https:\/\/www.ccaniene.com\/wp-content\/uploads\/2017\/04\/IMG_3017.jpg","datePublished":"2017-04-05T16:42:57+00:00","dateModified":"2017-04-05T18:24:56+00:00","author":{"@id":"https:\/\/www.ccaniene.com\/it_it\/#\/schema\/person\/6042bd0ba360674279dffd4247d570ed"},"breadcrumb":{"@id":"https:\/\/www.ccaniene.com\/it_it\/divertimento-commozione-alla-festa-del-paddle\/#breadcrumb"},"inLanguage":"it-IT","potentialAction":[{"@type":"ReadAction","target":["https:\/\/www.ccaniene.com\/it_it\/divertimento-commozione-alla-festa-del-paddle\/"]}]},{"@type":"ImageObject","inLanguage":"it-IT","@id":"https:\/\/www.ccaniene.com\/it_it\/divertimento-commozione-alla-festa-del-paddle\/#primaryimage","url":"https:\/\/www.ccaniene.com\/wp-content\/uploads\/2017\/04\/IMG_3017.jpg","contentUrl":"https:\/\/www.ccaniene.com\/wp-content\/uploads\/2017\/04\/IMG_3017.jpg","width":640,"height":480},{"@type":"BreadcrumbList","@id":"https:\/\/www.ccaniene.com\/it_it\/divertimento-commozione-alla-festa-del-paddle\/#breadcrumb","itemListElement":[{"@type":"ListItem","position":1,"name":"Home","item":"https:\/\/www.ccaniene.com\/it_it\/"},{"@type":"ListItem","position":2,"name":"Festa del paddle per addio &#8220;Ramasso&#8221;"}]},{"@type":"WebSite","@id":"https:\/\/www.ccaniene.com\/it_it\/#website","url":"https:\/\/www.ccaniene.com\/it_it\/","name":"Circolo Canottieri Aniene","description":"Collare d&#039;Oro e Stella d&#039;Oro al Merito Sportivo","potentialAction":[{"@type":"SearchAction","target":{"@type":"EntryPoint","urlTemplate":"https:\/\/www.ccaniene.com\/it_it\/?s={search_term_string}"},"query-input":{"@type":"PropertyValueSpecification","valueRequired":true,"valueName":"search_term_string"}}],"inLanguage":"it-IT"},{"@type":"Person","@id":"https:\/\/www.ccaniene.com\/it_it\/#\/schema\/person\/6042bd0ba360674279dffd4247d570ed","name":"carlo.san@tin.it","image":{"@type":"ImageObject","inLanguage":"it-IT","@id":"https:\/\/www.ccaniene.com\/it_it\/#\/schema\/person\/image\/","url":"https:\/\/secure.gravatar.com\/avatar\/f993a459d0ffe4d666e4c917fef20ca9?s=96&d=mm&r=g","contentUrl":"https:\/\/secure.gravatar.com\/avatar\/f993a459d0ffe4d666e4c917fef20ca9?s=96&d=mm&r=g","caption":"carlo.san@tin.it"},"url":"https:\/\/www.ccaniene.com\/it_it\/author\/carlo-santi-2\/"}]}},"_links":{"self":[{"href":"https:\/\/www.ccaniene.com\/it_it\/wp-json\/wp\/v2\/posts\/12696"}],"collection":[{"href":"https:\/\/www.ccaniene.com\/it_it\/wp-json\/wp\/v2\/posts"}],"about":[{"href":"https:\/\/www.ccaniene.com\/it_it\/wp-json\/wp\/v2\/types\/post"}],"author":[{"embeddable":true,"href":"https:\/\/www.ccaniene.com\/it_it\/wp-json\/wp\/v2\/users\/23521"}],"replies":[{"embeddable":true,"href":"https:\/\/www.ccaniene.com\/it_it\/wp-json\/wp\/v2\/comments?post=12696"}],"version-history":[{"count":8,"href":"https:\/\/www.ccaniene.com\/it_it\/wp-json\/wp\/v2\/posts\/12696\/revisions"}],"predecessor-version":[{"id":12708,"href":"https:\/\/www.ccaniene.com\/it_it\/wp-json\/wp\/v2\/posts\/12696\/revisions\/12708"}],"wp:featuredmedia":[{"embeddable":true,"href":"https:\/\/www.ccaniene.com\/it_it\/wp-json\/wp\/v2\/media\/12697"}],"wp:attachment":[{"href":"https:\/\/www.ccaniene.com\/it_it\/wp-json\/wp\/v2\/media?parent=12696"}],"wp:term":[{"taxonomy":"category","embeddable":true,"href":"https:\/\/www.ccaniene.com\/it_it\/wp-json\/wp\/v2\/categories?post=12696"},{"taxonomy":"post_tag","embeddable":true,"href":"https:\/\/www.ccaniene.com\/it_it\/wp-json\/wp\/v2\/tags?post=12696"}],"curies":[{"name":"wp","href":"https:\/\/api.w.org\/{rel}","templated":true}]}}