{"id":12546,"date":"2017-04-05T19:26:27","date_gmt":"2017-04-05T17:26:27","guid":{"rendered":"https:\/\/www.ccaniene.com\/?p=12546\/"},"modified":"2017-04-10T14:36:54","modified_gmt":"2017-04-10T12:36:54","slug":"fabbricini-presidente-malago-presidente-onorario-acclamazione","status":"publish","type":"post","link":"https:\/\/www.ccaniene.com\/it_it\/fabbricini-presidente-malago-presidente-onorario-acclamazione\/","title":{"rendered":"Fabbricini nuovo Presidente del Circolo<br> Malag\u00f2 Presidente Onorario per acclamazione"},"content":{"rendered":"<p>Una serata storica per il Circolo Canottieri Aniene. Giovanni Malag\u00f2, dopo venti anni di presidenza, non \u00e8 pi\u00f9 il presidente in carica. Eletto numero 1 del nostro Circolo nel 1997, Malag\u00f2 ha ceduto il testimone nella giornata di luned\u00ec 27 marzo. Il nuovo presidente \u00e8 Massimo Fabbricini, gi\u00e0 Responsabile dell&#8217;Organizzazione Sportiva del Circolo.<\/p>\n<p><a href=\"http:\/\/www.ccaniene.com\/wp-content\/uploads\/2017\/03\/SER_5874_01.jpg\"><img fetchpriority=\"high\" decoding=\"async\" class=\"aligncenter wp-image-12553 size-medium\" src=\"http:\/\/www.ccaniene.com\/wp-content\/uploads\/2017\/03\/SER_5874_01-460x307.jpg\" alt=\"\" width=\"460\" height=\"307\" \/><\/a><\/p>\n<p><a href=\"http:\/\/www.ccaniene.com\/wp-content\/uploads\/2017\/03\/SER_6613_01.jpg\"><img decoding=\"async\" class=\"aligncenter wp-image-12580 size-medium\" src=\"http:\/\/www.ccaniene.com\/wp-content\/uploads\/2017\/03\/SER_6613_01-460x307.jpg\" alt=\"\" width=\"460\" height=\"307\" \/><\/a><\/p>\n<p>Una notte carica di significati e di emozioni, con la nomina per acclamazione di un visibilmente commosso Giovanni Malag\u00f2 come presidente onorario.<\/p>\n<p><a href=\"http:\/\/www.ccaniene.com\/wp-content\/uploads\/2017\/03\/SER_5906_01.jpg\"><img decoding=\"async\" class=\"aligncenter wp-image-12560 size-medium\" src=\"http:\/\/www.ccaniene.com\/wp-content\/uploads\/2017\/03\/SER_5906_01-460x307.jpg\" alt=\"\" width=\"460\" height=\"307\" \/><\/a><\/p>\n<p><a href=\"http:\/\/www.ccaniene.com\/wp-content\/uploads\/2017\/03\/SER_5892_01.jpg\"><img loading=\"lazy\" decoding=\"async\" class=\"aligncenter wp-image-12556 size-medium\" src=\"http:\/\/www.ccaniene.com\/wp-content\/uploads\/2017\/03\/SER_5892_01-460x307.jpg\" alt=\"\" width=\"460\" height=\"307\" \/><\/a><\/p>\n<p>Questi gli esiti delle votazioni.<\/p>\n<h3><strong>PRESIDENTE ONORARIO<\/strong><\/h3>\n<p>Dott. Giovanni Malag\u00f2<\/p>\n<h3><strong>PRESIDENTE<\/strong><\/h3>\n<p>Dott. Massimo Fabbricini<\/p>\n<h3><strong>CONSIGLIO DIRETTIVO<\/strong><\/h3>\n<p>Dott. Francesco Bolla (Servizi di Sede)<\/p>\n<p>Dott. Luigi Bonito (Cultura)<\/p>\n<p>Arch. Francesco Fiorentini (Lavori e Manutenzione)<\/p>\n<p>Avv. Carlo Longari (Segreteria)<\/p>\n<p>Arch. Paolo Stefano Luccardi (Gestione Impianti Sportivi e Giardini)<\/p>\n<p>Sig. Andrea Pignoli (Organizzazione Sportiva: Settore Olimpico e Paralimpico)<\/p>\n<p>Dott. Francesco Rocco (Rapporti con il Personale e Relazioni Interne)<\/p>\n<p>Dott. Vittorio Silvestri (Tesoreria e Amministrazione)<\/p>\n<p>Dott. Guido Talarico (Solidariet\u00e0 Sociale)<\/p>\n<p>Sig. Alessandro Vaccaro (Manifestazioni Sociali e Relazioni Esterne)<\/p>\n<h3><strong>PROBIVIRI<\/strong><\/h3>\n<p>Dott. Alessandro Di Veroli<\/p>\n<p>Dott. Alberto Di Bagno<\/p>\n<p>Prof. Bruno Andrea Pesucci<\/p>\n<p>Avv. Oreste Michele Fasano<\/p>\n<p>Prof. Renato De Angelis<\/p>\n<h3><strong>REVISORI DEI CONTI<\/strong><\/h3>\n<p>Dott. Luca Sbordoni<\/p>\n<p>Dott. Massimo Iacobacci<\/p>\n<p>Prof. Vincenzo Sanguigni<\/p>\n<p>Jacopo Berrettini, Federico Vanelli, Giovanna Schettino e Maria Scarcella sono stati nominati soci per meriti sportivi.<\/p>\n<p>Dal dicembre del 2017, Valerio Murino si occuper\u00e0 delle Politiche Giovanili.<\/p>\n","protected":false},"excerpt":{"rendered":"<p>Una serata storica per il Circolo Canottieri Aniene. Giovanni Malag\u00f2, dopo venti anni di presidenza, non \u00e8 pi\u00f9 il presidente in carica. Eletto numero 1 del nostro Circolo nel 1997, Malag\u00f2 ha ceduto il testimone nella giornata di luned\u00ec 27 marzo. Il nuovo presidente \u00e8 Massimo Fabbricini, gi\u00e0 Responsabile dell&#8217;Organizzazione Sportiva del Circolo. Una notte [&hellip;]<\/p>\n","protected":false},"author":23521,"featured_media":12589,"comment_status":"open","ping_status":"closed","sticky":false,"template":"","format":"standard","meta":{"pmpro_default_level":0,"footnotes":"","_links_to":"","_links_to_target":""},"categories":[1],"tags":[],"class_list":["post-12546","post","type-post","status-publish","format-standard","has-post-thumbnail","hentry","category-news","pmpro-has-access"],"featured_image_urls":{"woocommerce_thumbnail":"https:\/\/www.ccaniene.com\/wp-content\/uploads\/2017\/03\/SER_6725_01-300x300.jpg","woocommerce_gallery_thumbnail":"https:\/\/www.ccaniene.com\/wp-content\/uploads\/2017\/03\/SER_6725_01-100x100.jpg","woocommerce_single":"https:\/\/www.ccaniene.com\/wp-content\/uploads\/2017\/03\/SER_6725_01-600x400.jpg","medium":"https:\/\/www.ccaniene.com\/wp-content\/uploads\/2017\/03\/SER_6725_01-800x533.jpg","thumbnail":"https:\/\/www.ccaniene.com\/wp-content\/uploads\/2017\/03\/SER_6725_01-400x400.jpg","medium_large":"https:\/\/www.ccaniene.com\/wp-content\/uploads\/2017\/03\/SER_6725_01-768x512.jpg"},"appp_media":null,"yoast_head":"<!-- This site is optimized with the Yoast SEO plugin v23.6 - https:\/\/yoast.com\/wordpress\/plugins\/seo\/ -->\n<title>Fabbricini nuovo Presidente del Circolo Malag\u00f2 Presidente Onorario per acclamazione - Circolo Canottieri Aniene<\/title>\n<meta name=\"robots\" content=\"index, follow, max-snippet:-1, max-image-preview:large, max-video-preview:-1\" \/>\n<link rel=\"canonical\" href=\"https:\/\/www.ccaniene.com\/it_it\/fabbricini-presidente-malago-presidente-onorario-acclamazione\/\" \/>\n<meta property=\"og:locale\" content=\"it_IT\" \/>\n<meta property=\"og:type\" content=\"article\" \/>\n<meta property=\"og:title\" content=\"Fabbricini nuovo Presidente del Circolo Malag\u00f2 Presidente Onorario per acclamazione - Circolo Canottieri Aniene\" \/>\n<meta property=\"og:description\" content=\"Una serata storica per il Circolo Canottieri Aniene. Giovanni Malag\u00f2, dopo venti anni di presidenza, non \u00e8 pi\u00f9 il presidente in carica. Eletto numero 1 del nostro Circolo nel 1997, Malag\u00f2 ha ceduto il testimone nella giornata di luned\u00ec 27 marzo. Il nuovo presidente \u00e8 Massimo Fabbricini, gi\u00e0 Responsabile dell&#8217;Organizzazione Sportiva del Circolo. Una notte [&hellip;]\" \/>\n<meta property=\"og:url\" content=\"https:\/\/www.ccaniene.com\/it_it\/fabbricini-presidente-malago-presidente-onorario-acclamazione\/\" \/>\n<meta property=\"og:site_name\" content=\"Circolo Canottieri Aniene\" \/>\n<meta property=\"article:published_time\" content=\"2017-04-05T17:26:27+00:00\" \/>\n<meta property=\"article:modified_time\" content=\"2017-04-10T12:36:54+00:00\" \/>\n<meta property=\"og:image\" content=\"https:\/\/www.ccaniene.com\/wp-content\/uploads\/2017\/03\/SER_6725_01.jpg\" \/>\n\t<meta property=\"og:image:width\" content=\"1049\" \/>\n\t<meta property=\"og:image:height\" content=\"699\" \/>\n\t<meta property=\"og:image:type\" content=\"image\/jpeg\" \/>\n<meta name=\"author\" content=\"carlo.san@tin.it\" \/>\n<meta name=\"twitter:card\" content=\"summary_large_image\" \/>\n<meta name=\"twitter:label1\" content=\"Scritto da\" \/>\n\t<meta name=\"twitter:data1\" content=\"carlo.san@tin.it\" \/>\n\t<meta name=\"twitter:label2\" content=\"Tempo di lettura stimato\" \/>\n\t<meta name=\"twitter:data2\" content=\"1 minuto\" \/>\n<script type=\"application\/ld+json\" class=\"yoast-schema-graph\">{\"@context\":\"https:\/\/schema.org\",\"@graph\":[{\"@type\":\"WebPage\",\"@id\":\"https:\/\/www.ccaniene.com\/it_it\/fabbricini-presidente-malago-presidente-onorario-acclamazione\/\",\"url\":\"https:\/\/www.ccaniene.com\/it_it\/fabbricini-presidente-malago-presidente-onorario-acclamazione\/\",\"name\":\"Fabbricini nuovo Presidente del Circolo Malag\u00f2 Presidente Onorario per acclamazione - Circolo Canottieri Aniene\",\"isPartOf\":{\"@id\":\"https:\/\/www.ccaniene.com\/it_it\/#website\"},\"primaryImageOfPage\":{\"@id\":\"https:\/\/www.ccaniene.com\/it_it\/fabbricini-presidente-malago-presidente-onorario-acclamazione\/#primaryimage\"},\"image\":{\"@id\":\"https:\/\/www.ccaniene.com\/it_it\/fabbricini-presidente-malago-presidente-onorario-acclamazione\/#primaryimage\"},\"thumbnailUrl\":\"https:\/\/www.ccaniene.com\/wp-content\/uploads\/2017\/03\/SER_6725_01.jpg\",\"datePublished\":\"2017-04-05T17:26:27+00:00\",\"dateModified\":\"2017-04-10T12:36:54+00:00\",\"author\":{\"@id\":\"https:\/\/www.ccaniene.com\/it_it\/#\/schema\/person\/6042bd0ba360674279dffd4247d570ed\"},\"breadcrumb\":{\"@id\":\"https:\/\/www.ccaniene.com\/it_it\/fabbricini-presidente-malago-presidente-onorario-acclamazione\/#breadcrumb\"},\"inLanguage\":\"it-IT\",\"potentialAction\":[{\"@type\":\"ReadAction\",\"target\":[\"https:\/\/www.ccaniene.com\/it_it\/fabbricini-presidente-malago-presidente-onorario-acclamazione\/\"]}]},{\"@type\":\"ImageObject\",\"inLanguage\":\"it-IT\",\"@id\":\"https:\/\/www.ccaniene.com\/it_it\/fabbricini-presidente-malago-presidente-onorario-acclamazione\/#primaryimage\",\"url\":\"https:\/\/www.ccaniene.com\/wp-content\/uploads\/2017\/03\/SER_6725_01.jpg\",\"contentUrl\":\"https:\/\/www.ccaniene.com\/wp-content\/uploads\/2017\/03\/SER_6725_01.jpg\",\"width\":1049,\"height\":699},{\"@type\":\"BreadcrumbList\",\"@id\":\"https:\/\/www.ccaniene.com\/it_it\/fabbricini-presidente-malago-presidente-onorario-acclamazione\/#breadcrumb\",\"itemListElement\":[{\"@type\":\"ListItem\",\"position\":1,\"name\":\"Home\",\"item\":\"https:\/\/www.ccaniene.com\/it_it\/\"},{\"@type\":\"ListItem\",\"position\":2,\"name\":\"Fabbricini nuovo Presidente del Circolo Malag\u00f2 Presidente Onorario per acclamazione\"}]},{\"@type\":\"WebSite\",\"@id\":\"https:\/\/www.ccaniene.com\/it_it\/#website\",\"url\":\"https:\/\/www.ccaniene.com\/it_it\/\",\"name\":\"Circolo Canottieri Aniene\",\"description\":\"Collare d&#039;Oro e Stella d&#039;Oro al Merito Sportivo\",\"potentialAction\":[{\"@type\":\"SearchAction\",\"target\":{\"@type\":\"EntryPoint\",\"urlTemplate\":\"https:\/\/www.ccaniene.com\/it_it\/?s={search_term_string}\"},\"query-input\":{\"@type\":\"PropertyValueSpecification\",\"valueRequired\":true,\"valueName\":\"search_term_string\"}}],\"inLanguage\":\"it-IT\"},{\"@type\":\"Person\",\"@id\":\"https:\/\/www.ccaniene.com\/it_it\/#\/schema\/person\/6042bd0ba360674279dffd4247d570ed\",\"name\":\"carlo.san@tin.it\",\"image\":{\"@type\":\"ImageObject\",\"inLanguage\":\"it-IT\",\"@id\":\"https:\/\/www.ccaniene.com\/it_it\/#\/schema\/person\/image\/\",\"url\":\"https:\/\/secure.gravatar.com\/avatar\/f993a459d0ffe4d666e4c917fef20ca9?s=96&d=mm&r=g\",\"contentUrl\":\"https:\/\/secure.gravatar.com\/avatar\/f993a459d0ffe4d666e4c917fef20ca9?s=96&d=mm&r=g\",\"caption\":\"carlo.san@tin.it\"},\"url\":\"https:\/\/www.ccaniene.com\/it_it\/author\/carlo-santi-2\/\"}]}<\/script>\n<!-- \/ Yoast SEO plugin. -->","yoast_head_json":{"title":"Fabbricini nuovo Presidente del Circolo Malag\u00f2 Presidente Onorario per acclamazione - Circolo Canottieri Aniene","robots":{"index":"index","follow":"follow","max-snippet":"max-snippet:-1","max-image-preview":"max-image-preview:large","max-video-preview":"max-video-preview:-1"},"canonical":"https:\/\/www.ccaniene.com\/it_it\/fabbricini-presidente-malago-presidente-onorario-acclamazione\/","og_locale":"it_IT","og_type":"article","og_title":"Fabbricini nuovo Presidente del Circolo Malag\u00f2 Presidente Onorario per acclamazione - Circolo Canottieri Aniene","og_description":"Una serata storica per il Circolo Canottieri Aniene. Giovanni Malag\u00f2, dopo venti anni di presidenza, non \u00e8 pi\u00f9 il presidente in carica. Eletto numero 1 del nostro Circolo nel 1997, Malag\u00f2 ha ceduto il testimone nella giornata di luned\u00ec 27 marzo. Il nuovo presidente \u00e8 Massimo Fabbricini, gi\u00e0 Responsabile dell&#8217;Organizzazione Sportiva del Circolo. Una notte [&hellip;]","og_url":"https:\/\/www.ccaniene.com\/it_it\/fabbricini-presidente-malago-presidente-onorario-acclamazione\/","og_site_name":"Circolo Canottieri Aniene","article_published_time":"2017-04-05T17:26:27+00:00","article_modified_time":"2017-04-10T12:36:54+00:00","og_image":[{"width":1049,"height":699,"url":"https:\/\/www.ccaniene.com\/wp-content\/uploads\/2017\/03\/SER_6725_01.jpg","type":"image\/jpeg"}],"author":"carlo.san@tin.it","twitter_card":"summary_large_image","twitter_misc":{"Scritto da":"carlo.san@tin.it","Tempo di lettura stimato":"1 minuto"},"schema":{"@context":"https:\/\/schema.org","@graph":[{"@type":"WebPage","@id":"https:\/\/www.ccaniene.com\/it_it\/fabbricini-presidente-malago-presidente-onorario-acclamazione\/","url":"https:\/\/www.ccaniene.com\/it_it\/fabbricini-presidente-malago-presidente-onorario-acclamazione\/","name":"Fabbricini nuovo Presidente del Circolo Malag\u00f2 Presidente Onorario per acclamazione - Circolo Canottieri Aniene","isPartOf":{"@id":"https:\/\/www.ccaniene.com\/it_it\/#website"},"primaryImageOfPage":{"@id":"https:\/\/www.ccaniene.com\/it_it\/fabbricini-presidente-malago-presidente-onorario-acclamazione\/#primaryimage"},"image":{"@id":"https:\/\/www.ccaniene.com\/it_it\/fabbricini-presidente-malago-presidente-onorario-acclamazione\/#primaryimage"},"thumbnailUrl":"https:\/\/www.ccaniene.com\/wp-content\/uploads\/2017\/03\/SER_6725_01.jpg","datePublished":"2017-04-05T17:26:27+00:00","dateModified":"2017-04-10T12:36:54+00:00","author":{"@id":"https:\/\/www.ccaniene.com\/it_it\/#\/schema\/person\/6042bd0ba360674279dffd4247d570ed"},"breadcrumb":{"@id":"https:\/\/www.ccaniene.com\/it_it\/fabbricini-presidente-malago-presidente-onorario-acclamazione\/#breadcrumb"},"inLanguage":"it-IT","potentialAction":[{"@type":"ReadAction","target":["https:\/\/www.ccaniene.com\/it_it\/fabbricini-presidente-malago-presidente-onorario-acclamazione\/"]}]},{"@type":"ImageObject","inLanguage":"it-IT","@id":"https:\/\/www.ccaniene.com\/it_it\/fabbricini-presidente-malago-presidente-onorario-acclamazione\/#primaryimage","url":"https:\/\/www.ccaniene.com\/wp-content\/uploads\/2017\/03\/SER_6725_01.jpg","contentUrl":"https:\/\/www.ccaniene.com\/wp-content\/uploads\/2017\/03\/SER_6725_01.jpg","width":1049,"height":699},{"@type":"BreadcrumbList","@id":"https:\/\/www.ccaniene.com\/it_it\/fabbricini-presidente-malago-presidente-onorario-acclamazione\/#breadcrumb","itemListElement":[{"@type":"ListItem","position":1,"name":"Home","item":"https:\/\/www.ccaniene.com\/it_it\/"},{"@type":"ListItem","position":2,"name":"Fabbricini nuovo Presidente del Circolo Malag\u00f2 Presidente Onorario per acclamazione"}]},{"@type":"WebSite","@id":"https:\/\/www.ccaniene.com\/it_it\/#website","url":"https:\/\/www.ccaniene.com\/it_it\/","name":"Circolo Canottieri Aniene","description":"Collare d&#039;Oro e Stella d&#039;Oro al Merito Sportivo","potentialAction":[{"@type":"SearchAction","target":{"@type":"EntryPoint","urlTemplate":"https:\/\/www.ccaniene.com\/it_it\/?s={search_term_string}"},"query-input":{"@type":"PropertyValueSpecification","valueRequired":true,"valueName":"search_term_string"}}],"inLanguage":"it-IT"},{"@type":"Person","@id":"https:\/\/www.ccaniene.com\/it_it\/#\/schema\/person\/6042bd0ba360674279dffd4247d570ed","name":"carlo.san@tin.it","image":{"@type":"ImageObject","inLanguage":"it-IT","@id":"https:\/\/www.ccaniene.com\/it_it\/#\/schema\/person\/image\/","url":"https:\/\/secure.gravatar.com\/avatar\/f993a459d0ffe4d666e4c917fef20ca9?s=96&d=mm&r=g","contentUrl":"https:\/\/secure.gravatar.com\/avatar\/f993a459d0ffe4d666e4c917fef20ca9?s=96&d=mm&r=g","caption":"carlo.san@tin.it"},"url":"https:\/\/www.ccaniene.com\/it_it\/author\/carlo-santi-2\/"}]}},"_links":{"self":[{"href":"https:\/\/www.ccaniene.com\/it_it\/wp-json\/wp\/v2\/posts\/12546"}],"collection":[{"href":"https:\/\/www.ccaniene.com\/it_it\/wp-json\/wp\/v2\/posts"}],"about":[{"href":"https:\/\/www.ccaniene.com\/it_it\/wp-json\/wp\/v2\/types\/post"}],"author":[{"embeddable":true,"href":"https:\/\/www.ccaniene.com\/it_it\/wp-json\/wp\/v2\/users\/23521"}],"replies":[{"embeddable":true,"href":"https:\/\/www.ccaniene.com\/it_it\/wp-json\/wp\/v2\/comments?post=12546"}],"version-history":[{"count":6,"href":"https:\/\/www.ccaniene.com\/it_it\/wp-json\/wp\/v2\/posts\/12546\/revisions"}],"predecessor-version":[{"id":12629,"href":"https:\/\/www.ccaniene.com\/it_it\/wp-json\/wp\/v2\/posts\/12546\/revisions\/12629"}],"wp:featuredmedia":[{"embeddable":true,"href":"https:\/\/www.ccaniene.com\/it_it\/wp-json\/wp\/v2\/media\/12589"}],"wp:attachment":[{"href":"https:\/\/www.ccaniene.com\/it_it\/wp-json\/wp\/v2\/media?parent=12546"}],"wp:term":[{"taxonomy":"category","embeddable":true,"href":"https:\/\/www.ccaniene.com\/it_it\/wp-json\/wp\/v2\/categories?post=12546"},{"taxonomy":"post_tag","embeddable":true,"href":"https:\/\/www.ccaniene.com\/it_it\/wp-json\/wp\/v2\/tags?post=12546"}],"curies":[{"name":"wp","href":"https:\/\/api.w.org\/{rel}","templated":true}]}}