{"id":12488,"date":"2017-03-22T16:30:59","date_gmt":"2017-03-22T15:30:59","guid":{"rendered":"https:\/\/www.ccaniene.com\/?p=12488\/"},"modified":"2017-03-29T14:53:18","modified_gmt":"2017-03-29T12:53:18","slug":"quarti-finale-un-attimo-la-gioia","status":"publish","type":"post","link":"https:\/\/www.ccaniene.com\/it_it\/quarti-finale-un-attimo-la-gioia\/","title":{"rendered":"Quarti di finale: \u00e8 un attimo la gioia"},"content":{"rendered":"<p><strong><em>&#8211; di FEDERICO VECCHIO &#8211;<\/em><\/strong><\/p>\n<p>Ci sono attimi, nella vita di ciascuno, che danno significato al prima, a tutto quello che fino a l\u00ec si \u00e8 vissuto, che danno la misura di ci\u00f2 che \u00e8 stato. Che sono non solo il premio, la realizzazione di un sogno, ma lo snodo di un&#8217;esistenza. Ci sono attimi che, una volta vissuti, sono successi, e nulla sar\u00e0 pi\u00f9 come prima, che indietro non si pu\u00f2 tornare.<br \/>\nChi vi scrive se ne stava l\u00ec, dietro al cancello carrabile del campo principale. Se ne stava l\u00ec, ad aspettare che quell&#8217;attimo arrivasse. Perch\u00e9 si sentiva nell&#8217;aria. Perch\u00e9 si avvertiva, come la primavera imminente.<br \/>\nEd \u00e8 bastato che dalla panchina della squadra De Matteis si levasse un grido (&#8220;manca un minuto&#8221;) che quel minuto improvvisamente si materializzasse, l\u00ec, fermo, sospeso nel tempo, come cosa viva. Ed in quel minuto, in quei sessanta secondi, la vita del nostro immenso protagonista si \u00e8 srotolata in un lampo. Lui era l\u00ec, fermo, al limite dell&#8217;area. La palla laggi\u00f9, appena uscita sul fondo. Ed il direttore di gara ad indicare il calcio d&#8217;angolo per la squadra Filosa. Ed il nostro, a quel punto, mentre quei sessanta secondi si riducevano a trenta, si spostava, lento, da quel limite dell&#8217;area verso il secondo palo. E se ne restava l\u00ec, fermo, per altri dieci secondi. Ne mancavano venti. E in quei quaranta secondi appena fuggiti aveva ripercorso tutta la sua vita, le tante partite mai giocate, i troppi abbracci, dopo qualche gol, dati ma mai ricevuti, le troppe convocazioni scorrendo, con il cuore in gola, la lista dei nominativi, correndo alla lettera R, per rendersi conto che, dopo la parola &#8220;Proto&#8221; e prima della parola &#8220;Sarandrea&#8221; c&#8217;era un inconsolabile vuoto. Ed intanto i secondi che mancavano erano dieci. Ed i suoi passi si facevano sempre pi\u00f9 leggeri, come di predatore che sente, che vede, che sa aspettare. E la sua vita era l\u00ec, ancora stretta in quei sei, cinque, quattro secondi. I De Matteis, a quel punto, erano tutti schierati. C&#8217;era da evitare il tiro da fuori, c&#8217;era da evitare la penetrazione in area di A. De Petris, c&#8217;era da evitare forse anche altro. Ma, si sa, quello che c&#8217;era da evitare lo si capisce sempre dopo. Quando i secondi sono ormai tre, quando quell&#8217;attimo che sta per arrivare non \u00e8 il tuo attimo, quando la vita di qualcuno si sta meravigliosamente abbracciando ad un palo, di una porta, di un campo di calcetto, a quel punto \u00e8 tardi per tornare indietro. Perch\u00e9 quel pallone, da quella lunetta del calcio d&#8217;angolo e&#8217; partito, ed \u00e8 diretto l\u00ec, sul secondo palo. Ed a quel pallone non interessa di questo o di quello. A quel pallone interessa arrivare solo da lui, laggi\u00f9, sul secondo palo, perch\u00e9 questo \u00e8 l&#8217;appuntamento che la storia gli ha assegnato. E li, su quel secondo palo, ad aspettarlo, c&#8217;\u00e8 tutta la vita di un uomo, non solo il suo piede pronto, in una mezza scivolata, accompagnata dal peso di tutto il corpo, a colpirlo di interno, o forse di caviglia, o forse di stinco. Ma poco importa. Ma cosa importa. Quel minuto e&#8217; finito. Quella palla ora \u00e8 in rete. E quel fischio che arriva, insieme alla sua gioia, non decreta solo la vittoria di Filosa su de Matteis per due a uno, ma la rivalsa di una vita. Perch\u00e9 quell&#8217;esultanza, fatta di corsa, di braccia rivolte al cielo, di sorrisi ed abbracci, e&#8217; il premio per un&#8217;esistenza vissuta per essere l\u00ec, su quel secondo palo, all&#8217;ultimo minuto di quel quarto di finale. Perch\u00e9 capodanno pu\u00f2 arrivare anche in una dolce serata di marzo. Come pu\u00f2 confermare il nostro eroe, che risponde al nome di Bruno Ripandelli, che stasera si \u00e8 messo alle spalle tutto il suo passato sportivo, per festeggiare quello che, da oggi, sar\u00e0 il suo futuro sportivo. Fatto di mille partite ed altre mille ancora. Ma sempre nel ricordo di quando, in una dolce sera di marzo, all&#8217;ultimo minuto di un quarto di finale, la storia gli aveva dato appuntamento con un pallone l\u00ec, sul secondo palo.<br \/>\nDetto del gesto che ha caratterizzato questa serata si torneo, non resta che stropicciarsi gli occhi per lo splendido pareggio tra Picciotti e Cecilia. Il primo tempo si chiudeva, difatti, sul tre a zero per i Cecilia, prontissimi a sfruttare le maglie troppo larghe della difesa dei Picciotti e gratificati da una serie di splendidi interventi di Meliti, il portiere che sembra sempre essere l\u00ec per perdere caviglie, anche, tessuti vari. Ma la ripresa era un&#8217;altra storia. Salivano in cattedra, difatti, Van Basten Abrigani e Higuain Rappini e, a quel punto, era chiaro che il vento fosse girato. La partita finiva in parit\u00e0, e cos\u00ec i supplementari, con il risultato che premiava i Picciotti per il miglior piazzamento in classifica durante la regular season.<br \/>\nA questo punto \u00e8 tempo di semifinali, la cui unica certezza non sar\u00e0 certo nel risultato, ma nella presenza in campo di Bruno Ripandelli. Che, ne siamo certi, nel momento in cui chi vi scrive sta finendo questa fatica, sar\u00e0 certamente ancora l\u00ec, su quel campo, a cercare di fermare quell&#8217;attimo che \u00e8 stato. In cui dentro c&#8217;\u00e8 passata tutta la sua vita.<\/p>\n","protected":false},"excerpt":{"rendered":"<p>&#8211; di FEDERICO VECCHIO &#8211; Ci sono attimi, nella vita di ciascuno, che danno significato al prima, a tutto quello che fino a l\u00ec si \u00e8 vissuto, che danno la misura di ci\u00f2 che \u00e8 stato. Che sono non solo il premio, la realizzazione di un sogno, ma lo snodo di un&#8217;esistenza. Ci sono attimi [&hellip;]<\/p>\n","protected":false},"author":23521,"featured_media":12426,"comment_status":"open","ping_status":"closed","sticky":false,"template":"","format":"standard","meta":{"pmpro_default_level":0,"footnotes":"","_links_to":"","_links_to_target":""},"categories":[39,1],"tags":[],"class_list":["post-12488","post","type-post","status-publish","format-standard","has-post-thumbnail","hentry","category-calcetto","category-news","pmpro-has-access"],"featured_image_urls":{"woocommerce_thumbnail":"https:\/\/www.ccaniene.com\/wp-content\/uploads\/2017\/03\/fabbricini_celani-300x300.jpg","woocommerce_gallery_thumbnail":"https:\/\/www.ccaniene.com\/wp-content\/uploads\/2017\/03\/fabbricini_celani-100x100.jpg","woocommerce_single":"https:\/\/www.ccaniene.com\/wp-content\/uploads\/2017\/03\/fabbricini_celani-600x400.jpg","medium":"https:\/\/www.ccaniene.com\/wp-content\/uploads\/2017\/03\/fabbricini_celani-800x533.jpg","thumbnail":"https:\/\/www.ccaniene.com\/wp-content\/uploads\/2017\/03\/fabbricini_celani-400x400.jpg","medium_large":"https:\/\/www.ccaniene.com\/wp-content\/uploads\/2017\/03\/fabbricini_celani-768x512.jpg"},"appp_media":null,"yoast_head":"<!-- This site is optimized with the Yoast SEO plugin v23.6 - https:\/\/yoast.com\/wordpress\/plugins\/seo\/ -->\n<title>Quarti di finale: \u00e8 un attimo la gioia - Circolo Canottieri Aniene<\/title>\n<meta name=\"robots\" content=\"index, follow, max-snippet:-1, max-image-preview:large, max-video-preview:-1\" \/>\n<link rel=\"canonical\" href=\"https:\/\/www.ccaniene.com\/it_it\/quarti-finale-un-attimo-la-gioia\/\" \/>\n<meta property=\"og:locale\" content=\"it_IT\" \/>\n<meta property=\"og:type\" content=\"article\" \/>\n<meta property=\"og:title\" content=\"Quarti di finale: \u00e8 un attimo la gioia - Circolo Canottieri Aniene\" \/>\n<meta property=\"og:description\" content=\"&#8211; di FEDERICO VECCHIO &#8211; Ci sono attimi, nella vita di ciascuno, che danno significato al prima, a tutto quello che fino a l\u00ec si \u00e8 vissuto, che danno la misura di ci\u00f2 che \u00e8 stato. Che sono non solo il premio, la realizzazione di un sogno, ma lo snodo di un&#8217;esistenza. Ci sono attimi [&hellip;]\" \/>\n<meta property=\"og:url\" content=\"https:\/\/www.ccaniene.com\/it_it\/quarti-finale-un-attimo-la-gioia\/\" \/>\n<meta property=\"og:site_name\" content=\"Circolo Canottieri Aniene\" \/>\n<meta property=\"article:published_time\" content=\"2017-03-22T15:30:59+00:00\" \/>\n<meta property=\"article:modified_time\" content=\"2017-03-29T12:53:18+00:00\" \/>\n<meta property=\"og:image\" content=\"https:\/\/www.ccaniene.com\/wp-content\/uploads\/2017\/03\/fabbricini_celani.jpg\" \/>\n\t<meta property=\"og:image:width\" content=\"1049\" \/>\n\t<meta property=\"og:image:height\" content=\"699\" \/>\n\t<meta property=\"og:image:type\" content=\"image\/jpeg\" \/>\n<meta name=\"author\" content=\"carlo.san@tin.it\" \/>\n<meta name=\"twitter:card\" content=\"summary_large_image\" \/>\n<meta name=\"twitter:label1\" content=\"Scritto da\" \/>\n\t<meta name=\"twitter:data1\" content=\"carlo.san@tin.it\" \/>\n\t<meta name=\"twitter:label2\" content=\"Tempo di lettura stimato\" \/>\n\t<meta name=\"twitter:data2\" content=\"4 minuti\" \/>\n<script type=\"application\/ld+json\" class=\"yoast-schema-graph\">{\"@context\":\"https:\/\/schema.org\",\"@graph\":[{\"@type\":\"WebPage\",\"@id\":\"https:\/\/www.ccaniene.com\/en\/quarti-finale-un-attimo-la-gioia\/\",\"url\":\"https:\/\/www.ccaniene.com\/en\/quarti-finale-un-attimo-la-gioia\/\",\"name\":\"Quarti di finale: \u00e8 un attimo la gioia - Circolo Canottieri Aniene\",\"isPartOf\":{\"@id\":\"https:\/\/www.ccaniene.com\/it_it\/#website\"},\"primaryImageOfPage\":{\"@id\":\"https:\/\/www.ccaniene.com\/en\/quarti-finale-un-attimo-la-gioia\/#primaryimage\"},\"image\":{\"@id\":\"https:\/\/www.ccaniene.com\/en\/quarti-finale-un-attimo-la-gioia\/#primaryimage\"},\"thumbnailUrl\":\"https:\/\/www.ccaniene.com\/wp-content\/uploads\/2017\/03\/fabbricini_celani.jpg\",\"datePublished\":\"2017-03-22T15:30:59+00:00\",\"dateModified\":\"2017-03-29T12:53:18+00:00\",\"author\":{\"@id\":\"https:\/\/www.ccaniene.com\/it_it\/#\/schema\/person\/6042bd0ba360674279dffd4247d570ed\"},\"breadcrumb\":{\"@id\":\"https:\/\/www.ccaniene.com\/en\/quarti-finale-un-attimo-la-gioia\/#breadcrumb\"},\"inLanguage\":\"it-IT\",\"potentialAction\":[{\"@type\":\"ReadAction\",\"target\":[\"https:\/\/www.ccaniene.com\/en\/quarti-finale-un-attimo-la-gioia\/\"]}]},{\"@type\":\"ImageObject\",\"inLanguage\":\"it-IT\",\"@id\":\"https:\/\/www.ccaniene.com\/en\/quarti-finale-un-attimo-la-gioia\/#primaryimage\",\"url\":\"https:\/\/www.ccaniene.com\/wp-content\/uploads\/2017\/03\/fabbricini_celani.jpg\",\"contentUrl\":\"https:\/\/www.ccaniene.com\/wp-content\/uploads\/2017\/03\/fabbricini_celani.jpg\",\"width\":1049,\"height\":699},{\"@type\":\"BreadcrumbList\",\"@id\":\"https:\/\/www.ccaniene.com\/en\/quarti-finale-un-attimo-la-gioia\/#breadcrumb\",\"itemListElement\":[{\"@type\":\"ListItem\",\"position\":1,\"name\":\"Home\",\"item\":\"https:\/\/www.ccaniene.com\/it_it\/\"},{\"@type\":\"ListItem\",\"position\":2,\"name\":\"Quarti di finale: \u00e8 un attimo la gioia\"}]},{\"@type\":\"WebSite\",\"@id\":\"https:\/\/www.ccaniene.com\/it_it\/#website\",\"url\":\"https:\/\/www.ccaniene.com\/it_it\/\",\"name\":\"Circolo Canottieri Aniene\",\"description\":\"Collare d&#039;Oro e Stella d&#039;Oro al Merito Sportivo\",\"potentialAction\":[{\"@type\":\"SearchAction\",\"target\":{\"@type\":\"EntryPoint\",\"urlTemplate\":\"https:\/\/www.ccaniene.com\/it_it\/?s={search_term_string}\"},\"query-input\":{\"@type\":\"PropertyValueSpecification\",\"valueRequired\":true,\"valueName\":\"search_term_string\"}}],\"inLanguage\":\"it-IT\"},{\"@type\":\"Person\",\"@id\":\"https:\/\/www.ccaniene.com\/it_it\/#\/schema\/person\/6042bd0ba360674279dffd4247d570ed\",\"name\":\"carlo.san@tin.it\",\"image\":{\"@type\":\"ImageObject\",\"inLanguage\":\"it-IT\",\"@id\":\"https:\/\/www.ccaniene.com\/it_it\/#\/schema\/person\/image\/\",\"url\":\"https:\/\/secure.gravatar.com\/avatar\/f993a459d0ffe4d666e4c917fef20ca9?s=96&d=mm&r=g\",\"contentUrl\":\"https:\/\/secure.gravatar.com\/avatar\/f993a459d0ffe4d666e4c917fef20ca9?s=96&d=mm&r=g\",\"caption\":\"carlo.san@tin.it\"},\"url\":\"https:\/\/www.ccaniene.com\/it_it\/author\/carlo-santi-2\/\"}]}<\/script>\n<!-- \/ Yoast SEO plugin. -->","yoast_head_json":{"title":"Quarti di finale: \u00e8 un attimo la gioia - Circolo Canottieri Aniene","robots":{"index":"index","follow":"follow","max-snippet":"max-snippet:-1","max-image-preview":"max-image-preview:large","max-video-preview":"max-video-preview:-1"},"canonical":"https:\/\/www.ccaniene.com\/it_it\/quarti-finale-un-attimo-la-gioia\/","og_locale":"it_IT","og_type":"article","og_title":"Quarti di finale: \u00e8 un attimo la gioia - Circolo Canottieri Aniene","og_description":"&#8211; di FEDERICO VECCHIO &#8211; Ci sono attimi, nella vita di ciascuno, che danno significato al prima, a tutto quello che fino a l\u00ec si \u00e8 vissuto, che danno la misura di ci\u00f2 che \u00e8 stato. Che sono non solo il premio, la realizzazione di un sogno, ma lo snodo di un&#8217;esistenza. Ci sono attimi [&hellip;]","og_url":"https:\/\/www.ccaniene.com\/it_it\/quarti-finale-un-attimo-la-gioia\/","og_site_name":"Circolo Canottieri Aniene","article_published_time":"2017-03-22T15:30:59+00:00","article_modified_time":"2017-03-29T12:53:18+00:00","og_image":[{"width":1049,"height":699,"url":"https:\/\/www.ccaniene.com\/wp-content\/uploads\/2017\/03\/fabbricini_celani.jpg","type":"image\/jpeg"}],"author":"carlo.san@tin.it","twitter_card":"summary_large_image","twitter_misc":{"Scritto da":"carlo.san@tin.it","Tempo di lettura stimato":"4 minuti"},"schema":{"@context":"https:\/\/schema.org","@graph":[{"@type":"WebPage","@id":"https:\/\/www.ccaniene.com\/en\/quarti-finale-un-attimo-la-gioia\/","url":"https:\/\/www.ccaniene.com\/en\/quarti-finale-un-attimo-la-gioia\/","name":"Quarti di finale: \u00e8 un attimo la gioia - Circolo Canottieri Aniene","isPartOf":{"@id":"https:\/\/www.ccaniene.com\/it_it\/#website"},"primaryImageOfPage":{"@id":"https:\/\/www.ccaniene.com\/en\/quarti-finale-un-attimo-la-gioia\/#primaryimage"},"image":{"@id":"https:\/\/www.ccaniene.com\/en\/quarti-finale-un-attimo-la-gioia\/#primaryimage"},"thumbnailUrl":"https:\/\/www.ccaniene.com\/wp-content\/uploads\/2017\/03\/fabbricini_celani.jpg","datePublished":"2017-03-22T15:30:59+00:00","dateModified":"2017-03-29T12:53:18+00:00","author":{"@id":"https:\/\/www.ccaniene.com\/it_it\/#\/schema\/person\/6042bd0ba360674279dffd4247d570ed"},"breadcrumb":{"@id":"https:\/\/www.ccaniene.com\/en\/quarti-finale-un-attimo-la-gioia\/#breadcrumb"},"inLanguage":"it-IT","potentialAction":[{"@type":"ReadAction","target":["https:\/\/www.ccaniene.com\/en\/quarti-finale-un-attimo-la-gioia\/"]}]},{"@type":"ImageObject","inLanguage":"it-IT","@id":"https:\/\/www.ccaniene.com\/en\/quarti-finale-un-attimo-la-gioia\/#primaryimage","url":"https:\/\/www.ccaniene.com\/wp-content\/uploads\/2017\/03\/fabbricini_celani.jpg","contentUrl":"https:\/\/www.ccaniene.com\/wp-content\/uploads\/2017\/03\/fabbricini_celani.jpg","width":1049,"height":699},{"@type":"BreadcrumbList","@id":"https:\/\/www.ccaniene.com\/en\/quarti-finale-un-attimo-la-gioia\/#breadcrumb","itemListElement":[{"@type":"ListItem","position":1,"name":"Home","item":"https:\/\/www.ccaniene.com\/it_it\/"},{"@type":"ListItem","position":2,"name":"Quarti di finale: \u00e8 un attimo la gioia"}]},{"@type":"WebSite","@id":"https:\/\/www.ccaniene.com\/it_it\/#website","url":"https:\/\/www.ccaniene.com\/it_it\/","name":"Circolo Canottieri Aniene","description":"Collare d&#039;Oro e Stella d&#039;Oro al Merito Sportivo","potentialAction":[{"@type":"SearchAction","target":{"@type":"EntryPoint","urlTemplate":"https:\/\/www.ccaniene.com\/it_it\/?s={search_term_string}"},"query-input":{"@type":"PropertyValueSpecification","valueRequired":true,"valueName":"search_term_string"}}],"inLanguage":"it-IT"},{"@type":"Person","@id":"https:\/\/www.ccaniene.com\/it_it\/#\/schema\/person\/6042bd0ba360674279dffd4247d570ed","name":"carlo.san@tin.it","image":{"@type":"ImageObject","inLanguage":"it-IT","@id":"https:\/\/www.ccaniene.com\/it_it\/#\/schema\/person\/image\/","url":"https:\/\/secure.gravatar.com\/avatar\/f993a459d0ffe4d666e4c917fef20ca9?s=96&d=mm&r=g","contentUrl":"https:\/\/secure.gravatar.com\/avatar\/f993a459d0ffe4d666e4c917fef20ca9?s=96&d=mm&r=g","caption":"carlo.san@tin.it"},"url":"https:\/\/www.ccaniene.com\/it_it\/author\/carlo-santi-2\/"}]}},"_links":{"self":[{"href":"https:\/\/www.ccaniene.com\/it_it\/wp-json\/wp\/v2\/posts\/12488"}],"collection":[{"href":"https:\/\/www.ccaniene.com\/it_it\/wp-json\/wp\/v2\/posts"}],"about":[{"href":"https:\/\/www.ccaniene.com\/it_it\/wp-json\/wp\/v2\/types\/post"}],"author":[{"embeddable":true,"href":"https:\/\/www.ccaniene.com\/it_it\/wp-json\/wp\/v2\/users\/23521"}],"replies":[{"embeddable":true,"href":"https:\/\/www.ccaniene.com\/it_it\/wp-json\/wp\/v2\/comments?post=12488"}],"version-history":[{"count":2,"href":"https:\/\/www.ccaniene.com\/it_it\/wp-json\/wp\/v2\/posts\/12488\/revisions"}],"predecessor-version":[{"id":12611,"href":"https:\/\/www.ccaniene.com\/it_it\/wp-json\/wp\/v2\/posts\/12488\/revisions\/12611"}],"wp:featuredmedia":[{"embeddable":true,"href":"https:\/\/www.ccaniene.com\/it_it\/wp-json\/wp\/v2\/media\/12426"}],"wp:attachment":[{"href":"https:\/\/www.ccaniene.com\/it_it\/wp-json\/wp\/v2\/media?parent=12488"}],"wp:term":[{"taxonomy":"category","embeddable":true,"href":"https:\/\/www.ccaniene.com\/it_it\/wp-json\/wp\/v2\/categories?post=12488"},{"taxonomy":"post_tag","embeddable":true,"href":"https:\/\/www.ccaniene.com\/it_it\/wp-json\/wp\/v2\/tags?post=12488"}],"curies":[{"name":"wp","href":"https:\/\/api.w.org\/{rel}","templated":true}]}}