{"id":12150,"date":"2017-02-15T14:01:34","date_gmt":"2017-02-15T13:01:34","guid":{"rendered":"https:\/\/www.ccaniene.com\/?p=12150\/"},"modified":"2017-02-24T12:43:32","modified_gmt":"2017-02-24T11:43:32","slug":"quarta-giornata-arriva-naldi-si-conferma-tartaglia","status":"publish","type":"post","link":"https:\/\/www.ccaniene.com\/it_it\/quarta-giornata-arriva-naldi-si-conferma-tartaglia\/","title":{"rendered":"Quarta giornata: arriva Naldi e si conferma Tartaglia"},"content":{"rendered":"<p><strong><em>&#8211; di FEDERICO VECCHIO &#8211;<\/em><\/strong><\/p>\n<p>Ieri sera, al fischio finale, tutti, nessuno escluso, non hanno potuto fare altro che salutare la squadra Celani, che ormai \u00e8 laggi\u00f9, lontana, oltre l\u2019orizzonte, in un posto davvero irraggiungibile, li dove l\u2019hanno portata le sue quattro vittorie quattro ed i conseguenti dodici punti.<br \/>\nE si che l\u2019assenza di Lirosi, nell\u2019incontro che vedeva Celani contro i ragazzini terribili di Vaccaro, lasciava ipotizzare che qualcosa potesse accadere. Ed invece, no. Ma se l\u2019esito finale \u00e8 stata la vittoria di Celani per sei a quattro, la partita ha detto molto altro.<br \/>\nPrima di tutto, ha confermato come il vivaio Vaccaro sia ricchissimo, e che non c\u2019\u00e8 da aspettare primavera per vedere sbocciare fiori. Ieri sera \u00e8 stato il turno, difatti, di Alessio Clerici, che si \u00e8 portato a casa il pallone con una tripletta tanto bella quanto illusoria. Perch\u00e9, dopo quei tre gol, i nostri giovanotti si trovavano in vantaggio per quattro a due, e pochi minuti mancavano, oramai, al termine dell\u2019incontro. Ma non avevano fatto i conti con Gilardoni, e con i loro coetanei Celani R., meglio noto come il figlio della moglie di Celani, e Fabbri R., meglio noto come il figlio della moglie di Fabbri, che, approfittando dell\u2019inesperienza giovanile dei nostri, ribaltavano il risultato, portando la squadra Celani a salpare per inarrivabili lidi. E scrivendo, cos\u00ec, con largo anticipo, il nome della prima semifinalista nel tabellone.<br \/>\nMa l\u2019uomo che, ieri sera, ha cambiato la storia della propria squadra e del torneo \u00e8, senza ombra di dubbio, Roberto Naldi. E qui due parole vanno spese. Solo nella giornata di ieri, intorno alle ore 14, Roberto Naldi continuava ad essere un tesserato, messo, inspiegabilmente, ai margini della rosa della squadra Celani. Pochi minuti dopo, lo scenario cambiava. Con un\u2019operazione di mercato nemmeno seconda a quella che port\u00f2 Pirlo alla Juventus, il presidente Cucchiella, stanco di aver una squadra di vincibili, implorava Celani di trasferirgli il cartellino del giocatore. E ci\u00f2 avveniva, non senza un qualche ripensamento di Celani, timoroso di aver fatto un favore al rivale, a met\u00e0 pomeriggio. A quel punto, giusto il tempo di passare a casa, preparare il borsone, salutare i familiari, e Naldi era li, al campo, tra i pali della squadra Cucchiella nel big match contro i De Matteis. E mai scelta fu pi\u00f9 azzeccata, perch\u00e9 grazie soprattutto alla sua prestazione da ieri gli ex invincibili, poi vincibili, sono tornati alla vittoria, per sette a sei, con un gol di Pletz all\u2019ultimo minuto, in una partita in cui l\u2019allegria difensiva, da una parte e dall\u2019altra, l\u2019ha fatta da regina. Una menzione speciale, ovviamente, va alle solite prestazioni di Natoli e Tavano, ma un encomio va dato a Luca Ferrari che, per esordire nel torneo con la squadra De Matteis, \u00e8 venuto a Roma direttamente da Londra, per poi, finita la gara, correre in aeroporto, dormendo chiss\u00e0 dove, per riprendere il primo volo del mattino per l\u2019Inghilterra. Un eroe.<br \/>\nSe Cucchiella ha trovato Naldi, Filosa ha, per\u00f2, ritrovato Tartaglia. In una partita aperta, per l\u2019holding Filosa, da un grandissimo gol del solito Vavalli, Tartaglia resisteva ad una partita in cui gli avversari arrivavano da ogni dove, parando tutto ci\u00f2 che si avvicinava dalle sue parti e, dove non arrivava lui, in suo soccorso c\u2019erano i pali amici. Ma, nel finale, nulla poteva contro Giontella, il cui gol ristabiliva, si, la parit\u00e0 dell\u2019incontro, ma offriva, alle statistiche, un dato preoccupante per gli avversari di Filosa, e cio\u00e8 che, in tre partite, Tartaglia ha subito soltanto due reti. E, se non si prendono gol, la finale sta li, a portata di mano. E questo Filosa lo sa bene.<br \/>\nSplendido pareggio, invece, tra Picciotti e Murino. Un cinque a cinque deciso all\u2019ultimo secondo di gara da un tiro scagliato da Merlo, che il portiere della squadra Picciotti, di cui mi sfugge il nome, ma di cui mi \u00e8 ben chiara la lentezza di riflessi, lasciava passare alle proprie spalle. Ma prima di quel momento decisivo, la gara era stata caratterizzata da una doppietta, alla Pippo Inzaghi, del sempre pi\u00f9 convincente Bigerna, dalle parate del meraviglioso Murino e, soprattutto, incastonate come gioielli, da un meraviglioso gol di tacco di Rappini (autore di una tripletta) e di un pallonetto millimetrico di Abbrignani (per lui, due gol all\u2019attivo.). Ala fine, un pareggio che \u00e8 comunque utile alla squadra Picciotti, lasciandola seconda, in solitaria, a sette punti, mentre poco serve alla squadra Murino, sempre ancorata, con soli due punti, nel fondo della classifica.<br \/>\nSabato si riprende. E questa volta l\u2019attenzione sar\u00e0 tutta su Naldi e Tartaglia. Per vedere se confermeranno quello che, oramai, \u00e8 sulla bocca di tutti: il torneo si vince solo se hai un grande portiere. E loro, certamente sino a ieri sera, lo sono stati.<\/p>\n<p><strong>I RISULTATI<\/strong><\/p>\n<p><strong>Filosa-Fabbricini 1-1<\/strong><br \/>\nVavalli<br \/>\nGiontella<\/p>\n<p><strong>Celani-Giovani 6-4<\/strong><br \/>\nGilardoni A. (3) Celani R. Fabbri R. autogol<br \/>\nClerici (3) Albano<\/p>\n<p><strong>Cucchiella-De Matteis 7-6<\/strong><br \/>\nAbrignani P. (3) Bergamini (2) Lubrano<br \/>\nPlez N. (3) Natoli (2) Tavano (2)<br \/>\nAmmonito De Matteis<\/p>\n<p><strong>Murino-Picciotti 5-5<\/strong><br \/>\nBigerna (2) Catalano Di Bella C. Murino<br \/>\nRappini (3) Abrignani D. (2)<\/p>\n<p><strong>LA CLASSIFICA<\/strong><\/p>\n<p>Celani 12<br \/>\nPicciotti 7<br \/>\nFilosa 5<br \/>\nFabbricini, Cucchiella, Cecilia e De Matteis 4<br \/>\nMurino 2<br \/>\nGiovani 1<\/p>\n<p>&nbsp;<\/p>\n","protected":false},"excerpt":{"rendered":"<p>&#8211; di FEDERICO VECCHIO &#8211; Ieri sera, al fischio finale, tutti, nessuno escluso, non hanno potuto fare altro che salutare la squadra Celani, che ormai \u00e8 laggi\u00f9, lontana, oltre l\u2019orizzonte, in un posto davvero irraggiungibile, li dove l\u2019hanno portata le sue quattro vittorie quattro ed i conseguenti dodici punti. E si che l\u2019assenza di Lirosi, [&hellip;]<\/p>\n","protected":false},"author":23521,"featured_media":12184,"comment_status":"open","ping_status":"closed","sticky":false,"template":"","format":"standard","meta":{"pmpro_default_level":0,"footnotes":"","_links_to":"","_links_to_target":""},"categories":[39,1],"tags":[],"class_list":["post-12150","post","type-post","status-publish","format-standard","has-post-thumbnail","hentry","category-calcetto","category-news","pmpro-has-access"],"featured_image_urls":{"woocommerce_thumbnail":"https:\/\/www.ccaniene.com\/wp-content\/uploads\/2017\/02\/torneo6-300x300.jpg","woocommerce_gallery_thumbnail":"https:\/\/www.ccaniene.com\/wp-content\/uploads\/2017\/02\/torneo6-100x100.jpg","woocommerce_single":"https:\/\/www.ccaniene.com\/wp-content\/uploads\/2017\/02\/torneo6-600x400.jpg","medium":"https:\/\/www.ccaniene.com\/wp-content\/uploads\/2017\/02\/torneo6-800x533.jpg","thumbnail":"https:\/\/www.ccaniene.com\/wp-content\/uploads\/2017\/02\/torneo6-400x400.jpg","medium_large":"https:\/\/www.ccaniene.com\/wp-content\/uploads\/2017\/02\/torneo6-768x512.jpg"},"appp_media":null,"yoast_head":"<!-- This site is optimized with the Yoast SEO plugin v23.6 - https:\/\/yoast.com\/wordpress\/plugins\/seo\/ -->\n<title>Quarta giornata: arriva Naldi e si conferma Tartaglia - Circolo Canottieri Aniene<\/title>\n<meta name=\"robots\" content=\"index, follow, max-snippet:-1, max-image-preview:large, max-video-preview:-1\" \/>\n<link rel=\"canonical\" href=\"https:\/\/www.ccaniene.com\/it_it\/quarta-giornata-arriva-naldi-si-conferma-tartaglia\/\" \/>\n<meta property=\"og:locale\" content=\"it_IT\" \/>\n<meta property=\"og:type\" content=\"article\" \/>\n<meta property=\"og:title\" content=\"Quarta giornata: arriva Naldi e si conferma Tartaglia - Circolo Canottieri Aniene\" \/>\n<meta property=\"og:description\" content=\"&#8211; di FEDERICO VECCHIO &#8211; Ieri sera, al fischio finale, tutti, nessuno escluso, non hanno potuto fare altro che salutare la squadra Celani, che ormai \u00e8 laggi\u00f9, lontana, oltre l\u2019orizzonte, in un posto davvero irraggiungibile, li dove l\u2019hanno portata le sue quattro vittorie quattro ed i conseguenti dodici punti. E si che l\u2019assenza di Lirosi, [&hellip;]\" \/>\n<meta property=\"og:url\" content=\"https:\/\/www.ccaniene.com\/it_it\/quarta-giornata-arriva-naldi-si-conferma-tartaglia\/\" \/>\n<meta property=\"og:site_name\" content=\"Circolo Canottieri Aniene\" \/>\n<meta property=\"article:published_time\" content=\"2017-02-15T13:01:34+00:00\" \/>\n<meta property=\"article:modified_time\" content=\"2017-02-24T11:43:32+00:00\" \/>\n<meta property=\"og:image\" content=\"https:\/\/www.ccaniene.com\/wp-content\/uploads\/2017\/02\/torneo6.jpg\" \/>\n\t<meta property=\"og:image:width\" content=\"1049\" \/>\n\t<meta property=\"og:image:height\" content=\"699\" \/>\n\t<meta property=\"og:image:type\" content=\"image\/jpeg\" \/>\n<meta name=\"author\" content=\"carlo.san@tin.it\" \/>\n<meta name=\"twitter:card\" content=\"summary_large_image\" \/>\n<meta name=\"twitter:label1\" content=\"Scritto da\" \/>\n\t<meta name=\"twitter:data1\" content=\"carlo.san@tin.it\" \/>\n\t<meta name=\"twitter:label2\" content=\"Tempo di lettura stimato\" \/>\n\t<meta name=\"twitter:data2\" content=\"4 minuti\" \/>\n<script type=\"application\/ld+json\" class=\"yoast-schema-graph\">{\"@context\":\"https:\/\/schema.org\",\"@graph\":[{\"@type\":\"WebPage\",\"@id\":\"https:\/\/www.ccaniene.com\/en\/quarta-giornata-arriva-naldi-si-conferma-tartaglia\/\",\"url\":\"https:\/\/www.ccaniene.com\/en\/quarta-giornata-arriva-naldi-si-conferma-tartaglia\/\",\"name\":\"Quarta giornata: arriva Naldi e si conferma Tartaglia - Circolo Canottieri Aniene\",\"isPartOf\":{\"@id\":\"https:\/\/www.ccaniene.com\/it_it\/#website\"},\"primaryImageOfPage\":{\"@id\":\"https:\/\/www.ccaniene.com\/en\/quarta-giornata-arriva-naldi-si-conferma-tartaglia\/#primaryimage\"},\"image\":{\"@id\":\"https:\/\/www.ccaniene.com\/en\/quarta-giornata-arriva-naldi-si-conferma-tartaglia\/#primaryimage\"},\"thumbnailUrl\":\"https:\/\/www.ccaniene.com\/wp-content\/uploads\/2017\/02\/torneo6.jpg\",\"datePublished\":\"2017-02-15T13:01:34+00:00\",\"dateModified\":\"2017-02-24T11:43:32+00:00\",\"author\":{\"@id\":\"https:\/\/www.ccaniene.com\/it_it\/#\/schema\/person\/6042bd0ba360674279dffd4247d570ed\"},\"breadcrumb\":{\"@id\":\"https:\/\/www.ccaniene.com\/en\/quarta-giornata-arriva-naldi-si-conferma-tartaglia\/#breadcrumb\"},\"inLanguage\":\"it-IT\",\"potentialAction\":[{\"@type\":\"ReadAction\",\"target\":[\"https:\/\/www.ccaniene.com\/en\/quarta-giornata-arriva-naldi-si-conferma-tartaglia\/\"]}]},{\"@type\":\"ImageObject\",\"inLanguage\":\"it-IT\",\"@id\":\"https:\/\/www.ccaniene.com\/en\/quarta-giornata-arriva-naldi-si-conferma-tartaglia\/#primaryimage\",\"url\":\"https:\/\/www.ccaniene.com\/wp-content\/uploads\/2017\/02\/torneo6.jpg\",\"contentUrl\":\"https:\/\/www.ccaniene.com\/wp-content\/uploads\/2017\/02\/torneo6.jpg\",\"width\":1049,\"height\":699},{\"@type\":\"BreadcrumbList\",\"@id\":\"https:\/\/www.ccaniene.com\/en\/quarta-giornata-arriva-naldi-si-conferma-tartaglia\/#breadcrumb\",\"itemListElement\":[{\"@type\":\"ListItem\",\"position\":1,\"name\":\"Home\",\"item\":\"https:\/\/www.ccaniene.com\/it_it\/\"},{\"@type\":\"ListItem\",\"position\":2,\"name\":\"Quarta giornata: arriva Naldi e si conferma Tartaglia\"}]},{\"@type\":\"WebSite\",\"@id\":\"https:\/\/www.ccaniene.com\/it_it\/#website\",\"url\":\"https:\/\/www.ccaniene.com\/it_it\/\",\"name\":\"Circolo Canottieri Aniene\",\"description\":\"Collare d&#039;Oro e Stella d&#039;Oro al Merito Sportivo\",\"potentialAction\":[{\"@type\":\"SearchAction\",\"target\":{\"@type\":\"EntryPoint\",\"urlTemplate\":\"https:\/\/www.ccaniene.com\/it_it\/?s={search_term_string}\"},\"query-input\":{\"@type\":\"PropertyValueSpecification\",\"valueRequired\":true,\"valueName\":\"search_term_string\"}}],\"inLanguage\":\"it-IT\"},{\"@type\":\"Person\",\"@id\":\"https:\/\/www.ccaniene.com\/it_it\/#\/schema\/person\/6042bd0ba360674279dffd4247d570ed\",\"name\":\"carlo.san@tin.it\",\"image\":{\"@type\":\"ImageObject\",\"inLanguage\":\"it-IT\",\"@id\":\"https:\/\/www.ccaniene.com\/it_it\/#\/schema\/person\/image\/\",\"url\":\"https:\/\/secure.gravatar.com\/avatar\/f993a459d0ffe4d666e4c917fef20ca9?s=96&d=mm&r=g\",\"contentUrl\":\"https:\/\/secure.gravatar.com\/avatar\/f993a459d0ffe4d666e4c917fef20ca9?s=96&d=mm&r=g\",\"caption\":\"carlo.san@tin.it\"},\"url\":\"https:\/\/www.ccaniene.com\/it_it\/author\/carlo-santi-2\/\"}]}<\/script>\n<!-- \/ Yoast SEO plugin. -->","yoast_head_json":{"title":"Quarta giornata: arriva Naldi e si conferma Tartaglia - Circolo Canottieri Aniene","robots":{"index":"index","follow":"follow","max-snippet":"max-snippet:-1","max-image-preview":"max-image-preview:large","max-video-preview":"max-video-preview:-1"},"canonical":"https:\/\/www.ccaniene.com\/it_it\/quarta-giornata-arriva-naldi-si-conferma-tartaglia\/","og_locale":"it_IT","og_type":"article","og_title":"Quarta giornata: arriva Naldi e si conferma Tartaglia - Circolo Canottieri Aniene","og_description":"&#8211; di FEDERICO VECCHIO &#8211; Ieri sera, al fischio finale, tutti, nessuno escluso, non hanno potuto fare altro che salutare la squadra Celani, che ormai \u00e8 laggi\u00f9, lontana, oltre l\u2019orizzonte, in un posto davvero irraggiungibile, li dove l\u2019hanno portata le sue quattro vittorie quattro ed i conseguenti dodici punti. E si che l\u2019assenza di Lirosi, [&hellip;]","og_url":"https:\/\/www.ccaniene.com\/it_it\/quarta-giornata-arriva-naldi-si-conferma-tartaglia\/","og_site_name":"Circolo Canottieri Aniene","article_published_time":"2017-02-15T13:01:34+00:00","article_modified_time":"2017-02-24T11:43:32+00:00","og_image":[{"width":1049,"height":699,"url":"https:\/\/www.ccaniene.com\/wp-content\/uploads\/2017\/02\/torneo6.jpg","type":"image\/jpeg"}],"author":"carlo.san@tin.it","twitter_card":"summary_large_image","twitter_misc":{"Scritto da":"carlo.san@tin.it","Tempo di lettura stimato":"4 minuti"},"schema":{"@context":"https:\/\/schema.org","@graph":[{"@type":"WebPage","@id":"https:\/\/www.ccaniene.com\/en\/quarta-giornata-arriva-naldi-si-conferma-tartaglia\/","url":"https:\/\/www.ccaniene.com\/en\/quarta-giornata-arriva-naldi-si-conferma-tartaglia\/","name":"Quarta giornata: arriva Naldi e si conferma Tartaglia - Circolo Canottieri Aniene","isPartOf":{"@id":"https:\/\/www.ccaniene.com\/it_it\/#website"},"primaryImageOfPage":{"@id":"https:\/\/www.ccaniene.com\/en\/quarta-giornata-arriva-naldi-si-conferma-tartaglia\/#primaryimage"},"image":{"@id":"https:\/\/www.ccaniene.com\/en\/quarta-giornata-arriva-naldi-si-conferma-tartaglia\/#primaryimage"},"thumbnailUrl":"https:\/\/www.ccaniene.com\/wp-content\/uploads\/2017\/02\/torneo6.jpg","datePublished":"2017-02-15T13:01:34+00:00","dateModified":"2017-02-24T11:43:32+00:00","author":{"@id":"https:\/\/www.ccaniene.com\/it_it\/#\/schema\/person\/6042bd0ba360674279dffd4247d570ed"},"breadcrumb":{"@id":"https:\/\/www.ccaniene.com\/en\/quarta-giornata-arriva-naldi-si-conferma-tartaglia\/#breadcrumb"},"inLanguage":"it-IT","potentialAction":[{"@type":"ReadAction","target":["https:\/\/www.ccaniene.com\/en\/quarta-giornata-arriva-naldi-si-conferma-tartaglia\/"]}]},{"@type":"ImageObject","inLanguage":"it-IT","@id":"https:\/\/www.ccaniene.com\/en\/quarta-giornata-arriva-naldi-si-conferma-tartaglia\/#primaryimage","url":"https:\/\/www.ccaniene.com\/wp-content\/uploads\/2017\/02\/torneo6.jpg","contentUrl":"https:\/\/www.ccaniene.com\/wp-content\/uploads\/2017\/02\/torneo6.jpg","width":1049,"height":699},{"@type":"BreadcrumbList","@id":"https:\/\/www.ccaniene.com\/en\/quarta-giornata-arriva-naldi-si-conferma-tartaglia\/#breadcrumb","itemListElement":[{"@type":"ListItem","position":1,"name":"Home","item":"https:\/\/www.ccaniene.com\/it_it\/"},{"@type":"ListItem","position":2,"name":"Quarta giornata: arriva Naldi e si conferma Tartaglia"}]},{"@type":"WebSite","@id":"https:\/\/www.ccaniene.com\/it_it\/#website","url":"https:\/\/www.ccaniene.com\/it_it\/","name":"Circolo Canottieri Aniene","description":"Collare d&#039;Oro e Stella d&#039;Oro al Merito Sportivo","potentialAction":[{"@type":"SearchAction","target":{"@type":"EntryPoint","urlTemplate":"https:\/\/www.ccaniene.com\/it_it\/?s={search_term_string}"},"query-input":{"@type":"PropertyValueSpecification","valueRequired":true,"valueName":"search_term_string"}}],"inLanguage":"it-IT"},{"@type":"Person","@id":"https:\/\/www.ccaniene.com\/it_it\/#\/schema\/person\/6042bd0ba360674279dffd4247d570ed","name":"carlo.san@tin.it","image":{"@type":"ImageObject","inLanguage":"it-IT","@id":"https:\/\/www.ccaniene.com\/it_it\/#\/schema\/person\/image\/","url":"https:\/\/secure.gravatar.com\/avatar\/f993a459d0ffe4d666e4c917fef20ca9?s=96&d=mm&r=g","contentUrl":"https:\/\/secure.gravatar.com\/avatar\/f993a459d0ffe4d666e4c917fef20ca9?s=96&d=mm&r=g","caption":"carlo.san@tin.it"},"url":"https:\/\/www.ccaniene.com\/it_it\/author\/carlo-santi-2\/"}]}},"_links":{"self":[{"href":"https:\/\/www.ccaniene.com\/it_it\/wp-json\/wp\/v2\/posts\/12150"}],"collection":[{"href":"https:\/\/www.ccaniene.com\/it_it\/wp-json\/wp\/v2\/posts"}],"about":[{"href":"https:\/\/www.ccaniene.com\/it_it\/wp-json\/wp\/v2\/types\/post"}],"author":[{"embeddable":true,"href":"https:\/\/www.ccaniene.com\/it_it\/wp-json\/wp\/v2\/users\/23521"}],"replies":[{"embeddable":true,"href":"https:\/\/www.ccaniene.com\/it_it\/wp-json\/wp\/v2\/comments?post=12150"}],"version-history":[{"count":2,"href":"https:\/\/www.ccaniene.com\/it_it\/wp-json\/wp\/v2\/posts\/12150\/revisions"}],"predecessor-version":[{"id":12220,"href":"https:\/\/www.ccaniene.com\/it_it\/wp-json\/wp\/v2\/posts\/12150\/revisions\/12220"}],"wp:featuredmedia":[{"embeddable":true,"href":"https:\/\/www.ccaniene.com\/it_it\/wp-json\/wp\/v2\/media\/12184"}],"wp:attachment":[{"href":"https:\/\/www.ccaniene.com\/it_it\/wp-json\/wp\/v2\/media?parent=12150"}],"wp:term":[{"taxonomy":"category","embeddable":true,"href":"https:\/\/www.ccaniene.com\/it_it\/wp-json\/wp\/v2\/categories?post=12150"},{"taxonomy":"post_tag","embeddable":true,"href":"https:\/\/www.ccaniene.com\/it_it\/wp-json\/wp\/v2\/tags?post=12150"}],"curies":[{"name":"wp","href":"https:\/\/api.w.org\/{rel}","templated":true}]}}