{"id":12111,"date":"2017-02-12T15:05:13","date_gmt":"2017-02-12T14:05:13","guid":{"rendered":"https:\/\/www.ccaniene.com\/?p=12111\/"},"modified":"2017-02-14T13:56:49","modified_gmt":"2017-02-14T12:56:49","slug":"aniene-protagonista-alla-regata-internazionale-dinverno-sul-po","status":"publish","type":"post","link":"https:\/\/www.ccaniene.com\/it_it\/aniene-protagonista-alla-regata-internazionale-dinverno-sul-po\/","title":{"rendered":"Aniene protagonista nella Regata d&#8217;Inverno sul Po"},"content":{"rendered":"<p>Pioggia di medaglie per gli atleti del Circolo Canottieri Aniene nelle gare, svoltesi sabato 11 e domenica 12 febbraio a Torino, della Regata Internazionale\u00a0d&#8217;Inverno sul Po, ultima competizione dell&#8217;anno su distanza superiore a quella olimpica (4 mila metri), prima del ritorno a marzo ai 2 mila. Nella giornata di sabato hanno gareggiato le barche corte (1x, 2\u00d7, 2-), domenica quelle lunghe (4\u00d7 e 8+).<\/p>\n<div id=\"attachment_12113\" style=\"width: 510px\" class=\"wp-caption alignleft\"><a href=\"http:\/\/www.ccaniene.com\/wp-content\/uploads\/2017\/02\/serafini.jpg\"><img fetchpriority=\"high\" decoding=\"async\" aria-describedby=\"caption-attachment-12113\" class=\"wp-image-12113\" src=\"http:\/\/www.ccaniene.com\/wp-content\/uploads\/2017\/02\/serafini-460x306.jpg\" width=\"500\" height=\"333\" \/><\/a><p id=\"caption-attachment-12113\" class=\"wp-caption-text\">Ludovica Serafini con Aisha Rocek<\/p><\/div>\n<p>Ottimo risultato per Matteo Sandrelli e Leonardo Pietra Caprina che, all&#8217;esordio nel 2- sm, hanno centrato una bellissima vittoria al termine di una grande prova che li ha visti staccare i pi\u00f9 immediati inseguitori di ben 18&#8243;. Un equipaggio che promette bene in chiave Under 23 nazionale. Anche nel 2- sf c&#8217;\u00e8 la firma dell&#8217;Aniene. Ludovica Serafini si riprende la specialit\u00e0 in cui ha dominato l&#8217;anno scorso insieme a Carmela Pappalardo (ora negli Usa a remare e studiare), questa volta in coppia con una giovane promettente della Canottieri Lario, Aisha Rocek. I 33 secondi di distacco inflitti alle avversarie rappresentano un buon punto di partenza per il prosieguo della stagione.<\/p>\n<p>Gran bel risultato anche per Giovanna Schettino che, pur avendo intrapreso la strada dei pesi leggeri, si \u00e8 cimentata nel singolo sf contro le pi\u00f9 grandi e le pi\u00f9 pesanti, ottenendo un brillante terzo posto in una gara dominata dalla fortissima ucraina Dymchenko.\u00a0Un pizzico di delusione, nonostante una gran bella prova, per Eugenia Masotta e Giordana Marsili, quarte a pochi secondi dal podio. Il doppio sm di Luca Armani e Massimiliano Terramoccia, qui per fare esperienza e cercare di mettersi alla pari con i compagni pi\u00f9 navigati, ha chiuso con un buon nono posto. Nel singolo sm Leonardo Calabrese e Jacopo Migliaccio non sono riusciti ad andare rispettivamente oltre l&#8217;ottavo e il tredicesimo posto.<\/p>\n<div id=\"attachment_12114\" style=\"width: 510px\" class=\"wp-caption alignright\"><a href=\"http:\/\/www.ccaniene.com\/wp-content\/uploads\/2017\/02\/schettino_giovanna.jpg\"><img decoding=\"async\" aria-describedby=\"caption-attachment-12114\" class=\"wp-image-12114\" src=\"http:\/\/www.ccaniene.com\/wp-content\/uploads\/2017\/02\/schettino_giovanna-460x306.jpg\" width=\"500\" height=\"333\" \/><\/a><p id=\"caption-attachment-12114\" class=\"wp-caption-text\">Giovanna Schettino<\/p><\/div>\n<p>Quella di domenica \u00e8 stata una giornata particolare, con due equipaggi tutti Aniene (8+ jm e 4x sm) e alcuni dei nostri migliori atleti (Antonio e Giovanna Schettino, Ludovica Serafini e Ottavia Ravoni) sparsi in diversi equipaggi misti, ognuno come capovoga della sua barca.<\/p>\n<p>Antonio Schettino, capovoga del nuovo 8+ junior della nazionale italiana, ha confermato di aver iniziato la stagione con il piede giusto guidando la sua barca a una netta vittoria in una gara in cui la forte Germania si \u00e8 addirittura piazzata quarta. Nella stessa specialit\u00e0 il nostro 8+ jm, orfano appunto di Antonio e dell\u2019infortunato Nicol\u00f2 De Sangro e con a bordo i due giovanissimi (categoria ragazzi) Niccol\u00f2 Klinger e Daniele Nardella, ha ben figurato piazzandosi settimo.<\/p>\n<p>Anche Ottavia Ravoni, capovoga dell&#8217;8+ junior della nazionale femminile, ha ottenuto il primo posto con un equipaggio appena assemblato. Sfida all&#8217;ultimo respiro, invece, per Ludovica Serafini e Giovanna Schettino, alla guida di un misto con la Lario per la prima e con il Saturnia per la seconda. Alla fine a spuntarla \u00e8 stato l&#8217;equipaggio di Giovanna per soli 45 centesimi: oro e argento per le due atlete dell&#8217;Aniene.\u00a0Non brillante, infine, la prova del nostro 4x sm di Matteo Sandrelli, Leonardo Calabrese, Massimiliano Terramoccia e Luca Armani che non sono andati oltre l&#8217;undicesimo posto in una specialit\u00e0 che comunque non \u00e8 la loro.<\/p>\n","protected":false},"excerpt":{"rendered":"<p>Pioggia di medaglie per gli atleti del Circolo Canottieri Aniene nelle gare, svoltesi sabato 11 e domenica 12 febbraio a Torino, della Regata Internazionale\u00a0d&#8217;Inverno sul Po, ultima competizione dell&#8217;anno su distanza superiore a quella olimpica (4 mila metri), prima del ritorno a marzo ai 2 mila. Nella giornata di sabato hanno gareggiato le barche corte [&hellip;]<\/p>\n","protected":false},"author":23521,"featured_media":12112,"comment_status":"open","ping_status":"closed","sticky":false,"template":"","format":"standard","meta":{"pmpro_default_level":0,"footnotes":"","_links_to":"","_links_to_target":""},"categories":[9,1],"tags":[],"class_list":["post-12111","post","type-post","status-publish","format-standard","has-post-thumbnail","hentry","category-canottaggio","category-news","pmpro-has-access"],"featured_image_urls":{"woocommerce_thumbnail":"https:\/\/www.ccaniene.com\/wp-content\/uploads\/2017\/02\/sandrelli_caprina-300x300.jpg","woocommerce_gallery_thumbnail":"https:\/\/www.ccaniene.com\/wp-content\/uploads\/2017\/02\/sandrelli_caprina-100x100.jpg","woocommerce_single":"https:\/\/www.ccaniene.com\/wp-content\/uploads\/2017\/02\/sandrelli_caprina-600x400.jpg","thumbnail":"https:\/\/www.ccaniene.com\/wp-content\/uploads\/2017\/02\/sandrelli_caprina-400x400.jpg","medium_large":"https:\/\/www.ccaniene.com\/wp-content\/uploads\/2017\/02\/sandrelli_caprina-768x512.jpg"},"appp_media":null,"yoast_head":"<!-- This site is optimized with the Yoast SEO plugin v23.6 - https:\/\/yoast.com\/wordpress\/plugins\/seo\/ -->\n<title>Aniene protagonista nella Regata d&#039;Inverno sul Po - Circolo Canottieri Aniene<\/title>\n<meta name=\"robots\" content=\"index, follow, max-snippet:-1, max-image-preview:large, max-video-preview:-1\" \/>\n<link rel=\"canonical\" href=\"https:\/\/www.ccaniene.com\/it_it\/aniene-protagonista-alla-regata-internazionale-dinverno-sul-po\/\" \/>\n<meta property=\"og:locale\" content=\"it_IT\" \/>\n<meta property=\"og:type\" content=\"article\" \/>\n<meta property=\"og:title\" content=\"Aniene protagonista nella Regata d&#039;Inverno sul Po - Circolo Canottieri Aniene\" \/>\n<meta property=\"og:description\" content=\"Pioggia di medaglie per gli atleti del Circolo Canottieri Aniene nelle gare, svoltesi sabato 11 e domenica 12 febbraio a Torino, della Regata Internazionale\u00a0d&#8217;Inverno sul Po, ultima competizione dell&#8217;anno su distanza superiore a quella olimpica (4 mila metri), prima del ritorno a marzo ai 2 mila. Nella giornata di sabato hanno gareggiato le barche corte [&hellip;]\" \/>\n<meta property=\"og:url\" content=\"https:\/\/www.ccaniene.com\/it_it\/aniene-protagonista-alla-regata-internazionale-dinverno-sul-po\/\" \/>\n<meta property=\"og:site_name\" content=\"Circolo Canottieri Aniene\" \/>\n<meta property=\"article:published_time\" content=\"2017-02-12T14:05:13+00:00\" \/>\n<meta property=\"article:modified_time\" content=\"2017-02-14T12:56:49+00:00\" \/>\n<meta property=\"og:image\" content=\"https:\/\/www.ccaniene.com\/wp-content\/uploads\/2017\/02\/sandrelli_caprina.jpg\" \/>\n\t<meta property=\"og:image:width\" content=\"800\" \/>\n\t<meta property=\"og:image:height\" content=\"533\" \/>\n\t<meta property=\"og:image:type\" content=\"image\/jpeg\" \/>\n<meta name=\"author\" content=\"carlo.san@tin.it\" \/>\n<meta name=\"twitter:card\" content=\"summary_large_image\" \/>\n<meta name=\"twitter:label1\" content=\"Scritto da\" \/>\n\t<meta name=\"twitter:data1\" content=\"carlo.san@tin.it\" \/>\n\t<meta name=\"twitter:label2\" content=\"Tempo di lettura stimato\" \/>\n\t<meta name=\"twitter:data2\" content=\"3 minuti\" \/>\n<script type=\"application\/ld+json\" class=\"yoast-schema-graph\">{\"@context\":\"https:\/\/schema.org\",\"@graph\":[{\"@type\":\"WebPage\",\"@id\":\"https:\/\/www.ccaniene.com\/it_it\/aniene-protagonista-alla-regata-internazionale-dinverno-sul-po\/\",\"url\":\"https:\/\/www.ccaniene.com\/it_it\/aniene-protagonista-alla-regata-internazionale-dinverno-sul-po\/\",\"name\":\"Aniene protagonista nella Regata d'Inverno sul Po - Circolo Canottieri Aniene\",\"isPartOf\":{\"@id\":\"https:\/\/www.ccaniene.com\/it_it\/#website\"},\"primaryImageOfPage\":{\"@id\":\"https:\/\/www.ccaniene.com\/it_it\/aniene-protagonista-alla-regata-internazionale-dinverno-sul-po\/#primaryimage\"},\"image\":{\"@id\":\"https:\/\/www.ccaniene.com\/it_it\/aniene-protagonista-alla-regata-internazionale-dinverno-sul-po\/#primaryimage\"},\"thumbnailUrl\":\"https:\/\/www.ccaniene.com\/wp-content\/uploads\/2017\/02\/sandrelli_caprina.jpg\",\"datePublished\":\"2017-02-12T14:05:13+00:00\",\"dateModified\":\"2017-02-14T12:56:49+00:00\",\"author\":{\"@id\":\"https:\/\/www.ccaniene.com\/it_it\/#\/schema\/person\/6042bd0ba360674279dffd4247d570ed\"},\"breadcrumb\":{\"@id\":\"https:\/\/www.ccaniene.com\/it_it\/aniene-protagonista-alla-regata-internazionale-dinverno-sul-po\/#breadcrumb\"},\"inLanguage\":\"it-IT\",\"potentialAction\":[{\"@type\":\"ReadAction\",\"target\":[\"https:\/\/www.ccaniene.com\/it_it\/aniene-protagonista-alla-regata-internazionale-dinverno-sul-po\/\"]}]},{\"@type\":\"ImageObject\",\"inLanguage\":\"it-IT\",\"@id\":\"https:\/\/www.ccaniene.com\/it_it\/aniene-protagonista-alla-regata-internazionale-dinverno-sul-po\/#primaryimage\",\"url\":\"https:\/\/www.ccaniene.com\/wp-content\/uploads\/2017\/02\/sandrelli_caprina.jpg\",\"contentUrl\":\"https:\/\/www.ccaniene.com\/wp-content\/uploads\/2017\/02\/sandrelli_caprina.jpg\",\"width\":800,\"height\":533},{\"@type\":\"BreadcrumbList\",\"@id\":\"https:\/\/www.ccaniene.com\/it_it\/aniene-protagonista-alla-regata-internazionale-dinverno-sul-po\/#breadcrumb\",\"itemListElement\":[{\"@type\":\"ListItem\",\"position\":1,\"name\":\"Home\",\"item\":\"https:\/\/www.ccaniene.com\/it_it\/\"},{\"@type\":\"ListItem\",\"position\":2,\"name\":\"Aniene protagonista nella Regata d&#8217;Inverno sul Po\"}]},{\"@type\":\"WebSite\",\"@id\":\"https:\/\/www.ccaniene.com\/it_it\/#website\",\"url\":\"https:\/\/www.ccaniene.com\/it_it\/\",\"name\":\"Circolo Canottieri Aniene\",\"description\":\"Collare d&#039;Oro e Stella d&#039;Oro al Merito Sportivo\",\"potentialAction\":[{\"@type\":\"SearchAction\",\"target\":{\"@type\":\"EntryPoint\",\"urlTemplate\":\"https:\/\/www.ccaniene.com\/it_it\/?s={search_term_string}\"},\"query-input\":{\"@type\":\"PropertyValueSpecification\",\"valueRequired\":true,\"valueName\":\"search_term_string\"}}],\"inLanguage\":\"it-IT\"},{\"@type\":\"Person\",\"@id\":\"https:\/\/www.ccaniene.com\/it_it\/#\/schema\/person\/6042bd0ba360674279dffd4247d570ed\",\"name\":\"carlo.san@tin.it\",\"image\":{\"@type\":\"ImageObject\",\"inLanguage\":\"it-IT\",\"@id\":\"https:\/\/www.ccaniene.com\/it_it\/#\/schema\/person\/image\/\",\"url\":\"https:\/\/secure.gravatar.com\/avatar\/f993a459d0ffe4d666e4c917fef20ca9?s=96&d=mm&r=g\",\"contentUrl\":\"https:\/\/secure.gravatar.com\/avatar\/f993a459d0ffe4d666e4c917fef20ca9?s=96&d=mm&r=g\",\"caption\":\"carlo.san@tin.it\"},\"url\":\"https:\/\/www.ccaniene.com\/it_it\/author\/carlo-santi-2\/\"}]}<\/script>\n<!-- \/ Yoast SEO plugin. -->","yoast_head_json":{"title":"Aniene protagonista nella Regata d'Inverno sul Po - Circolo Canottieri Aniene","robots":{"index":"index","follow":"follow","max-snippet":"max-snippet:-1","max-image-preview":"max-image-preview:large","max-video-preview":"max-video-preview:-1"},"canonical":"https:\/\/www.ccaniene.com\/it_it\/aniene-protagonista-alla-regata-internazionale-dinverno-sul-po\/","og_locale":"it_IT","og_type":"article","og_title":"Aniene protagonista nella Regata d'Inverno sul Po - Circolo Canottieri Aniene","og_description":"Pioggia di medaglie per gli atleti del Circolo Canottieri Aniene nelle gare, svoltesi sabato 11 e domenica 12 febbraio a Torino, della Regata Internazionale\u00a0d&#8217;Inverno sul Po, ultima competizione dell&#8217;anno su distanza superiore a quella olimpica (4 mila metri), prima del ritorno a marzo ai 2 mila. Nella giornata di sabato hanno gareggiato le barche corte [&hellip;]","og_url":"https:\/\/www.ccaniene.com\/it_it\/aniene-protagonista-alla-regata-internazionale-dinverno-sul-po\/","og_site_name":"Circolo Canottieri Aniene","article_published_time":"2017-02-12T14:05:13+00:00","article_modified_time":"2017-02-14T12:56:49+00:00","og_image":[{"width":800,"height":533,"url":"https:\/\/www.ccaniene.com\/wp-content\/uploads\/2017\/02\/sandrelli_caprina.jpg","type":"image\/jpeg"}],"author":"carlo.san@tin.it","twitter_card":"summary_large_image","twitter_misc":{"Scritto da":"carlo.san@tin.it","Tempo di lettura stimato":"3 minuti"},"schema":{"@context":"https:\/\/schema.org","@graph":[{"@type":"WebPage","@id":"https:\/\/www.ccaniene.com\/it_it\/aniene-protagonista-alla-regata-internazionale-dinverno-sul-po\/","url":"https:\/\/www.ccaniene.com\/it_it\/aniene-protagonista-alla-regata-internazionale-dinverno-sul-po\/","name":"Aniene protagonista nella Regata d'Inverno sul Po - Circolo Canottieri Aniene","isPartOf":{"@id":"https:\/\/www.ccaniene.com\/it_it\/#website"},"primaryImageOfPage":{"@id":"https:\/\/www.ccaniene.com\/it_it\/aniene-protagonista-alla-regata-internazionale-dinverno-sul-po\/#primaryimage"},"image":{"@id":"https:\/\/www.ccaniene.com\/it_it\/aniene-protagonista-alla-regata-internazionale-dinverno-sul-po\/#primaryimage"},"thumbnailUrl":"https:\/\/www.ccaniene.com\/wp-content\/uploads\/2017\/02\/sandrelli_caprina.jpg","datePublished":"2017-02-12T14:05:13+00:00","dateModified":"2017-02-14T12:56:49+00:00","author":{"@id":"https:\/\/www.ccaniene.com\/it_it\/#\/schema\/person\/6042bd0ba360674279dffd4247d570ed"},"breadcrumb":{"@id":"https:\/\/www.ccaniene.com\/it_it\/aniene-protagonista-alla-regata-internazionale-dinverno-sul-po\/#breadcrumb"},"inLanguage":"it-IT","potentialAction":[{"@type":"ReadAction","target":["https:\/\/www.ccaniene.com\/it_it\/aniene-protagonista-alla-regata-internazionale-dinverno-sul-po\/"]}]},{"@type":"ImageObject","inLanguage":"it-IT","@id":"https:\/\/www.ccaniene.com\/it_it\/aniene-protagonista-alla-regata-internazionale-dinverno-sul-po\/#primaryimage","url":"https:\/\/www.ccaniene.com\/wp-content\/uploads\/2017\/02\/sandrelli_caprina.jpg","contentUrl":"https:\/\/www.ccaniene.com\/wp-content\/uploads\/2017\/02\/sandrelli_caprina.jpg","width":800,"height":533},{"@type":"BreadcrumbList","@id":"https:\/\/www.ccaniene.com\/it_it\/aniene-protagonista-alla-regata-internazionale-dinverno-sul-po\/#breadcrumb","itemListElement":[{"@type":"ListItem","position":1,"name":"Home","item":"https:\/\/www.ccaniene.com\/it_it\/"},{"@type":"ListItem","position":2,"name":"Aniene protagonista nella Regata d&#8217;Inverno sul Po"}]},{"@type":"WebSite","@id":"https:\/\/www.ccaniene.com\/it_it\/#website","url":"https:\/\/www.ccaniene.com\/it_it\/","name":"Circolo Canottieri Aniene","description":"Collare d&#039;Oro e Stella d&#039;Oro al Merito Sportivo","potentialAction":[{"@type":"SearchAction","target":{"@type":"EntryPoint","urlTemplate":"https:\/\/www.ccaniene.com\/it_it\/?s={search_term_string}"},"query-input":{"@type":"PropertyValueSpecification","valueRequired":true,"valueName":"search_term_string"}}],"inLanguage":"it-IT"},{"@type":"Person","@id":"https:\/\/www.ccaniene.com\/it_it\/#\/schema\/person\/6042bd0ba360674279dffd4247d570ed","name":"carlo.san@tin.it","image":{"@type":"ImageObject","inLanguage":"it-IT","@id":"https:\/\/www.ccaniene.com\/it_it\/#\/schema\/person\/image\/","url":"https:\/\/secure.gravatar.com\/avatar\/f993a459d0ffe4d666e4c917fef20ca9?s=96&d=mm&r=g","contentUrl":"https:\/\/secure.gravatar.com\/avatar\/f993a459d0ffe4d666e4c917fef20ca9?s=96&d=mm&r=g","caption":"carlo.san@tin.it"},"url":"https:\/\/www.ccaniene.com\/it_it\/author\/carlo-santi-2\/"}]}},"_links":{"self":[{"href":"https:\/\/www.ccaniene.com\/it_it\/wp-json\/wp\/v2\/posts\/12111"}],"collection":[{"href":"https:\/\/www.ccaniene.com\/it_it\/wp-json\/wp\/v2\/posts"}],"about":[{"href":"https:\/\/www.ccaniene.com\/it_it\/wp-json\/wp\/v2\/types\/post"}],"author":[{"embeddable":true,"href":"https:\/\/www.ccaniene.com\/it_it\/wp-json\/wp\/v2\/users\/23521"}],"replies":[{"embeddable":true,"href":"https:\/\/www.ccaniene.com\/it_it\/wp-json\/wp\/v2\/comments?post=12111"}],"version-history":[{"count":8,"href":"https:\/\/www.ccaniene.com\/it_it\/wp-json\/wp\/v2\/posts\/12111\/revisions"}],"predecessor-version":[{"id":12138,"href":"https:\/\/www.ccaniene.com\/it_it\/wp-json\/wp\/v2\/posts\/12111\/revisions\/12138"}],"wp:featuredmedia":[{"embeddable":true,"href":"https:\/\/www.ccaniene.com\/it_it\/wp-json\/wp\/v2\/media\/12112"}],"wp:attachment":[{"href":"https:\/\/www.ccaniene.com\/it_it\/wp-json\/wp\/v2\/media?parent=12111"}],"wp:term":[{"taxonomy":"category","embeddable":true,"href":"https:\/\/www.ccaniene.com\/it_it\/wp-json\/wp\/v2\/categories?post=12111"},{"taxonomy":"post_tag","embeddable":true,"href":"https:\/\/www.ccaniene.com\/it_it\/wp-json\/wp\/v2\/tags?post=12111"}],"curies":[{"name":"wp","href":"https:\/\/api.w.org\/{rel}","templated":true}]}}