{"id":119,"date":"2009-08-04T15:38:32","date_gmt":"2009-08-04T15:38:32","guid":{"rendered":""},"modified":"2009-08-04T15:38:32","modified_gmt":"2009-08-04T15:38:32","slug":"canottaggio-adaptive-luca-agoletto-pronto-per-il-lancio","status":"publish","type":"post","link":"https:\/\/www.ccaniene.com\/it_it\/canottaggio-adaptive-luca-agoletto-pronto-per-il-lancio\/","title":{"rendered":"Canottaggio adaptive: Luca Agoletto, pronto per il lancio!"},"content":{"rendered":"\n<p><img decoding=\"async\" src=\"http:\/\/www.ccaniene.com\/wp-content\/uploads\/luca-agoletto.jpg\" border=\"0\" alt=\"Luca Agoletto\" title=\"Luca Agoletto\" width=\"199\" height=\"147\" align=\"left\" style=\"float: left; border: 0; margin-right: 8px;\" \/><\/p>\n<p><em>\u201cDopo un periodo di recupero fisico e mentale\u00a0 in cui abbiamo portato la medaglia in giro per l&#8217;Italia,\u00a0 abbiamo ripreso gli allenamenti in maniera continuativa e spronandoci a non demordere, perch\u00e9 \u00e8 facile dopo aver vinto un&#8217;olimpiade cedere soprattutto mentalmente e ci\u00f2 comporta anche un calo sostanziale della prestazione.\u00a0 <br \/><\/em><\/p>\n<p><em>All&#8217;Aniene fortunatamente avendo una squadra adaptive competitiva siamo addirittura riusciti ad allenarci tutto l&#8217;inverno sul quattro con, cercando di non perdere le sensazioni delle olimpiadi.\u201d<\/em><\/p>\n<p>Luca ci fa presente che la tipologia degli allenamenti \u00e8 cambiata tra l&#8217;anno pre-olimpico e quello post-olimpico in particolare la prima parte della stagione l&#8217;hanno affrontata senza soluzione di continuit\u00e0, poi rispetto all&#8217;anno scorso non hanno avuto raduni e purtroppo non sono riusciti a partecipare a gare internazionali, come la coppa del mondo, che \u00e8 un ottimo campo per testare le imbarcazioni prima del mondiale.<\/p>\n<p><!--more--><\/p>\n<p><em>\u201cLa barca di quest&#8217;anno non \u00e8 la stessa dell&#8217;anno scorso Daniele Signori purtroppo non ce l&#8217;ha fatta il suo posto \u00e8 stato preso da Andrea Bozzano un atleta di grande valore della canottieri Gavirate. Ma lo sappiamo tutti, il canottaggio come tutti gli sport ad alto livello \u00e8 cos\u00ec, ogni anno la barca cambia bisogna sempre lavorarci, per farne parte bisogna superare tantissimi test, non esistono benemerenze, dobbiamo sempre dimostrare di essere in forma.\u201d <\/em><\/p>\n<p>\u00a0<\/p>\n<p>Gli equipaggi che Luca e i suoi compagni temono di pi\u00f9 sono quelli gi\u00e0 conosciuti come Inghilterra e America ma soprattutto gli equipaggi incognita come Canada, Irlanda, Francia, Polonia e Australia,alcuni atleti li hanno gi\u00e0 incontrati al campionato europeo di indoor rowing, e li descrivono come \u201cenormi\u201d, probabilmente hanno iniziato a preparare le loro barche gi\u00e0 da qualche anno.<\/p>\n<p>Luca oggi porta al collo la sua medaglia ma sa\u00a0 che non appartiene solo a lui ma a tutta l&#8217;Italia, \u00e8 la prima medaglia olimpica del canottaggio adaptive,e siamo certi che non sar\u00e0 ultima. Ha ancora tanta voglia di allenarsi e migliorarsi e al prossimo mondiale forte dell&#8217;esperienze passate cercher\u00e0 di trascinare i suoi compagni alla vittoria.<\/p>\n<p style=\"text-align: right;\"><strong>di Cristina Romiti<\/strong><\/p>\n","protected":false},"excerpt":{"rendered":"<p>\u201cDopo un periodo di recupero fisico e mentale\u00a0 in cui abbiamo portato la medaglia in giro per l&#8217;Italia,\u00a0 abbiamo ripreso gli allenamenti in maniera continuativa e spronandoci a non demordere, perch\u00e9 \u00e8 facile dopo aver vinto un&#8217;olimpiade cedere soprattutto mentalmente e ci\u00f2 comporta anche un calo sostanziale della prestazione.\u00a0 All&#8217;Aniene fortunatamente avendo una squadra adaptive [&hellip;]<\/p>\n","protected":false},"author":2,"featured_media":0,"comment_status":"open","ping_status":"closed","sticky":true,"template":"","format":"standard","meta":{"pmpro_default_level":0,"footnotes":"","_links_to":"","_links_to_target":""},"categories":[9],"tags":[],"class_list":["post-119","post","type-post","status-publish","format-standard","hentry","category-canottaggio","pmpro-has-access"],"featured_image_urls":{},"appp_media":null,"yoast_head":"<!-- This site is optimized with the Yoast SEO plugin v23.6 - https:\/\/yoast.com\/wordpress\/plugins\/seo\/ -->\n<title>Canottaggio adaptive: Luca Agoletto, pronto per il lancio! - Circolo Canottieri Aniene<\/title>\n<meta name=\"robots\" content=\"index, follow, max-snippet:-1, max-image-preview:large, max-video-preview:-1\" \/>\n<link rel=\"canonical\" href=\"https:\/\/www.ccaniene.com\/it_it\/canottaggio-adaptive-luca-agoletto-pronto-per-il-lancio\/\" \/>\n<meta property=\"og:locale\" content=\"it_IT\" \/>\n<meta property=\"og:type\" content=\"article\" \/>\n<meta property=\"og:title\" content=\"Canottaggio adaptive: Luca Agoletto, pronto per il lancio! - Circolo Canottieri Aniene\" \/>\n<meta property=\"og:description\" content=\"\u201cDopo un periodo di recupero fisico e mentale\u00a0 in cui abbiamo portato la medaglia in giro per l&#8217;Italia,\u00a0 abbiamo ripreso gli allenamenti in maniera continuativa e spronandoci a non demordere, perch\u00e9 \u00e8 facile dopo aver vinto un&#8217;olimpiade cedere soprattutto mentalmente e ci\u00f2 comporta anche un calo sostanziale della prestazione.\u00a0 All&#8217;Aniene fortunatamente avendo una squadra adaptive [&hellip;]\" \/>\n<meta property=\"og:url\" content=\"https:\/\/www.ccaniene.com\/it_it\/canottaggio-adaptive-luca-agoletto-pronto-per-il-lancio\/\" \/>\n<meta property=\"og:site_name\" content=\"Circolo Canottieri Aniene\" \/>\n<meta property=\"article:published_time\" content=\"2009-08-04T15:38:32+00:00\" \/>\n<meta property=\"og:image\" content=\"http:\/\/www.ccaniene.com\/wp-content\/uploads\/luca-agoletto.jpg\" \/>\n<meta name=\"twitter:card\" content=\"summary_large_image\" \/>\n<meta name=\"twitter:label1\" content=\"Scritto da\" \/>\n\t<meta name=\"twitter:data1\" content=\"\" \/>\n\t<meta name=\"twitter:label2\" content=\"Tempo di lettura stimato\" \/>\n\t<meta name=\"twitter:data2\" content=\"2 minuti\" \/>\n<script type=\"application\/ld+json\" class=\"yoast-schema-graph\">{\"@context\":\"https:\/\/schema.org\",\"@graph\":[{\"@type\":\"WebPage\",\"@id\":\"https:\/\/www.ccaniene.com\/en\/canottaggio-adaptive-luca-agoletto-pronto-per-il-lancio\/\",\"url\":\"https:\/\/www.ccaniene.com\/en\/canottaggio-adaptive-luca-agoletto-pronto-per-il-lancio\/\",\"name\":\"Canottaggio adaptive: Luca Agoletto, pronto per il lancio! - Circolo Canottieri Aniene\",\"isPartOf\":{\"@id\":\"https:\/\/www.ccaniene.com\/it_it\/#website\"},\"primaryImageOfPage\":{\"@id\":\"https:\/\/www.ccaniene.com\/en\/canottaggio-adaptive-luca-agoletto-pronto-per-il-lancio\/#primaryimage\"},\"image\":{\"@id\":\"https:\/\/www.ccaniene.com\/en\/canottaggio-adaptive-luca-agoletto-pronto-per-il-lancio\/#primaryimage\"},\"thumbnailUrl\":\"http:\/\/www.ccaniene.com\/wp-content\/uploads\/luca-agoletto.jpg\",\"datePublished\":\"2009-08-04T15:38:32+00:00\",\"dateModified\":\"2009-08-04T15:38:32+00:00\",\"author\":{\"@id\":\"\"},\"breadcrumb\":{\"@id\":\"https:\/\/www.ccaniene.com\/en\/canottaggio-adaptive-luca-agoletto-pronto-per-il-lancio\/#breadcrumb\"},\"inLanguage\":\"it-IT\",\"potentialAction\":[{\"@type\":\"ReadAction\",\"target\":[\"https:\/\/www.ccaniene.com\/en\/canottaggio-adaptive-luca-agoletto-pronto-per-il-lancio\/\"]}]},{\"@type\":\"ImageObject\",\"inLanguage\":\"it-IT\",\"@id\":\"https:\/\/www.ccaniene.com\/en\/canottaggio-adaptive-luca-agoletto-pronto-per-il-lancio\/#primaryimage\",\"url\":\"http:\/\/www.ccaniene.com\/wp-content\/uploads\/luca-agoletto.jpg\",\"contentUrl\":\"http:\/\/www.ccaniene.com\/wp-content\/uploads\/luca-agoletto.jpg\"},{\"@type\":\"BreadcrumbList\",\"@id\":\"https:\/\/www.ccaniene.com\/en\/canottaggio-adaptive-luca-agoletto-pronto-per-il-lancio\/#breadcrumb\",\"itemListElement\":[{\"@type\":\"ListItem\",\"position\":1,\"name\":\"Home\",\"item\":\"https:\/\/www.ccaniene.com\/it_it\/\"},{\"@type\":\"ListItem\",\"position\":2,\"name\":\"Canottaggio adaptive: Luca Agoletto, pronto per il lancio!\"}]},{\"@type\":\"WebSite\",\"@id\":\"https:\/\/www.ccaniene.com\/it_it\/#website\",\"url\":\"https:\/\/www.ccaniene.com\/it_it\/\",\"name\":\"Circolo Canottieri Aniene\",\"description\":\"Collare d&#039;Oro e Stella d&#039;Oro al Merito Sportivo\",\"potentialAction\":[{\"@type\":\"SearchAction\",\"target\":{\"@type\":\"EntryPoint\",\"urlTemplate\":\"https:\/\/www.ccaniene.com\/it_it\/?s={search_term_string}\"},\"query-input\":{\"@type\":\"PropertyValueSpecification\",\"valueRequired\":true,\"valueName\":\"search_term_string\"}}],\"inLanguage\":\"it-IT\"},{\"@type\":\"Person\",\"@id\":\"\",\"url\":\"https:\/\/www.ccaniene.com\/it_it\/author\/\"}]}<\/script>\n<!-- \/ Yoast SEO plugin. -->","yoast_head_json":{"title":"Canottaggio adaptive: Luca Agoletto, pronto per il lancio! - Circolo Canottieri Aniene","robots":{"index":"index","follow":"follow","max-snippet":"max-snippet:-1","max-image-preview":"max-image-preview:large","max-video-preview":"max-video-preview:-1"},"canonical":"https:\/\/www.ccaniene.com\/it_it\/canottaggio-adaptive-luca-agoletto-pronto-per-il-lancio\/","og_locale":"it_IT","og_type":"article","og_title":"Canottaggio adaptive: Luca Agoletto, pronto per il lancio! - Circolo Canottieri Aniene","og_description":"\u201cDopo un periodo di recupero fisico e mentale\u00a0 in cui abbiamo portato la medaglia in giro per l&#8217;Italia,\u00a0 abbiamo ripreso gli allenamenti in maniera continuativa e spronandoci a non demordere, perch\u00e9 \u00e8 facile dopo aver vinto un&#8217;olimpiade cedere soprattutto mentalmente e ci\u00f2 comporta anche un calo sostanziale della prestazione.\u00a0 All&#8217;Aniene fortunatamente avendo una squadra adaptive [&hellip;]","og_url":"https:\/\/www.ccaniene.com\/it_it\/canottaggio-adaptive-luca-agoletto-pronto-per-il-lancio\/","og_site_name":"Circolo Canottieri Aniene","article_published_time":"2009-08-04T15:38:32+00:00","og_image":[{"url":"http:\/\/www.ccaniene.com\/wp-content\/uploads\/luca-agoletto.jpg"}],"twitter_card":"summary_large_image","twitter_misc":{"Scritto da":"","Tempo di lettura stimato":"2 minuti"},"schema":{"@context":"https:\/\/schema.org","@graph":[{"@type":"WebPage","@id":"https:\/\/www.ccaniene.com\/en\/canottaggio-adaptive-luca-agoletto-pronto-per-il-lancio\/","url":"https:\/\/www.ccaniene.com\/en\/canottaggio-adaptive-luca-agoletto-pronto-per-il-lancio\/","name":"Canottaggio adaptive: Luca Agoletto, pronto per il lancio! - Circolo Canottieri Aniene","isPartOf":{"@id":"https:\/\/www.ccaniene.com\/it_it\/#website"},"primaryImageOfPage":{"@id":"https:\/\/www.ccaniene.com\/en\/canottaggio-adaptive-luca-agoletto-pronto-per-il-lancio\/#primaryimage"},"image":{"@id":"https:\/\/www.ccaniene.com\/en\/canottaggio-adaptive-luca-agoletto-pronto-per-il-lancio\/#primaryimage"},"thumbnailUrl":"http:\/\/www.ccaniene.com\/wp-content\/uploads\/luca-agoletto.jpg","datePublished":"2009-08-04T15:38:32+00:00","dateModified":"2009-08-04T15:38:32+00:00","author":{"@id":""},"breadcrumb":{"@id":"https:\/\/www.ccaniene.com\/en\/canottaggio-adaptive-luca-agoletto-pronto-per-il-lancio\/#breadcrumb"},"inLanguage":"it-IT","potentialAction":[{"@type":"ReadAction","target":["https:\/\/www.ccaniene.com\/en\/canottaggio-adaptive-luca-agoletto-pronto-per-il-lancio\/"]}]},{"@type":"ImageObject","inLanguage":"it-IT","@id":"https:\/\/www.ccaniene.com\/en\/canottaggio-adaptive-luca-agoletto-pronto-per-il-lancio\/#primaryimage","url":"http:\/\/www.ccaniene.com\/wp-content\/uploads\/luca-agoletto.jpg","contentUrl":"http:\/\/www.ccaniene.com\/wp-content\/uploads\/luca-agoletto.jpg"},{"@type":"BreadcrumbList","@id":"https:\/\/www.ccaniene.com\/en\/canottaggio-adaptive-luca-agoletto-pronto-per-il-lancio\/#breadcrumb","itemListElement":[{"@type":"ListItem","position":1,"name":"Home","item":"https:\/\/www.ccaniene.com\/it_it\/"},{"@type":"ListItem","position":2,"name":"Canottaggio adaptive: Luca Agoletto, pronto per il lancio!"}]},{"@type":"WebSite","@id":"https:\/\/www.ccaniene.com\/it_it\/#website","url":"https:\/\/www.ccaniene.com\/it_it\/","name":"Circolo Canottieri Aniene","description":"Collare d&#039;Oro e Stella d&#039;Oro al Merito Sportivo","potentialAction":[{"@type":"SearchAction","target":{"@type":"EntryPoint","urlTemplate":"https:\/\/www.ccaniene.com\/it_it\/?s={search_term_string}"},"query-input":{"@type":"PropertyValueSpecification","valueRequired":true,"valueName":"search_term_string"}}],"inLanguage":"it-IT"},{"@type":"Person","@id":"","url":"https:\/\/www.ccaniene.com\/it_it\/author\/"}]}},"_links":{"self":[{"href":"https:\/\/www.ccaniene.com\/it_it\/wp-json\/wp\/v2\/posts\/119"}],"collection":[{"href":"https:\/\/www.ccaniene.com\/it_it\/wp-json\/wp\/v2\/posts"}],"about":[{"href":"https:\/\/www.ccaniene.com\/it_it\/wp-json\/wp\/v2\/types\/post"}],"author":[{"embeddable":true,"href":"https:\/\/www.ccaniene.com\/it_it\/wp-json\/wp\/v2\/users\/2"}],"replies":[{"embeddable":true,"href":"https:\/\/www.ccaniene.com\/it_it\/wp-json\/wp\/v2\/comments?post=119"}],"version-history":[{"count":0,"href":"https:\/\/www.ccaniene.com\/it_it\/wp-json\/wp\/v2\/posts\/119\/revisions"}],"wp:attachment":[{"href":"https:\/\/www.ccaniene.com\/it_it\/wp-json\/wp\/v2\/media?parent=119"}],"wp:term":[{"taxonomy":"category","embeddable":true,"href":"https:\/\/www.ccaniene.com\/it_it\/wp-json\/wp\/v2\/categories?post=119"},{"taxonomy":"post_tag","embeddable":true,"href":"https:\/\/www.ccaniene.com\/it_it\/wp-json\/wp\/v2\/tags?post=119"}],"curies":[{"name":"wp","href":"https:\/\/api.w.org\/{rel}","templated":true}]}}