{"id":118,"date":"2009-08-04T15:34:27","date_gmt":"2009-08-04T15:34:27","guid":{"rendered":""},"modified":"2009-08-04T15:34:27","modified_gmt":"2009-08-04T15:34:27","slug":"canottaggio-adaptive-paola-protopapa-ai-mondiali-di-poznan","status":"publish","type":"post","link":"https:\/\/www.ccaniene.com\/it_it\/canottaggio-adaptive-paola-protopapa-ai-mondiali-di-poznan\/","title":{"rendered":"Canottaggio adaptive: Paola Protopapa ai mondiali di Poznan"},"content":{"rendered":"\n<p><em><img decoding=\"async\" src=\"http:\/\/www.ccaniene.com\/wp-content\/uploads\/paola-protopapa.jpg\" border=\"0\" alt=\"Un'immagine di Paola Protopapa\" title=\"un'immagine di Paola Protopapa\" width=\"201\" height=\"148\" align=\"left\" style=\"margin-right: 8px;\" \/>\u201cHo dovuto superare una selezione in due con, barca prettamente maschile, per poter entrare a far parte della squadra nazionale adaptive di quest&#8217;anno.\u00a0 Eravamo tre atlete e ci contendevamo i due posti riservati alle donne, una di noi non avrebbe potuto partecipare ai mondiali che si terranno a Poznan dal 23 al 30 Agosto. <br \/><\/em><\/p>\n<p><em>Indipendentemente dalla nostra disabilit\u00e0 abbiamo remato a pari e a dispari, ci hanno fatto fare una serie di tirate selettive, contro un&#8217;imbarcazione composta da un&#8217;atleta adaptive e una normodotata, che serviva come parametro di valutazione, a questi test sono seguiti quelli fisiologici, che hanno consentito agli allenatori di avere una panoramica pi\u00f9 completa delle caratteristiche degli atleti.\u201d <\/em><\/p>\n<p>Questo \u00e8 quanto ci racconta Paola dopo essere tornata a Roma dal raduno selettivo a Gavirate, questo \u00e8 il suo terzo anno all&#8217;interno della squadra nazionale adaptive, dopo aver vinto l&#8217;olimpiade di pachino l&#8217;estate scorsa, dopo essersi allenata duramene per tutto l&#8217;inverno, ancora aveva il timore di non essere inserita nella squadra, doveva ancora dimostrare qualcosa e lo ha fatto, i tecnici federali l&#8217;hanno scelta come prodiera del quattro con.<\/p>\n<p><!--more--><\/p>\n<p><em>\u201cRitengo che gli equipaggi adaptive siano molto all&#8217;avanguardia, perch\u00e9 composti per\u00a0 una meta da uomini per l&#8217;altra da donne, questo fa si che gli uomini ricerchino\u00a0 la delicatezza nelle remata e che non usino solo la forza, per quanto riguarda le donne invece sono costrette a non mollare un colpo altrimenti la barca si gira e non mantiene la direzione tendendo a scomporsi.\u201d<\/em><\/p>\n<p>\u00a0<\/p>\n<p>Forse Paola ha proprio ragione questa potrebbe essere una nuova tipologia di allenamento da adottare anche all&#8217;interno della nazionale normodotata, un modo per far crescere la sensibilit\u00e0 e la potenza di tutti gli equipaggi Italiani.<\/p>\n<p>Paola con i sui occhi brillanti ed un sorriso coinvolgente ci racconta di aver\u00a0 partecipato dopo tanti anni ad una gara di normodotati il 17 maggio a Piediluco per il secondo meeting nazionale.<\/p>\n<p><em>\u201cMi ha fatto molto effetto, \u00e8 stato un crescere di emozioni a cominciare dai ricordi, Piediluco \u00e8 stato l&#8217;ultimo campo di regata dove ho gareggiato prima del mio incidente, avevo vinto l\u00ec\u00a0 il campionato Italiano senior in\u00a0 due senza e quel giorno avrei di nuovo attraversato il lago sulla stessa barca. <br \/><\/em><\/p>\n<p><em>E&#8217; stata impressionante la felicit\u00e0 e l&#8217;emozione che ho provato al barchino delle partenza, nelle mia mente apparivano\u00a0 i flashback della gara di 24 anni prima. <\/em><\/p>\n<p><em>Solitamente durante le competizioni penso sempre e solo a spingere, cerco di ripetere quello che faccio ogni giorno durate l&#8217;allenamento con pi\u00f9 grinta, pi\u00f9 forza, pi\u00f9 tenacia, ma quel giorno tiravo, remavo, volevo ottenere un buon risultato, ma cercavo anche di godermi quella magnifica sensazione della barca che scivolava sul lago di Piediluco immerso tra la montagne dell&#8217;Umbria, sperando e credendo che nulla avrebbe potuto fermare la nostra barca, nulla avrebbe interrotto quelle sensazioni.\u201d <br \/><\/em><\/p>\n<p style=\"text-align: right;\"><strong>di Cristina Romiti<\/strong><em><br \/><\/em><\/p>\n<p>Ora per\u00f2 Paola sta pensando al suo mondiale vuole mettere a frutto un anno di intensi allenamenti forte del fatto che sa di non arrendersi mai.<\/p>\n<p>\u00a0<\/p>\n","protected":false},"excerpt":{"rendered":"<p>\u201cHo dovuto superare una selezione in due con, barca prettamente maschile, per poter entrare a far parte della squadra nazionale adaptive di quest&#8217;anno.\u00a0 Eravamo tre atlete e ci contendevamo i due posti riservati alle donne, una di noi non avrebbe potuto partecipare ai mondiali che si terranno a Poznan dal 23 al 30 Agosto. Indipendentemente [&hellip;]<\/p>\n","protected":false},"author":2,"featured_media":0,"comment_status":"open","ping_status":"closed","sticky":true,"template":"","format":"standard","meta":{"pmpro_default_level":0,"footnotes":"","_links_to":"","_links_to_target":""},"categories":[9],"tags":[],"class_list":["post-118","post","type-post","status-publish","format-standard","hentry","category-canottaggio","pmpro-has-access"],"featured_image_urls":{},"appp_media":null,"yoast_head":"<!-- This site is optimized with the Yoast SEO plugin v23.6 - https:\/\/yoast.com\/wordpress\/plugins\/seo\/ -->\n<title>Canottaggio adaptive: Paola Protopapa ai mondiali di Poznan - Circolo Canottieri Aniene<\/title>\n<meta name=\"robots\" content=\"index, follow, max-snippet:-1, max-image-preview:large, max-video-preview:-1\" \/>\n<link rel=\"canonical\" href=\"https:\/\/www.ccaniene.com\/it_it\/canottaggio-adaptive-paola-protopapa-ai-mondiali-di-poznan\/\" \/>\n<meta property=\"og:locale\" content=\"it_IT\" \/>\n<meta property=\"og:type\" content=\"article\" \/>\n<meta property=\"og:title\" content=\"Canottaggio adaptive: Paola Protopapa ai mondiali di Poznan - Circolo Canottieri Aniene\" \/>\n<meta property=\"og:description\" content=\"\u201cHo dovuto superare una selezione in due con, barca prettamente maschile, per poter entrare a far parte della squadra nazionale adaptive di quest&#8217;anno.\u00a0 Eravamo tre atlete e ci contendevamo i due posti riservati alle donne, una di noi non avrebbe potuto partecipare ai mondiali che si terranno a Poznan dal 23 al 30 Agosto. Indipendentemente [&hellip;]\" \/>\n<meta property=\"og:url\" content=\"https:\/\/www.ccaniene.com\/it_it\/canottaggio-adaptive-paola-protopapa-ai-mondiali-di-poznan\/\" \/>\n<meta property=\"og:site_name\" content=\"Circolo Canottieri Aniene\" \/>\n<meta property=\"article:published_time\" content=\"2009-08-04T15:34:27+00:00\" \/>\n<meta property=\"og:image\" content=\"http:\/\/www.ccaniene.com\/wp-content\/uploads\/paola-protopapa.jpg\" \/>\n<meta name=\"twitter:card\" content=\"summary_large_image\" \/>\n<meta name=\"twitter:label1\" content=\"Scritto da\" \/>\n\t<meta name=\"twitter:data1\" content=\"\" \/>\n\t<meta name=\"twitter:label2\" content=\"Tempo di lettura stimato\" \/>\n\t<meta name=\"twitter:data2\" content=\"2 minuti\" \/>\n<script type=\"application\/ld+json\" class=\"yoast-schema-graph\">{\"@context\":\"https:\/\/schema.org\",\"@graph\":[{\"@type\":\"WebPage\",\"@id\":\"https:\/\/www.ccaniene.com\/en\/canottaggio-adaptive-paola-protopapa-ai-mondiali-di-poznan\/\",\"url\":\"https:\/\/www.ccaniene.com\/en\/canottaggio-adaptive-paola-protopapa-ai-mondiali-di-poznan\/\",\"name\":\"Canottaggio adaptive: Paola Protopapa ai mondiali di Poznan - Circolo Canottieri Aniene\",\"isPartOf\":{\"@id\":\"https:\/\/www.ccaniene.com\/it_it\/#website\"},\"primaryImageOfPage\":{\"@id\":\"https:\/\/www.ccaniene.com\/en\/canottaggio-adaptive-paola-protopapa-ai-mondiali-di-poznan\/#primaryimage\"},\"image\":{\"@id\":\"https:\/\/www.ccaniene.com\/en\/canottaggio-adaptive-paola-protopapa-ai-mondiali-di-poznan\/#primaryimage\"},\"thumbnailUrl\":\"http:\/\/www.ccaniene.com\/wp-content\/uploads\/paola-protopapa.jpg\",\"datePublished\":\"2009-08-04T15:34:27+00:00\",\"dateModified\":\"2009-08-04T15:34:27+00:00\",\"author\":{\"@id\":\"\"},\"breadcrumb\":{\"@id\":\"https:\/\/www.ccaniene.com\/en\/canottaggio-adaptive-paola-protopapa-ai-mondiali-di-poznan\/#breadcrumb\"},\"inLanguage\":\"it-IT\",\"potentialAction\":[{\"@type\":\"ReadAction\",\"target\":[\"https:\/\/www.ccaniene.com\/en\/canottaggio-adaptive-paola-protopapa-ai-mondiali-di-poznan\/\"]}]},{\"@type\":\"ImageObject\",\"inLanguage\":\"it-IT\",\"@id\":\"https:\/\/www.ccaniene.com\/en\/canottaggio-adaptive-paola-protopapa-ai-mondiali-di-poznan\/#primaryimage\",\"url\":\"http:\/\/www.ccaniene.com\/wp-content\/uploads\/paola-protopapa.jpg\",\"contentUrl\":\"http:\/\/www.ccaniene.com\/wp-content\/uploads\/paola-protopapa.jpg\"},{\"@type\":\"BreadcrumbList\",\"@id\":\"https:\/\/www.ccaniene.com\/en\/canottaggio-adaptive-paola-protopapa-ai-mondiali-di-poznan\/#breadcrumb\",\"itemListElement\":[{\"@type\":\"ListItem\",\"position\":1,\"name\":\"Home\",\"item\":\"https:\/\/www.ccaniene.com\/it_it\/\"},{\"@type\":\"ListItem\",\"position\":2,\"name\":\"Canottaggio adaptive: Paola Protopapa ai mondiali di Poznan\"}]},{\"@type\":\"WebSite\",\"@id\":\"https:\/\/www.ccaniene.com\/it_it\/#website\",\"url\":\"https:\/\/www.ccaniene.com\/it_it\/\",\"name\":\"Circolo Canottieri Aniene\",\"description\":\"Collare d&#039;Oro e Stella d&#039;Oro al Merito Sportivo\",\"potentialAction\":[{\"@type\":\"SearchAction\",\"target\":{\"@type\":\"EntryPoint\",\"urlTemplate\":\"https:\/\/www.ccaniene.com\/it_it\/?s={search_term_string}\"},\"query-input\":{\"@type\":\"PropertyValueSpecification\",\"valueRequired\":true,\"valueName\":\"search_term_string\"}}],\"inLanguage\":\"it-IT\"},{\"@type\":\"Person\",\"@id\":\"\",\"url\":\"https:\/\/www.ccaniene.com\/it_it\/author\/\"}]}<\/script>\n<!-- \/ Yoast SEO plugin. -->","yoast_head_json":{"title":"Canottaggio adaptive: Paola Protopapa ai mondiali di Poznan - Circolo Canottieri Aniene","robots":{"index":"index","follow":"follow","max-snippet":"max-snippet:-1","max-image-preview":"max-image-preview:large","max-video-preview":"max-video-preview:-1"},"canonical":"https:\/\/www.ccaniene.com\/it_it\/canottaggio-adaptive-paola-protopapa-ai-mondiali-di-poznan\/","og_locale":"it_IT","og_type":"article","og_title":"Canottaggio adaptive: Paola Protopapa ai mondiali di Poznan - Circolo Canottieri Aniene","og_description":"\u201cHo dovuto superare una selezione in due con, barca prettamente maschile, per poter entrare a far parte della squadra nazionale adaptive di quest&#8217;anno.\u00a0 Eravamo tre atlete e ci contendevamo i due posti riservati alle donne, una di noi non avrebbe potuto partecipare ai mondiali che si terranno a Poznan dal 23 al 30 Agosto. Indipendentemente [&hellip;]","og_url":"https:\/\/www.ccaniene.com\/it_it\/canottaggio-adaptive-paola-protopapa-ai-mondiali-di-poznan\/","og_site_name":"Circolo Canottieri Aniene","article_published_time":"2009-08-04T15:34:27+00:00","og_image":[{"url":"http:\/\/www.ccaniene.com\/wp-content\/uploads\/paola-protopapa.jpg"}],"twitter_card":"summary_large_image","twitter_misc":{"Scritto da":"","Tempo di lettura stimato":"2 minuti"},"schema":{"@context":"https:\/\/schema.org","@graph":[{"@type":"WebPage","@id":"https:\/\/www.ccaniene.com\/en\/canottaggio-adaptive-paola-protopapa-ai-mondiali-di-poznan\/","url":"https:\/\/www.ccaniene.com\/en\/canottaggio-adaptive-paola-protopapa-ai-mondiali-di-poznan\/","name":"Canottaggio adaptive: Paola Protopapa ai mondiali di Poznan - Circolo Canottieri Aniene","isPartOf":{"@id":"https:\/\/www.ccaniene.com\/it_it\/#website"},"primaryImageOfPage":{"@id":"https:\/\/www.ccaniene.com\/en\/canottaggio-adaptive-paola-protopapa-ai-mondiali-di-poznan\/#primaryimage"},"image":{"@id":"https:\/\/www.ccaniene.com\/en\/canottaggio-adaptive-paola-protopapa-ai-mondiali-di-poznan\/#primaryimage"},"thumbnailUrl":"http:\/\/www.ccaniene.com\/wp-content\/uploads\/paola-protopapa.jpg","datePublished":"2009-08-04T15:34:27+00:00","dateModified":"2009-08-04T15:34:27+00:00","author":{"@id":""},"breadcrumb":{"@id":"https:\/\/www.ccaniene.com\/en\/canottaggio-adaptive-paola-protopapa-ai-mondiali-di-poznan\/#breadcrumb"},"inLanguage":"it-IT","potentialAction":[{"@type":"ReadAction","target":["https:\/\/www.ccaniene.com\/en\/canottaggio-adaptive-paola-protopapa-ai-mondiali-di-poznan\/"]}]},{"@type":"ImageObject","inLanguage":"it-IT","@id":"https:\/\/www.ccaniene.com\/en\/canottaggio-adaptive-paola-protopapa-ai-mondiali-di-poznan\/#primaryimage","url":"http:\/\/www.ccaniene.com\/wp-content\/uploads\/paola-protopapa.jpg","contentUrl":"http:\/\/www.ccaniene.com\/wp-content\/uploads\/paola-protopapa.jpg"},{"@type":"BreadcrumbList","@id":"https:\/\/www.ccaniene.com\/en\/canottaggio-adaptive-paola-protopapa-ai-mondiali-di-poznan\/#breadcrumb","itemListElement":[{"@type":"ListItem","position":1,"name":"Home","item":"https:\/\/www.ccaniene.com\/it_it\/"},{"@type":"ListItem","position":2,"name":"Canottaggio adaptive: Paola Protopapa ai mondiali di Poznan"}]},{"@type":"WebSite","@id":"https:\/\/www.ccaniene.com\/it_it\/#website","url":"https:\/\/www.ccaniene.com\/it_it\/","name":"Circolo Canottieri Aniene","description":"Collare d&#039;Oro e Stella d&#039;Oro al Merito Sportivo","potentialAction":[{"@type":"SearchAction","target":{"@type":"EntryPoint","urlTemplate":"https:\/\/www.ccaniene.com\/it_it\/?s={search_term_string}"},"query-input":{"@type":"PropertyValueSpecification","valueRequired":true,"valueName":"search_term_string"}}],"inLanguage":"it-IT"},{"@type":"Person","@id":"","url":"https:\/\/www.ccaniene.com\/it_it\/author\/"}]}},"_links":{"self":[{"href":"https:\/\/www.ccaniene.com\/it_it\/wp-json\/wp\/v2\/posts\/118"}],"collection":[{"href":"https:\/\/www.ccaniene.com\/it_it\/wp-json\/wp\/v2\/posts"}],"about":[{"href":"https:\/\/www.ccaniene.com\/it_it\/wp-json\/wp\/v2\/types\/post"}],"author":[{"embeddable":true,"href":"https:\/\/www.ccaniene.com\/it_it\/wp-json\/wp\/v2\/users\/2"}],"replies":[{"embeddable":true,"href":"https:\/\/www.ccaniene.com\/it_it\/wp-json\/wp\/v2\/comments?post=118"}],"version-history":[{"count":0,"href":"https:\/\/www.ccaniene.com\/it_it\/wp-json\/wp\/v2\/posts\/118\/revisions"}],"wp:attachment":[{"href":"https:\/\/www.ccaniene.com\/it_it\/wp-json\/wp\/v2\/media?parent=118"}],"wp:term":[{"taxonomy":"category","embeddable":true,"href":"https:\/\/www.ccaniene.com\/it_it\/wp-json\/wp\/v2\/categories?post=118"},{"taxonomy":"post_tag","embeddable":true,"href":"https:\/\/www.ccaniene.com\/it_it\/wp-json\/wp\/v2\/tags?post=118"}],"curies":[{"name":"wp","href":"https:\/\/api.w.org\/{rel}","templated":true}]}}