{"id":11756,"date":"2016-12-20T17:42:32","date_gmt":"2016-12-20T16:42:32","guid":{"rendered":"https:\/\/www.ccaniene.com\/?p=11756\/"},"modified":"2016-12-24T00:44:36","modified_gmt":"2016-12-23T23:44:36","slug":"premiazione-fine-anno-medaglie-abbracci-nel-salone-del-circolo","status":"publish","type":"post","link":"https:\/\/www.ccaniene.com\/it_it\/premiazione-fine-anno-medaglie-abbracci-nel-salone-del-circolo\/","title":{"rendered":"Festa grande al Circolo, tra medaglie e ospiti d&#8217;onore"},"content":{"rendered":"<p>Grande tintinnio di medaglie ieri nel salone del Circolo per la tradizionale premiazione sportiva di fine d&#8217;anno, dedicata ai nostri fantastici campioni ed ai soci che &#8211; fuori dal giro federale &#8211; hanno fatto prestazioni tali da essere considerati alla loro stregua.<\/p>\n<p><a href=\"http:\/\/www.ccaniene.com\/wp-content\/uploads\/2016\/12\/SER_8158.jpg\"><img fetchpriority=\"high\" decoding=\"async\" class=\"aligncenter wp-image-11766 size-medium\" src=\"http:\/\/www.ccaniene.com\/wp-content\/uploads\/2016\/12\/SER_8158-460x422.jpg\" alt=\"ser_8158\" width=\"460\" height=\"422\" \/><\/a><\/p>\n<p>E&#8217; stato tutto un rincorrersi di applausi e di ricordi di belle imprese compiute nell&#8217;arco di dodici mesi, sottolineate dalla consegna di un premio uguale per tutti, ma fatta di tanti pezzi unici, una composizione in metacrilato all&#8217;insegna non casuale della trasparenza e dei colori giallo-celeste-bl\u00f9, sbocciata dalla fantasia e dalla generosit\u00e0 di Natino Chirico, l&#8217;apprezzatissimo artista che \u00e9 socio dell&#8217;Aniene.<\/p>\n<p><a href=\"http:\/\/www.ccaniene.com\/wp-content\/uploads\/2016\/12\/SER_7996.jpg\"><img decoding=\"async\" class=\"aligncenter wp-image-11762 size-medium\" src=\"http:\/\/www.ccaniene.com\/wp-content\/uploads\/2016\/12\/SER_7996-391x460.jpg\" alt=\"ser_7996\" width=\"391\" height=\"460\" \/><\/a><\/p>\n<p>Per aver accesso al palcoscenico bisognava essere medaglia olimpica (ed era il caso di Alex Zanardi e di Luca Mazzone,\u00a0 partecipante ai Giochi di Rio 2016 (e parliamo di venti campioni), atleti saliti sui podi dei campionati mondiali o continentali di qualsiasi categoria o campioni italiani assoluti. Criteri selettivi severi, quindi, ma nonostante questo la carrellata \u00e9 stata di pi\u00f9 di ottanta persone, iniziando da Alex Zanardi e chiudendo con Federica Pellegrini, che quest&#8217;anno \u00e9 stata presente con un oro mondiale, uno europeo e un bel po&#8217; di italiani (ma in carriera ne ha mostruosamente messi insieme la bellezza di 110).<\/p>\n<p><a href=\"http:\/\/www.ccaniene.com\/wp-content\/uploads\/2016\/12\/SER_7695.jpg\"><img decoding=\"async\" class=\"aligncenter wp-image-11758 size-medium\" src=\"http:\/\/www.ccaniene.com\/wp-content\/uploads\/2016\/12\/SER_7695-300x460.jpg\" alt=\"ser_7695\" width=\"300\" height=\"460\" \/><\/a><\/p>\n<p>Per la lista completa vi rimandiamo alla carta, alla pagina celebrativa del Corriere dello sport del prossimo 29 dicembre, qui invece segnaliamo due momenti diversi, quelli &#8220;sociali&#8221;, dedicati agli atleti dell&#8217;anno: Nicco Pagni e Tommy Viti, protagoniusti in marzo, bandiera dell&#8217;Aniene al vento, della Absa Cap\u00e8e Epic, una massacrante corsa a tappe in mountain bike lunga 625 chilometri con un mostruoso dislivello di 15.000 metri; la squadra di calcio a cinque che uscendo da un lungo digiuno nell&#8217;eterno conflitto sportivo tra circoli romani ha dominato il 2016 realizzando un prodigioso grande slam, ovvero vincendo tutti i tornei della stagione.<\/p>\n<p><a href=\"http:\/\/www.ccaniene.com\/wp-content\/uploads\/2016\/12\/SER_8052.jpg\"><img loading=\"lazy\" decoding=\"async\" class=\"aligncenter wp-image-11763 size-medium\" src=\"http:\/\/www.ccaniene.com\/wp-content\/uploads\/2016\/12\/SER_8052-460x373.jpg\" alt=\"ser_8052\" width=\"460\" height=\"373\" \/><\/a><\/p>\n<p>Grande cerimoniere di tutte queste gioie, naturalmente, il presidente Giovanni Malag\u00f2 e con lui il socio partner Emanuele Emmanuele, il vice presidente del CONI Luciano Bonfiglio, il presidente CIP Luca Pancalli, il segretario generale CONI Roberto Fabbricini con il vice Carlo Mornati, i rappresentanti dei partner BNL, Samsung, Ferrari (una magnum per i brindisi di fine anno agli olimpici) e la grande Novella Calligaris.<\/p>\n<p><a href=\"http:\/\/www.ccaniene.com\/wp-content\/uploads\/2016\/12\/SER_7885.jpg\"><img loading=\"lazy\" decoding=\"async\" class=\"aligncenter wp-image-11759 size-medium\" src=\"http:\/\/www.ccaniene.com\/wp-content\/uploads\/2016\/12\/SER_7885-337x460.jpg\" alt=\"ser_7885\" width=\"337\" height=\"460\" \/><\/a><\/p>\n","protected":false},"excerpt":{"rendered":"<p>Grande tintinnio di medaglie ieri nel salone del Circolo per la tradizionale premiazione sportiva di fine d&#8217;anno, dedicata ai nostri fantastici campioni ed ai soci che &#8211; fuori dal giro federale &#8211; hanno fatto prestazioni tali da essere considerati alla loro stregua. E&#8217; stato tutto un rincorrersi di applausi e di ricordi di belle imprese [&hellip;]<\/p>\n","protected":false},"author":23521,"featured_media":11768,"comment_status":"open","ping_status":"closed","sticky":false,"template":"","format":"standard","meta":{"pmpro_default_level":0,"footnotes":"","_links_to":"","_links_to_target":""},"categories":[1],"tags":[],"class_list":["post-11756","post","type-post","status-publish","format-standard","has-post-thumbnail","hentry","category-news","pmpro-has-access"],"featured_image_urls":{"medium":"https:\/\/www.ccaniene.com\/wp-content\/uploads\/2016\/12\/SER_8311-800x611.jpg","thumbnail":"https:\/\/www.ccaniene.com\/wp-content\/uploads\/2016\/12\/SER_8311-400x400.jpg","medium_large":"https:\/\/www.ccaniene.com\/wp-content\/uploads\/2016\/12\/SER_8311-768x586.jpg"},"appp_media":null,"yoast_head":"<!-- This site is optimized with the Yoast SEO plugin v23.6 - https:\/\/yoast.com\/wordpress\/plugins\/seo\/ -->\n<title>Festa grande al Circolo, tra medaglie e ospiti d&#039;onore - Circolo Canottieri Aniene<\/title>\n<meta name=\"robots\" content=\"index, follow, max-snippet:-1, max-image-preview:large, max-video-preview:-1\" \/>\n<link rel=\"canonical\" href=\"https:\/\/www.ccaniene.com\/it_it\/premiazione-fine-anno-medaglie-abbracci-nel-salone-del-circolo\/\" \/>\n<meta property=\"og:locale\" content=\"it_IT\" \/>\n<meta property=\"og:type\" content=\"article\" \/>\n<meta property=\"og:title\" content=\"Festa grande al Circolo, tra medaglie e ospiti d&#039;onore - Circolo Canottieri Aniene\" \/>\n<meta property=\"og:description\" content=\"Grande tintinnio di medaglie ieri nel salone del Circolo per la tradizionale premiazione sportiva di fine d&#8217;anno, dedicata ai nostri fantastici campioni ed ai soci che &#8211; fuori dal giro federale &#8211; hanno fatto prestazioni tali da essere considerati alla loro stregua. E&#8217; stato tutto un rincorrersi di applausi e di ricordi di belle imprese [&hellip;]\" \/>\n<meta property=\"og:url\" content=\"https:\/\/www.ccaniene.com\/it_it\/premiazione-fine-anno-medaglie-abbracci-nel-salone-del-circolo\/\" \/>\n<meta property=\"og:site_name\" content=\"Circolo Canottieri Aniene\" \/>\n<meta property=\"article:published_time\" content=\"2016-12-20T16:42:32+00:00\" \/>\n<meta property=\"article:modified_time\" content=\"2016-12-23T23:44:36+00:00\" \/>\n<meta property=\"og:image\" content=\"https:\/\/www.ccaniene.com\/wp-content\/uploads\/2016\/12\/SER_8311.jpg\" \/>\n\t<meta property=\"og:image:width\" content=\"1049\" \/>\n\t<meta property=\"og:image:height\" content=\"801\" \/>\n\t<meta property=\"og:image:type\" content=\"image\/jpeg\" \/>\n<meta name=\"author\" content=\"carlo.san@tin.it\" \/>\n<meta name=\"twitter:card\" content=\"summary_large_image\" \/>\n<meta name=\"twitter:label1\" content=\"Scritto da\" \/>\n\t<meta name=\"twitter:data1\" content=\"carlo.san@tin.it\" \/>\n\t<meta name=\"twitter:label2\" content=\"Tempo di lettura stimato\" \/>\n\t<meta name=\"twitter:data2\" content=\"2 minuti\" \/>\n<script type=\"application\/ld+json\" class=\"yoast-schema-graph\">{\"@context\":\"https:\/\/schema.org\",\"@graph\":[{\"@type\":\"WebPage\",\"@id\":\"https:\/\/www.ccaniene.com\/it_it\/premiazione-fine-anno-medaglie-abbracci-nel-salone-del-circolo\/\",\"url\":\"https:\/\/www.ccaniene.com\/it_it\/premiazione-fine-anno-medaglie-abbracci-nel-salone-del-circolo\/\",\"name\":\"Festa grande al Circolo, tra medaglie e ospiti d'onore - Circolo Canottieri Aniene\",\"isPartOf\":{\"@id\":\"https:\/\/www.ccaniene.com\/it_it\/#website\"},\"primaryImageOfPage\":{\"@id\":\"https:\/\/www.ccaniene.com\/it_it\/premiazione-fine-anno-medaglie-abbracci-nel-salone-del-circolo\/#primaryimage\"},\"image\":{\"@id\":\"https:\/\/www.ccaniene.com\/it_it\/premiazione-fine-anno-medaglie-abbracci-nel-salone-del-circolo\/#primaryimage\"},\"thumbnailUrl\":\"https:\/\/www.ccaniene.com\/wp-content\/uploads\/2016\/12\/SER_8311.jpg\",\"datePublished\":\"2016-12-20T16:42:32+00:00\",\"dateModified\":\"2016-12-23T23:44:36+00:00\",\"author\":{\"@id\":\"https:\/\/www.ccaniene.com\/it_it\/#\/schema\/person\/6042bd0ba360674279dffd4247d570ed\"},\"breadcrumb\":{\"@id\":\"https:\/\/www.ccaniene.com\/it_it\/premiazione-fine-anno-medaglie-abbracci-nel-salone-del-circolo\/#breadcrumb\"},\"inLanguage\":\"it-IT\",\"potentialAction\":[{\"@type\":\"ReadAction\",\"target\":[\"https:\/\/www.ccaniene.com\/it_it\/premiazione-fine-anno-medaglie-abbracci-nel-salone-del-circolo\/\"]}]},{\"@type\":\"ImageObject\",\"inLanguage\":\"it-IT\",\"@id\":\"https:\/\/www.ccaniene.com\/it_it\/premiazione-fine-anno-medaglie-abbracci-nel-salone-del-circolo\/#primaryimage\",\"url\":\"https:\/\/www.ccaniene.com\/wp-content\/uploads\/2016\/12\/SER_8311.jpg\",\"contentUrl\":\"https:\/\/www.ccaniene.com\/wp-content\/uploads\/2016\/12\/SER_8311.jpg\",\"width\":1049,\"height\":801},{\"@type\":\"BreadcrumbList\",\"@id\":\"https:\/\/www.ccaniene.com\/it_it\/premiazione-fine-anno-medaglie-abbracci-nel-salone-del-circolo\/#breadcrumb\",\"itemListElement\":[{\"@type\":\"ListItem\",\"position\":1,\"name\":\"Home\",\"item\":\"https:\/\/www.ccaniene.com\/it_it\/\"},{\"@type\":\"ListItem\",\"position\":2,\"name\":\"Festa grande al Circolo, tra medaglie e ospiti d&#8217;onore\"}]},{\"@type\":\"WebSite\",\"@id\":\"https:\/\/www.ccaniene.com\/it_it\/#website\",\"url\":\"https:\/\/www.ccaniene.com\/it_it\/\",\"name\":\"Circolo Canottieri Aniene\",\"description\":\"Collare d&#039;Oro e Stella d&#039;Oro al Merito Sportivo\",\"potentialAction\":[{\"@type\":\"SearchAction\",\"target\":{\"@type\":\"EntryPoint\",\"urlTemplate\":\"https:\/\/www.ccaniene.com\/it_it\/?s={search_term_string}\"},\"query-input\":{\"@type\":\"PropertyValueSpecification\",\"valueRequired\":true,\"valueName\":\"search_term_string\"}}],\"inLanguage\":\"it-IT\"},{\"@type\":\"Person\",\"@id\":\"https:\/\/www.ccaniene.com\/it_it\/#\/schema\/person\/6042bd0ba360674279dffd4247d570ed\",\"name\":\"carlo.san@tin.it\",\"image\":{\"@type\":\"ImageObject\",\"inLanguage\":\"it-IT\",\"@id\":\"https:\/\/www.ccaniene.com\/it_it\/#\/schema\/person\/image\/\",\"url\":\"https:\/\/secure.gravatar.com\/avatar\/f993a459d0ffe4d666e4c917fef20ca9?s=96&d=mm&r=g\",\"contentUrl\":\"https:\/\/secure.gravatar.com\/avatar\/f993a459d0ffe4d666e4c917fef20ca9?s=96&d=mm&r=g\",\"caption\":\"carlo.san@tin.it\"},\"url\":\"https:\/\/www.ccaniene.com\/it_it\/author\/carlo-santi-2\/\"}]}<\/script>\n<!-- \/ Yoast SEO plugin. -->","yoast_head_json":{"title":"Festa grande al Circolo, tra medaglie e ospiti d'onore - Circolo Canottieri Aniene","robots":{"index":"index","follow":"follow","max-snippet":"max-snippet:-1","max-image-preview":"max-image-preview:large","max-video-preview":"max-video-preview:-1"},"canonical":"https:\/\/www.ccaniene.com\/it_it\/premiazione-fine-anno-medaglie-abbracci-nel-salone-del-circolo\/","og_locale":"it_IT","og_type":"article","og_title":"Festa grande al Circolo, tra medaglie e ospiti d'onore - Circolo Canottieri Aniene","og_description":"Grande tintinnio di medaglie ieri nel salone del Circolo per la tradizionale premiazione sportiva di fine d&#8217;anno, dedicata ai nostri fantastici campioni ed ai soci che &#8211; fuori dal giro federale &#8211; hanno fatto prestazioni tali da essere considerati alla loro stregua. E&#8217; stato tutto un rincorrersi di applausi e di ricordi di belle imprese [&hellip;]","og_url":"https:\/\/www.ccaniene.com\/it_it\/premiazione-fine-anno-medaglie-abbracci-nel-salone-del-circolo\/","og_site_name":"Circolo Canottieri Aniene","article_published_time":"2016-12-20T16:42:32+00:00","article_modified_time":"2016-12-23T23:44:36+00:00","og_image":[{"width":1049,"height":801,"url":"https:\/\/www.ccaniene.com\/wp-content\/uploads\/2016\/12\/SER_8311.jpg","type":"image\/jpeg"}],"author":"carlo.san@tin.it","twitter_card":"summary_large_image","twitter_misc":{"Scritto da":"carlo.san@tin.it","Tempo di lettura stimato":"2 minuti"},"schema":{"@context":"https:\/\/schema.org","@graph":[{"@type":"WebPage","@id":"https:\/\/www.ccaniene.com\/it_it\/premiazione-fine-anno-medaglie-abbracci-nel-salone-del-circolo\/","url":"https:\/\/www.ccaniene.com\/it_it\/premiazione-fine-anno-medaglie-abbracci-nel-salone-del-circolo\/","name":"Festa grande al Circolo, tra medaglie e ospiti d'onore - Circolo Canottieri Aniene","isPartOf":{"@id":"https:\/\/www.ccaniene.com\/it_it\/#website"},"primaryImageOfPage":{"@id":"https:\/\/www.ccaniene.com\/it_it\/premiazione-fine-anno-medaglie-abbracci-nel-salone-del-circolo\/#primaryimage"},"image":{"@id":"https:\/\/www.ccaniene.com\/it_it\/premiazione-fine-anno-medaglie-abbracci-nel-salone-del-circolo\/#primaryimage"},"thumbnailUrl":"https:\/\/www.ccaniene.com\/wp-content\/uploads\/2016\/12\/SER_8311.jpg","datePublished":"2016-12-20T16:42:32+00:00","dateModified":"2016-12-23T23:44:36+00:00","author":{"@id":"https:\/\/www.ccaniene.com\/it_it\/#\/schema\/person\/6042bd0ba360674279dffd4247d570ed"},"breadcrumb":{"@id":"https:\/\/www.ccaniene.com\/it_it\/premiazione-fine-anno-medaglie-abbracci-nel-salone-del-circolo\/#breadcrumb"},"inLanguage":"it-IT","potentialAction":[{"@type":"ReadAction","target":["https:\/\/www.ccaniene.com\/it_it\/premiazione-fine-anno-medaglie-abbracci-nel-salone-del-circolo\/"]}]},{"@type":"ImageObject","inLanguage":"it-IT","@id":"https:\/\/www.ccaniene.com\/it_it\/premiazione-fine-anno-medaglie-abbracci-nel-salone-del-circolo\/#primaryimage","url":"https:\/\/www.ccaniene.com\/wp-content\/uploads\/2016\/12\/SER_8311.jpg","contentUrl":"https:\/\/www.ccaniene.com\/wp-content\/uploads\/2016\/12\/SER_8311.jpg","width":1049,"height":801},{"@type":"BreadcrumbList","@id":"https:\/\/www.ccaniene.com\/it_it\/premiazione-fine-anno-medaglie-abbracci-nel-salone-del-circolo\/#breadcrumb","itemListElement":[{"@type":"ListItem","position":1,"name":"Home","item":"https:\/\/www.ccaniene.com\/it_it\/"},{"@type":"ListItem","position":2,"name":"Festa grande al Circolo, tra medaglie e ospiti d&#8217;onore"}]},{"@type":"WebSite","@id":"https:\/\/www.ccaniene.com\/it_it\/#website","url":"https:\/\/www.ccaniene.com\/it_it\/","name":"Circolo Canottieri Aniene","description":"Collare d&#039;Oro e Stella d&#039;Oro al Merito Sportivo","potentialAction":[{"@type":"SearchAction","target":{"@type":"EntryPoint","urlTemplate":"https:\/\/www.ccaniene.com\/it_it\/?s={search_term_string}"},"query-input":{"@type":"PropertyValueSpecification","valueRequired":true,"valueName":"search_term_string"}}],"inLanguage":"it-IT"},{"@type":"Person","@id":"https:\/\/www.ccaniene.com\/it_it\/#\/schema\/person\/6042bd0ba360674279dffd4247d570ed","name":"carlo.san@tin.it","image":{"@type":"ImageObject","inLanguage":"it-IT","@id":"https:\/\/www.ccaniene.com\/it_it\/#\/schema\/person\/image\/","url":"https:\/\/secure.gravatar.com\/avatar\/f993a459d0ffe4d666e4c917fef20ca9?s=96&d=mm&r=g","contentUrl":"https:\/\/secure.gravatar.com\/avatar\/f993a459d0ffe4d666e4c917fef20ca9?s=96&d=mm&r=g","caption":"carlo.san@tin.it"},"url":"https:\/\/www.ccaniene.com\/it_it\/author\/carlo-santi-2\/"}]}},"_links":{"self":[{"href":"https:\/\/www.ccaniene.com\/it_it\/wp-json\/wp\/v2\/posts\/11756"}],"collection":[{"href":"https:\/\/www.ccaniene.com\/it_it\/wp-json\/wp\/v2\/posts"}],"about":[{"href":"https:\/\/www.ccaniene.com\/it_it\/wp-json\/wp\/v2\/types\/post"}],"author":[{"embeddable":true,"href":"https:\/\/www.ccaniene.com\/it_it\/wp-json\/wp\/v2\/users\/23521"}],"replies":[{"embeddable":true,"href":"https:\/\/www.ccaniene.com\/it_it\/wp-json\/wp\/v2\/comments?post=11756"}],"version-history":[{"count":6,"href":"https:\/\/www.ccaniene.com\/it_it\/wp-json\/wp\/v2\/posts\/11756\/revisions"}],"predecessor-version":[{"id":11774,"href":"https:\/\/www.ccaniene.com\/it_it\/wp-json\/wp\/v2\/posts\/11756\/revisions\/11774"}],"wp:featuredmedia":[{"embeddable":true,"href":"https:\/\/www.ccaniene.com\/it_it\/wp-json\/wp\/v2\/media\/11768"}],"wp:attachment":[{"href":"https:\/\/www.ccaniene.com\/it_it\/wp-json\/wp\/v2\/media?parent=11756"}],"wp:term":[{"taxonomy":"category","embeddable":true,"href":"https:\/\/www.ccaniene.com\/it_it\/wp-json\/wp\/v2\/categories?post=11756"},{"taxonomy":"post_tag","embeddable":true,"href":"https:\/\/www.ccaniene.com\/it_it\/wp-json\/wp\/v2\/tags?post=11756"}],"curies":[{"name":"wp","href":"https:\/\/api.w.org\/{rel}","templated":true}]}}