{"id":11628,"date":"2016-12-09T17:04:56","date_gmt":"2016-12-09T16:04:56","guid":{"rendered":"https:\/\/www.ccaniene.com\/?p=11628\/"},"modified":"2016-12-09T19:55:29","modified_gmt":"2016-12-09T18:55:29","slug":"mondiali-vasca-corta-pellegrini-quinta-nei-100-sl","status":"publish","type":"post","link":"https:\/\/www.ccaniene.com\/it_it\/mondiali-vasca-corta-pellegrini-quinta-nei-100-sl\/","title":{"rendered":"Mondiali vasca corta, Pellegrini quinta nei 100 sl"},"content":{"rendered":"<p>Sfuma il tris di medaglie per Federica Pellegrini ai Mondiali di nuoto in vasca corta in corso di svolgimento a Windsor. <a href=\"https:\/\/www.ccaniene.com\/pellegrini-show-windsor-oro-nei-200-stile-argento-nella-4x100\/\">Dopo l&#8217;oro nei 200 stile libero e l\u2019argento nella staffetta 4&#215;100<\/a>, la fuoriclasse del Circolo Canottieri Aniene si \u00e8 dovuta accontentare del quinto posto nella finale dei 100 sl. La Divina ha chiuso con il tempo di 52\u203343 nella gara vinta dall\u2019australiana Brittany Elmslie, prima in 51\u203381. Sul podio sono salite anche l&#8217;olandese Ranomi Kromowidjojo, seconda in 51&#8243;91, e la canadese Penny Oleksiak, che ha conquistato il bronzo (52&#8243;02).<\/p>\n<p>&#8220;Sapevo che per andare a podio bisognava scendere sotto i 52\u2033, ma sono comunque soddisfatta &#8211; ha commentato a caldo Federica -. E\u2019 stata la mia prima finale nei 100 e questa gara mi piace molto. La vorrei mettere a punto per il futuro. Ora, per\u00f2, sono concentrata sul lavoro nella distanza doppia\u201d. Adesso la ventottenne allenata da Matteo Giunta \u00e8 attesa da due giorni di riposo: Federica, infatti, ha rinunciato a gareggiare nei 400 stile libero per provare a trascinare la 4&#215;100 mista, che chiuder\u00e0 il programma dei campionati domenica.<\/p>\n<div id=\"attachment_11633\" style=\"width: 470px\" class=\"wp-caption alignleft\"><a href=\"http:\/\/www.ccaniene.com\/wp-content\/uploads\/2016\/12\/di-pietro.jpg\"><img fetchpriority=\"high\" decoding=\"async\" aria-describedby=\"caption-attachment-11633\" class=\"size-medium wp-image-11633\" src=\"http:\/\/www.ccaniene.com\/wp-content\/uploads\/2016\/12\/di-pietro-460x254.jpg\" alt=\"Silvia Di Pietro\" width=\"460\" height=\"254\" \/><\/a><p id=\"caption-attachment-11633\" class=\"wp-caption-text\">Silvia Di Pietro<\/p><\/div>\n<p>La squalifica, invece, ha privato la staffetta 4&#215;50 mista mista del bronzo. Il quartetto azzurro composto dalle nostre Silvia Scalia e Silvia Di Pietro, assieme a Fabio Scozzoli e Luca Dotto, aveva ottenuto il terzo posto prima di scoprire che il cambio di Dotto era stato anticipato di 11 centesimi. A quel punto \u00e8\u00a0scattata la sanzione (la tolleranza \u00e8 di 3 centesimi) che ha fatto sfumare il sogno. Alle spalle di Stati Uniti e Brasile, cos\u00ec, il bronzo \u00e8 andato al &#8220;ripescato&#8221; Giappone.<\/p>\n<p>Buone notizie arrivano dai 50 farfalla, dove Silvia Di Pietro ha centrato l&#8217;accesso alla finale con il tempo di 25\u203350: &#8220;Ho sbagliato un sacco di cose, ma sono riuscita a qualificarmi e questo \u00e8 quello che conta &#8211; ha dichiarato la primatista italiana, gi\u00e0 doppio argento nella 4\u00d7100 sl e nella <a href=\"https:\/\/www.ccaniene.com\/scalia-pietro-ferraioli-super-argento-nella-4x50-mista\/\">4\u00d750 mista<\/a> -. In finale spero di ritrovare i meccanismi giusti e di lottare per il podio in una gara che vede tante avversarie nuove e molto giovani&#8221;. L&#8217;atleta dell&#8217;Aniene ha poi staccato anche il pass\u00a0per la semifinale dei 50 dorso con il quindicesimo crono (26&#8243;95), limando il personale di 27&#8243;08.<\/p>\n","protected":false},"excerpt":{"rendered":"<p>Sfuma il tris di medaglie per Federica Pellegrini ai Mondiali di nuoto in vasca corta in corso di svolgimento a Windsor. Dopo l&#8217;oro nei 200 stile libero e l\u2019argento nella staffetta 4&#215;100, la fuoriclasse del Circolo Canottieri Aniene si \u00e8 dovuta accontentare del quinto posto nella finale dei 100 sl. La Divina ha chiuso con [&hellip;]<\/p>\n","protected":false},"author":23521,"featured_media":11629,"comment_status":"open","ping_status":"closed","sticky":false,"template":"","format":"standard","meta":{"pmpro_default_level":0,"footnotes":"","_links_to":"","_links_to_target":""},"categories":[1,11],"tags":[],"class_list":["post-11628","post","type-post","status-publish","format-standard","has-post-thumbnail","hentry","category-news","category-nuoto","pmpro-has-access"],"featured_image_urls":{"thumbnail":"https:\/\/www.ccaniene.com\/wp-content\/uploads\/2016\/12\/pellegrini4-400x400.jpg"},"appp_media":null,"yoast_head":"<!-- This site is optimized with the Yoast SEO plugin v23.6 - https:\/\/yoast.com\/wordpress\/plugins\/seo\/ -->\n<title>Mondiali vasca corta, Pellegrini quinta nei 100 sl - Circolo Canottieri Aniene<\/title>\n<meta name=\"robots\" content=\"index, follow, max-snippet:-1, max-image-preview:large, max-video-preview:-1\" \/>\n<link rel=\"canonical\" href=\"https:\/\/www.ccaniene.com\/it_it\/mondiali-vasca-corta-pellegrini-quinta-nei-100-sl\/\" \/>\n<meta property=\"og:locale\" content=\"it_IT\" \/>\n<meta property=\"og:type\" content=\"article\" \/>\n<meta property=\"og:title\" content=\"Mondiali vasca corta, Pellegrini quinta nei 100 sl - Circolo Canottieri Aniene\" \/>\n<meta property=\"og:description\" content=\"Sfuma il tris di medaglie per Federica Pellegrini ai Mondiali di nuoto in vasca corta in corso di svolgimento a Windsor. Dopo l&#8217;oro nei 200 stile libero e l\u2019argento nella staffetta 4&#215;100, la fuoriclasse del Circolo Canottieri Aniene si \u00e8 dovuta accontentare del quinto posto nella finale dei 100 sl. La Divina ha chiuso con [&hellip;]\" \/>\n<meta property=\"og:url\" content=\"https:\/\/www.ccaniene.com\/it_it\/mondiali-vasca-corta-pellegrini-quinta-nei-100-sl\/\" \/>\n<meta property=\"og:site_name\" content=\"Circolo Canottieri Aniene\" \/>\n<meta property=\"article:published_time\" content=\"2016-12-09T16:04:56+00:00\" \/>\n<meta property=\"article:modified_time\" content=\"2016-12-09T18:55:29+00:00\" \/>\n<meta property=\"og:image\" content=\"https:\/\/www.ccaniene.com\/wp-content\/uploads\/2016\/12\/pellegrini4.jpg\" \/>\n\t<meta property=\"og:image:width\" content=\"680\" \/>\n\t<meta property=\"og:image:height\" content=\"400\" \/>\n\t<meta property=\"og:image:type\" content=\"image\/jpeg\" \/>\n<meta name=\"author\" content=\"carlo.san@tin.it\" \/>\n<meta name=\"twitter:card\" content=\"summary_large_image\" \/>\n<meta name=\"twitter:label1\" content=\"Scritto da\" \/>\n\t<meta name=\"twitter:data1\" content=\"carlo.san@tin.it\" \/>\n\t<meta name=\"twitter:label2\" content=\"Tempo di lettura stimato\" \/>\n\t<meta name=\"twitter:data2\" content=\"2 minuti\" \/>\n<script type=\"application\/ld+json\" class=\"yoast-schema-graph\">{\"@context\":\"https:\/\/schema.org\",\"@graph\":[{\"@type\":\"WebPage\",\"@id\":\"https:\/\/www.ccaniene.com\/it_it\/mondiali-vasca-corta-pellegrini-quinta-nei-100-sl\/\",\"url\":\"https:\/\/www.ccaniene.com\/it_it\/mondiali-vasca-corta-pellegrini-quinta-nei-100-sl\/\",\"name\":\"Mondiali vasca corta, Pellegrini quinta nei 100 sl - Circolo Canottieri Aniene\",\"isPartOf\":{\"@id\":\"https:\/\/www.ccaniene.com\/it_it\/#website\"},\"primaryImageOfPage\":{\"@id\":\"https:\/\/www.ccaniene.com\/it_it\/mondiali-vasca-corta-pellegrini-quinta-nei-100-sl\/#primaryimage\"},\"image\":{\"@id\":\"https:\/\/www.ccaniene.com\/it_it\/mondiali-vasca-corta-pellegrini-quinta-nei-100-sl\/#primaryimage\"},\"thumbnailUrl\":\"https:\/\/www.ccaniene.com\/wp-content\/uploads\/2016\/12\/pellegrini4.jpg\",\"datePublished\":\"2016-12-09T16:04:56+00:00\",\"dateModified\":\"2016-12-09T18:55:29+00:00\",\"author\":{\"@id\":\"https:\/\/www.ccaniene.com\/it_it\/#\/schema\/person\/6042bd0ba360674279dffd4247d570ed\"},\"breadcrumb\":{\"@id\":\"https:\/\/www.ccaniene.com\/it_it\/mondiali-vasca-corta-pellegrini-quinta-nei-100-sl\/#breadcrumb\"},\"inLanguage\":\"it-IT\",\"potentialAction\":[{\"@type\":\"ReadAction\",\"target\":[\"https:\/\/www.ccaniene.com\/it_it\/mondiali-vasca-corta-pellegrini-quinta-nei-100-sl\/\"]}]},{\"@type\":\"ImageObject\",\"inLanguage\":\"it-IT\",\"@id\":\"https:\/\/www.ccaniene.com\/it_it\/mondiali-vasca-corta-pellegrini-quinta-nei-100-sl\/#primaryimage\",\"url\":\"https:\/\/www.ccaniene.com\/wp-content\/uploads\/2016\/12\/pellegrini4.jpg\",\"contentUrl\":\"https:\/\/www.ccaniene.com\/wp-content\/uploads\/2016\/12\/pellegrini4.jpg\",\"width\":680,\"height\":400,\"caption\":\"Federica Pellegrini\"},{\"@type\":\"BreadcrumbList\",\"@id\":\"https:\/\/www.ccaniene.com\/it_it\/mondiali-vasca-corta-pellegrini-quinta-nei-100-sl\/#breadcrumb\",\"itemListElement\":[{\"@type\":\"ListItem\",\"position\":1,\"name\":\"Home\",\"item\":\"https:\/\/www.ccaniene.com\/it_it\/\"},{\"@type\":\"ListItem\",\"position\":2,\"name\":\"Mondiali vasca corta, Pellegrini quinta nei 100 sl\"}]},{\"@type\":\"WebSite\",\"@id\":\"https:\/\/www.ccaniene.com\/it_it\/#website\",\"url\":\"https:\/\/www.ccaniene.com\/it_it\/\",\"name\":\"Circolo Canottieri Aniene\",\"description\":\"Collare d&#039;Oro e Stella d&#039;Oro al Merito Sportivo\",\"potentialAction\":[{\"@type\":\"SearchAction\",\"target\":{\"@type\":\"EntryPoint\",\"urlTemplate\":\"https:\/\/www.ccaniene.com\/it_it\/?s={search_term_string}\"},\"query-input\":{\"@type\":\"PropertyValueSpecification\",\"valueRequired\":true,\"valueName\":\"search_term_string\"}}],\"inLanguage\":\"it-IT\"},{\"@type\":\"Person\",\"@id\":\"https:\/\/www.ccaniene.com\/it_it\/#\/schema\/person\/6042bd0ba360674279dffd4247d570ed\",\"name\":\"carlo.san@tin.it\",\"image\":{\"@type\":\"ImageObject\",\"inLanguage\":\"it-IT\",\"@id\":\"https:\/\/www.ccaniene.com\/it_it\/#\/schema\/person\/image\/\",\"url\":\"https:\/\/secure.gravatar.com\/avatar\/f993a459d0ffe4d666e4c917fef20ca9?s=96&d=mm&r=g\",\"contentUrl\":\"https:\/\/secure.gravatar.com\/avatar\/f993a459d0ffe4d666e4c917fef20ca9?s=96&d=mm&r=g\",\"caption\":\"carlo.san@tin.it\"},\"url\":\"https:\/\/www.ccaniene.com\/it_it\/author\/carlo-santi-2\/\"}]}<\/script>\n<!-- \/ Yoast SEO plugin. -->","yoast_head_json":{"title":"Mondiali vasca corta, Pellegrini quinta nei 100 sl - Circolo Canottieri Aniene","robots":{"index":"index","follow":"follow","max-snippet":"max-snippet:-1","max-image-preview":"max-image-preview:large","max-video-preview":"max-video-preview:-1"},"canonical":"https:\/\/www.ccaniene.com\/it_it\/mondiali-vasca-corta-pellegrini-quinta-nei-100-sl\/","og_locale":"it_IT","og_type":"article","og_title":"Mondiali vasca corta, Pellegrini quinta nei 100 sl - Circolo Canottieri Aniene","og_description":"Sfuma il tris di medaglie per Federica Pellegrini ai Mondiali di nuoto in vasca corta in corso di svolgimento a Windsor. Dopo l&#8217;oro nei 200 stile libero e l\u2019argento nella staffetta 4&#215;100, la fuoriclasse del Circolo Canottieri Aniene si \u00e8 dovuta accontentare del quinto posto nella finale dei 100 sl. La Divina ha chiuso con [&hellip;]","og_url":"https:\/\/www.ccaniene.com\/it_it\/mondiali-vasca-corta-pellegrini-quinta-nei-100-sl\/","og_site_name":"Circolo Canottieri Aniene","article_published_time":"2016-12-09T16:04:56+00:00","article_modified_time":"2016-12-09T18:55:29+00:00","og_image":[{"width":680,"height":400,"url":"https:\/\/www.ccaniene.com\/wp-content\/uploads\/2016\/12\/pellegrini4.jpg","type":"image\/jpeg"}],"author":"carlo.san@tin.it","twitter_card":"summary_large_image","twitter_misc":{"Scritto da":"carlo.san@tin.it","Tempo di lettura stimato":"2 minuti"},"schema":{"@context":"https:\/\/schema.org","@graph":[{"@type":"WebPage","@id":"https:\/\/www.ccaniene.com\/it_it\/mondiali-vasca-corta-pellegrini-quinta-nei-100-sl\/","url":"https:\/\/www.ccaniene.com\/it_it\/mondiali-vasca-corta-pellegrini-quinta-nei-100-sl\/","name":"Mondiali vasca corta, Pellegrini quinta nei 100 sl - Circolo Canottieri Aniene","isPartOf":{"@id":"https:\/\/www.ccaniene.com\/it_it\/#website"},"primaryImageOfPage":{"@id":"https:\/\/www.ccaniene.com\/it_it\/mondiali-vasca-corta-pellegrini-quinta-nei-100-sl\/#primaryimage"},"image":{"@id":"https:\/\/www.ccaniene.com\/it_it\/mondiali-vasca-corta-pellegrini-quinta-nei-100-sl\/#primaryimage"},"thumbnailUrl":"https:\/\/www.ccaniene.com\/wp-content\/uploads\/2016\/12\/pellegrini4.jpg","datePublished":"2016-12-09T16:04:56+00:00","dateModified":"2016-12-09T18:55:29+00:00","author":{"@id":"https:\/\/www.ccaniene.com\/it_it\/#\/schema\/person\/6042bd0ba360674279dffd4247d570ed"},"breadcrumb":{"@id":"https:\/\/www.ccaniene.com\/it_it\/mondiali-vasca-corta-pellegrini-quinta-nei-100-sl\/#breadcrumb"},"inLanguage":"it-IT","potentialAction":[{"@type":"ReadAction","target":["https:\/\/www.ccaniene.com\/it_it\/mondiali-vasca-corta-pellegrini-quinta-nei-100-sl\/"]}]},{"@type":"ImageObject","inLanguage":"it-IT","@id":"https:\/\/www.ccaniene.com\/it_it\/mondiali-vasca-corta-pellegrini-quinta-nei-100-sl\/#primaryimage","url":"https:\/\/www.ccaniene.com\/wp-content\/uploads\/2016\/12\/pellegrini4.jpg","contentUrl":"https:\/\/www.ccaniene.com\/wp-content\/uploads\/2016\/12\/pellegrini4.jpg","width":680,"height":400,"caption":"Federica Pellegrini"},{"@type":"BreadcrumbList","@id":"https:\/\/www.ccaniene.com\/it_it\/mondiali-vasca-corta-pellegrini-quinta-nei-100-sl\/#breadcrumb","itemListElement":[{"@type":"ListItem","position":1,"name":"Home","item":"https:\/\/www.ccaniene.com\/it_it\/"},{"@type":"ListItem","position":2,"name":"Mondiali vasca corta, Pellegrini quinta nei 100 sl"}]},{"@type":"WebSite","@id":"https:\/\/www.ccaniene.com\/it_it\/#website","url":"https:\/\/www.ccaniene.com\/it_it\/","name":"Circolo Canottieri Aniene","description":"Collare d&#039;Oro e Stella d&#039;Oro al Merito Sportivo","potentialAction":[{"@type":"SearchAction","target":{"@type":"EntryPoint","urlTemplate":"https:\/\/www.ccaniene.com\/it_it\/?s={search_term_string}"},"query-input":{"@type":"PropertyValueSpecification","valueRequired":true,"valueName":"search_term_string"}}],"inLanguage":"it-IT"},{"@type":"Person","@id":"https:\/\/www.ccaniene.com\/it_it\/#\/schema\/person\/6042bd0ba360674279dffd4247d570ed","name":"carlo.san@tin.it","image":{"@type":"ImageObject","inLanguage":"it-IT","@id":"https:\/\/www.ccaniene.com\/it_it\/#\/schema\/person\/image\/","url":"https:\/\/secure.gravatar.com\/avatar\/f993a459d0ffe4d666e4c917fef20ca9?s=96&d=mm&r=g","contentUrl":"https:\/\/secure.gravatar.com\/avatar\/f993a459d0ffe4d666e4c917fef20ca9?s=96&d=mm&r=g","caption":"carlo.san@tin.it"},"url":"https:\/\/www.ccaniene.com\/it_it\/author\/carlo-santi-2\/"}]}},"_links":{"self":[{"href":"https:\/\/www.ccaniene.com\/it_it\/wp-json\/wp\/v2\/posts\/11628"}],"collection":[{"href":"https:\/\/www.ccaniene.com\/it_it\/wp-json\/wp\/v2\/posts"}],"about":[{"href":"https:\/\/www.ccaniene.com\/it_it\/wp-json\/wp\/v2\/types\/post"}],"author":[{"embeddable":true,"href":"https:\/\/www.ccaniene.com\/it_it\/wp-json\/wp\/v2\/users\/23521"}],"replies":[{"embeddable":true,"href":"https:\/\/www.ccaniene.com\/it_it\/wp-json\/wp\/v2\/comments?post=11628"}],"version-history":[{"count":10,"href":"https:\/\/www.ccaniene.com\/it_it\/wp-json\/wp\/v2\/posts\/11628\/revisions"}],"predecessor-version":[{"id":11640,"href":"https:\/\/www.ccaniene.com\/it_it\/wp-json\/wp\/v2\/posts\/11628\/revisions\/11640"}],"wp:featuredmedia":[{"embeddable":true,"href":"https:\/\/www.ccaniene.com\/it_it\/wp-json\/wp\/v2\/media\/11629"}],"wp:attachment":[{"href":"https:\/\/www.ccaniene.com\/it_it\/wp-json\/wp\/v2\/media?parent=11628"}],"wp:term":[{"taxonomy":"category","embeddable":true,"href":"https:\/\/www.ccaniene.com\/it_it\/wp-json\/wp\/v2\/categories?post=11628"},{"taxonomy":"post_tag","embeddable":true,"href":"https:\/\/www.ccaniene.com\/it_it\/wp-json\/wp\/v2\/tags?post=11628"}],"curies":[{"name":"wp","href":"https:\/\/api.w.org\/{rel}","templated":true}]}}