{"id":11019,"date":"2016-09-16T16:24:01","date_gmt":"2016-09-16T14:24:01","guid":{"rendered":"https:\/\/www.ccaniene.com\/?p=11019"},"modified":"2016-09-19T16:36:02","modified_gmt":"2016-09-19T14:36:02","slug":"rilancio-federica-pellegrini-non-mi-ritiro-obiettivo-tokyo","status":"publish","type":"post","link":"https:\/\/www.ccaniene.com\/it_it\/rilancio-federica-pellegrini-non-mi-ritiro-obiettivo-tokyo\/","title":{"rendered":"Pellegrini rilancia: &#8220;Niente ritiro, obiettivo Tokyo&#8221;"},"content":{"rendered":"<p>Federica Pellegrini non molla, anzi. La fuoriclasse del Circolo Canottieri Aniene ha messo nel mirino Tokyo 2020: in una lunga intervista rilasciata a Verissimo, la &#8220;Divina&#8221; sembra pronta a ripartire di slancio dopo la spedizione di Rio de Janeiro. &#8220;Presa la decisione di continuare, la forza la ritrovo. Perch\u00e9 voglio darmi un&#8217;altra chance, rimettermi a nuotare e fare tutti sacrifici che ho fatto l&#8217;anno scorso per poi giocarmela com&#8217;\u00e8 sempre stato. Ho bisogno di un&#8217;altra gara, anche se vincere sar\u00e0 sempre pi\u00f9 difficile. Per\u00f2 se avessi smesso adesso avrei lasciato qualcosa in sospeso e a me non piace farlo. Diciamo che mi piacerebbe chiudere questo ciclo e spero di farlo come vorrei io. E&#8217; logico che la mia vita per adesso \u00e8 il nuoto. Prepararsi quattro anni per un&#8217;Olimpiade, dopo la grande delusione che \u00e8 stata Londra 2012. Ci credevo, ci credevo tanto. Eravamo arrivati pronti, perch\u00e9 quest&#8217;anno \u00e8 stato bello come pochi fino a Rio, e fino a quei 20 centesimi che mi hanno fatto perdere la medaglia&#8221;.<\/p>\n<p><a href=\"http:\/\/www.ccaniene.com\/wp-content\/uploads\/2016\/06\/pellegrini2.jpg\"><img fetchpriority=\"high\" decoding=\"async\" class=\"aligncenter wp-image-9695 size-full\" src=\"http:\/\/www.ccaniene.com\/wp-content\/uploads\/2016\/06\/pellegrini2.jpg\" alt=\"Federica Pellegrini\" width=\"800\" height=\"400\" srcset=\"https:\/\/www.ccaniene.com\/wp-content\/uploads\/2016\/06\/pellegrini2.jpg 800w, https:\/\/www.ccaniene.com\/wp-content\/uploads\/2016\/06\/pellegrini2-768x384.jpg 768w\" sizes=\"(max-width: 800px) 100vw, 800px\" \/><\/a><\/p>\n<p>La campionessa del nuoto azzurro prosegue. &#8220;Certo, sapevamo di dovercela giocare, perch\u00e9 i 200 stile libero stanno diventando una gara sempre pi\u00f9 veloce ed io sto diventando sempre pi\u00f9 vecchia. Ti confronti con giovani che, ovviamente, stanno migliorando e crescendo e tu devi limare il massimo, il centesimo. Poi arrivi l\u00ec, fai tutto quello che \u00e8 giusto, ma non prendi la medaglia. E&#8217; logico che ti prende una gran rabbia. Dopo la gara ero talmente tanto delusa da questi 20 centesimi che mi sentivo stufa, svuotata. Dopo la gara, onestamente, ero stanca di fare i conti con queste minime distanze che ti fanno perdere o vincere. L&#8217;amore che ho per questo sport mi ha fatto fare un&#8217;altra scelta e ho deciso di darmi un&#8217;altra chance. Il mio prossimo obiettivo saranno i mondiali di Budapest 2017 e poi c&#8217;\u00e8 Tokyo 2020. Se riuscir\u00f2 a qualificarmi per questa Olimpiade, sar\u00e0 la mia quinta volta e, a 32 anni, per il nuoto, \u00e8 un&#8217;et\u00e0 abbastanza avanzata. Ho deciso di crederci e ci credo fortemente, da questo arriva la mia scelta di andare avanti&#8221;.<\/p>\n<p><a href=\"http:\/\/www.ccaniene.com\/wp-content\/uploads\/2013\/12\/Pellegrini-Federica.jpg\"><img decoding=\"async\" class=\"aligncenter wp-image-3788 size-large\" src=\"http:\/\/www.ccaniene.com\/wp-content\/uploads\/2013\/12\/Pellegrini-Federica-980x735.jpg\" alt=\"Federica Pellegrini\" width=\"980\" height=\"735\" srcset=\"https:\/\/www.ccaniene.com\/wp-content\/uploads\/2013\/12\/Pellegrini-Federica-980x735.jpg 980w, https:\/\/www.ccaniene.com\/wp-content\/uploads\/2013\/12\/Pellegrini-Federica-600x450.jpg 600w, https:\/\/www.ccaniene.com\/wp-content\/uploads\/2013\/12\/Pellegrini-Federica-460x345.jpg 460w, https:\/\/www.ccaniene.com\/wp-content\/uploads\/2013\/12\/Pellegrini-Federica-768x576.jpg 768w, https:\/\/www.ccaniene.com\/wp-content\/uploads\/2013\/12\/Pellegrini-Federica-300x225.jpg 300w, https:\/\/www.ccaniene.com\/wp-content\/uploads\/2013\/12\/Pellegrini-Federica-870x653.jpg 870w, https:\/\/www.ccaniene.com\/wp-content\/uploads\/2013\/12\/Pellegrini-Federica.jpg 1200w\" sizes=\"(max-width: 980px) 100vw, 980px\" \/><\/a><\/p>\n<p>La chiusura \u00e8 un vero e proprio spot per il nuovo. &#8220;E&#8217; uno sport sano. Nella mia vita ho sempre e solo nuotato, per cui non so paragonarlo ad altri sport, ma conosco molto bene il mio e posso dire che \u00e8 uno sport sano. Purtroppo \u00e8 sempre pi\u00f9 intaccato dall&#8217;ombra doping a livello internazionale. L&#8217;ombra del doping aleggia molto e si sente anche durante le gare: vedi fisici cambiare di tre mesi in tre mesi e, soprattutto per una donna, questo \u00e8 impossibile. Per\u00f2 consiglierei a mia figlia di farlo perch\u00e9 in Italia ancora tutto questo non esiste&#8221;.<\/p>\n","protected":false},"excerpt":{"rendered":"<p>Federica Pellegrini non molla, anzi. La fuoriclasse del Circolo Canottieri Aniene ha messo nel mirino Tokyo 2020: in una lunga intervista rilasciata a Verissimo, la &#8220;Divina&#8221; sembra pronta a ripartire di slancio dopo la spedizione di Rio de Janeiro. &#8220;Presa la decisione di continuare, la forza la ritrovo. Perch\u00e9 voglio darmi un&#8217;altra chance, rimettermi a [&hellip;]<\/p>\n","protected":false},"author":23521,"featured_media":9761,"comment_status":"open","ping_status":"closed","sticky":false,"template":"","format":"standard","meta":{"pmpro_default_level":0,"footnotes":"","_links_to":"","_links_to_target":""},"categories":[1,11],"tags":[],"class_list":["post-11019","post","type-post","status-publish","format-standard","has-post-thumbnail","hentry","category-news","category-nuoto","pmpro-has-access"],"featured_image_urls":{"medium":"https:\/\/www.ccaniene.com\/wp-content\/uploads\/2016\/06\/pellegrini-800x427.jpg","large":"https:\/\/www.ccaniene.com\/wp-content\/uploads\/2016\/06\/pellegrini-1920x1026.jpg","thumbnail":"https:\/\/www.ccaniene.com\/wp-content\/uploads\/2016\/06\/pellegrini-400x400.jpg","medium_large":"https:\/\/www.ccaniene.com\/wp-content\/uploads\/2016\/06\/pellegrini-768x410.jpg","1536x1536":"https:\/\/www.ccaniene.com\/wp-content\/uploads\/2016\/06\/pellegrini-1536x821.jpg","slider":"https:\/\/www.ccaniene.com\/wp-content\/uploads\/2016\/06\/pellegrini-1920x1028.jpg"},"appp_media":null,"yoast_head":"<!-- This site is optimized with the Yoast SEO plugin v23.6 - https:\/\/yoast.com\/wordpress\/plugins\/seo\/ -->\n<title>Pellegrini rilancia: &quot;Niente ritiro, obiettivo Tokyo&quot; - Circolo Canottieri Aniene<\/title>\n<meta name=\"robots\" content=\"index, follow, max-snippet:-1, max-image-preview:large, max-video-preview:-1\" \/>\n<link rel=\"canonical\" href=\"https:\/\/www.ccaniene.com\/it_it\/rilancio-federica-pellegrini-non-mi-ritiro-obiettivo-tokyo\/\" \/>\n<meta property=\"og:locale\" content=\"it_IT\" \/>\n<meta property=\"og:type\" content=\"article\" \/>\n<meta property=\"og:title\" content=\"Pellegrini rilancia: &quot;Niente ritiro, obiettivo Tokyo&quot; - Circolo Canottieri Aniene\" \/>\n<meta property=\"og:description\" content=\"Federica Pellegrini non molla, anzi. La fuoriclasse del Circolo Canottieri Aniene ha messo nel mirino Tokyo 2020: in una lunga intervista rilasciata a Verissimo, la &#8220;Divina&#8221; sembra pronta a ripartire di slancio dopo la spedizione di Rio de Janeiro. &#8220;Presa la decisione di continuare, la forza la ritrovo. Perch\u00e9 voglio darmi un&#8217;altra chance, rimettermi a [&hellip;]\" \/>\n<meta property=\"og:url\" content=\"https:\/\/www.ccaniene.com\/it_it\/rilancio-federica-pellegrini-non-mi-ritiro-obiettivo-tokyo\/\" \/>\n<meta property=\"og:site_name\" content=\"Circolo Canottieri Aniene\" \/>\n<meta property=\"article:published_time\" content=\"2016-09-16T14:24:01+00:00\" \/>\n<meta property=\"article:modified_time\" content=\"2016-09-19T14:36:02+00:00\" \/>\n<meta property=\"og:image\" content=\"https:\/\/www.ccaniene.com\/wp-content\/uploads\/2016\/06\/pellegrini.jpg\" \/>\n\t<meta property=\"og:image:width\" content=\"1924\" \/>\n\t<meta property=\"og:image:height\" content=\"1028\" \/>\n\t<meta property=\"og:image:type\" content=\"image\/jpeg\" \/>\n<meta name=\"author\" content=\"carlo.san@tin.it\" \/>\n<meta name=\"twitter:card\" content=\"summary_large_image\" \/>\n<meta name=\"twitter:label1\" content=\"Scritto da\" \/>\n\t<meta name=\"twitter:data1\" content=\"carlo.san@tin.it\" \/>\n\t<meta name=\"twitter:label2\" content=\"Tempo di lettura stimato\" \/>\n\t<meta name=\"twitter:data2\" content=\"2 minuti\" \/>\n<script type=\"application\/ld+json\" class=\"yoast-schema-graph\">{\"@context\":\"https:\/\/schema.org\",\"@graph\":[{\"@type\":\"WebPage\",\"@id\":\"https:\/\/www.ccaniene.com\/it_it\/rilancio-federica-pellegrini-non-mi-ritiro-obiettivo-tokyo\/\",\"url\":\"https:\/\/www.ccaniene.com\/it_it\/rilancio-federica-pellegrini-non-mi-ritiro-obiettivo-tokyo\/\",\"name\":\"Pellegrini rilancia: \\\"Niente ritiro, obiettivo Tokyo\\\" - Circolo Canottieri Aniene\",\"isPartOf\":{\"@id\":\"http:\/\/www.ccaniene.com\/it_it\/#website\"},\"primaryImageOfPage\":{\"@id\":\"https:\/\/www.ccaniene.com\/it_it\/rilancio-federica-pellegrini-non-mi-ritiro-obiettivo-tokyo\/#primaryimage\"},\"image\":{\"@id\":\"https:\/\/www.ccaniene.com\/it_it\/rilancio-federica-pellegrini-non-mi-ritiro-obiettivo-tokyo\/#primaryimage\"},\"thumbnailUrl\":\"https:\/\/www.ccaniene.com\/wp-content\/uploads\/2016\/06\/pellegrini.jpg\",\"datePublished\":\"2016-09-16T14:24:01+00:00\",\"dateModified\":\"2016-09-19T14:36:02+00:00\",\"author\":{\"@id\":\"http:\/\/www.ccaniene.com\/it_it\/#\/schema\/person\/6042bd0ba360674279dffd4247d570ed\"},\"breadcrumb\":{\"@id\":\"https:\/\/www.ccaniene.com\/it_it\/rilancio-federica-pellegrini-non-mi-ritiro-obiettivo-tokyo\/#breadcrumb\"},\"inLanguage\":\"it-IT\",\"potentialAction\":[{\"@type\":\"ReadAction\",\"target\":[\"https:\/\/www.ccaniene.com\/it_it\/rilancio-federica-pellegrini-non-mi-ritiro-obiettivo-tokyo\/\"]}]},{\"@type\":\"ImageObject\",\"inLanguage\":\"it-IT\",\"@id\":\"https:\/\/www.ccaniene.com\/it_it\/rilancio-federica-pellegrini-non-mi-ritiro-obiettivo-tokyo\/#primaryimage\",\"url\":\"https:\/\/www.ccaniene.com\/wp-content\/uploads\/2016\/06\/pellegrini.jpg\",\"contentUrl\":\"https:\/\/www.ccaniene.com\/wp-content\/uploads\/2016\/06\/pellegrini.jpg\",\"width\":1924,\"height\":1028,\"caption\":\"Federica Pellegrini\"},{\"@type\":\"BreadcrumbList\",\"@id\":\"https:\/\/www.ccaniene.com\/it_it\/rilancio-federica-pellegrini-non-mi-ritiro-obiettivo-tokyo\/#breadcrumb\",\"itemListElement\":[{\"@type\":\"ListItem\",\"position\":1,\"name\":\"Home\",\"item\":\"http:\/\/www.ccaniene.com\/it_it\/\"},{\"@type\":\"ListItem\",\"position\":2,\"name\":\"Pellegrini rilancia: &#8220;Niente ritiro, obiettivo Tokyo&#8221;\"}]},{\"@type\":\"WebSite\",\"@id\":\"http:\/\/www.ccaniene.com\/it_it\/#website\",\"url\":\"http:\/\/www.ccaniene.com\/it_it\/\",\"name\":\"Circolo Canottieri Aniene\",\"description\":\"Collare d&#039;Oro e Stella d&#039;Oro al Merito Sportivo\",\"potentialAction\":[{\"@type\":\"SearchAction\",\"target\":{\"@type\":\"EntryPoint\",\"urlTemplate\":\"http:\/\/www.ccaniene.com\/it_it\/?s={search_term_string}\"},\"query-input\":{\"@type\":\"PropertyValueSpecification\",\"valueRequired\":true,\"valueName\":\"search_term_string\"}}],\"inLanguage\":\"it-IT\"},{\"@type\":\"Person\",\"@id\":\"http:\/\/www.ccaniene.com\/it_it\/#\/schema\/person\/6042bd0ba360674279dffd4247d570ed\",\"name\":\"carlo.san@tin.it\",\"image\":{\"@type\":\"ImageObject\",\"inLanguage\":\"it-IT\",\"@id\":\"http:\/\/www.ccaniene.com\/it_it\/#\/schema\/person\/image\/\",\"url\":\"https:\/\/secure.gravatar.com\/avatar\/f993a459d0ffe4d666e4c917fef20ca9?s=96&d=mm&r=g\",\"contentUrl\":\"https:\/\/secure.gravatar.com\/avatar\/f993a459d0ffe4d666e4c917fef20ca9?s=96&d=mm&r=g\",\"caption\":\"carlo.san@tin.it\"},\"url\":\"https:\/\/www.ccaniene.com\/it_it\/author\/carlo-santi-2\/\"}]}<\/script>\n<!-- \/ Yoast SEO plugin. -->","yoast_head_json":{"title":"Pellegrini rilancia: \"Niente ritiro, obiettivo Tokyo\" - Circolo Canottieri Aniene","robots":{"index":"index","follow":"follow","max-snippet":"max-snippet:-1","max-image-preview":"max-image-preview:large","max-video-preview":"max-video-preview:-1"},"canonical":"https:\/\/www.ccaniene.com\/it_it\/rilancio-federica-pellegrini-non-mi-ritiro-obiettivo-tokyo\/","og_locale":"it_IT","og_type":"article","og_title":"Pellegrini rilancia: \"Niente ritiro, obiettivo Tokyo\" - Circolo Canottieri Aniene","og_description":"Federica Pellegrini non molla, anzi. La fuoriclasse del Circolo Canottieri Aniene ha messo nel mirino Tokyo 2020: in una lunga intervista rilasciata a Verissimo, la &#8220;Divina&#8221; sembra pronta a ripartire di slancio dopo la spedizione di Rio de Janeiro. &#8220;Presa la decisione di continuare, la forza la ritrovo. Perch\u00e9 voglio darmi un&#8217;altra chance, rimettermi a [&hellip;]","og_url":"https:\/\/www.ccaniene.com\/it_it\/rilancio-federica-pellegrini-non-mi-ritiro-obiettivo-tokyo\/","og_site_name":"Circolo Canottieri Aniene","article_published_time":"2016-09-16T14:24:01+00:00","article_modified_time":"2016-09-19T14:36:02+00:00","og_image":[{"width":1924,"height":1028,"url":"https:\/\/www.ccaniene.com\/wp-content\/uploads\/2016\/06\/pellegrini.jpg","type":"image\/jpeg"}],"author":"carlo.san@tin.it","twitter_card":"summary_large_image","twitter_misc":{"Scritto da":"carlo.san@tin.it","Tempo di lettura stimato":"2 minuti"},"schema":{"@context":"https:\/\/schema.org","@graph":[{"@type":"WebPage","@id":"https:\/\/www.ccaniene.com\/it_it\/rilancio-federica-pellegrini-non-mi-ritiro-obiettivo-tokyo\/","url":"https:\/\/www.ccaniene.com\/it_it\/rilancio-federica-pellegrini-non-mi-ritiro-obiettivo-tokyo\/","name":"Pellegrini rilancia: \"Niente ritiro, obiettivo Tokyo\" - Circolo Canottieri Aniene","isPartOf":{"@id":"http:\/\/www.ccaniene.com\/it_it\/#website"},"primaryImageOfPage":{"@id":"https:\/\/www.ccaniene.com\/it_it\/rilancio-federica-pellegrini-non-mi-ritiro-obiettivo-tokyo\/#primaryimage"},"image":{"@id":"https:\/\/www.ccaniene.com\/it_it\/rilancio-federica-pellegrini-non-mi-ritiro-obiettivo-tokyo\/#primaryimage"},"thumbnailUrl":"https:\/\/www.ccaniene.com\/wp-content\/uploads\/2016\/06\/pellegrini.jpg","datePublished":"2016-09-16T14:24:01+00:00","dateModified":"2016-09-19T14:36:02+00:00","author":{"@id":"http:\/\/www.ccaniene.com\/it_it\/#\/schema\/person\/6042bd0ba360674279dffd4247d570ed"},"breadcrumb":{"@id":"https:\/\/www.ccaniene.com\/it_it\/rilancio-federica-pellegrini-non-mi-ritiro-obiettivo-tokyo\/#breadcrumb"},"inLanguage":"it-IT","potentialAction":[{"@type":"ReadAction","target":["https:\/\/www.ccaniene.com\/it_it\/rilancio-federica-pellegrini-non-mi-ritiro-obiettivo-tokyo\/"]}]},{"@type":"ImageObject","inLanguage":"it-IT","@id":"https:\/\/www.ccaniene.com\/it_it\/rilancio-federica-pellegrini-non-mi-ritiro-obiettivo-tokyo\/#primaryimage","url":"https:\/\/www.ccaniene.com\/wp-content\/uploads\/2016\/06\/pellegrini.jpg","contentUrl":"https:\/\/www.ccaniene.com\/wp-content\/uploads\/2016\/06\/pellegrini.jpg","width":1924,"height":1028,"caption":"Federica Pellegrini"},{"@type":"BreadcrumbList","@id":"https:\/\/www.ccaniene.com\/it_it\/rilancio-federica-pellegrini-non-mi-ritiro-obiettivo-tokyo\/#breadcrumb","itemListElement":[{"@type":"ListItem","position":1,"name":"Home","item":"http:\/\/www.ccaniene.com\/it_it\/"},{"@type":"ListItem","position":2,"name":"Pellegrini rilancia: &#8220;Niente ritiro, obiettivo Tokyo&#8221;"}]},{"@type":"WebSite","@id":"http:\/\/www.ccaniene.com\/it_it\/#website","url":"http:\/\/www.ccaniene.com\/it_it\/","name":"Circolo Canottieri Aniene","description":"Collare d&#039;Oro e Stella d&#039;Oro al Merito Sportivo","potentialAction":[{"@type":"SearchAction","target":{"@type":"EntryPoint","urlTemplate":"http:\/\/www.ccaniene.com\/it_it\/?s={search_term_string}"},"query-input":{"@type":"PropertyValueSpecification","valueRequired":true,"valueName":"search_term_string"}}],"inLanguage":"it-IT"},{"@type":"Person","@id":"http:\/\/www.ccaniene.com\/it_it\/#\/schema\/person\/6042bd0ba360674279dffd4247d570ed","name":"carlo.san@tin.it","image":{"@type":"ImageObject","inLanguage":"it-IT","@id":"http:\/\/www.ccaniene.com\/it_it\/#\/schema\/person\/image\/","url":"https:\/\/secure.gravatar.com\/avatar\/f993a459d0ffe4d666e4c917fef20ca9?s=96&d=mm&r=g","contentUrl":"https:\/\/secure.gravatar.com\/avatar\/f993a459d0ffe4d666e4c917fef20ca9?s=96&d=mm&r=g","caption":"carlo.san@tin.it"},"url":"https:\/\/www.ccaniene.com\/it_it\/author\/carlo-santi-2\/"}]}},"_links":{"self":[{"href":"https:\/\/www.ccaniene.com\/it_it\/wp-json\/wp\/v2\/posts\/11019"}],"collection":[{"href":"https:\/\/www.ccaniene.com\/it_it\/wp-json\/wp\/v2\/posts"}],"about":[{"href":"https:\/\/www.ccaniene.com\/it_it\/wp-json\/wp\/v2\/types\/post"}],"author":[{"embeddable":true,"href":"https:\/\/www.ccaniene.com\/it_it\/wp-json\/wp\/v2\/users\/23521"}],"replies":[{"embeddable":true,"href":"https:\/\/www.ccaniene.com\/it_it\/wp-json\/wp\/v2\/comments?post=11019"}],"version-history":[{"count":5,"href":"https:\/\/www.ccaniene.com\/it_it\/wp-json\/wp\/v2\/posts\/11019\/revisions"}],"predecessor-version":[{"id":11069,"href":"https:\/\/www.ccaniene.com\/it_it\/wp-json\/wp\/v2\/posts\/11019\/revisions\/11069"}],"wp:featuredmedia":[{"embeddable":true,"href":"https:\/\/www.ccaniene.com\/it_it\/wp-json\/wp\/v2\/media\/9761"}],"wp:attachment":[{"href":"https:\/\/www.ccaniene.com\/it_it\/wp-json\/wp\/v2\/media?parent=11019"}],"wp:term":[{"taxonomy":"category","embeddable":true,"href":"https:\/\/www.ccaniene.com\/it_it\/wp-json\/wp\/v2\/categories?post=11019"},{"taxonomy":"post_tag","embeddable":true,"href":"https:\/\/www.ccaniene.com\/it_it\/wp-json\/wp\/v2\/tags?post=11019"}],"curies":[{"name":"wp","href":"https:\/\/api.w.org\/{rel}","templated":true}]}}