{"id":10701,"date":"2016-08-20T15:55:44","date_gmt":"2016-08-20T13:55:44","guid":{"rendered":"https:\/\/www.ccaniene.com\/?p=10701"},"modified":"2016-08-22T15:03:07","modified_gmt":"2016-08-22T13:03:07","slug":"6-atleti-aniene-ai-campionati-del-mondo-rotterdam","status":"publish","type":"post","link":"https:\/\/www.ccaniene.com\/it_it\/6-atleti-aniene-ai-campionati-del-mondo-rotterdam\/","title":{"rendered":"6 atleti Aniene ai Mondiali di Rotterdam"},"content":{"rendered":"<p>Prenderanno il via domani, domenica 21 agosto, a Rotterdam i campionati del Mondo Senior (non olimpici), Under 23 e Junior. Il Circolo Canottieri Aniene sar\u00e0 presente con ben 6 atleti. Nella giornata di domenica, le prime a partire saranno Ludovica Serafini e Carmela Pappalardo, impegnate nelle batterie del 2- U23. Dopo i cinque titoli italiani di quest\u2019anno, le portacolori dell\u2019Aniene proveranno a farsi valere nella loro categoria anche in campo internazionale, dove hanno gi\u00e0 gareggiato in Coppa del Mondo tra le senior.<\/p>\n<div id=\"attachment_10645\" style=\"width: 410px\" class=\"wp-caption alignleft\"><a href=\"http:\/\/www.ccaniene.com\/wp-content\/uploads\/2016\/08\/otto2.jpg\"><img fetchpriority=\"high\" decoding=\"async\" aria-describedby=\"caption-attachment-10645\" class=\"wp-image-10645\" src=\"http:\/\/www.ccaniene.com\/wp-content\/uploads\/2016\/08\/otto2-460x312.jpg\" alt=\"Vincenzo Capelli, capovoga dell'8+ azzurro a Rio\" width=\"400\" height=\"271\" \/><\/a><p id=\"caption-attachment-10645\" class=\"wp-caption-text\">Vincenzo Capelli, capovoga dell&#8217;8+ azzurro a Rio<\/p><\/div>\n<p>Luned\u00ec 22 sar\u00e0 la volta delle batterie del 2+ Senior con Vincenzo Capelli, capovoga davanti al compagno delle Fiamme Gialle Mario Paonessa. L\u2019avventura con l\u20198+ azzurro ai Giochi di Rio de Janeiro ha lasciato non pochi rimpianti per la mancata qualificazione alla finale e Vincenzo, sin qui reduce da una stagione sfortunata, ha grande voglia di rivincita.<\/p>\n<div id=\"attachment_10702\" style=\"width: 410px\" class=\"wp-caption alignright\"><a href=\"http:\/\/www.ccaniene.com\/wp-content\/uploads\/2016\/08\/sandrelli_schettino2.jpg\"><img decoding=\"async\" aria-describedby=\"caption-attachment-10702\" class=\"wp-image-10702\" src=\"http:\/\/www.ccaniene.com\/wp-content\/uploads\/2016\/08\/sandrelli_schettino2-460x306.jpg\" alt=\"Matteo Sandrelli e Antonio Schettino\" width=\"400\" height=\"267\" \/><\/a><p id=\"caption-attachment-10702\" class=\"wp-caption-text\">Matteo Sandrelli e Antonio Schettino<\/p><\/div>\n<p>Inizieranno, infine, mercoled\u00ec 24 le gare Junior. Matteo Sandrelli, fresco campione europeo nel 4-, sar\u00e0 chiamato a ricoprire il delicato ruolo di capovoga dell&#8217;8+. Antonio Schettino si \u00e8 invece conquistato un posto da titolare nel 2- e sua sorella Giovanna \u00e8 capovoga del doppio, barca che al raduno \u00e8 stata molto veloce.<\/p>\n<p>A seguire i ragazzi a Rotterdam sono presenti anche gli allenatori Matteo Giuffrida e Gaetano Iannuzzi, entrambi in veste di collaboratori della Nazionale.<\/p>\n<div id=\"attachment_9827\" style=\"width: 410px\" class=\"wp-caption aligncenter\"><a href=\"http:\/\/www.ccaniene.com\/wp-content\/uploads\/2016\/06\/giovanna_schettino.jpg\"><img decoding=\"async\" aria-describedby=\"caption-attachment-9827\" class=\"wp-image-9827\" src=\"http:\/\/www.ccaniene.com\/wp-content\/uploads\/2016\/06\/giovanna_schettino-460x306.jpg\" alt=\"Giovanna Schettino\" width=\"400\" height=\"267\" \/><\/a><p id=\"caption-attachment-9827\" class=\"wp-caption-text\">Giovanna Schettino<\/p><\/div>\n","protected":false},"excerpt":{"rendered":"<p>Prenderanno il via domani, domenica 21 agosto, a Rotterdam i campionati del Mondo Senior (non olimpici), Under 23 e Junior. Il Circolo Canottieri Aniene sar\u00e0 presente con ben 6 atleti. Nella giornata di domenica, le prime a partire saranno Ludovica Serafini e Carmela Pappalardo, impegnate nelle batterie del 2- U23. Dopo i cinque titoli italiani [&hellip;]<\/p>\n","protected":false},"author":23521,"featured_media":9815,"comment_status":"open","ping_status":"closed","sticky":false,"template":"","format":"standard","meta":{"pmpro_default_level":0,"footnotes":"","_links_to":"","_links_to_target":""},"categories":[9,1],"tags":[],"class_list":["post-10701","post","type-post","status-publish","format-standard","has-post-thumbnail","hentry","category-canottaggio","category-news","pmpro-has-access"],"featured_image_urls":{"medium":"https:\/\/www.ccaniene.com\/wp-content\/uploads\/2016\/06\/serafini_pappalardo2-2-800x434.jpg","thumbnail":"https:\/\/www.ccaniene.com\/wp-content\/uploads\/2016\/06\/serafini_pappalardo2-2-400x400.jpg","medium_large":"https:\/\/www.ccaniene.com\/wp-content\/uploads\/2016\/06\/serafini_pappalardo2-2-768x417.jpg"},"appp_media":null,"yoast_head":"<!-- This site is optimized with the Yoast SEO plugin v23.6 - https:\/\/yoast.com\/wordpress\/plugins\/seo\/ -->\n<title>6 atleti Aniene ai Mondiali di Rotterdam - Circolo Canottieri Aniene<\/title>\n<meta name=\"robots\" content=\"index, follow, max-snippet:-1, max-image-preview:large, max-video-preview:-1\" \/>\n<link rel=\"canonical\" href=\"https:\/\/www.ccaniene.com\/it_it\/6-atleti-aniene-ai-campionati-del-mondo-rotterdam\/\" \/>\n<meta property=\"og:locale\" content=\"it_IT\" \/>\n<meta property=\"og:type\" content=\"article\" \/>\n<meta property=\"og:title\" content=\"6 atleti Aniene ai Mondiali di Rotterdam - Circolo Canottieri Aniene\" \/>\n<meta property=\"og:description\" content=\"Prenderanno il via domani, domenica 21 agosto, a Rotterdam i campionati del Mondo Senior (non olimpici), Under 23 e Junior. Il Circolo Canottieri Aniene sar\u00e0 presente con ben 6 atleti. Nella giornata di domenica, le prime a partire saranno Ludovica Serafini e Carmela Pappalardo, impegnate nelle batterie del 2- U23. Dopo i cinque titoli italiani [&hellip;]\" \/>\n<meta property=\"og:url\" content=\"https:\/\/www.ccaniene.com\/it_it\/6-atleti-aniene-ai-campionati-del-mondo-rotterdam\/\" \/>\n<meta property=\"og:site_name\" content=\"Circolo Canottieri Aniene\" \/>\n<meta property=\"article:published_time\" content=\"2016-08-20T13:55:44+00:00\" \/>\n<meta property=\"article:modified_time\" content=\"2016-08-22T13:03:07+00:00\" \/>\n<meta property=\"og:image\" content=\"https:\/\/www.ccaniene.com\/wp-content\/uploads\/2016\/06\/serafini_pappalardo2-2.jpg\" \/>\n\t<meta property=\"og:image:width\" content=\"1530\" \/>\n\t<meta property=\"og:image:height\" content=\"830\" \/>\n\t<meta property=\"og:image:type\" content=\"image\/jpeg\" \/>\n<meta name=\"author\" content=\"carlo.san@tin.it\" \/>\n<meta name=\"twitter:card\" content=\"summary_large_image\" \/>\n<meta name=\"twitter:label1\" content=\"Scritto da\" \/>\n\t<meta name=\"twitter:data1\" content=\"carlo.san@tin.it\" \/>\n\t<meta name=\"twitter:label2\" content=\"Tempo di lettura stimato\" \/>\n\t<meta name=\"twitter:data2\" content=\"1 minuto\" \/>\n<script type=\"application\/ld+json\" class=\"yoast-schema-graph\">{\"@context\":\"https:\/\/schema.org\",\"@graph\":[{\"@type\":\"WebPage\",\"@id\":\"https:\/\/www.ccaniene.com\/it_it\/6-atleti-aniene-ai-campionati-del-mondo-rotterdam\/\",\"url\":\"https:\/\/www.ccaniene.com\/it_it\/6-atleti-aniene-ai-campionati-del-mondo-rotterdam\/\",\"name\":\"6 atleti Aniene ai Mondiali di Rotterdam - Circolo Canottieri Aniene\",\"isPartOf\":{\"@id\":\"http:\/\/www.ccaniene.com\/it_it\/#website\"},\"primaryImageOfPage\":{\"@id\":\"https:\/\/www.ccaniene.com\/it_it\/6-atleti-aniene-ai-campionati-del-mondo-rotterdam\/#primaryimage\"},\"image\":{\"@id\":\"https:\/\/www.ccaniene.com\/it_it\/6-atleti-aniene-ai-campionati-del-mondo-rotterdam\/#primaryimage\"},\"thumbnailUrl\":\"https:\/\/www.ccaniene.com\/wp-content\/uploads\/2016\/06\/serafini_pappalardo2-2.jpg\",\"datePublished\":\"2016-08-20T13:55:44+00:00\",\"dateModified\":\"2016-08-22T13:03:07+00:00\",\"author\":{\"@id\":\"http:\/\/www.ccaniene.com\/it_it\/#\/schema\/person\/6042bd0ba360674279dffd4247d570ed\"},\"breadcrumb\":{\"@id\":\"https:\/\/www.ccaniene.com\/it_it\/6-atleti-aniene-ai-campionati-del-mondo-rotterdam\/#breadcrumb\"},\"inLanguage\":\"it-IT\",\"potentialAction\":[{\"@type\":\"ReadAction\",\"target\":[\"https:\/\/www.ccaniene.com\/it_it\/6-atleti-aniene-ai-campionati-del-mondo-rotterdam\/\"]}]},{\"@type\":\"ImageObject\",\"inLanguage\":\"it-IT\",\"@id\":\"https:\/\/www.ccaniene.com\/it_it\/6-atleti-aniene-ai-campionati-del-mondo-rotterdam\/#primaryimage\",\"url\":\"https:\/\/www.ccaniene.com\/wp-content\/uploads\/2016\/06\/serafini_pappalardo2-2.jpg\",\"contentUrl\":\"https:\/\/www.ccaniene.com\/wp-content\/uploads\/2016\/06\/serafini_pappalardo2-2.jpg\",\"width\":1530,\"height\":830,\"caption\":\"Ludovica Serafini e Carmela Pappalardo\"},{\"@type\":\"BreadcrumbList\",\"@id\":\"https:\/\/www.ccaniene.com\/it_it\/6-atleti-aniene-ai-campionati-del-mondo-rotterdam\/#breadcrumb\",\"itemListElement\":[{\"@type\":\"ListItem\",\"position\":1,\"name\":\"Home\",\"item\":\"http:\/\/www.ccaniene.com\/it_it\/\"},{\"@type\":\"ListItem\",\"position\":2,\"name\":\"6 atleti Aniene ai Mondiali di Rotterdam\"}]},{\"@type\":\"WebSite\",\"@id\":\"http:\/\/www.ccaniene.com\/it_it\/#website\",\"url\":\"http:\/\/www.ccaniene.com\/it_it\/\",\"name\":\"Circolo Canottieri Aniene\",\"description\":\"Collare d&#039;Oro e Stella d&#039;Oro al Merito Sportivo\",\"potentialAction\":[{\"@type\":\"SearchAction\",\"target\":{\"@type\":\"EntryPoint\",\"urlTemplate\":\"http:\/\/www.ccaniene.com\/it_it\/?s={search_term_string}\"},\"query-input\":{\"@type\":\"PropertyValueSpecification\",\"valueRequired\":true,\"valueName\":\"search_term_string\"}}],\"inLanguage\":\"it-IT\"},{\"@type\":\"Person\",\"@id\":\"http:\/\/www.ccaniene.com\/it_it\/#\/schema\/person\/6042bd0ba360674279dffd4247d570ed\",\"name\":\"carlo.san@tin.it\",\"image\":{\"@type\":\"ImageObject\",\"inLanguage\":\"it-IT\",\"@id\":\"http:\/\/www.ccaniene.com\/it_it\/#\/schema\/person\/image\/\",\"url\":\"https:\/\/secure.gravatar.com\/avatar\/f993a459d0ffe4d666e4c917fef20ca9?s=96&d=mm&r=g\",\"contentUrl\":\"https:\/\/secure.gravatar.com\/avatar\/f993a459d0ffe4d666e4c917fef20ca9?s=96&d=mm&r=g\",\"caption\":\"carlo.san@tin.it\"},\"url\":\"https:\/\/www.ccaniene.com\/it_it\/author\/carlo-santi-2\/\"}]}<\/script>\n<!-- \/ Yoast SEO plugin. -->","yoast_head_json":{"title":"6 atleti Aniene ai Mondiali di Rotterdam - Circolo Canottieri Aniene","robots":{"index":"index","follow":"follow","max-snippet":"max-snippet:-1","max-image-preview":"max-image-preview:large","max-video-preview":"max-video-preview:-1"},"canonical":"https:\/\/www.ccaniene.com\/it_it\/6-atleti-aniene-ai-campionati-del-mondo-rotterdam\/","og_locale":"it_IT","og_type":"article","og_title":"6 atleti Aniene ai Mondiali di Rotterdam - Circolo Canottieri Aniene","og_description":"Prenderanno il via domani, domenica 21 agosto, a Rotterdam i campionati del Mondo Senior (non olimpici), Under 23 e Junior. Il Circolo Canottieri Aniene sar\u00e0 presente con ben 6 atleti. Nella giornata di domenica, le prime a partire saranno Ludovica Serafini e Carmela Pappalardo, impegnate nelle batterie del 2- U23. Dopo i cinque titoli italiani [&hellip;]","og_url":"https:\/\/www.ccaniene.com\/it_it\/6-atleti-aniene-ai-campionati-del-mondo-rotterdam\/","og_site_name":"Circolo Canottieri Aniene","article_published_time":"2016-08-20T13:55:44+00:00","article_modified_time":"2016-08-22T13:03:07+00:00","og_image":[{"width":1530,"height":830,"url":"https:\/\/www.ccaniene.com\/wp-content\/uploads\/2016\/06\/serafini_pappalardo2-2.jpg","type":"image\/jpeg"}],"author":"carlo.san@tin.it","twitter_card":"summary_large_image","twitter_misc":{"Scritto da":"carlo.san@tin.it","Tempo di lettura stimato":"1 minuto"},"schema":{"@context":"https:\/\/schema.org","@graph":[{"@type":"WebPage","@id":"https:\/\/www.ccaniene.com\/it_it\/6-atleti-aniene-ai-campionati-del-mondo-rotterdam\/","url":"https:\/\/www.ccaniene.com\/it_it\/6-atleti-aniene-ai-campionati-del-mondo-rotterdam\/","name":"6 atleti Aniene ai Mondiali di Rotterdam - Circolo Canottieri Aniene","isPartOf":{"@id":"http:\/\/www.ccaniene.com\/it_it\/#website"},"primaryImageOfPage":{"@id":"https:\/\/www.ccaniene.com\/it_it\/6-atleti-aniene-ai-campionati-del-mondo-rotterdam\/#primaryimage"},"image":{"@id":"https:\/\/www.ccaniene.com\/it_it\/6-atleti-aniene-ai-campionati-del-mondo-rotterdam\/#primaryimage"},"thumbnailUrl":"https:\/\/www.ccaniene.com\/wp-content\/uploads\/2016\/06\/serafini_pappalardo2-2.jpg","datePublished":"2016-08-20T13:55:44+00:00","dateModified":"2016-08-22T13:03:07+00:00","author":{"@id":"http:\/\/www.ccaniene.com\/it_it\/#\/schema\/person\/6042bd0ba360674279dffd4247d570ed"},"breadcrumb":{"@id":"https:\/\/www.ccaniene.com\/it_it\/6-atleti-aniene-ai-campionati-del-mondo-rotterdam\/#breadcrumb"},"inLanguage":"it-IT","potentialAction":[{"@type":"ReadAction","target":["https:\/\/www.ccaniene.com\/it_it\/6-atleti-aniene-ai-campionati-del-mondo-rotterdam\/"]}]},{"@type":"ImageObject","inLanguage":"it-IT","@id":"https:\/\/www.ccaniene.com\/it_it\/6-atleti-aniene-ai-campionati-del-mondo-rotterdam\/#primaryimage","url":"https:\/\/www.ccaniene.com\/wp-content\/uploads\/2016\/06\/serafini_pappalardo2-2.jpg","contentUrl":"https:\/\/www.ccaniene.com\/wp-content\/uploads\/2016\/06\/serafini_pappalardo2-2.jpg","width":1530,"height":830,"caption":"Ludovica Serafini e Carmela Pappalardo"},{"@type":"BreadcrumbList","@id":"https:\/\/www.ccaniene.com\/it_it\/6-atleti-aniene-ai-campionati-del-mondo-rotterdam\/#breadcrumb","itemListElement":[{"@type":"ListItem","position":1,"name":"Home","item":"http:\/\/www.ccaniene.com\/it_it\/"},{"@type":"ListItem","position":2,"name":"6 atleti Aniene ai Mondiali di Rotterdam"}]},{"@type":"WebSite","@id":"http:\/\/www.ccaniene.com\/it_it\/#website","url":"http:\/\/www.ccaniene.com\/it_it\/","name":"Circolo Canottieri Aniene","description":"Collare d&#039;Oro e Stella d&#039;Oro al Merito Sportivo","potentialAction":[{"@type":"SearchAction","target":{"@type":"EntryPoint","urlTemplate":"http:\/\/www.ccaniene.com\/it_it\/?s={search_term_string}"},"query-input":{"@type":"PropertyValueSpecification","valueRequired":true,"valueName":"search_term_string"}}],"inLanguage":"it-IT"},{"@type":"Person","@id":"http:\/\/www.ccaniene.com\/it_it\/#\/schema\/person\/6042bd0ba360674279dffd4247d570ed","name":"carlo.san@tin.it","image":{"@type":"ImageObject","inLanguage":"it-IT","@id":"http:\/\/www.ccaniene.com\/it_it\/#\/schema\/person\/image\/","url":"https:\/\/secure.gravatar.com\/avatar\/f993a459d0ffe4d666e4c917fef20ca9?s=96&d=mm&r=g","contentUrl":"https:\/\/secure.gravatar.com\/avatar\/f993a459d0ffe4d666e4c917fef20ca9?s=96&d=mm&r=g","caption":"carlo.san@tin.it"},"url":"https:\/\/www.ccaniene.com\/it_it\/author\/carlo-santi-2\/"}]}},"_links":{"self":[{"href":"https:\/\/www.ccaniene.com\/it_it\/wp-json\/wp\/v2\/posts\/10701"}],"collection":[{"href":"https:\/\/www.ccaniene.com\/it_it\/wp-json\/wp\/v2\/posts"}],"about":[{"href":"https:\/\/www.ccaniene.com\/it_it\/wp-json\/wp\/v2\/types\/post"}],"author":[{"embeddable":true,"href":"https:\/\/www.ccaniene.com\/it_it\/wp-json\/wp\/v2\/users\/23521"}],"replies":[{"embeddable":true,"href":"https:\/\/www.ccaniene.com\/it_it\/wp-json\/wp\/v2\/comments?post=10701"}],"version-history":[{"count":7,"href":"https:\/\/www.ccaniene.com\/it_it\/wp-json\/wp\/v2\/posts\/10701\/revisions"}],"predecessor-version":[{"id":10721,"href":"https:\/\/www.ccaniene.com\/it_it\/wp-json\/wp\/v2\/posts\/10701\/revisions\/10721"}],"wp:featuredmedia":[{"embeddable":true,"href":"https:\/\/www.ccaniene.com\/it_it\/wp-json\/wp\/v2\/media\/9815"}],"wp:attachment":[{"href":"https:\/\/www.ccaniene.com\/it_it\/wp-json\/wp\/v2\/media?parent=10701"}],"wp:term":[{"taxonomy":"category","embeddable":true,"href":"https:\/\/www.ccaniene.com\/it_it\/wp-json\/wp\/v2\/categories?post=10701"},{"taxonomy":"post_tag","embeddable":true,"href":"https:\/\/www.ccaniene.com\/it_it\/wp-json\/wp\/v2\/tags?post=10701"}],"curies":[{"name":"wp","href":"https:\/\/api.w.org\/{rel}","templated":true}]}}