{"id":9753,"date":"2016-06-25T20:55:55","date_gmt":"2016-06-25T18:55:55","guid":{"rendered":"https:\/\/www.ccaniene.com\/?p=9753"},"modified":"2016-06-26T20:58:18","modified_gmt":"2016-06-26T18:58:18","slug":"settecolli-pellegrini-da-urlo-stabilisce-nuovo-record-italiano-nei-100-stile-libero","status":"publish","type":"post","link":"https:\/\/www.ccaniene.com\/en\/settecolli-pellegrini-da-urlo-stabilisce-nuovo-record-italiano-nei-100-stile-libero\/","title":{"rendered":"Settecolli, Pellegrini super: stabilisce nuovo record italiano nei 100 stile libero"},"content":{"rendered":"<p>Federica Pellegrini non finisce mai di stupire. La campionessa del Circolo Canottieri Aniene ha stabilito il nuovo record italiano nei 100 stile libero femminili nella finale della 53esima edizione del Trofeo Settecolli. La prossima portabandiera dell&#8217;Italia alle Olimpiadi di Rio ha conquistato l&#8217;argento con il sorprendente tempo di 53\u201d18, abbassando il suo precedente primato di 53&#8243;55 nuotato agli Assoluti di Riccione nel 2009, all&#8217;epoca dei supercostumi.<\/p>\n<p>La gara \u00e8 stata vinta dall&#8217;olandese Ranomi Kromowidjojo, che ha chiuso con il crono di 53\u2019\u201914. &#8220;Mi sembra tutto un po&#8217; surreale &#8211; ha commentato a caldo Federica &#8211; Non mi aspettavo di essere cos\u00ec veloce, soprattutto dopo un mese di lavoro in altura. I 100 stile libero mi stanno regalando tante emozioni, valuter\u00f2 con il mio allenatore e con il direttore tecnico se sar\u00e0 il caso di disputare anche questa gara a Rio. I 200 restano, comunque, la mia priorit\u00e0. I 100 li voglio tenere come divertimento\u201d.<\/p>\n<p><a href=\"http:\/\/www.ccaniene.com\/wp-content\/uploads\/2016\/06\/pellegrini-1.jpg\"><img fetchpriority=\"high\" decoding=\"async\" class=\"aligncenter wp-image-9759 size-medium\" src=\"http:\/\/www.ccaniene.com\/wp-content\/uploads\/2016\/06\/pellegrini-1-354x460.jpg\" alt=\"Federica Pellegrini\" width=\"354\" height=\"460\" \/><\/a><\/p>\n<p>Tra i portacolori dell&#8217;Aniene spicca poi la prova di Marco Belotti, bronzo nei 200 stile libero chiusi in 1&#8217;47&#8243;81, crono valido come pass ai Giochi di Rio\u00a0per la staffetta 4&#215;200 sl. Nella stessa gara, inoltre, di grande rilievo il 4\u00b0 posto di Alex Di Giorgio che, con il tempo di 1&#8217;48&#8243;06, ha stabilito il nuovo record personale e fa ben sperare sempre in chiave qualificazione olimpica.<\/p>\n<p>Anche gli altri atleti dell&#8217;Aniene impegnati nelle finali di giornata hanno ben figurato: Elena Di Liddo 5^ nei 100 farfalla con il crono di 59&#8243;27, Elena Gemo 5^ nei 100 dorso in 1&#8217;01&#8243;18, Margherita Panziera 7^ nei 100 dorso in 1&#8217;01&#8243;59, Christopher Ciccarese 4\u00b0 nei 100 dorso in 54&#8243;77, Ilaria Scarcella 7^ nei 50 rana in 31&#8243;71, Aurora Ponsel\u00e8 4^ negli 800 stile libero in 8&#8217;31&#8243;44, Simona Quadarella 5^ negli 800 stile libero in 8&#8217;37&#8243;52, Damiano Lestingi 6\u00b0 nei 200 stile libero in 1&#8217;48&#8243;97, Simone Ruffini 4\u00b0 nei 1500 stile libero in 15&#8217;28&#8243;26, Francesco Bianchi 8\u00b0 nei 1500 stile libero in 15&#8217;43&#8243;47 e Federico Vanelli 9\u00b0 nei 1500 stile libero con il tempo di 15&#8217;43&#8243;96.<\/p>\n<p><em>\u00a0<\/em><\/p>","protected":false},"excerpt":{"rendered":"<p>Federica Pellegrini non finisce mai di stupire. La campionessa del Circolo Canottieri Aniene ha stabilito il nuovo record italiano nei 100 stile libero femminili nella finale della 53esima edizione del Trofeo Settecolli. La prossima portabandiera dell&#8217;Italia alle Olimpiadi di Rio ha conquistato l&#8217;argento con il sorprendente tempo di 53\u201d18, abbassando il suo precedente primato di [&hellip;]<\/p>","protected":false},"author":23521,"featured_media":9761,"comment_status":"open","ping_status":"closed","sticky":false,"template":"","format":"standard","meta":{"pmpro_default_level":0,"footnotes":"","_links_to":"","_links_to_target":""},"categories":[2,11,32],"tags":[],"class_list":["post-9753","post","type-post","status-publish","format-standard","has-post-thumbnail","hentry","category-in-evidenza","category-nuoto","category-slider","pmpro-has-access"],"featured_image_urls":{"medium":"https:\/\/www.ccaniene.com\/wp-content\/uploads\/2016\/06\/pellegrini-800x427.jpg","large":"https:\/\/www.ccaniene.com\/wp-content\/uploads\/2016\/06\/pellegrini-1920x1026.jpg","thumbnail":"https:\/\/www.ccaniene.com\/wp-content\/uploads\/2016\/06\/pellegrini-400x400.jpg","medium_large":"https:\/\/www.ccaniene.com\/wp-content\/uploads\/2016\/06\/pellegrini-768x410.jpg","1536x1536":"https:\/\/www.ccaniene.com\/wp-content\/uploads\/2016\/06\/pellegrini-1536x821.jpg","slider":"https:\/\/www.ccaniene.com\/wp-content\/uploads\/2016\/06\/pellegrini-1920x1028.jpg"},"appp_media":null,"yoast_head":"<!-- This site is optimized with the Yoast SEO plugin v23.6 - https:\/\/yoast.com\/wordpress\/plugins\/seo\/ -->\n<title>Settecolli, Pellegrini super: stabilisce nuovo record italiano nei 100 stile libero - Circolo Canottieri Aniene<\/title>\n<meta name=\"robots\" content=\"index, follow, max-snippet:-1, max-image-preview:large, max-video-preview:-1\" \/>\n<link rel=\"canonical\" href=\"https:\/\/www.ccaniene.com\/en\/settecolli-pellegrini-da-urlo-stabilisce-nuovo-record-italiano-nei-100-stile-libero\/\" \/>\n<meta property=\"og:locale\" content=\"en_GB\" \/>\n<meta property=\"og:type\" content=\"article\" \/>\n<meta property=\"og:title\" content=\"Settecolli, Pellegrini super: stabilisce nuovo record italiano nei 100 stile libero - Circolo Canottieri Aniene\" \/>\n<meta property=\"og:description\" content=\"Federica Pellegrini non finisce mai di stupire. La campionessa del Circolo Canottieri Aniene ha stabilito il nuovo record italiano nei 100 stile libero femminili nella finale della 53esima edizione del Trofeo Settecolli. La prossima portabandiera dell&#8217;Italia alle Olimpiadi di Rio ha conquistato l&#8217;argento con il sorprendente tempo di 53\u201d18, abbassando il suo precedente primato di [&hellip;]\" \/>\n<meta property=\"og:url\" content=\"https:\/\/www.ccaniene.com\/en\/settecolli-pellegrini-da-urlo-stabilisce-nuovo-record-italiano-nei-100-stile-libero\/\" \/>\n<meta property=\"og:site_name\" content=\"Circolo Canottieri Aniene\" \/>\n<meta property=\"article:published_time\" content=\"2016-06-25T18:55:55+00:00\" \/>\n<meta property=\"article:modified_time\" content=\"2016-06-26T18:58:18+00:00\" \/>\n<meta property=\"og:image\" content=\"https:\/\/www.ccaniene.com\/wp-content\/uploads\/2016\/06\/pellegrini.jpg\" \/>\n\t<meta property=\"og:image:width\" content=\"1924\" \/>\n\t<meta property=\"og:image:height\" content=\"1028\" \/>\n\t<meta property=\"og:image:type\" content=\"image\/jpeg\" \/>\n<meta name=\"author\" content=\"carlo.san@tin.it\" \/>\n<meta name=\"twitter:card\" content=\"summary_large_image\" \/>\n<meta name=\"twitter:label1\" content=\"Written by\" \/>\n\t<meta name=\"twitter:data1\" content=\"carlo.san@tin.it\" \/>\n\t<meta name=\"twitter:label2\" content=\"Estimated reading time\" \/>\n\t<meta name=\"twitter:data2\" content=\"2 minutes\" \/>\n<script type=\"application\/ld+json\" class=\"yoast-schema-graph\">{\"@context\":\"https:\/\/schema.org\",\"@graph\":[{\"@type\":\"WebPage\",\"@id\":\"https:\/\/www.ccaniene.com\/en\/settecolli-pellegrini-da-urlo-stabilisce-nuovo-record-italiano-nei-100-stile-libero\/\",\"url\":\"https:\/\/www.ccaniene.com\/en\/settecolli-pellegrini-da-urlo-stabilisce-nuovo-record-italiano-nei-100-stile-libero\/\",\"name\":\"Settecolli, Pellegrini super: stabilisce nuovo record italiano nei 100 stile libero - Circolo Canottieri Aniene\",\"isPartOf\":{\"@id\":\"https:\/\/www.ccaniene.com\/it_it\/#website\"},\"primaryImageOfPage\":{\"@id\":\"https:\/\/www.ccaniene.com\/en\/settecolli-pellegrini-da-urlo-stabilisce-nuovo-record-italiano-nei-100-stile-libero\/#primaryimage\"},\"image\":{\"@id\":\"https:\/\/www.ccaniene.com\/en\/settecolli-pellegrini-da-urlo-stabilisce-nuovo-record-italiano-nei-100-stile-libero\/#primaryimage\"},\"thumbnailUrl\":\"https:\/\/www.ccaniene.com\/wp-content\/uploads\/2016\/06\/pellegrini.jpg\",\"datePublished\":\"2016-06-25T18:55:55+00:00\",\"dateModified\":\"2016-06-26T18:58:18+00:00\",\"author\":{\"@id\":\"https:\/\/www.ccaniene.com\/it_it\/#\/schema\/person\/6042bd0ba360674279dffd4247d570ed\"},\"breadcrumb\":{\"@id\":\"https:\/\/www.ccaniene.com\/en\/settecolli-pellegrini-da-urlo-stabilisce-nuovo-record-italiano-nei-100-stile-libero\/#breadcrumb\"},\"inLanguage\":\"en-GB\",\"potentialAction\":[{\"@type\":\"ReadAction\",\"target\":[\"https:\/\/www.ccaniene.com\/en\/settecolli-pellegrini-da-urlo-stabilisce-nuovo-record-italiano-nei-100-stile-libero\/\"]}]},{\"@type\":\"ImageObject\",\"inLanguage\":\"en-GB\",\"@id\":\"https:\/\/www.ccaniene.com\/en\/settecolli-pellegrini-da-urlo-stabilisce-nuovo-record-italiano-nei-100-stile-libero\/#primaryimage\",\"url\":\"https:\/\/www.ccaniene.com\/wp-content\/uploads\/2016\/06\/pellegrini.jpg\",\"contentUrl\":\"https:\/\/www.ccaniene.com\/wp-content\/uploads\/2016\/06\/pellegrini.jpg\",\"width\":1924,\"height\":1028,\"caption\":\"Federica Pellegrini\"},{\"@type\":\"BreadcrumbList\",\"@id\":\"https:\/\/www.ccaniene.com\/en\/settecolli-pellegrini-da-urlo-stabilisce-nuovo-record-italiano-nei-100-stile-libero\/#breadcrumb\",\"itemListElement\":[{\"@type\":\"ListItem\",\"position\":1,\"name\":\"Home\",\"item\":\"https:\/\/www.ccaniene.com\/it_it\/\"},{\"@type\":\"ListItem\",\"position\":2,\"name\":\"Settecolli, Pellegrini super: stabilisce nuovo record italiano nei 100 stile libero\"}]},{\"@type\":\"WebSite\",\"@id\":\"https:\/\/www.ccaniene.com\/it_it\/#website\",\"url\":\"https:\/\/www.ccaniene.com\/it_it\/\",\"name\":\"Circolo Canottieri Aniene\",\"description\":\"Collare d&#039;Oro e Stella d&#039;Oro al Merito Sportivo\",\"potentialAction\":[{\"@type\":\"SearchAction\",\"target\":{\"@type\":\"EntryPoint\",\"urlTemplate\":\"https:\/\/www.ccaniene.com\/it_it\/?s={search_term_string}\"},\"query-input\":{\"@type\":\"PropertyValueSpecification\",\"valueRequired\":true,\"valueName\":\"search_term_string\"}}],\"inLanguage\":\"en-GB\"},{\"@type\":\"Person\",\"@id\":\"https:\/\/www.ccaniene.com\/it_it\/#\/schema\/person\/6042bd0ba360674279dffd4247d570ed\",\"name\":\"carlo.san@tin.it\",\"image\":{\"@type\":\"ImageObject\",\"inLanguage\":\"en-GB\",\"@id\":\"https:\/\/www.ccaniene.com\/it_it\/#\/schema\/person\/image\/\",\"url\":\"https:\/\/secure.gravatar.com\/avatar\/f993a459d0ffe4d666e4c917fef20ca9?s=96&d=mm&r=g\",\"contentUrl\":\"https:\/\/secure.gravatar.com\/avatar\/f993a459d0ffe4d666e4c917fef20ca9?s=96&d=mm&r=g\",\"caption\":\"carlo.san@tin.it\"},\"url\":\"https:\/\/www.ccaniene.com\/en\/author\/carlo-santi-2\/\"}]}<\/script>\n<!-- \/ Yoast SEO plugin. -->","yoast_head_json":{"title":"Settecolli, Pellegrini super: stabilisce nuovo record italiano nei 100 stile libero - Circolo Canottieri Aniene","robots":{"index":"index","follow":"follow","max-snippet":"max-snippet:-1","max-image-preview":"max-image-preview:large","max-video-preview":"max-video-preview:-1"},"canonical":"https:\/\/www.ccaniene.com\/en\/settecolli-pellegrini-da-urlo-stabilisce-nuovo-record-italiano-nei-100-stile-libero\/","og_locale":"en_GB","og_type":"article","og_title":"Settecolli, Pellegrini super: stabilisce nuovo record italiano nei 100 stile libero - Circolo Canottieri Aniene","og_description":"Federica Pellegrini non finisce mai di stupire. La campionessa del Circolo Canottieri Aniene ha stabilito il nuovo record italiano nei 100 stile libero femminili nella finale della 53esima edizione del Trofeo Settecolli. La prossima portabandiera dell&#8217;Italia alle Olimpiadi di Rio ha conquistato l&#8217;argento con il sorprendente tempo di 53\u201d18, abbassando il suo precedente primato di [&hellip;]","og_url":"https:\/\/www.ccaniene.com\/en\/settecolli-pellegrini-da-urlo-stabilisce-nuovo-record-italiano-nei-100-stile-libero\/","og_site_name":"Circolo Canottieri Aniene","article_published_time":"2016-06-25T18:55:55+00:00","article_modified_time":"2016-06-26T18:58:18+00:00","og_image":[{"width":1924,"height":1028,"url":"https:\/\/www.ccaniene.com\/wp-content\/uploads\/2016\/06\/pellegrini.jpg","type":"image\/jpeg"}],"author":"carlo.san@tin.it","twitter_card":"summary_large_image","twitter_misc":{"Written by":"carlo.san@tin.it","Estimated reading time":"2 minutes"},"schema":{"@context":"https:\/\/schema.org","@graph":[{"@type":"WebPage","@id":"https:\/\/www.ccaniene.com\/en\/settecolli-pellegrini-da-urlo-stabilisce-nuovo-record-italiano-nei-100-stile-libero\/","url":"https:\/\/www.ccaniene.com\/en\/settecolli-pellegrini-da-urlo-stabilisce-nuovo-record-italiano-nei-100-stile-libero\/","name":"Settecolli, Pellegrini super: stabilisce nuovo record italiano nei 100 stile libero - Circolo Canottieri Aniene","isPartOf":{"@id":"https:\/\/www.ccaniene.com\/it_it\/#website"},"primaryImageOfPage":{"@id":"https:\/\/www.ccaniene.com\/en\/settecolli-pellegrini-da-urlo-stabilisce-nuovo-record-italiano-nei-100-stile-libero\/#primaryimage"},"image":{"@id":"https:\/\/www.ccaniene.com\/en\/settecolli-pellegrini-da-urlo-stabilisce-nuovo-record-italiano-nei-100-stile-libero\/#primaryimage"},"thumbnailUrl":"https:\/\/www.ccaniene.com\/wp-content\/uploads\/2016\/06\/pellegrini.jpg","datePublished":"2016-06-25T18:55:55+00:00","dateModified":"2016-06-26T18:58:18+00:00","author":{"@id":"https:\/\/www.ccaniene.com\/it_it\/#\/schema\/person\/6042bd0ba360674279dffd4247d570ed"},"breadcrumb":{"@id":"https:\/\/www.ccaniene.com\/en\/settecolli-pellegrini-da-urlo-stabilisce-nuovo-record-italiano-nei-100-stile-libero\/#breadcrumb"},"inLanguage":"en-GB","potentialAction":[{"@type":"ReadAction","target":["https:\/\/www.ccaniene.com\/en\/settecolli-pellegrini-da-urlo-stabilisce-nuovo-record-italiano-nei-100-stile-libero\/"]}]},{"@type":"ImageObject","inLanguage":"en-GB","@id":"https:\/\/www.ccaniene.com\/en\/settecolli-pellegrini-da-urlo-stabilisce-nuovo-record-italiano-nei-100-stile-libero\/#primaryimage","url":"https:\/\/www.ccaniene.com\/wp-content\/uploads\/2016\/06\/pellegrini.jpg","contentUrl":"https:\/\/www.ccaniene.com\/wp-content\/uploads\/2016\/06\/pellegrini.jpg","width":1924,"height":1028,"caption":"Federica Pellegrini"},{"@type":"BreadcrumbList","@id":"https:\/\/www.ccaniene.com\/en\/settecolli-pellegrini-da-urlo-stabilisce-nuovo-record-italiano-nei-100-stile-libero\/#breadcrumb","itemListElement":[{"@type":"ListItem","position":1,"name":"Home","item":"https:\/\/www.ccaniene.com\/it_it\/"},{"@type":"ListItem","position":2,"name":"Settecolli, Pellegrini super: stabilisce nuovo record italiano nei 100 stile libero"}]},{"@type":"WebSite","@id":"https:\/\/www.ccaniene.com\/it_it\/#website","url":"https:\/\/www.ccaniene.com\/it_it\/","name":"Circolo Canottieri Aniene","description":"Collare d&#039;Oro e Stella d&#039;Oro al Merito Sportivo","potentialAction":[{"@type":"SearchAction","target":{"@type":"EntryPoint","urlTemplate":"https:\/\/www.ccaniene.com\/it_it\/?s={search_term_string}"},"query-input":{"@type":"PropertyValueSpecification","valueRequired":true,"valueName":"search_term_string"}}],"inLanguage":"en-GB"},{"@type":"Person","@id":"https:\/\/www.ccaniene.com\/it_it\/#\/schema\/person\/6042bd0ba360674279dffd4247d570ed","name":"carlo.san@tin.it","image":{"@type":"ImageObject","inLanguage":"en-GB","@id":"https:\/\/www.ccaniene.com\/it_it\/#\/schema\/person\/image\/","url":"https:\/\/secure.gravatar.com\/avatar\/f993a459d0ffe4d666e4c917fef20ca9?s=96&d=mm&r=g","contentUrl":"https:\/\/secure.gravatar.com\/avatar\/f993a459d0ffe4d666e4c917fef20ca9?s=96&d=mm&r=g","caption":"carlo.san@tin.it"},"url":"https:\/\/www.ccaniene.com\/en\/author\/carlo-santi-2\/"}]}},"_links":{"self":[{"href":"https:\/\/www.ccaniene.com\/en\/wp-json\/wp\/v2\/posts\/9753"}],"collection":[{"href":"https:\/\/www.ccaniene.com\/en\/wp-json\/wp\/v2\/posts"}],"about":[{"href":"https:\/\/www.ccaniene.com\/en\/wp-json\/wp\/v2\/types\/post"}],"author":[{"embeddable":true,"href":"https:\/\/www.ccaniene.com\/en\/wp-json\/wp\/v2\/users\/23521"}],"replies":[{"embeddable":true,"href":"https:\/\/www.ccaniene.com\/en\/wp-json\/wp\/v2\/comments?post=9753"}],"version-history":[{"count":14,"href":"https:\/\/www.ccaniene.com\/en\/wp-json\/wp\/v2\/posts\/9753\/revisions"}],"predecessor-version":[{"id":9798,"href":"https:\/\/www.ccaniene.com\/en\/wp-json\/wp\/v2\/posts\/9753\/revisions\/9798"}],"wp:featuredmedia":[{"embeddable":true,"href":"https:\/\/www.ccaniene.com\/en\/wp-json\/wp\/v2\/media\/9761"}],"wp:attachment":[{"href":"https:\/\/www.ccaniene.com\/en\/wp-json\/wp\/v2\/media?parent=9753"}],"wp:term":[{"taxonomy":"category","embeddable":true,"href":"https:\/\/www.ccaniene.com\/en\/wp-json\/wp\/v2\/categories?post=9753"},{"taxonomy":"post_tag","embeddable":true,"href":"https:\/\/www.ccaniene.com\/en\/wp-json\/wp\/v2\/tags?post=9753"}],"curies":[{"name":"wp","href":"https:\/\/api.w.org\/{rel}","templated":true}]}}