{"id":95,"date":"2009-06-12T09:44:01","date_gmt":"2009-06-12T09:44:01","guid":{"rendered":""},"modified":"2009-06-12T09:44:01","modified_gmt":"2009-06-12T09:44:01","slug":"canoa-incredibile-josefa-idem","status":"publish","type":"post","link":"https:\/\/www.ccaniene.com\/en\/canoa-incredibile-josefa-idem\/","title":{"rendered":"Canoa: Incredibile Josefa Idem"},"content":{"rendered":"<p><img decoding=\"async\" src=\"http:\/\/www.ccaniene.com\/wp-content\/uploads\/josepha-idem.jpg\" border=\"0\" alt=\"Josefa Idem\" title=\"Josefa Idem\" width=\"200\" height=\"133\" align=\"left\" \/>Incredibile Josefa Idem. Il terzo posto  con cui ha concluso ieri in Ungheria la gara del K1 500 nella prova  di Coppa del Mondo a Szeged e che comunque la conferma nell\u2019elite  mondiale della specialit\u00e0, poteva essere tranquillamente il primo. <\/p>\n<p>Colpa di un errore in partenza che  le ha fatto perdere quasi una barca nei confronti della sudafricana  Bridgitte Hartley e della tedesca Katrin Wagner Augustin che si sono  aggiudicate primo e secondo posto. \u2018\u2019Stiamo arrivando agli appuntamenti  che valgono \u2013 ricorda Josefa \u2013 dove si comincia a giocare pesante  e le sensazioni sono tutte positive, se non fosse stato per quell\u2019errore,  ieri\u2026\u2019\u2019. Errore che ha cercato di annullare con un percorso strepitoso  che l\u2019ha portata ad appena mezzo secondo dalla Wagner. <\/p>\n<p><!--more--> <\/p>\n<p>A chi le ricorda che, oltre tutto,  ha gareggiato con avversarie molto pi\u00f9 giovani, Josefa Idem risponde  quasi con fastidio. \u2018\u2019Il fatto che io continui \u2013 spiega \u2013 non  \u00e8 una sfida contro il tempo. Come per qualsiasi altro impegno umano,  \u00e8 un fatto di stimoli, di motivazioni. Uno decide di smettere quando  non ci sono pi\u00f9. Ora il mio obbiettivo \u00e8 l\u2019ottava Olimpiade, un  traguardo mai raggiunto da nessuna donna\u2019\u2019. Per arrivare a Londra  2012 mancano 37 mesi che si annunciano ricchi di impegni, a cominciare  da quelli di quest\u2019anno: Europei a Brandeburgo dal 25 al 28 di questo  mese, Giochi del Mediterraneo a Pescara all\u2019inizio di luglio e poi  Mondiali in Canada, a Dartmouth a met\u00e0 agosto. <\/p>\n<p>L\u2019appuntamento che alla Idem al momento  interessa di pi\u00f9 \u00e8 quello dei Giochi del Mediterraneo: \u2018\u2019sar\u00e0  in Italia \u2013 spiega \u2013 e di fronte a un pubblico che non segue normalmente  la canoa, un pubblico olimpico.<\/p>","protected":false},"excerpt":{"rendered":"<p>Incredibile Josefa Idem. Il terzo posto con cui ha concluso ieri in Ungheria la gara del K1 500 nella prova di Coppa del Mondo a Szeged e che comunque la conferma nell\u2019elite mondiale della specialit\u00e0, poteva essere tranquillamente il primo. Colpa di un errore in partenza che le ha fatto perdere quasi una barca nei [&hellip;]<\/p>","protected":false},"author":2,"featured_media":0,"comment_status":"open","ping_status":"closed","sticky":true,"template":"","format":"standard","meta":{"pmpro_default_level":0,"footnotes":"","_links_to":"","_links_to_target":""},"categories":[8],"tags":[],"class_list":["post-95","post","type-post","status-publish","format-standard","hentry","category-canoa","pmpro-has-access"],"featured_image_urls":{},"appp_media":null,"yoast_head":"<!-- This site is optimized with the Yoast SEO plugin v23.6 - https:\/\/yoast.com\/wordpress\/plugins\/seo\/ -->\n<title>Canoa: Incredibile Josefa Idem - Circolo Canottieri Aniene<\/title>\n<meta name=\"robots\" content=\"index, follow, max-snippet:-1, max-image-preview:large, max-video-preview:-1\" \/>\n<link rel=\"canonical\" href=\"https:\/\/www.ccaniene.com\/en\/canoa-incredibile-josefa-idem\/\" \/>\n<meta property=\"og:locale\" content=\"en_GB\" \/>\n<meta property=\"og:type\" content=\"article\" \/>\n<meta property=\"og:title\" content=\"Canoa: Incredibile Josefa Idem - Circolo Canottieri Aniene\" \/>\n<meta property=\"og:description\" content=\"Incredibile Josefa Idem. Il terzo posto con cui ha concluso ieri in Ungheria la gara del K1 500 nella prova di Coppa del Mondo a Szeged e che comunque la conferma nell\u2019elite mondiale della specialit\u00e0, poteva essere tranquillamente il primo. Colpa di un errore in partenza che le ha fatto perdere quasi una barca nei [&hellip;]\" \/>\n<meta property=\"og:url\" content=\"https:\/\/www.ccaniene.com\/en\/canoa-incredibile-josefa-idem\/\" \/>\n<meta property=\"og:site_name\" content=\"Circolo Canottieri Aniene\" \/>\n<meta property=\"article:published_time\" content=\"2009-06-12T09:44:01+00:00\" \/>\n<meta property=\"og:image\" content=\"http:\/\/www.ccaniene.com\/wp-content\/uploads\/josepha-idem.jpg\" \/>\n<meta name=\"twitter:card\" content=\"summary_large_image\" \/>\n<meta name=\"twitter:label1\" content=\"Written by\" \/>\n\t<meta name=\"twitter:data1\" content=\"\" \/>\n\t<meta name=\"twitter:label2\" content=\"Estimated reading time\" \/>\n\t<meta name=\"twitter:data2\" content=\"1 minute\" \/>\n<script type=\"application\/ld+json\" class=\"yoast-schema-graph\">{\"@context\":\"https:\/\/schema.org\",\"@graph\":[{\"@type\":\"WebPage\",\"@id\":\"https:\/\/www.ccaniene.com\/en\/canoa-incredibile-josefa-idem\/\",\"url\":\"https:\/\/www.ccaniene.com\/en\/canoa-incredibile-josefa-idem\/\",\"name\":\"Canoa: Incredibile Josefa Idem - Circolo Canottieri Aniene\",\"isPartOf\":{\"@id\":\"http:\/\/www.ccaniene.com\/it_it\/#website\"},\"primaryImageOfPage\":{\"@id\":\"https:\/\/www.ccaniene.com\/en\/canoa-incredibile-josefa-idem\/#primaryimage\"},\"image\":{\"@id\":\"https:\/\/www.ccaniene.com\/en\/canoa-incredibile-josefa-idem\/#primaryimage\"},\"thumbnailUrl\":\"http:\/\/www.ccaniene.com\/wp-content\/uploads\/josepha-idem.jpg\",\"datePublished\":\"2009-06-12T09:44:01+00:00\",\"dateModified\":\"2009-06-12T09:44:01+00:00\",\"author\":{\"@id\":\"\"},\"breadcrumb\":{\"@id\":\"https:\/\/www.ccaniene.com\/en\/canoa-incredibile-josefa-idem\/#breadcrumb\"},\"inLanguage\":\"en-GB\",\"potentialAction\":[{\"@type\":\"ReadAction\",\"target\":[\"https:\/\/www.ccaniene.com\/en\/canoa-incredibile-josefa-idem\/\"]}]},{\"@type\":\"ImageObject\",\"inLanguage\":\"en-GB\",\"@id\":\"https:\/\/www.ccaniene.com\/en\/canoa-incredibile-josefa-idem\/#primaryimage\",\"url\":\"http:\/\/www.ccaniene.com\/wp-content\/uploads\/josepha-idem.jpg\",\"contentUrl\":\"http:\/\/www.ccaniene.com\/wp-content\/uploads\/josepha-idem.jpg\"},{\"@type\":\"BreadcrumbList\",\"@id\":\"https:\/\/www.ccaniene.com\/en\/canoa-incredibile-josefa-idem\/#breadcrumb\",\"itemListElement\":[{\"@type\":\"ListItem\",\"position\":1,\"name\":\"Home\",\"item\":\"http:\/\/www.ccaniene.com\/it_it\/\"},{\"@type\":\"ListItem\",\"position\":2,\"name\":\"Canoa: Incredibile Josefa Idem\"}]},{\"@type\":\"WebSite\",\"@id\":\"http:\/\/www.ccaniene.com\/it_it\/#website\",\"url\":\"http:\/\/www.ccaniene.com\/it_it\/\",\"name\":\"Circolo Canottieri Aniene\",\"description\":\"Collare d&#039;Oro e Stella d&#039;Oro al Merito Sportivo\",\"potentialAction\":[{\"@type\":\"SearchAction\",\"target\":{\"@type\":\"EntryPoint\",\"urlTemplate\":\"http:\/\/www.ccaniene.com\/it_it\/?s={search_term_string}\"},\"query-input\":{\"@type\":\"PropertyValueSpecification\",\"valueRequired\":true,\"valueName\":\"search_term_string\"}}],\"inLanguage\":\"en-GB\"},{\"@type\":\"Person\",\"@id\":\"\",\"url\":\"https:\/\/www.ccaniene.com\/en\/author\/\"}]}<\/script>\n<!-- \/ Yoast SEO plugin. -->","yoast_head_json":{"title":"Canoa: Incredibile Josefa Idem - Circolo Canottieri Aniene","robots":{"index":"index","follow":"follow","max-snippet":"max-snippet:-1","max-image-preview":"max-image-preview:large","max-video-preview":"max-video-preview:-1"},"canonical":"https:\/\/www.ccaniene.com\/en\/canoa-incredibile-josefa-idem\/","og_locale":"en_GB","og_type":"article","og_title":"Canoa: Incredibile Josefa Idem - Circolo Canottieri Aniene","og_description":"Incredibile Josefa Idem. Il terzo posto con cui ha concluso ieri in Ungheria la gara del K1 500 nella prova di Coppa del Mondo a Szeged e che comunque la conferma nell\u2019elite mondiale della specialit\u00e0, poteva essere tranquillamente il primo. Colpa di un errore in partenza che le ha fatto perdere quasi una barca nei [&hellip;]","og_url":"https:\/\/www.ccaniene.com\/en\/canoa-incredibile-josefa-idem\/","og_site_name":"Circolo Canottieri Aniene","article_published_time":"2009-06-12T09:44:01+00:00","og_image":[{"url":"http:\/\/www.ccaniene.com\/wp-content\/uploads\/josepha-idem.jpg"}],"twitter_card":"summary_large_image","twitter_misc":{"Written by":"","Estimated reading time":"1 minute"},"schema":{"@context":"https:\/\/schema.org","@graph":[{"@type":"WebPage","@id":"https:\/\/www.ccaniene.com\/en\/canoa-incredibile-josefa-idem\/","url":"https:\/\/www.ccaniene.com\/en\/canoa-incredibile-josefa-idem\/","name":"Canoa: Incredibile Josefa Idem - Circolo Canottieri Aniene","isPartOf":{"@id":"http:\/\/www.ccaniene.com\/it_it\/#website"},"primaryImageOfPage":{"@id":"https:\/\/www.ccaniene.com\/en\/canoa-incredibile-josefa-idem\/#primaryimage"},"image":{"@id":"https:\/\/www.ccaniene.com\/en\/canoa-incredibile-josefa-idem\/#primaryimage"},"thumbnailUrl":"http:\/\/www.ccaniene.com\/wp-content\/uploads\/josepha-idem.jpg","datePublished":"2009-06-12T09:44:01+00:00","dateModified":"2009-06-12T09:44:01+00:00","author":{"@id":""},"breadcrumb":{"@id":"https:\/\/www.ccaniene.com\/en\/canoa-incredibile-josefa-idem\/#breadcrumb"},"inLanguage":"en-GB","potentialAction":[{"@type":"ReadAction","target":["https:\/\/www.ccaniene.com\/en\/canoa-incredibile-josefa-idem\/"]}]},{"@type":"ImageObject","inLanguage":"en-GB","@id":"https:\/\/www.ccaniene.com\/en\/canoa-incredibile-josefa-idem\/#primaryimage","url":"http:\/\/www.ccaniene.com\/wp-content\/uploads\/josepha-idem.jpg","contentUrl":"http:\/\/www.ccaniene.com\/wp-content\/uploads\/josepha-idem.jpg"},{"@type":"BreadcrumbList","@id":"https:\/\/www.ccaniene.com\/en\/canoa-incredibile-josefa-idem\/#breadcrumb","itemListElement":[{"@type":"ListItem","position":1,"name":"Home","item":"http:\/\/www.ccaniene.com\/it_it\/"},{"@type":"ListItem","position":2,"name":"Canoa: Incredibile Josefa Idem"}]},{"@type":"WebSite","@id":"http:\/\/www.ccaniene.com\/it_it\/#website","url":"http:\/\/www.ccaniene.com\/it_it\/","name":"Circolo Canottieri Aniene","description":"Collare d&#039;Oro e Stella d&#039;Oro al Merito Sportivo","potentialAction":[{"@type":"SearchAction","target":{"@type":"EntryPoint","urlTemplate":"http:\/\/www.ccaniene.com\/it_it\/?s={search_term_string}"},"query-input":{"@type":"PropertyValueSpecification","valueRequired":true,"valueName":"search_term_string"}}],"inLanguage":"en-GB"},{"@type":"Person","@id":"","url":"https:\/\/www.ccaniene.com\/en\/author\/"}]}},"_links":{"self":[{"href":"https:\/\/www.ccaniene.com\/en\/wp-json\/wp\/v2\/posts\/95"}],"collection":[{"href":"https:\/\/www.ccaniene.com\/en\/wp-json\/wp\/v2\/posts"}],"about":[{"href":"https:\/\/www.ccaniene.com\/en\/wp-json\/wp\/v2\/types\/post"}],"author":[{"embeddable":true,"href":"https:\/\/www.ccaniene.com\/en\/wp-json\/wp\/v2\/users\/2"}],"replies":[{"embeddable":true,"href":"https:\/\/www.ccaniene.com\/en\/wp-json\/wp\/v2\/comments?post=95"}],"version-history":[{"count":0,"href":"https:\/\/www.ccaniene.com\/en\/wp-json\/wp\/v2\/posts\/95\/revisions"}],"wp:attachment":[{"href":"https:\/\/www.ccaniene.com\/en\/wp-json\/wp\/v2\/media?parent=95"}],"wp:term":[{"taxonomy":"category","embeddable":true,"href":"https:\/\/www.ccaniene.com\/en\/wp-json\/wp\/v2\/categories?post=95"},{"taxonomy":"post_tag","embeddable":true,"href":"https:\/\/www.ccaniene.com\/en\/wp-json\/wp\/v2\/tags?post=95"}],"curies":[{"name":"wp","href":"https:\/\/api.w.org\/{rel}","templated":true}]}}