{"id":9488,"date":"2016-06-10T18:47:56","date_gmt":"2016-06-10T16:47:56","guid":{"rendered":"https:\/\/www.ccaniene.com\/?p=9488"},"modified":"2016-06-26T21:02:05","modified_gmt":"2016-06-26T19:02:05","slug":"rio-2016-aniene-sotto-i-riflettori-con-la-portabandiera-azzurra-federica-pellegrini","status":"publish","type":"post","link":"https:\/\/www.ccaniene.com\/en\/rio-2016-aniene-sotto-i-riflettori-con-la-portabandiera-azzurra-federica-pellegrini\/","title":{"rendered":"Rio 2016: Federica Pellegrini ricever\u00e0 la bandiera italiana da Mattarella il 22 giugno"},"content":{"rendered":"<p>Cresce l\u2019attesa per i Giochi di Rio 2016 e un nuovo importante appuntamento \u00e8 fissato per mercoled\u00ec 22 giugno, quando il presidente della Repubblica, Sergio Mattarella, ricever\u00e0 una folta rappresentanza della squadra\u00a0azzurra in partenza per Olimpiadi e Paralimpiadi. Nell&#8217;occasione il capo dello Stato consegner\u00e0 il tricolore a Federica Pellegrini, alla quale spetta l&#8217;onore di rappresentare l&#8217;Italia come portabandiera nella cerimonia inaugurale della rassegna a cinque cerchi prevista per il 5 agosto, giorno del suo 28esimo compleanno. A guidare al Quirinale la delegazione di atleti, tecnici e dirigenti saranno il presidente del Coni, Giovanni Malag\u00f2, e il presidente del Comitato Italiano Paralimpico, Luca Pancalli, che ha invece scelto come portabandiera Martina Caironi.<\/p>\n<p>Il Circolo Canottieri Aniene, che vedr\u00e0 diversi suoi atleti impegnati a Rio, sar\u00e0 dunque sotto i riflettori con Federica Pellegrini, quinto alfiere donna nella storia azzurra dei Giochi estivi: la prima fu la ginnasta Miranda Cicognani a Helsinki 1952, l\u2019ultima Valentina Vezzali a Londra 2012. Una notizia accolta con soddisfazione da Federica che, dopo l\u2019annuncio ufficiale a seguito della decisione da parte della Giunta del Coni presa nello scorso aprile, aveva commentato piena di entusiasmo: \u201cE\u2019 il coronamento di anni e anni di carriera, un\u2019emozione molto forte. Quello che voglio portare a Rio \u00e8 la voglia di combattere, di non arrendersi mai. Spero che gli italiani guardandoci da casa si sentiranno ancora pi\u00f9 italiani, al di l\u00e0 del risultato. Questo vorr\u00e0 dire che lo sport ha vinto\u201d.<\/p>\n<div id=\"attachment_9357\" style=\"width: 317px\" class=\"wp-caption aligncenter\"><a href=\"http:\/\/www.ccaniene.com\/wp-content\/uploads\/2016\/05\/20160521-ASTA-PELLEGRINI-ITA_A4S_1305.jpg\" rel=\"attachment wp-att-9357\"><img fetchpriority=\"high\" decoding=\"async\" aria-describedby=\"caption-attachment-9357\" class=\"wp-image-9357 size-medium\" src=\"http:\/\/www.ccaniene.com\/wp-content\/uploads\/2016\/05\/20160521-ASTA-PELLEGRINI-ITA_A4S_1305-307x460.jpg\" alt=\"Pellegrini con l'oro conquistato nei 200 sl agli Europei 2016\" width=\"307\" height=\"460\" \/><\/a><p id=\"caption-attachment-9357\" class=\"wp-caption-text\">Pellegrini con l&#8217;oro conquistato nei 200 sl agli Europei 2016<\/p><\/div>\n<p>\u201cSono molto felice perch\u00e9, anche se ci sono quasi trenta anni di differenza, io e Federica siamo cresciuti insieme. Io da dirigente sportivo, lei da atleta &#8211; aveva invece sottolineato il presidente del Coni Giovanni Malag\u00f2 &#8211; E\u2019 stata una scelta a furor di popolo e mi scuso se ci siamo attardati fino all&#8217;ultimo prima di prendere questa decisione, ma volevo avere la certezza che fosse quella giusta\u201d.<\/p>\n<p>Difficile, in effetti, scegliere un\u2019atleta pi\u00f9 vincente e rappresentativa di Federica Pellegrini. Oro olimpico nei 200 stile libero a Pechino 2008 e argento ad Atene 2004, la campionessa del Circolo Canottieri Aniene vanta anche quattro titoli iridati e sette continentali, oltre a una miriade di altre medaglie che stanno a testimoniare una carriera da sogno. Attuale detentrice del primato mondiale nei 200 e del record europeo nei 400 stile libero, grazie all&#8217;argento ai Mondiali di Kazan 2015 \u00e8 diventata la prima nuotatrice di tutti i tempi a salire sul podio iridato per la sesta volta consecutiva.<\/p>\n<div id=\"attachment_9491\" style=\"width: 470px\" class=\"wp-caption aligncenter\"><a href=\"http:\/\/www.ccaniene.com\/wp-content\/uploads\/2016\/06\/pellegrini-malag\u00f2.jpg\" rel=\"attachment wp-att-9491\"><img decoding=\"async\" aria-describedby=\"caption-attachment-9491\" class=\"wp-image-9491 size-medium\" src=\"http:\/\/www.ccaniene.com\/wp-content\/uploads\/2016\/06\/pellegrini-malag\u00f2-460x282.jpg\" alt=\"Federica con il presidente Giovanni Malag\u00f2\" width=\"460\" height=\"282\" srcset=\"https:\/\/www.ccaniene.com\/wp-content\/uploads\/2016\/06\/pellegrini-malag\u00f2-460x282.jpg 460w, https:\/\/www.ccaniene.com\/wp-content\/uploads\/2016\/06\/pellegrini-malag\u00f2-300x184.jpg 300w, https:\/\/www.ccaniene.com\/wp-content\/uploads\/2016\/06\/pellegrini-malag\u00f2.jpg 750w\" sizes=\"(max-width: 460px) 100vw, 460px\" \/><\/a><p id=\"caption-attachment-9491\" class=\"wp-caption-text\">Federica con il presidente Giovanni Malag\u00f2<\/p><\/div>\n<p>Pellegrini ha confermato di essere in grande forma anche ai campionati europei, disputati nello scorso mese di maggio a Londra, dove ha conquistato la medaglia d\u2019oro nella specialit\u00e0 dei 200 stile libero e tre argenti nelle staffette (4&#215;100 stile libero femminile, 4X100 stile libero mista, 4X100 misti mista). Vederla guidare la delegazione azzurra e far sventolare il tricolore nella splendida cornice dello stadio Maracan\u00e3 sar\u00e0 motivo di orgoglio ed emozione per tutto il Circolo Canottieri Aniene.<\/p>","protected":false},"excerpt":{"rendered":"<p>Cresce l\u2019attesa per i Giochi di Rio 2016 e un nuovo importante appuntamento \u00e8 fissato per mercoled\u00ec 22 giugno, quando il presidente della Repubblica, Sergio Mattarella, ricever\u00e0 una folta rappresentanza della squadra\u00a0azzurra in partenza per Olimpiadi e Paralimpiadi. Nell&#8217;occasione il capo dello Stato consegner\u00e0 il tricolore a Federica Pellegrini, alla quale spetta l&#8217;onore di rappresentare [&hellip;]<\/p>","protected":false},"author":23521,"featured_media":9694,"comment_status":"open","ping_status":"closed","sticky":false,"template":"","format":"standard","meta":{"pmpro_default_level":0,"footnotes":"","_links_to":"","_links_to_target":""},"categories":[2,11,32],"tags":[],"class_list":["post-9488","post","type-post","status-publish","format-standard","has-post-thumbnail","hentry","category-in-evidenza","category-nuoto","category-slider","pmpro-has-access"],"featured_image_urls":{"medium":"https:\/\/www.ccaniene.com\/wp-content\/uploads\/2016\/06\/DSC_5720-ser-800x532.jpg","thumbnail":"https:\/\/www.ccaniene.com\/wp-content\/uploads\/2016\/06\/DSC_5720-ser-400x400.jpg","medium_large":"https:\/\/www.ccaniene.com\/wp-content\/uploads\/2016\/06\/DSC_5720-ser-768x510.jpg"},"appp_media":null,"yoast_head":"<!-- This site is optimized with the Yoast SEO plugin v23.6 - https:\/\/yoast.com\/wordpress\/plugins\/seo\/ -->\n<title>Rio 2016: Federica Pellegrini ricever\u00e0 la bandiera italiana da Mattarella il 22 giugno - Circolo Canottieri Aniene<\/title>\n<meta name=\"robots\" content=\"index, follow, max-snippet:-1, max-image-preview:large, max-video-preview:-1\" \/>\n<link rel=\"canonical\" href=\"https:\/\/www.ccaniene.com\/en\/rio-2016-aniene-sotto-i-riflettori-con-la-portabandiera-azzurra-federica-pellegrini\/\" \/>\n<meta property=\"og:locale\" content=\"en_GB\" \/>\n<meta property=\"og:type\" content=\"article\" \/>\n<meta property=\"og:title\" content=\"Rio 2016: Federica Pellegrini ricever\u00e0 la bandiera italiana da Mattarella il 22 giugno - Circolo Canottieri Aniene\" \/>\n<meta property=\"og:description\" content=\"Cresce l\u2019attesa per i Giochi di Rio 2016 e un nuovo importante appuntamento \u00e8 fissato per mercoled\u00ec 22 giugno, quando il presidente della Repubblica, Sergio Mattarella, ricever\u00e0 una folta rappresentanza della squadra\u00a0azzurra in partenza per Olimpiadi e Paralimpiadi. Nell&#8217;occasione il capo dello Stato consegner\u00e0 il tricolore a Federica Pellegrini, alla quale spetta l&#8217;onore di rappresentare [&hellip;]\" \/>\n<meta property=\"og:url\" content=\"https:\/\/www.ccaniene.com\/en\/rio-2016-aniene-sotto-i-riflettori-con-la-portabandiera-azzurra-federica-pellegrini\/\" \/>\n<meta property=\"og:site_name\" content=\"Circolo Canottieri Aniene\" \/>\n<meta property=\"article:published_time\" content=\"2016-06-10T16:47:56+00:00\" \/>\n<meta property=\"article:modified_time\" content=\"2016-06-26T19:02:05+00:00\" \/>\n<meta property=\"og:image\" content=\"https:\/\/www.ccaniene.com\/wp-content\/uploads\/2016\/06\/DSC_5720-ser.jpg\" \/>\n\t<meta property=\"og:image:width\" content=\"850\" \/>\n\t<meta property=\"og:image:height\" content=\"565\" \/>\n\t<meta property=\"og:image:type\" content=\"image\/jpeg\" \/>\n<meta name=\"author\" content=\"carlo.san@tin.it\" \/>\n<meta name=\"twitter:card\" content=\"summary_large_image\" \/>\n<meta name=\"twitter:label1\" content=\"Written by\" \/>\n\t<meta name=\"twitter:data1\" content=\"carlo.san@tin.it\" \/>\n\t<meta name=\"twitter:label2\" content=\"Estimated reading time\" \/>\n\t<meta name=\"twitter:data2\" content=\"2 minutes\" \/>\n<script type=\"application\/ld+json\" class=\"yoast-schema-graph\">{\"@context\":\"https:\/\/schema.org\",\"@graph\":[{\"@type\":\"WebPage\",\"@id\":\"https:\/\/www.ccaniene.com\/en\/rio-2016-aniene-sotto-i-riflettori-con-la-portabandiera-azzurra-federica-pellegrini\/\",\"url\":\"https:\/\/www.ccaniene.com\/en\/rio-2016-aniene-sotto-i-riflettori-con-la-portabandiera-azzurra-federica-pellegrini\/\",\"name\":\"Rio 2016: Federica Pellegrini ricever\u00e0 la bandiera italiana da Mattarella il 22 giugno - Circolo Canottieri Aniene\",\"isPartOf\":{\"@id\":\"https:\/\/www.ccaniene.com\/it_it\/#website\"},\"primaryImageOfPage\":{\"@id\":\"https:\/\/www.ccaniene.com\/en\/rio-2016-aniene-sotto-i-riflettori-con-la-portabandiera-azzurra-federica-pellegrini\/#primaryimage\"},\"image\":{\"@id\":\"https:\/\/www.ccaniene.com\/en\/rio-2016-aniene-sotto-i-riflettori-con-la-portabandiera-azzurra-federica-pellegrini\/#primaryimage\"},\"thumbnailUrl\":\"https:\/\/www.ccaniene.com\/wp-content\/uploads\/2016\/06\/DSC_5720-ser.jpg\",\"datePublished\":\"2016-06-10T16:47:56+00:00\",\"dateModified\":\"2016-06-26T19:02:05+00:00\",\"author\":{\"@id\":\"https:\/\/www.ccaniene.com\/it_it\/#\/schema\/person\/6042bd0ba360674279dffd4247d570ed\"},\"breadcrumb\":{\"@id\":\"https:\/\/www.ccaniene.com\/en\/rio-2016-aniene-sotto-i-riflettori-con-la-portabandiera-azzurra-federica-pellegrini\/#breadcrumb\"},\"inLanguage\":\"en-GB\",\"potentialAction\":[{\"@type\":\"ReadAction\",\"target\":[\"https:\/\/www.ccaniene.com\/en\/rio-2016-aniene-sotto-i-riflettori-con-la-portabandiera-azzurra-federica-pellegrini\/\"]}]},{\"@type\":\"ImageObject\",\"inLanguage\":\"en-GB\",\"@id\":\"https:\/\/www.ccaniene.com\/en\/rio-2016-aniene-sotto-i-riflettori-con-la-portabandiera-azzurra-federica-pellegrini\/#primaryimage\",\"url\":\"https:\/\/www.ccaniene.com\/wp-content\/uploads\/2016\/06\/DSC_5720-ser.jpg\",\"contentUrl\":\"https:\/\/www.ccaniene.com\/wp-content\/uploads\/2016\/06\/DSC_5720-ser.jpg\",\"width\":850,\"height\":565,\"caption\":\"Federica Pellegrini\"},{\"@type\":\"BreadcrumbList\",\"@id\":\"https:\/\/www.ccaniene.com\/en\/rio-2016-aniene-sotto-i-riflettori-con-la-portabandiera-azzurra-federica-pellegrini\/#breadcrumb\",\"itemListElement\":[{\"@type\":\"ListItem\",\"position\":1,\"name\":\"Home\",\"item\":\"https:\/\/www.ccaniene.com\/it_it\/\"},{\"@type\":\"ListItem\",\"position\":2,\"name\":\"Rio 2016: Federica Pellegrini ricever\u00e0 la bandiera italiana da Mattarella il 22 giugno\"}]},{\"@type\":\"WebSite\",\"@id\":\"https:\/\/www.ccaniene.com\/it_it\/#website\",\"url\":\"https:\/\/www.ccaniene.com\/it_it\/\",\"name\":\"Circolo Canottieri Aniene\",\"description\":\"Collare d&#039;Oro e Stella d&#039;Oro al Merito Sportivo\",\"potentialAction\":[{\"@type\":\"SearchAction\",\"target\":{\"@type\":\"EntryPoint\",\"urlTemplate\":\"https:\/\/www.ccaniene.com\/it_it\/?s={search_term_string}\"},\"query-input\":{\"@type\":\"PropertyValueSpecification\",\"valueRequired\":true,\"valueName\":\"search_term_string\"}}],\"inLanguage\":\"en-GB\"},{\"@type\":\"Person\",\"@id\":\"https:\/\/www.ccaniene.com\/it_it\/#\/schema\/person\/6042bd0ba360674279dffd4247d570ed\",\"name\":\"carlo.san@tin.it\",\"image\":{\"@type\":\"ImageObject\",\"inLanguage\":\"en-GB\",\"@id\":\"https:\/\/www.ccaniene.com\/it_it\/#\/schema\/person\/image\/\",\"url\":\"https:\/\/secure.gravatar.com\/avatar\/f993a459d0ffe4d666e4c917fef20ca9?s=96&d=mm&r=g\",\"contentUrl\":\"https:\/\/secure.gravatar.com\/avatar\/f993a459d0ffe4d666e4c917fef20ca9?s=96&d=mm&r=g\",\"caption\":\"carlo.san@tin.it\"},\"url\":\"https:\/\/www.ccaniene.com\/en\/author\/carlo-santi-2\/\"}]}<\/script>\n<!-- \/ Yoast SEO plugin. -->","yoast_head_json":{"title":"Rio 2016: Federica Pellegrini ricever\u00e0 la bandiera italiana da Mattarella il 22 giugno - Circolo Canottieri Aniene","robots":{"index":"index","follow":"follow","max-snippet":"max-snippet:-1","max-image-preview":"max-image-preview:large","max-video-preview":"max-video-preview:-1"},"canonical":"https:\/\/www.ccaniene.com\/en\/rio-2016-aniene-sotto-i-riflettori-con-la-portabandiera-azzurra-federica-pellegrini\/","og_locale":"en_GB","og_type":"article","og_title":"Rio 2016: Federica Pellegrini ricever\u00e0 la bandiera italiana da Mattarella il 22 giugno - Circolo Canottieri Aniene","og_description":"Cresce l\u2019attesa per i Giochi di Rio 2016 e un nuovo importante appuntamento \u00e8 fissato per mercoled\u00ec 22 giugno, quando il presidente della Repubblica, Sergio Mattarella, ricever\u00e0 una folta rappresentanza della squadra\u00a0azzurra in partenza per Olimpiadi e Paralimpiadi. Nell&#8217;occasione il capo dello Stato consegner\u00e0 il tricolore a Federica Pellegrini, alla quale spetta l&#8217;onore di rappresentare [&hellip;]","og_url":"https:\/\/www.ccaniene.com\/en\/rio-2016-aniene-sotto-i-riflettori-con-la-portabandiera-azzurra-federica-pellegrini\/","og_site_name":"Circolo Canottieri Aniene","article_published_time":"2016-06-10T16:47:56+00:00","article_modified_time":"2016-06-26T19:02:05+00:00","og_image":[{"width":850,"height":565,"url":"https:\/\/www.ccaniene.com\/wp-content\/uploads\/2016\/06\/DSC_5720-ser.jpg","type":"image\/jpeg"}],"author":"carlo.san@tin.it","twitter_card":"summary_large_image","twitter_misc":{"Written by":"carlo.san@tin.it","Estimated reading time":"2 minutes"},"schema":{"@context":"https:\/\/schema.org","@graph":[{"@type":"WebPage","@id":"https:\/\/www.ccaniene.com\/en\/rio-2016-aniene-sotto-i-riflettori-con-la-portabandiera-azzurra-federica-pellegrini\/","url":"https:\/\/www.ccaniene.com\/en\/rio-2016-aniene-sotto-i-riflettori-con-la-portabandiera-azzurra-federica-pellegrini\/","name":"Rio 2016: Federica Pellegrini ricever\u00e0 la bandiera italiana da Mattarella il 22 giugno - Circolo Canottieri Aniene","isPartOf":{"@id":"https:\/\/www.ccaniene.com\/it_it\/#website"},"primaryImageOfPage":{"@id":"https:\/\/www.ccaniene.com\/en\/rio-2016-aniene-sotto-i-riflettori-con-la-portabandiera-azzurra-federica-pellegrini\/#primaryimage"},"image":{"@id":"https:\/\/www.ccaniene.com\/en\/rio-2016-aniene-sotto-i-riflettori-con-la-portabandiera-azzurra-federica-pellegrini\/#primaryimage"},"thumbnailUrl":"https:\/\/www.ccaniene.com\/wp-content\/uploads\/2016\/06\/DSC_5720-ser.jpg","datePublished":"2016-06-10T16:47:56+00:00","dateModified":"2016-06-26T19:02:05+00:00","author":{"@id":"https:\/\/www.ccaniene.com\/it_it\/#\/schema\/person\/6042bd0ba360674279dffd4247d570ed"},"breadcrumb":{"@id":"https:\/\/www.ccaniene.com\/en\/rio-2016-aniene-sotto-i-riflettori-con-la-portabandiera-azzurra-federica-pellegrini\/#breadcrumb"},"inLanguage":"en-GB","potentialAction":[{"@type":"ReadAction","target":["https:\/\/www.ccaniene.com\/en\/rio-2016-aniene-sotto-i-riflettori-con-la-portabandiera-azzurra-federica-pellegrini\/"]}]},{"@type":"ImageObject","inLanguage":"en-GB","@id":"https:\/\/www.ccaniene.com\/en\/rio-2016-aniene-sotto-i-riflettori-con-la-portabandiera-azzurra-federica-pellegrini\/#primaryimage","url":"https:\/\/www.ccaniene.com\/wp-content\/uploads\/2016\/06\/DSC_5720-ser.jpg","contentUrl":"https:\/\/www.ccaniene.com\/wp-content\/uploads\/2016\/06\/DSC_5720-ser.jpg","width":850,"height":565,"caption":"Federica Pellegrini"},{"@type":"BreadcrumbList","@id":"https:\/\/www.ccaniene.com\/en\/rio-2016-aniene-sotto-i-riflettori-con-la-portabandiera-azzurra-federica-pellegrini\/#breadcrumb","itemListElement":[{"@type":"ListItem","position":1,"name":"Home","item":"https:\/\/www.ccaniene.com\/it_it\/"},{"@type":"ListItem","position":2,"name":"Rio 2016: Federica Pellegrini ricever\u00e0 la bandiera italiana da Mattarella il 22 giugno"}]},{"@type":"WebSite","@id":"https:\/\/www.ccaniene.com\/it_it\/#website","url":"https:\/\/www.ccaniene.com\/it_it\/","name":"Circolo Canottieri Aniene","description":"Collare d&#039;Oro e Stella d&#039;Oro al Merito Sportivo","potentialAction":[{"@type":"SearchAction","target":{"@type":"EntryPoint","urlTemplate":"https:\/\/www.ccaniene.com\/it_it\/?s={search_term_string}"},"query-input":{"@type":"PropertyValueSpecification","valueRequired":true,"valueName":"search_term_string"}}],"inLanguage":"en-GB"},{"@type":"Person","@id":"https:\/\/www.ccaniene.com\/it_it\/#\/schema\/person\/6042bd0ba360674279dffd4247d570ed","name":"carlo.san@tin.it","image":{"@type":"ImageObject","inLanguage":"en-GB","@id":"https:\/\/www.ccaniene.com\/it_it\/#\/schema\/person\/image\/","url":"https:\/\/secure.gravatar.com\/avatar\/f993a459d0ffe4d666e4c917fef20ca9?s=96&d=mm&r=g","contentUrl":"https:\/\/secure.gravatar.com\/avatar\/f993a459d0ffe4d666e4c917fef20ca9?s=96&d=mm&r=g","caption":"carlo.san@tin.it"},"url":"https:\/\/www.ccaniene.com\/en\/author\/carlo-santi-2\/"}]}},"_links":{"self":[{"href":"https:\/\/www.ccaniene.com\/en\/wp-json\/wp\/v2\/posts\/9488"}],"collection":[{"href":"https:\/\/www.ccaniene.com\/en\/wp-json\/wp\/v2\/posts"}],"about":[{"href":"https:\/\/www.ccaniene.com\/en\/wp-json\/wp\/v2\/types\/post"}],"author":[{"embeddable":true,"href":"https:\/\/www.ccaniene.com\/en\/wp-json\/wp\/v2\/users\/23521"}],"replies":[{"embeddable":true,"href":"https:\/\/www.ccaniene.com\/en\/wp-json\/wp\/v2\/comments?post=9488"}],"version-history":[{"count":16,"href":"https:\/\/www.ccaniene.com\/en\/wp-json\/wp\/v2\/posts\/9488\/revisions"}],"predecessor-version":[{"id":9514,"href":"https:\/\/www.ccaniene.com\/en\/wp-json\/wp\/v2\/posts\/9488\/revisions\/9514"}],"wp:featuredmedia":[{"embeddable":true,"href":"https:\/\/www.ccaniene.com\/en\/wp-json\/wp\/v2\/media\/9694"}],"wp:attachment":[{"href":"https:\/\/www.ccaniene.com\/en\/wp-json\/wp\/v2\/media?parent=9488"}],"wp:term":[{"taxonomy":"category","embeddable":true,"href":"https:\/\/www.ccaniene.com\/en\/wp-json\/wp\/v2\/categories?post=9488"},{"taxonomy":"post_tag","embeddable":true,"href":"https:\/\/www.ccaniene.com\/en\/wp-json\/wp\/v2\/tags?post=9488"}],"curies":[{"name":"wp","href":"https:\/\/api.w.org\/{rel}","templated":true}]}}