{"id":9388,"date":"2016-06-06T13:24:09","date_gmt":"2016-06-06T11:24:09","guid":{"rendered":"https:\/\/www.ccaniene.com\/?p=9388"},"modified":"2016-08-05T11:10:33","modified_gmt":"2016-08-05T09:10:33","slug":"canoa-bronzo-per-urbani-ai-campionati-del-mondo-discesa-craciun-trionfa-nel-c2-200-mt","status":"publish","type":"post","link":"https:\/\/www.ccaniene.com\/en\/canoa-bronzo-per-urbani-ai-campionati-del-mondo-discesa-craciun-trionfa-nel-c2-200-mt\/","title":{"rendered":"Bronzo per Urbani ai Mondiali di Discesa, Craciun d&#8217;oro in Coppa del Mondo Sprint"},"content":{"rendered":"<p>La sezione Canoa scrive un altro piccolo pezzo di storia del Circolo Canottieri Aniene. Il 22enne Federico Urbani, infatti, ha conquistato per la prima volta la medaglia di bronzo ai Campionati del Mondo Assoluti di Discesa a Banja Luka, in Bosnia.<\/p>\n<p>Il weekend di gare si era aperto con un bruciante quarto posto nella prova a squadre sulla distanza lunga, con Federico che si era dovuto accontentare della medaglia di legno per poco pi\u00f9 di un secondo. Il pronto riscatto \u00e8 arrivato domenica quando, insieme ai compagni Mariano Bifano e Davide Maccagnan, Urbani \u00e8 riuscito a salire sul terzo gradino del podio nella prova Sprint vinta dalla Slovenia davanti alla Francia.<\/p>\n\n\t\t<style type=\"text\/css\">\n\t\t\t#gallery-1 {\n\t\t\t\tmargin: auto;\n\t\t\t}\n\t\t\t#gallery-1 .gallery-item {\n\t\t\t\tfloat: left;\n\t\t\t\tmargin-top: 10px;\n\t\t\t\ttext-align: center;\n\t\t\t\twidth: 33%;\n\t\t\t}\n\t\t\t#gallery-1 img {\n\t\t\t\tborder: 2px solid #cfcfcf;\n\t\t\t}\n\t\t\t#gallery-1 .gallery-caption {\n\t\t\t\tmargin-left: 0;\n\t\t\t}\n\t\t\t\/* see gallery_shortcode() in wp-includes\/media.php *\/\n\t\t<\/style>\n\t\t<div id='gallery-1' class='gallery galleryid-9388 gallery-columns-3 gallery-size-thumbnail'><dl class='gallery-item'>\n\t\t\t<dt class='gallery-icon landscape'>\n\t\t\t\t<a href='https:\/\/www.ccaniene.com\/en\/canoa-bronzo-per-urbani-ai-campionati-del-mondo-discesa-craciun-trionfa-nel-c2-200-mt\/urbani-discesa\/'><img fetchpriority=\"high\" decoding=\"async\" width=\"400\" height=\"400\" src=\"https:\/\/www.ccaniene.com\/wp-content\/uploads\/2016\/06\/Urbani-Discesa-400x400.jpg\" class=\"attachment-thumbnail size-thumbnail\" alt=\"\" aria-describedby=\"gallery-1-9389\" \/><\/a>\n\t\t\t<\/dt>\n\t\t\t\t<dd class='wp-caption-text gallery-caption' id='gallery-1-9389'>\n\t\t\t\tFederico Urbani in azione\n\t\t\t\t<\/dd><\/dl><dl class='gallery-item'>\n\t\t\t<dt class='gallery-icon portrait'>\n\t\t\t\t<a href='https:\/\/www.ccaniene.com\/en\/canoa-bronzo-per-urbani-ai-campionati-del-mondo-discesa-craciun-trionfa-nel-c2-200-mt\/urbani_discesa2\/'><img decoding=\"async\" width=\"400\" height=\"400\" src=\"https:\/\/www.ccaniene.com\/wp-content\/uploads\/2016\/06\/urbani_discesa2-400x400.jpg\" class=\"attachment-thumbnail size-thumbnail\" alt=\"\" aria-describedby=\"gallery-1-9390\" \/><\/a>\n\t\t\t<\/dt>\n\t\t\t\t<dd class='wp-caption-text gallery-caption' id='gallery-1-9390'>\n\t\t\t\tUrbani sul podio\n\t\t\t\t<\/dd><\/dl><dl class='gallery-item'>\n\t\t\t<dt class='gallery-icon portrait'>\n\t\t\t\t<a href='https:\/\/www.ccaniene.com\/en\/canoa-bronzo-per-urbani-ai-campionati-del-mondo-discesa-craciun-trionfa-nel-c2-200-mt\/urbani_discesa3\/'><img decoding=\"async\" width=\"400\" height=\"400\" src=\"https:\/\/www.ccaniene.com\/wp-content\/uploads\/2016\/06\/urbani_discesa3-400x400.jpg\" class=\"attachment-thumbnail size-thumbnail\" alt=\"\" aria-describedby=\"gallery-1-9391\" \/><\/a>\n\t\t\t<\/dt>\n\t\t\t\t<dd class='wp-caption-text gallery-caption' id='gallery-1-9391'>\n\t\t\t\tLa medaglia di bronzo di Federico\n\t\t\t\t<\/dd><\/dl><br style=\"clear: both\" \/>\n\t\t<\/div>\n\n<p>&nbsp;<\/p>\n<p><strong>Craciun d&#8217;oro nella seconda prova della Coppa del Mondo Sprint nel C2 200 mt<\/strong><\/p>\n<p>Prosegue il momento d\u2019oro di Nicolae Craciun, ancora protagonista di una prestazione maiuscola in campo internazionale. Nella seconda prova della Coppa del Mondo Sprint, svoltasi a Racice (Rep. Ceca) nel weekend del 29-31 maggio, il portacolori del Circolo Canottieri Aniene si \u00e8 imposto nel C2 200 mt.<\/p>\n<p>Dopo il bronzo conquistato la settimana precedente a Duisburg, ecco una splendida medaglia d\u2019oro che assume una valenza ancora pi\u00f9 importante perch\u00e9 ottenuta in coppia con il fratello Sergiu. I risultati di queste settimane permettono a Nicolae Craciun di staccare il pass per i Campionati Europei Assoluti, che si terranno a Mosca dal 24 al 26 giugno.<\/p>\n\n\t\t<style type=\"text\/css\">\n\t\t\t#gallery-2 {\n\t\t\t\tmargin: auto;\n\t\t\t}\n\t\t\t#gallery-2 .gallery-item {\n\t\t\t\tfloat: left;\n\t\t\t\tmargin-top: 10px;\n\t\t\t\ttext-align: center;\n\t\t\t\twidth: 33%;\n\t\t\t}\n\t\t\t#gallery-2 img {\n\t\t\t\tborder: 2px solid #cfcfcf;\n\t\t\t}\n\t\t\t#gallery-2 .gallery-caption {\n\t\t\t\tmargin-left: 0;\n\t\t\t}\n\t\t\t\/* see gallery_shortcode() in wp-includes\/media.php *\/\n\t\t<\/style>\n\t\t<div id='gallery-2' class='gallery galleryid-9388 gallery-columns-3 gallery-size-thumbnail'><dl class='gallery-item'>\n\t\t\t<dt class='gallery-icon landscape'>\n\t\t\t\t<a href='https:\/\/www.ccaniene.com\/en\/canoa-bronzo-per-urbani-ai-campionati-del-mondo-discesa-craciun-trionfa-nel-c2-200-mt\/fratelli_craciun\/'><img loading=\"lazy\" decoding=\"async\" width=\"400\" height=\"400\" src=\"https:\/\/www.ccaniene.com\/wp-content\/uploads\/2016\/06\/fratelli_craciun-400x400.jpg\" class=\"attachment-thumbnail size-thumbnail\" alt=\"\" aria-describedby=\"gallery-2-9392\" \/><\/a>\n\t\t\t<\/dt>\n\t\t\t\t<dd class='wp-caption-text gallery-caption' id='gallery-2-9392'>\n\t\t\t\tNicolae e Sergiu Craciun\n\t\t\t\t<\/dd><\/dl><dl class='gallery-item'>\n\t\t\t<dt class='gallery-icon portrait'>\n\t\t\t\t<a href='https:\/\/www.ccaniene.com\/en\/canoa-bronzo-per-urbani-ai-campionati-del-mondo-discesa-craciun-trionfa-nel-c2-200-mt\/fratelli_craciun2\/'><img loading=\"lazy\" decoding=\"async\" width=\"400\" height=\"400\" src=\"https:\/\/www.ccaniene.com\/wp-content\/uploads\/2016\/06\/fratelli_craciun2-400x400.jpg\" class=\"attachment-thumbnail size-thumbnail\" alt=\"\" aria-describedby=\"gallery-2-9393\" \/><\/a>\n\t\t\t<\/dt>\n\t\t\t\t<dd class='wp-caption-text gallery-caption' id='gallery-2-9393'>\n\t\t\t\tL&#8217;oro di Nicolae e Sergiu Craciun nel C2 200 mt\n\t\t\t\t<\/dd><\/dl><dl class='gallery-item'>\n\t\t\t<dt class='gallery-icon portrait'>\n\t\t\t\t<a href='https:\/\/www.ccaniene.com\/en\/canoa-bronzo-per-urbani-ai-campionati-del-mondo-discesa-craciun-trionfa-nel-c2-200-mt\/nicolae_craciun\/'><img loading=\"lazy\" decoding=\"async\" width=\"400\" height=\"400\" src=\"https:\/\/www.ccaniene.com\/wp-content\/uploads\/2016\/06\/nicolae_craciun-400x400.jpg\" class=\"attachment-thumbnail size-thumbnail\" alt=\"\" aria-describedby=\"gallery-2-9394\" \/><\/a>\n\t\t\t<\/dt>\n\t\t\t\t<dd class='wp-caption-text gallery-caption' id='gallery-2-9394'>\n\t\t\t\tNicolae Craciun\n\t\t\t\t<\/dd><\/dl><br style=\"clear: both\" \/>\n\t\t<\/div>\n\n<p>&nbsp;<\/p>\n<p><strong>Giorgi e Craciun staccano pass per Europei e Mondiali\u00a0Under 23<\/strong><\/p>\n<p>La squadra del Circolo Canottieri Aniene riesce a staccare due pass anche per i Campionati Europei e i Campionati del Mondo Under 23 grazie ai brillanti risultati ottenuti\u00a0nelle prove di selezione, che si sono svolte lo scorso 4-5 giugno sul campo di gara di Castel Gandolfo.<\/p>\n<p>Nel K1 Under 23 \u00e8 il campione del Mondo Simone Giorgi ad assicurarsi un posto nella squadra maschile. Al termine di 1000 mt intensi e tirati, il portacolori romano taglia il traguardo in prima posizione e si impone sui padovani Samuele Beccaro e Michele Giachetto.<\/p>\n<p>Appena rientrato dalla Coppa del Mondo, invece, Nicolae Craciun non rallenta la propria crescita nel C1 Under 23: sui 200 mt non ha rivali e taglia il traguardo con circa 1 secondo di vantaggio sugli avversari, mentre la sorpresa della domenica \u00e8 la vittoria sulla distanza dei 1000 mt, gara in cui riesce ad avere la meglio sugli atleti delle Fiamme Oro, Fabrizio Mattia e Davide Cestra.<\/p>\n<p>Per i nostri giovani ora \u00e8 previsto un primo periodo di raduno collegiale che servir\u00e0 a formare gli equipaggi da schierare ai Campionati Europei di Plovdiv, in programma dal 14 al 17 luglio, e ai Campionati del Mondo di Minsk, che si svolgeranno dal 28 al 31 luglio.<\/p>\n\n\t\t<style type=\"text\/css\">\n\t\t\t#gallery-3 {\n\t\t\t\tmargin: auto;\n\t\t\t}\n\t\t\t#gallery-3 .gallery-item {\n\t\t\t\tfloat: left;\n\t\t\t\tmargin-top: 10px;\n\t\t\t\ttext-align: center;\n\t\t\t\twidth: 33%;\n\t\t\t}\n\t\t\t#gallery-3 img {\n\t\t\t\tborder: 2px solid #cfcfcf;\n\t\t\t}\n\t\t\t#gallery-3 .gallery-caption {\n\t\t\t\tmargin-left: 0;\n\t\t\t}\n\t\t\t\/* see gallery_shortcode() in wp-includes\/media.php *\/\n\t\t<\/style>\n\t\t<div id='gallery-3' class='gallery galleryid-9388 gallery-columns-3 gallery-size-thumbnail'><dl class='gallery-item'>\n\t\t\t<dt class='gallery-icon landscape'>\n\t\t\t\t<a href='https:\/\/www.ccaniene.com\/en\/canoa-bronzo-per-urbani-ai-campionati-del-mondo-discesa-craciun-trionfa-nel-c2-200-mt\/giorgi\/'><img loading=\"lazy\" decoding=\"async\" width=\"400\" height=\"400\" src=\"https:\/\/www.ccaniene.com\/wp-content\/uploads\/2016\/06\/giorgi-400x400.jpg\" class=\"attachment-thumbnail size-thumbnail\" alt=\"\" \/><\/a>\n\t\t\t<\/dt><\/dl><dl class='gallery-item'>\n\t\t\t<dt class='gallery-icon landscape'>\n\t\t\t\t<a href='https:\/\/www.ccaniene.com\/en\/canoa-bronzo-per-urbani-ai-campionati-del-mondo-discesa-craciun-trionfa-nel-c2-200-mt\/craciun-castello-200-2\/'><img loading=\"lazy\" decoding=\"async\" width=\"400\" height=\"400\" src=\"https:\/\/www.ccaniene.com\/wp-content\/uploads\/2016\/06\/Craciun-castello-200-1-400x400.jpg\" class=\"attachment-thumbnail size-thumbnail\" alt=\"\" \/><\/a>\n\t\t\t<\/dt><\/dl><dl class='gallery-item'>\n\t\t\t<dt class='gallery-icon landscape'>\n\t\t\t\t<a href='https:\/\/www.ccaniene.com\/en\/canoa-bronzo-per-urbani-ai-campionati-del-mondo-discesa-craciun-trionfa-nel-c2-200-mt\/img_4462\/'><img loading=\"lazy\" decoding=\"async\" width=\"400\" height=\"400\" src=\"https:\/\/www.ccaniene.com\/wp-content\/uploads\/2016\/06\/IMG_4462-400x400.jpg\" class=\"attachment-thumbnail size-thumbnail\" alt=\"\" \/><\/a>\n\t\t\t<\/dt><\/dl><br style=\"clear: both\" \/>\n\t\t<\/div>\n\n<div><\/div>\n<div><\/div>","protected":false},"excerpt":{"rendered":"<p>La sezione Canoa scrive un altro piccolo pezzo di storia del Circolo Canottieri Aniene. Il 22enne Federico Urbani, infatti, ha conquistato per la prima volta la medaglia di bronzo ai Campionati del Mondo Assoluti di Discesa a Banja Luka, in Bosnia. Il weekend di gare si era aperto con un bruciante quarto posto nella prova [&hellip;]<\/p>","protected":false},"author":23521,"featured_media":9389,"comment_status":"open","ping_status":"closed","sticky":false,"template":"","format":"standard","meta":{"pmpro_default_level":0,"footnotes":"","_links_to":"","_links_to_target":""},"categories":[8,2,32],"tags":[],"class_list":["post-9388","post","type-post","status-publish","format-standard","has-post-thumbnail","hentry","category-canoa","category-in-evidenza","category-slider","pmpro-has-access"],"featured_image_urls":{"medium":"https:\/\/www.ccaniene.com\/wp-content\/uploads\/2016\/06\/Urbani-Discesa-800x502.jpg","large":"https:\/\/www.ccaniene.com\/wp-content\/uploads\/2016\/06\/Urbani-Discesa-1920x1206.jpg","thumbnail":"https:\/\/www.ccaniene.com\/wp-content\/uploads\/2016\/06\/Urbani-Discesa-400x400.jpg","medium_large":"https:\/\/www.ccaniene.com\/wp-content\/uploads\/2016\/06\/Urbani-Discesa-768x482.jpg","1536x1536":"https:\/\/www.ccaniene.com\/wp-content\/uploads\/2016\/06\/Urbani-Discesa-1536x965.jpg","slider":"https:\/\/www.ccaniene.com\/wp-content\/uploads\/2016\/06\/Urbani-Discesa-1920x1080.jpg"},"appp_media":null,"yoast_head":"<!-- This site is optimized with the Yoast SEO plugin v23.6 - https:\/\/yoast.com\/wordpress\/plugins\/seo\/ -->\n<title>Bronzo per Urbani ai Mondiali di Discesa, Craciun d&#039;oro in Coppa del Mondo Sprint - Circolo Canottieri Aniene<\/title>\n<meta name=\"robots\" content=\"index, follow, max-snippet:-1, max-image-preview:large, max-video-preview:-1\" \/>\n<link rel=\"canonical\" href=\"https:\/\/www.ccaniene.com\/en\/canoa-bronzo-per-urbani-ai-campionati-del-mondo-discesa-craciun-trionfa-nel-c2-200-mt\/\" \/>\n<meta property=\"og:locale\" content=\"en_GB\" \/>\n<meta property=\"og:type\" content=\"article\" \/>\n<meta property=\"og:title\" content=\"Bronzo per Urbani ai Mondiali di Discesa, Craciun d&#039;oro in Coppa del Mondo Sprint - Circolo Canottieri Aniene\" \/>\n<meta property=\"og:description\" content=\"La sezione Canoa scrive un altro piccolo pezzo di storia del Circolo Canottieri Aniene. Il 22enne Federico Urbani, infatti, ha conquistato per la prima volta la medaglia di bronzo ai Campionati del Mondo Assoluti di Discesa a Banja Luka, in Bosnia. Il weekend di gare si era aperto con un bruciante quarto posto nella prova [&hellip;]\" \/>\n<meta property=\"og:url\" content=\"https:\/\/www.ccaniene.com\/en\/canoa-bronzo-per-urbani-ai-campionati-del-mondo-discesa-craciun-trionfa-nel-c2-200-mt\/\" \/>\n<meta property=\"og:site_name\" content=\"Circolo Canottieri Aniene\" \/>\n<meta property=\"article:published_time\" content=\"2016-06-06T11:24:09+00:00\" \/>\n<meta property=\"article:modified_time\" content=\"2016-08-05T09:10:33+00:00\" \/>\n<meta property=\"og:image\" content=\"https:\/\/www.ccaniene.com\/wp-content\/uploads\/2016\/06\/Urbani-Discesa.jpg\" \/>\n\t<meta property=\"og:image:width\" content=\"2048\" \/>\n\t<meta property=\"og:image:height\" content=\"1286\" \/>\n\t<meta property=\"og:image:type\" content=\"image\/jpeg\" \/>\n<meta name=\"author\" content=\"carlo.san@tin.it\" \/>\n<meta name=\"twitter:card\" content=\"summary_large_image\" \/>\n<meta name=\"twitter:label1\" content=\"Written by\" \/>\n\t<meta name=\"twitter:data1\" content=\"carlo.san@tin.it\" \/>\n\t<meta name=\"twitter:label2\" content=\"Estimated reading time\" \/>\n\t<meta name=\"twitter:data2\" content=\"2 minutes\" \/>\n<script type=\"application\/ld+json\" class=\"yoast-schema-graph\">{\"@context\":\"https:\/\/schema.org\",\"@graph\":[{\"@type\":\"WebPage\",\"@id\":\"https:\/\/www.ccaniene.com\/en\/canoa-bronzo-per-urbani-ai-campionati-del-mondo-discesa-craciun-trionfa-nel-c2-200-mt\/\",\"url\":\"https:\/\/www.ccaniene.com\/en\/canoa-bronzo-per-urbani-ai-campionati-del-mondo-discesa-craciun-trionfa-nel-c2-200-mt\/\",\"name\":\"Bronzo per Urbani ai Mondiali di Discesa, Craciun d'oro in Coppa del Mondo Sprint - Circolo Canottieri Aniene\",\"isPartOf\":{\"@id\":\"https:\/\/www.ccaniene.com\/it_it\/#website\"},\"primaryImageOfPage\":{\"@id\":\"https:\/\/www.ccaniene.com\/en\/canoa-bronzo-per-urbani-ai-campionati-del-mondo-discesa-craciun-trionfa-nel-c2-200-mt\/#primaryimage\"},\"image\":{\"@id\":\"https:\/\/www.ccaniene.com\/en\/canoa-bronzo-per-urbani-ai-campionati-del-mondo-discesa-craciun-trionfa-nel-c2-200-mt\/#primaryimage\"},\"thumbnailUrl\":\"https:\/\/www.ccaniene.com\/wp-content\/uploads\/2016\/06\/Urbani-Discesa.jpg\",\"datePublished\":\"2016-06-06T11:24:09+00:00\",\"dateModified\":\"2016-08-05T09:10:33+00:00\",\"author\":{\"@id\":\"https:\/\/www.ccaniene.com\/it_it\/#\/schema\/person\/6042bd0ba360674279dffd4247d570ed\"},\"breadcrumb\":{\"@id\":\"https:\/\/www.ccaniene.com\/en\/canoa-bronzo-per-urbani-ai-campionati-del-mondo-discesa-craciun-trionfa-nel-c2-200-mt\/#breadcrumb\"},\"inLanguage\":\"en-GB\",\"potentialAction\":[{\"@type\":\"ReadAction\",\"target\":[\"https:\/\/www.ccaniene.com\/en\/canoa-bronzo-per-urbani-ai-campionati-del-mondo-discesa-craciun-trionfa-nel-c2-200-mt\/\"]}]},{\"@type\":\"ImageObject\",\"inLanguage\":\"en-GB\",\"@id\":\"https:\/\/www.ccaniene.com\/en\/canoa-bronzo-per-urbani-ai-campionati-del-mondo-discesa-craciun-trionfa-nel-c2-200-mt\/#primaryimage\",\"url\":\"https:\/\/www.ccaniene.com\/wp-content\/uploads\/2016\/06\/Urbani-Discesa.jpg\",\"contentUrl\":\"https:\/\/www.ccaniene.com\/wp-content\/uploads\/2016\/06\/Urbani-Discesa.jpg\",\"width\":2048,\"height\":1286,\"caption\":\"Federico Urbani in azione\"},{\"@type\":\"BreadcrumbList\",\"@id\":\"https:\/\/www.ccaniene.com\/en\/canoa-bronzo-per-urbani-ai-campionati-del-mondo-discesa-craciun-trionfa-nel-c2-200-mt\/#breadcrumb\",\"itemListElement\":[{\"@type\":\"ListItem\",\"position\":1,\"name\":\"Home\",\"item\":\"https:\/\/www.ccaniene.com\/it_it\/\"},{\"@type\":\"ListItem\",\"position\":2,\"name\":\"Bronzo per Urbani ai Mondiali di Discesa, Craciun d&#8217;oro in Coppa del Mondo Sprint\"}]},{\"@type\":\"WebSite\",\"@id\":\"https:\/\/www.ccaniene.com\/it_it\/#website\",\"url\":\"https:\/\/www.ccaniene.com\/it_it\/\",\"name\":\"Circolo Canottieri Aniene\",\"description\":\"Collare d&#039;Oro e Stella d&#039;Oro al Merito Sportivo\",\"potentialAction\":[{\"@type\":\"SearchAction\",\"target\":{\"@type\":\"EntryPoint\",\"urlTemplate\":\"https:\/\/www.ccaniene.com\/it_it\/?s={search_term_string}\"},\"query-input\":{\"@type\":\"PropertyValueSpecification\",\"valueRequired\":true,\"valueName\":\"search_term_string\"}}],\"inLanguage\":\"en-GB\"},{\"@type\":\"Person\",\"@id\":\"https:\/\/www.ccaniene.com\/it_it\/#\/schema\/person\/6042bd0ba360674279dffd4247d570ed\",\"name\":\"carlo.san@tin.it\",\"image\":{\"@type\":\"ImageObject\",\"inLanguage\":\"en-GB\",\"@id\":\"https:\/\/www.ccaniene.com\/it_it\/#\/schema\/person\/image\/\",\"url\":\"https:\/\/secure.gravatar.com\/avatar\/f993a459d0ffe4d666e4c917fef20ca9?s=96&d=mm&r=g\",\"contentUrl\":\"https:\/\/secure.gravatar.com\/avatar\/f993a459d0ffe4d666e4c917fef20ca9?s=96&d=mm&r=g\",\"caption\":\"carlo.san@tin.it\"},\"url\":\"https:\/\/www.ccaniene.com\/en\/author\/carlo-santi-2\/\"}]}<\/script>\n<!-- \/ Yoast SEO plugin. -->","yoast_head_json":{"title":"Bronzo per Urbani ai Mondiali di Discesa, Craciun d'oro in Coppa del Mondo Sprint - Circolo Canottieri Aniene","robots":{"index":"index","follow":"follow","max-snippet":"max-snippet:-1","max-image-preview":"max-image-preview:large","max-video-preview":"max-video-preview:-1"},"canonical":"https:\/\/www.ccaniene.com\/en\/canoa-bronzo-per-urbani-ai-campionati-del-mondo-discesa-craciun-trionfa-nel-c2-200-mt\/","og_locale":"en_GB","og_type":"article","og_title":"Bronzo per Urbani ai Mondiali di Discesa, Craciun d'oro in Coppa del Mondo Sprint - Circolo Canottieri Aniene","og_description":"La sezione Canoa scrive un altro piccolo pezzo di storia del Circolo Canottieri Aniene. Il 22enne Federico Urbani, infatti, ha conquistato per la prima volta la medaglia di bronzo ai Campionati del Mondo Assoluti di Discesa a Banja Luka, in Bosnia. Il weekend di gare si era aperto con un bruciante quarto posto nella prova [&hellip;]","og_url":"https:\/\/www.ccaniene.com\/en\/canoa-bronzo-per-urbani-ai-campionati-del-mondo-discesa-craciun-trionfa-nel-c2-200-mt\/","og_site_name":"Circolo Canottieri Aniene","article_published_time":"2016-06-06T11:24:09+00:00","article_modified_time":"2016-08-05T09:10:33+00:00","og_image":[{"width":2048,"height":1286,"url":"https:\/\/www.ccaniene.com\/wp-content\/uploads\/2016\/06\/Urbani-Discesa.jpg","type":"image\/jpeg"}],"author":"carlo.san@tin.it","twitter_card":"summary_large_image","twitter_misc":{"Written by":"carlo.san@tin.it","Estimated reading time":"2 minutes"},"schema":{"@context":"https:\/\/schema.org","@graph":[{"@type":"WebPage","@id":"https:\/\/www.ccaniene.com\/en\/canoa-bronzo-per-urbani-ai-campionati-del-mondo-discesa-craciun-trionfa-nel-c2-200-mt\/","url":"https:\/\/www.ccaniene.com\/en\/canoa-bronzo-per-urbani-ai-campionati-del-mondo-discesa-craciun-trionfa-nel-c2-200-mt\/","name":"Bronzo per Urbani ai Mondiali di Discesa, Craciun d'oro in Coppa del Mondo Sprint - Circolo Canottieri Aniene","isPartOf":{"@id":"https:\/\/www.ccaniene.com\/it_it\/#website"},"primaryImageOfPage":{"@id":"https:\/\/www.ccaniene.com\/en\/canoa-bronzo-per-urbani-ai-campionati-del-mondo-discesa-craciun-trionfa-nel-c2-200-mt\/#primaryimage"},"image":{"@id":"https:\/\/www.ccaniene.com\/en\/canoa-bronzo-per-urbani-ai-campionati-del-mondo-discesa-craciun-trionfa-nel-c2-200-mt\/#primaryimage"},"thumbnailUrl":"https:\/\/www.ccaniene.com\/wp-content\/uploads\/2016\/06\/Urbani-Discesa.jpg","datePublished":"2016-06-06T11:24:09+00:00","dateModified":"2016-08-05T09:10:33+00:00","author":{"@id":"https:\/\/www.ccaniene.com\/it_it\/#\/schema\/person\/6042bd0ba360674279dffd4247d570ed"},"breadcrumb":{"@id":"https:\/\/www.ccaniene.com\/en\/canoa-bronzo-per-urbani-ai-campionati-del-mondo-discesa-craciun-trionfa-nel-c2-200-mt\/#breadcrumb"},"inLanguage":"en-GB","potentialAction":[{"@type":"ReadAction","target":["https:\/\/www.ccaniene.com\/en\/canoa-bronzo-per-urbani-ai-campionati-del-mondo-discesa-craciun-trionfa-nel-c2-200-mt\/"]}]},{"@type":"ImageObject","inLanguage":"en-GB","@id":"https:\/\/www.ccaniene.com\/en\/canoa-bronzo-per-urbani-ai-campionati-del-mondo-discesa-craciun-trionfa-nel-c2-200-mt\/#primaryimage","url":"https:\/\/www.ccaniene.com\/wp-content\/uploads\/2016\/06\/Urbani-Discesa.jpg","contentUrl":"https:\/\/www.ccaniene.com\/wp-content\/uploads\/2016\/06\/Urbani-Discesa.jpg","width":2048,"height":1286,"caption":"Federico Urbani in azione"},{"@type":"BreadcrumbList","@id":"https:\/\/www.ccaniene.com\/en\/canoa-bronzo-per-urbani-ai-campionati-del-mondo-discesa-craciun-trionfa-nel-c2-200-mt\/#breadcrumb","itemListElement":[{"@type":"ListItem","position":1,"name":"Home","item":"https:\/\/www.ccaniene.com\/it_it\/"},{"@type":"ListItem","position":2,"name":"Bronzo per Urbani ai Mondiali di Discesa, Craciun d&#8217;oro in Coppa del Mondo Sprint"}]},{"@type":"WebSite","@id":"https:\/\/www.ccaniene.com\/it_it\/#website","url":"https:\/\/www.ccaniene.com\/it_it\/","name":"Circolo Canottieri Aniene","description":"Collare d&#039;Oro e Stella d&#039;Oro al Merito Sportivo","potentialAction":[{"@type":"SearchAction","target":{"@type":"EntryPoint","urlTemplate":"https:\/\/www.ccaniene.com\/it_it\/?s={search_term_string}"},"query-input":{"@type":"PropertyValueSpecification","valueRequired":true,"valueName":"search_term_string"}}],"inLanguage":"en-GB"},{"@type":"Person","@id":"https:\/\/www.ccaniene.com\/it_it\/#\/schema\/person\/6042bd0ba360674279dffd4247d570ed","name":"carlo.san@tin.it","image":{"@type":"ImageObject","inLanguage":"en-GB","@id":"https:\/\/www.ccaniene.com\/it_it\/#\/schema\/person\/image\/","url":"https:\/\/secure.gravatar.com\/avatar\/f993a459d0ffe4d666e4c917fef20ca9?s=96&d=mm&r=g","contentUrl":"https:\/\/secure.gravatar.com\/avatar\/f993a459d0ffe4d666e4c917fef20ca9?s=96&d=mm&r=g","caption":"carlo.san@tin.it"},"url":"https:\/\/www.ccaniene.com\/en\/author\/carlo-santi-2\/"}]}},"_links":{"self":[{"href":"https:\/\/www.ccaniene.com\/en\/wp-json\/wp\/v2\/posts\/9388"}],"collection":[{"href":"https:\/\/www.ccaniene.com\/en\/wp-json\/wp\/v2\/posts"}],"about":[{"href":"https:\/\/www.ccaniene.com\/en\/wp-json\/wp\/v2\/types\/post"}],"author":[{"embeddable":true,"href":"https:\/\/www.ccaniene.com\/en\/wp-json\/wp\/v2\/users\/23521"}],"replies":[{"embeddable":true,"href":"https:\/\/www.ccaniene.com\/en\/wp-json\/wp\/v2\/comments?post=9388"}],"version-history":[{"count":6,"href":"https:\/\/www.ccaniene.com\/en\/wp-json\/wp\/v2\/posts\/9388\/revisions"}],"predecessor-version":[{"id":10515,"href":"https:\/\/www.ccaniene.com\/en\/wp-json\/wp\/v2\/posts\/9388\/revisions\/10515"}],"wp:featuredmedia":[{"embeddable":true,"href":"https:\/\/www.ccaniene.com\/en\/wp-json\/wp\/v2\/media\/9389"}],"wp:attachment":[{"href":"https:\/\/www.ccaniene.com\/en\/wp-json\/wp\/v2\/media?parent=9388"}],"wp:term":[{"taxonomy":"category","embeddable":true,"href":"https:\/\/www.ccaniene.com\/en\/wp-json\/wp\/v2\/categories?post=9388"},{"taxonomy":"post_tag","embeddable":true,"href":"https:\/\/www.ccaniene.com\/en\/wp-json\/wp\/v2\/tags?post=9388"}],"curies":[{"name":"wp","href":"https:\/\/api.w.org\/{rel}","templated":true}]}}