{"id":9076,"date":"2016-03-25T10:37:55","date_gmt":"2016-03-25T09:37:55","guid":{"rendered":"https:\/\/www.ccaniene.com\/?p=9076"},"modified":"2016-03-25T10:37:55","modified_gmt":"2016-03-25T09:37:55","slug":"cape-epic-2016-polvere-e-sudore-nel-segno-di-un-grande-amico-che-non-ce-piu","status":"publish","type":"post","link":"https:\/\/www.ccaniene.com\/en\/cape-epic-2016-polvere-e-sudore-nel-segno-di-un-grande-amico-che-non-ce-piu\/","title":{"rendered":"Cape Epic 2016: polvere e sudore nel segno di un Grande Amico che non c&#8217;\u00e8 pi\u00f9"},"content":{"rendered":"<p>Tutti in sella alla mountain bike per rivivere la Cape Epic 2016, l&#8217;affascinante e faticosa gara a tappe conclutasi domenica 20 marzo, a cui hanno partecipato i nostri ciclisti Tommaso Viti e Attilio Pagni.<\/p>\n<p>Attraverso le parole di Stefano Risi, che ringraziamo per questo suo prezioso ed emozionante ricordo, riviviamo l&#8217;impresa dei nostri ragazzi che hanno corso e sudato anche per il loro compagno di squadra e amico che non c&#8217;\u00e8 pi\u00f9, Andrea.<\/p>\n<p>Quando mi \u00e8 squillato il telefono ed ho risposto a Nicco Pagni non volevo crederci: mi chiedeva di partire nel giro di 48 ore per seguire la loro Cape Epic, una delle gare pi\u00f9 famose nel mondo della mountain bike in uno dei posti che ho sempre desiderato visitare, il Sudafrica, nella zona di Cape Town. A lui e Tommy Viti serve assistenza logistica e organizzativa necessaria a chiunque intraprenda una corsa a tappe di questo livello e il ruolo che doveva essere ricoperto da Paolo Bernini \u00e8 rimasto scoperto, quindi avrei fatto coppia con Sabina Carbotti.<\/p>\n<p>Il tempo di riordinare le idee e capire che non posso farmi sfuggire una bella esperienza come questa e accetto. E cos\u00ec senza neanche rendermene conto, mi ritrovo su un aereo alla volta di Citt\u00e0 del Capo dove ad attendermi ci sarebbe stato il team al completo, pronto ad affrontare questa avventura.<\/p>\n<p>La citt\u00e0 \u00e8 splendida e racchiude in se tutti gli ingredienti per essere amata da uno come me: ordinata, luminosa, con un clima formidabile secco e soleggiato, che mi d\u00e0 la possibilit\u00e0 di fare tutte le attivit\u00e0 sportive che preferisco.<\/p>\n<p>E poi c&#8217;\u00e8 la gara. Otto giorni di tappe durissime, circa 100km ognuna con dislivelli importanti, terreno tecnico e senza giornate di riposo. Capisco subito che si tratta di una impresa e da profano di gare di Mountain bike, arrivo persino a dubitare che possano farcela, in particolare quando Tommy viene afflitto da problemi, chiamiamoli cos\u00ec, di pancia. Le prime due tappe, che vedono la partenza da Citt\u00e0 del Capo verso la piccola cittadina di Tulbagh, mettono subito in evidenza la durezza della gara, aumentata dal clima a 30\u00b0, il vento e la situazione di Tommi che arriva sempre stravolto, con i crampi dovuti alla disidratazione e con la poca possibilit\u00e0 di reintegrare a sufficienza a causa del suo problema. Nicco invece \u00e8 pazzesco, fresco come una rosa, paziente con l&#8217;amico in difficolt\u00e0, tiene il ritmo giusto e lo porta sempre al traguardo di tappa, dove Sabina ed Io li aspettiamo in apprensione, cercando di darci da fare come possiamo per alleviare la loro fase di recupero.<\/p>\n<p>Sabina \u00e8 davvero la presenza femminile che ci vuole, si occupa di tutto, dal preparare i panini per i ragazzi a guidare la macchina, vista la mia poca dimestichezza con la guida a sinistra. Insomma siamo una squadra affiatata nonostante sia la prima volta che lavoriamo tutti insieme e ci muoviamo sul puro istinto del momento. Tommi migliora e la quarta tappa, leggermente pi\u00f9 morbida nel dislivello e nella durata, mi fa sperare che possa essere il voltapagina. E cos\u00ec \u00e8,\u00a0 i ragazzi infatti entrano in forma e guadagnano posizioni.<\/p>\n<p>Nel frattempo siamo a Wellington e alloggiamo in una farmhouse fantastica circondata da boschi per fare trekking e pedalate e da una piscina da sogno dove recuperare le forze. Da qui ci muoviamo verso la terra del vino, Stellenbosh, con i ragazzi che iniziano a volare e continuano a riprendere posizioni su posizioni (118 solo negli ultimi 3 giorni), recuperando su coloro che sono partiti troppo forte nelle prime. Ormai sembra fatta, siamo arrivati alla fine della gara, nei dintorni di Cape Town.<\/p>\n<p>L&#8217;ultima tappa \u00e8 una marcia trionfale, vederli arrivare con la bandiera dell&#8217;Aniene spiegata ci commuove un po&#8217; e il pensiero vola subito a un amico che non c&#8217;\u00e8 pi\u00f9. Uno come Andrea, loro compagno di allenamenti e fonte di ispirazione, questa non se la sarebbe persa per nessuna ragione al mondo e avrebbe confermato la sensazione provata nel vederli tagliare il traguardo.<\/p>\n<p>Questi ragazzi hanno compiuto una vera impresa.<\/p>\n<p><a href=\"http:\/\/www.ccaniene.com\/wp-content\/uploads\/2016\/03\/evid.jpg\" rel=\"attachment wp-att-9078\"><img fetchpriority=\"high\" decoding=\"async\" class=\"alignnone size-medium wp-image-9078\" src=\"http:\/\/www.ccaniene.com\/wp-content\/uploads\/2016\/03\/evid-460x306.jpg\" alt=\"evid\" width=\"460\" height=\"306\" \/><\/a> <a href=\"http:\/\/www.ccaniene.com\/wp-content\/uploads\/2016\/03\/25-.jpg\" rel=\"attachment wp-att-9083\"><img decoding=\"async\" class=\"alignnone size-medium wp-image-9083\" src=\"http:\/\/www.ccaniene.com\/wp-content\/uploads\/2016\/03\/25--460x307.jpg\" alt=\"25-\" width=\"460\" height=\"307\" \/><\/a> <a href=\"http:\/\/www.ccaniene.com\/wp-content\/uploads\/2016\/03\/25.jpg\" rel=\"attachment wp-att-9082\"><img decoding=\"async\" class=\"alignnone size-medium wp-image-9082\" src=\"http:\/\/www.ccaniene.com\/wp-content\/uploads\/2016\/03\/25-460x345.jpg\" alt=\"25\" width=\"460\" height=\"345\" \/><\/a> <a href=\"http:\/\/www.ccaniene.com\/wp-content\/uploads\/2016\/03\/25-..jpg\" rel=\"attachment wp-att-9081\"><img loading=\"lazy\" decoding=\"async\" class=\"alignnone size-medium wp-image-9081\" src=\"http:\/\/www.ccaniene.com\/wp-content\/uploads\/2016\/03\/25-.-460x307.jpg\" alt=\"25-.\" width=\"460\" height=\"307\" \/><\/a> <a href=\"http:\/\/www.ccaniene.com\/wp-content\/uploads\/2016\/03\/2555.jpg\" rel=\"attachment wp-att-9079\"><img loading=\"lazy\" decoding=\"async\" class=\"alignnone size-medium wp-image-9079\" src=\"http:\/\/www.ccaniene.com\/wp-content\/uploads\/2016\/03\/2555-460x307.jpg\" alt=\"2555\" width=\"460\" height=\"307\" \/><\/a> <a href=\"http:\/\/www.ccaniene.com\/wp-content\/uploads\/2016\/03\/25..jpg\" rel=\"attachment wp-att-9080\"><img loading=\"lazy\" decoding=\"async\" class=\"alignnone size-medium wp-image-9080\" src=\"http:\/\/www.ccaniene.com\/wp-content\/uploads\/2016\/03\/25.-460x460.jpg\" alt=\"25,.\" width=\"460\" height=\"460\" \/><\/a><\/p>\n<p>&nbsp;<\/p>\n<p>&nbsp;<\/p>","protected":false},"excerpt":{"rendered":"<p>Tutti in sella alla mountain bike per rivivere la Cape Epic 2016, l&#8217;affascinante e faticosa gara a tappe conclutasi domenica 20 marzo, a cui hanno partecipato i nostri ciclisti Tommaso Viti e Attilio Pagni. Attraverso le parole di Stefano Risi, che ringraziamo per questo suo prezioso ed emozionante ricordo, riviviamo l&#8217;impresa dei nostri ragazzi che [&hellip;]<\/p>","protected":false},"author":6630,"featured_media":9084,"comment_status":"open","ping_status":"closed","sticky":false,"template":"","format":"standard","meta":{"pmpro_default_level":0,"footnotes":"","_links_to":"","_links_to_target":""},"categories":[2,1],"tags":[],"class_list":["post-9076","post","type-post","status-publish","format-standard","has-post-thumbnail","hentry","category-in-evidenza","category-news","pmpro-has-access"],"featured_image_urls":{"medium":"https:\/\/www.ccaniene.com\/wp-content\/uploads\/2016\/03\/255-800x534.jpg","thumbnail":"https:\/\/www.ccaniene.com\/wp-content\/uploads\/2016\/03\/255-400x400.jpg","medium_large":"https:\/\/www.ccaniene.com\/wp-content\/uploads\/2016\/03\/255-768x512.jpg"},"appp_media":null,"yoast_head":"<!-- This site is optimized with the Yoast SEO plugin v23.6 - https:\/\/yoast.com\/wordpress\/plugins\/seo\/ -->\n<title>Cape Epic 2016: polvere e sudore nel segno di un Grande Amico che non c&#039;\u00e8 pi\u00f9 - Circolo Canottieri Aniene<\/title>\n<meta name=\"robots\" content=\"index, follow, max-snippet:-1, max-image-preview:large, max-video-preview:-1\" \/>\n<link rel=\"canonical\" href=\"https:\/\/www.ccaniene.com\/en\/cape-epic-2016-polvere-e-sudore-nel-segno-di-un-grande-amico-che-non-ce-piu\/\" \/>\n<meta property=\"og:locale\" content=\"en_GB\" \/>\n<meta property=\"og:type\" content=\"article\" \/>\n<meta property=\"og:title\" content=\"Cape Epic 2016: polvere e sudore nel segno di un Grande Amico che non c&#039;\u00e8 pi\u00f9 - Circolo Canottieri Aniene\" \/>\n<meta property=\"og:description\" content=\"Tutti in sella alla mountain bike per rivivere la Cape Epic 2016, l&#8217;affascinante e faticosa gara a tappe conclutasi domenica 20 marzo, a cui hanno partecipato i nostri ciclisti Tommaso Viti e Attilio Pagni. Attraverso le parole di Stefano Risi, che ringraziamo per questo suo prezioso ed emozionante ricordo, riviviamo l&#8217;impresa dei nostri ragazzi che [&hellip;]\" \/>\n<meta property=\"og:url\" content=\"https:\/\/www.ccaniene.com\/en\/cape-epic-2016-polvere-e-sudore-nel-segno-di-un-grande-amico-che-non-ce-piu\/\" \/>\n<meta property=\"og:site_name\" content=\"Circolo Canottieri Aniene\" \/>\n<meta property=\"article:published_time\" content=\"2016-03-25T09:37:55+00:00\" \/>\n<meta property=\"og:image\" content=\"https:\/\/www.ccaniene.com\/wp-content\/uploads\/2016\/03\/255.jpg\" \/>\n\t<meta property=\"og:image:width\" content=\"1024\" \/>\n\t<meta property=\"og:image:height\" content=\"683\" \/>\n\t<meta property=\"og:image:type\" content=\"image\/jpeg\" \/>\n<meta name=\"author\" content=\"ccaniene1892\" \/>\n<meta name=\"twitter:card\" content=\"summary_large_image\" \/>\n<meta name=\"twitter:label1\" content=\"Written by\" \/>\n\t<meta name=\"twitter:data1\" content=\"ccaniene1892\" \/>\n\t<meta name=\"twitter:label2\" content=\"Estimated reading time\" \/>\n\t<meta name=\"twitter:data2\" content=\"3 minutes\" \/>\n<script type=\"application\/ld+json\" class=\"yoast-schema-graph\">{\"@context\":\"https:\/\/schema.org\",\"@graph\":[{\"@type\":\"WebPage\",\"@id\":\"https:\/\/www.ccaniene.com\/en\/cape-epic-2016-polvere-e-sudore-nel-segno-di-un-grande-amico-che-non-ce-piu\/\",\"url\":\"https:\/\/www.ccaniene.com\/en\/cape-epic-2016-polvere-e-sudore-nel-segno-di-un-grande-amico-che-non-ce-piu\/\",\"name\":\"Cape Epic 2016: polvere e sudore nel segno di un Grande Amico che non c'\u00e8 pi\u00f9 - Circolo Canottieri Aniene\",\"isPartOf\":{\"@id\":\"https:\/\/www.ccaniene.com\/it_it\/#website\"},\"primaryImageOfPage\":{\"@id\":\"https:\/\/www.ccaniene.com\/en\/cape-epic-2016-polvere-e-sudore-nel-segno-di-un-grande-amico-che-non-ce-piu\/#primaryimage\"},\"image\":{\"@id\":\"https:\/\/www.ccaniene.com\/en\/cape-epic-2016-polvere-e-sudore-nel-segno-di-un-grande-amico-che-non-ce-piu\/#primaryimage\"},\"thumbnailUrl\":\"https:\/\/www.ccaniene.com\/wp-content\/uploads\/2016\/03\/255.jpg\",\"datePublished\":\"2016-03-25T09:37:55+00:00\",\"dateModified\":\"2016-03-25T09:37:55+00:00\",\"author\":{\"@id\":\"https:\/\/www.ccaniene.com\/it_it\/#\/schema\/person\/e9d8dc6c30c855799a336858c8ea05da\"},\"breadcrumb\":{\"@id\":\"https:\/\/www.ccaniene.com\/en\/cape-epic-2016-polvere-e-sudore-nel-segno-di-un-grande-amico-che-non-ce-piu\/#breadcrumb\"},\"inLanguage\":\"en-GB\",\"potentialAction\":[{\"@type\":\"ReadAction\",\"target\":[\"https:\/\/www.ccaniene.com\/en\/cape-epic-2016-polvere-e-sudore-nel-segno-di-un-grande-amico-che-non-ce-piu\/\"]}]},{\"@type\":\"ImageObject\",\"inLanguage\":\"en-GB\",\"@id\":\"https:\/\/www.ccaniene.com\/en\/cape-epic-2016-polvere-e-sudore-nel-segno-di-un-grande-amico-che-non-ce-piu\/#primaryimage\",\"url\":\"https:\/\/www.ccaniene.com\/wp-content\/uploads\/2016\/03\/255.jpg\",\"contentUrl\":\"https:\/\/www.ccaniene.com\/wp-content\/uploads\/2016\/03\/255.jpg\",\"width\":1024,\"height\":683},{\"@type\":\"BreadcrumbList\",\"@id\":\"https:\/\/www.ccaniene.com\/en\/cape-epic-2016-polvere-e-sudore-nel-segno-di-un-grande-amico-che-non-ce-piu\/#breadcrumb\",\"itemListElement\":[{\"@type\":\"ListItem\",\"position\":1,\"name\":\"Home\",\"item\":\"https:\/\/www.ccaniene.com\/it_it\/\"},{\"@type\":\"ListItem\",\"position\":2,\"name\":\"Cape Epic 2016: polvere e sudore nel segno di un Grande Amico che non c&#8217;\u00e8 pi\u00f9\"}]},{\"@type\":\"WebSite\",\"@id\":\"https:\/\/www.ccaniene.com\/it_it\/#website\",\"url\":\"https:\/\/www.ccaniene.com\/it_it\/\",\"name\":\"Circolo Canottieri Aniene\",\"description\":\"Collare d&#039;Oro e Stella d&#039;Oro al Merito Sportivo\",\"potentialAction\":[{\"@type\":\"SearchAction\",\"target\":{\"@type\":\"EntryPoint\",\"urlTemplate\":\"https:\/\/www.ccaniene.com\/it_it\/?s={search_term_string}\"},\"query-input\":{\"@type\":\"PropertyValueSpecification\",\"valueRequired\":true,\"valueName\":\"search_term_string\"}}],\"inLanguage\":\"en-GB\"},{\"@type\":\"Person\",\"@id\":\"https:\/\/www.ccaniene.com\/it_it\/#\/schema\/person\/e9d8dc6c30c855799a336858c8ea05da\",\"name\":\"ccaniene1892\",\"image\":{\"@type\":\"ImageObject\",\"inLanguage\":\"en-GB\",\"@id\":\"https:\/\/www.ccaniene.com\/it_it\/#\/schema\/person\/image\/\",\"url\":\"https:\/\/secure.gravatar.com\/avatar\/3458910e74e84c55d38369b8a2dd355c?s=96&d=mm&r=g\",\"contentUrl\":\"https:\/\/secure.gravatar.com\/avatar\/3458910e74e84c55d38369b8a2dd355c?s=96&d=mm&r=g\",\"caption\":\"ccaniene1892\"},\"url\":\"https:\/\/www.ccaniene.com\/en\/author\/ccaniene1892\/\"}]}<\/script>\n<!-- \/ Yoast SEO plugin. -->","yoast_head_json":{"title":"Cape Epic 2016: polvere e sudore nel segno di un Grande Amico che non c'\u00e8 pi\u00f9 - Circolo Canottieri Aniene","robots":{"index":"index","follow":"follow","max-snippet":"max-snippet:-1","max-image-preview":"max-image-preview:large","max-video-preview":"max-video-preview:-1"},"canonical":"https:\/\/www.ccaniene.com\/en\/cape-epic-2016-polvere-e-sudore-nel-segno-di-un-grande-amico-che-non-ce-piu\/","og_locale":"en_GB","og_type":"article","og_title":"Cape Epic 2016: polvere e sudore nel segno di un Grande Amico che non c'\u00e8 pi\u00f9 - Circolo Canottieri Aniene","og_description":"Tutti in sella alla mountain bike per rivivere la Cape Epic 2016, l&#8217;affascinante e faticosa gara a tappe conclutasi domenica 20 marzo, a cui hanno partecipato i nostri ciclisti Tommaso Viti e Attilio Pagni. Attraverso le parole di Stefano Risi, che ringraziamo per questo suo prezioso ed emozionante ricordo, riviviamo l&#8217;impresa dei nostri ragazzi che [&hellip;]","og_url":"https:\/\/www.ccaniene.com\/en\/cape-epic-2016-polvere-e-sudore-nel-segno-di-un-grande-amico-che-non-ce-piu\/","og_site_name":"Circolo Canottieri Aniene","article_published_time":"2016-03-25T09:37:55+00:00","og_image":[{"width":1024,"height":683,"url":"https:\/\/www.ccaniene.com\/wp-content\/uploads\/2016\/03\/255.jpg","type":"image\/jpeg"}],"author":"ccaniene1892","twitter_card":"summary_large_image","twitter_misc":{"Written by":"ccaniene1892","Estimated reading time":"3 minutes"},"schema":{"@context":"https:\/\/schema.org","@graph":[{"@type":"WebPage","@id":"https:\/\/www.ccaniene.com\/en\/cape-epic-2016-polvere-e-sudore-nel-segno-di-un-grande-amico-che-non-ce-piu\/","url":"https:\/\/www.ccaniene.com\/en\/cape-epic-2016-polvere-e-sudore-nel-segno-di-un-grande-amico-che-non-ce-piu\/","name":"Cape Epic 2016: polvere e sudore nel segno di un Grande Amico che non c'\u00e8 pi\u00f9 - Circolo Canottieri Aniene","isPartOf":{"@id":"https:\/\/www.ccaniene.com\/it_it\/#website"},"primaryImageOfPage":{"@id":"https:\/\/www.ccaniene.com\/en\/cape-epic-2016-polvere-e-sudore-nel-segno-di-un-grande-amico-che-non-ce-piu\/#primaryimage"},"image":{"@id":"https:\/\/www.ccaniene.com\/en\/cape-epic-2016-polvere-e-sudore-nel-segno-di-un-grande-amico-che-non-ce-piu\/#primaryimage"},"thumbnailUrl":"https:\/\/www.ccaniene.com\/wp-content\/uploads\/2016\/03\/255.jpg","datePublished":"2016-03-25T09:37:55+00:00","dateModified":"2016-03-25T09:37:55+00:00","author":{"@id":"https:\/\/www.ccaniene.com\/it_it\/#\/schema\/person\/e9d8dc6c30c855799a336858c8ea05da"},"breadcrumb":{"@id":"https:\/\/www.ccaniene.com\/en\/cape-epic-2016-polvere-e-sudore-nel-segno-di-un-grande-amico-che-non-ce-piu\/#breadcrumb"},"inLanguage":"en-GB","potentialAction":[{"@type":"ReadAction","target":["https:\/\/www.ccaniene.com\/en\/cape-epic-2016-polvere-e-sudore-nel-segno-di-un-grande-amico-che-non-ce-piu\/"]}]},{"@type":"ImageObject","inLanguage":"en-GB","@id":"https:\/\/www.ccaniene.com\/en\/cape-epic-2016-polvere-e-sudore-nel-segno-di-un-grande-amico-che-non-ce-piu\/#primaryimage","url":"https:\/\/www.ccaniene.com\/wp-content\/uploads\/2016\/03\/255.jpg","contentUrl":"https:\/\/www.ccaniene.com\/wp-content\/uploads\/2016\/03\/255.jpg","width":1024,"height":683},{"@type":"BreadcrumbList","@id":"https:\/\/www.ccaniene.com\/en\/cape-epic-2016-polvere-e-sudore-nel-segno-di-un-grande-amico-che-non-ce-piu\/#breadcrumb","itemListElement":[{"@type":"ListItem","position":1,"name":"Home","item":"https:\/\/www.ccaniene.com\/it_it\/"},{"@type":"ListItem","position":2,"name":"Cape Epic 2016: polvere e sudore nel segno di un Grande Amico che non c&#8217;\u00e8 pi\u00f9"}]},{"@type":"WebSite","@id":"https:\/\/www.ccaniene.com\/it_it\/#website","url":"https:\/\/www.ccaniene.com\/it_it\/","name":"Circolo Canottieri Aniene","description":"Collare d&#039;Oro e Stella d&#039;Oro al Merito Sportivo","potentialAction":[{"@type":"SearchAction","target":{"@type":"EntryPoint","urlTemplate":"https:\/\/www.ccaniene.com\/it_it\/?s={search_term_string}"},"query-input":{"@type":"PropertyValueSpecification","valueRequired":true,"valueName":"search_term_string"}}],"inLanguage":"en-GB"},{"@type":"Person","@id":"https:\/\/www.ccaniene.com\/it_it\/#\/schema\/person\/e9d8dc6c30c855799a336858c8ea05da","name":"ccaniene1892","image":{"@type":"ImageObject","inLanguage":"en-GB","@id":"https:\/\/www.ccaniene.com\/it_it\/#\/schema\/person\/image\/","url":"https:\/\/secure.gravatar.com\/avatar\/3458910e74e84c55d38369b8a2dd355c?s=96&d=mm&r=g","contentUrl":"https:\/\/secure.gravatar.com\/avatar\/3458910e74e84c55d38369b8a2dd355c?s=96&d=mm&r=g","caption":"ccaniene1892"},"url":"https:\/\/www.ccaniene.com\/en\/author\/ccaniene1892\/"}]}},"_links":{"self":[{"href":"https:\/\/www.ccaniene.com\/en\/wp-json\/wp\/v2\/posts\/9076"}],"collection":[{"href":"https:\/\/www.ccaniene.com\/en\/wp-json\/wp\/v2\/posts"}],"about":[{"href":"https:\/\/www.ccaniene.com\/en\/wp-json\/wp\/v2\/types\/post"}],"author":[{"embeddable":true,"href":"https:\/\/www.ccaniene.com\/en\/wp-json\/wp\/v2\/users\/6630"}],"replies":[{"embeddable":true,"href":"https:\/\/www.ccaniene.com\/en\/wp-json\/wp\/v2\/comments?post=9076"}],"version-history":[{"count":6,"href":"https:\/\/www.ccaniene.com\/en\/wp-json\/wp\/v2\/posts\/9076\/revisions"}],"predecessor-version":[{"id":9091,"href":"https:\/\/www.ccaniene.com\/en\/wp-json\/wp\/v2\/posts\/9076\/revisions\/9091"}],"wp:featuredmedia":[{"embeddable":true,"href":"https:\/\/www.ccaniene.com\/en\/wp-json\/wp\/v2\/media\/9084"}],"wp:attachment":[{"href":"https:\/\/www.ccaniene.com\/en\/wp-json\/wp\/v2\/media?parent=9076"}],"wp:term":[{"taxonomy":"category","embeddable":true,"href":"https:\/\/www.ccaniene.com\/en\/wp-json\/wp\/v2\/categories?post=9076"},{"taxonomy":"post_tag","embeddable":true,"href":"https:\/\/www.ccaniene.com\/en\/wp-json\/wp\/v2\/tags?post=9076"}],"curies":[{"name":"wp","href":"https:\/\/api.w.org\/{rel}","templated":true}]}}