{"id":9038,"date":"2016-03-22T12:05:02","date_gmt":"2016-03-22T11:05:02","guid":{"rendered":"https:\/\/www.ccaniene.com\/?p=9038"},"modified":"2016-03-22T12:58:58","modified_gmt":"2016-03-22T11:58:58","slug":"gara-nazionale-di-velocita-e-campionati-di-fondo-di-canoa","status":"publish","type":"post","link":"https:\/\/www.ccaniene.com\/en\/gara-nazionale-di-velocita-e-campionati-di-fondo-di-canoa\/","title":{"rendered":"Canoa: Risultati Gara Nazionale di Velocit\u00e0 e Campionati di Fondo"},"content":{"rendered":"<p>Nella splendida cornice del lago di Castel Gandolfo, venerd\u00ec 19 e sabato 20 marzo si sono svolti la prima Gara Nazionale di Velocit\u00e0 ed i Campionati Italiani di Fondo di canoa.<\/p>\n<p>I nostri atleti si sono impegnati come sempre ed hanno dato il massimo, portando a casa ottimi risultati che confermano la continua crescita del Circolo Canottieri Aniene.<\/p>\n<p>La Gara Nazionale di Velocit\u00e0 \u00e8 stata la prima dell&#8217;anno per quanto riguarda questa specialit\u00e0 e tanti sono stati i premi vinti:<\/p>\n<p>Medaglia d&#8217;oro per Nicolae Craciun nel C1 Senior Maschile 200 mt;<\/p>\n<p>Medaglia d&#8217;argento per Antea Mariani e Valeria Toraldo nel K2 Ragazzi Femminile 1000 mt;<\/p>\n<p>Medaglia di bronzo per Alessandra Tommasini e Roberta Blanda nel K2 Ragazzi Femminile 1000 mt;<\/p>\n<p>Medaglia d&#8217;argento per Alessandro Franchi nel K1 Ragazzi Maschile 200 m;<\/p>\n<p>Medaglia d&#8217;oro per il quartetto Davide Marin, Alessandro Zampetti, Simone Giorgi e Lorenzo Giannini nel K4 Senior Maschile 500 mt.<\/p>\n<p>&nbsp;<\/p>\n<p>Domenica i Campionati Italiani di Fondo hanno visto i nostri ragazzi protagonisti di una gara intensissima conquistando una meritata cinquina d&#8217;argento:<\/p>\n<p>Nicola Grieco, Alessandro Franchi, Valerio Coppotelli e Giovanni Tognaccini nel K4 Ragazzi Maschile;<\/p>\n<p>Alessandra Tommasini, Camilla Toraldo, Antea Mariani e Valeria Toraldo nel K4 Ragazzi Femminile;<\/p>\n<p>Federico Urbani nel K1 Under 23 Maschile;<\/p>\n<p>Davide Marin, Alessandro Zampetti, Simone Giorgi e Giovanni Bandini nel K4 Under 23 Maschile;<\/p>\n<p>Davide Giovanardi, Lorenzo Giannini, Tomasz Apuzzo e Michael Daffin\u00e0 nel K4 Senior Maschile.<\/p>\n<p>&nbsp;<\/p>\n<p>Dopo queste due giornate di gare che hanno regalato forti emozioni e soddisfazioni, non possiamo che complimentarci con i nostri atleti, che ora gi\u00e0 si stanno allenando in vista della Gara Internazionale di Mantova prevista dall\u20198 al 10 aprile.<\/p>\n<p>&nbsp;<\/p>","protected":false},"excerpt":{"rendered":"<p>Nella splendida cornice del lago di Castel Gandolfo, venerd\u00ec 19 e sabato 20 marzo si sono svolti la prima Gara Nazionale di Velocit\u00e0 ed i Campionati Italiani di Fondo di canoa. I nostri atleti si sono impegnati come sempre ed hanno dato il massimo, portando a casa ottimi risultati che confermano la continua crescita del [&hellip;]<\/p>","protected":false},"author":6630,"featured_media":9048,"comment_status":"open","ping_status":"closed","sticky":false,"template":"","format":"standard","meta":{"pmpro_default_level":0,"footnotes":"","_links_to":"","_links_to_target":""},"categories":[8,2],"tags":[],"class_list":["post-9038","post","type-post","status-publish","format-standard","has-post-thumbnail","hentry","category-canoa","category-in-evidenza","pmpro-has-access"],"featured_image_urls":{"medium":"https:\/\/www.ccaniene.com\/wp-content\/uploads\/2016\/03\/dsc8872r-1050x701-800x534.jpg","thumbnail":"https:\/\/www.ccaniene.com\/wp-content\/uploads\/2016\/03\/dsc8872r-1050x701-400x400.jpg","medium_large":"https:\/\/www.ccaniene.com\/wp-content\/uploads\/2016\/03\/dsc8872r-1050x701-768x513.jpg"},"appp_media":null,"yoast_head":"<!-- This site is optimized with the Yoast SEO plugin v23.6 - https:\/\/yoast.com\/wordpress\/plugins\/seo\/ -->\n<title>Canoa: Risultati Gara Nazionale di Velocit\u00e0 e Campionati di Fondo - Circolo Canottieri Aniene<\/title>\n<meta name=\"robots\" content=\"index, follow, max-snippet:-1, max-image-preview:large, max-video-preview:-1\" \/>\n<link rel=\"canonical\" href=\"https:\/\/www.ccaniene.com\/en\/gara-nazionale-di-velocita-e-campionati-di-fondo-di-canoa\/\" \/>\n<meta property=\"og:locale\" content=\"en_GB\" \/>\n<meta property=\"og:type\" content=\"article\" \/>\n<meta property=\"og:title\" content=\"Canoa: Risultati Gara Nazionale di Velocit\u00e0 e Campionati di Fondo - Circolo Canottieri Aniene\" \/>\n<meta property=\"og:description\" content=\"Nella splendida cornice del lago di Castel Gandolfo, venerd\u00ec 19 e sabato 20 marzo si sono svolti la prima Gara Nazionale di Velocit\u00e0 ed i Campionati Italiani di Fondo di canoa. I nostri atleti si sono impegnati come sempre ed hanno dato il massimo, portando a casa ottimi risultati che confermano la continua crescita del [&hellip;]\" \/>\n<meta property=\"og:url\" content=\"https:\/\/www.ccaniene.com\/en\/gara-nazionale-di-velocita-e-campionati-di-fondo-di-canoa\/\" \/>\n<meta property=\"og:site_name\" content=\"Circolo Canottieri Aniene\" \/>\n<meta property=\"article:published_time\" content=\"2016-03-22T11:05:02+00:00\" \/>\n<meta property=\"article:modified_time\" content=\"2016-03-22T11:58:58+00:00\" \/>\n<meta property=\"og:image\" content=\"https:\/\/www.ccaniene.com\/wp-content\/uploads\/2016\/03\/dsc8872r-1050x701.jpg\" \/>\n\t<meta property=\"og:image:width\" content=\"1050\" \/>\n\t<meta property=\"og:image:height\" content=\"701\" \/>\n\t<meta property=\"og:image:type\" content=\"image\/jpeg\" \/>\n<meta name=\"author\" content=\"ccaniene1892\" \/>\n<meta name=\"twitter:card\" content=\"summary_large_image\" \/>\n<meta name=\"twitter:label1\" content=\"Written by\" \/>\n\t<meta name=\"twitter:data1\" content=\"ccaniene1892\" \/>\n\t<meta name=\"twitter:label2\" content=\"Estimated reading time\" \/>\n\t<meta name=\"twitter:data2\" content=\"1 minute\" \/>\n<script type=\"application\/ld+json\" class=\"yoast-schema-graph\">{\"@context\":\"https:\/\/schema.org\",\"@graph\":[{\"@type\":\"WebPage\",\"@id\":\"https:\/\/www.ccaniene.com\/en\/gara-nazionale-di-velocita-e-campionati-di-fondo-di-canoa\/\",\"url\":\"https:\/\/www.ccaniene.com\/en\/gara-nazionale-di-velocita-e-campionati-di-fondo-di-canoa\/\",\"name\":\"Canoa: Risultati Gara Nazionale di Velocit\u00e0 e Campionati di Fondo - Circolo Canottieri Aniene\",\"isPartOf\":{\"@id\":\"https:\/\/www.ccaniene.com\/it_it\/#website\"},\"primaryImageOfPage\":{\"@id\":\"https:\/\/www.ccaniene.com\/en\/gara-nazionale-di-velocita-e-campionati-di-fondo-di-canoa\/#primaryimage\"},\"image\":{\"@id\":\"https:\/\/www.ccaniene.com\/en\/gara-nazionale-di-velocita-e-campionati-di-fondo-di-canoa\/#primaryimage\"},\"thumbnailUrl\":\"https:\/\/www.ccaniene.com\/wp-content\/uploads\/2016\/03\/dsc8872r-1050x701.jpg\",\"datePublished\":\"2016-03-22T11:05:02+00:00\",\"dateModified\":\"2016-03-22T11:58:58+00:00\",\"author\":{\"@id\":\"https:\/\/www.ccaniene.com\/it_it\/#\/schema\/person\/e9d8dc6c30c855799a336858c8ea05da\"},\"breadcrumb\":{\"@id\":\"https:\/\/www.ccaniene.com\/en\/gara-nazionale-di-velocita-e-campionati-di-fondo-di-canoa\/#breadcrumb\"},\"inLanguage\":\"en-GB\",\"potentialAction\":[{\"@type\":\"ReadAction\",\"target\":[\"https:\/\/www.ccaniene.com\/en\/gara-nazionale-di-velocita-e-campionati-di-fondo-di-canoa\/\"]}]},{\"@type\":\"ImageObject\",\"inLanguage\":\"en-GB\",\"@id\":\"https:\/\/www.ccaniene.com\/en\/gara-nazionale-di-velocita-e-campionati-di-fondo-di-canoa\/#primaryimage\",\"url\":\"https:\/\/www.ccaniene.com\/wp-content\/uploads\/2016\/03\/dsc8872r-1050x701.jpg\",\"contentUrl\":\"https:\/\/www.ccaniene.com\/wp-content\/uploads\/2016\/03\/dsc8872r-1050x701.jpg\",\"width\":1050,\"height\":701},{\"@type\":\"BreadcrumbList\",\"@id\":\"https:\/\/www.ccaniene.com\/en\/gara-nazionale-di-velocita-e-campionati-di-fondo-di-canoa\/#breadcrumb\",\"itemListElement\":[{\"@type\":\"ListItem\",\"position\":1,\"name\":\"Home\",\"item\":\"https:\/\/www.ccaniene.com\/it_it\/\"},{\"@type\":\"ListItem\",\"position\":2,\"name\":\"Canoa: Risultati Gara Nazionale di Velocit\u00e0 e Campionati di Fondo\"}]},{\"@type\":\"WebSite\",\"@id\":\"https:\/\/www.ccaniene.com\/it_it\/#website\",\"url\":\"https:\/\/www.ccaniene.com\/it_it\/\",\"name\":\"Circolo Canottieri Aniene\",\"description\":\"Collare d&#039;Oro e Stella d&#039;Oro al Merito Sportivo\",\"potentialAction\":[{\"@type\":\"SearchAction\",\"target\":{\"@type\":\"EntryPoint\",\"urlTemplate\":\"https:\/\/www.ccaniene.com\/it_it\/?s={search_term_string}\"},\"query-input\":{\"@type\":\"PropertyValueSpecification\",\"valueRequired\":true,\"valueName\":\"search_term_string\"}}],\"inLanguage\":\"en-GB\"},{\"@type\":\"Person\",\"@id\":\"https:\/\/www.ccaniene.com\/it_it\/#\/schema\/person\/e9d8dc6c30c855799a336858c8ea05da\",\"name\":\"ccaniene1892\",\"image\":{\"@type\":\"ImageObject\",\"inLanguage\":\"en-GB\",\"@id\":\"https:\/\/www.ccaniene.com\/it_it\/#\/schema\/person\/image\/\",\"url\":\"https:\/\/secure.gravatar.com\/avatar\/3458910e74e84c55d38369b8a2dd355c?s=96&d=mm&r=g\",\"contentUrl\":\"https:\/\/secure.gravatar.com\/avatar\/3458910e74e84c55d38369b8a2dd355c?s=96&d=mm&r=g\",\"caption\":\"ccaniene1892\"},\"url\":\"https:\/\/www.ccaniene.com\/en\/author\/ccaniene1892\/\"}]}<\/script>\n<!-- \/ Yoast SEO plugin. -->","yoast_head_json":{"title":"Canoa: Risultati Gara Nazionale di Velocit\u00e0 e Campionati di Fondo - Circolo Canottieri Aniene","robots":{"index":"index","follow":"follow","max-snippet":"max-snippet:-1","max-image-preview":"max-image-preview:large","max-video-preview":"max-video-preview:-1"},"canonical":"https:\/\/www.ccaniene.com\/en\/gara-nazionale-di-velocita-e-campionati-di-fondo-di-canoa\/","og_locale":"en_GB","og_type":"article","og_title":"Canoa: Risultati Gara Nazionale di Velocit\u00e0 e Campionati di Fondo - Circolo Canottieri Aniene","og_description":"Nella splendida cornice del lago di Castel Gandolfo, venerd\u00ec 19 e sabato 20 marzo si sono svolti la prima Gara Nazionale di Velocit\u00e0 ed i Campionati Italiani di Fondo di canoa. I nostri atleti si sono impegnati come sempre ed hanno dato il massimo, portando a casa ottimi risultati che confermano la continua crescita del [&hellip;]","og_url":"https:\/\/www.ccaniene.com\/en\/gara-nazionale-di-velocita-e-campionati-di-fondo-di-canoa\/","og_site_name":"Circolo Canottieri Aniene","article_published_time":"2016-03-22T11:05:02+00:00","article_modified_time":"2016-03-22T11:58:58+00:00","og_image":[{"width":1050,"height":701,"url":"https:\/\/www.ccaniene.com\/wp-content\/uploads\/2016\/03\/dsc8872r-1050x701.jpg","type":"image\/jpeg"}],"author":"ccaniene1892","twitter_card":"summary_large_image","twitter_misc":{"Written by":"ccaniene1892","Estimated reading time":"1 minute"},"schema":{"@context":"https:\/\/schema.org","@graph":[{"@type":"WebPage","@id":"https:\/\/www.ccaniene.com\/en\/gara-nazionale-di-velocita-e-campionati-di-fondo-di-canoa\/","url":"https:\/\/www.ccaniene.com\/en\/gara-nazionale-di-velocita-e-campionati-di-fondo-di-canoa\/","name":"Canoa: Risultati Gara Nazionale di Velocit\u00e0 e Campionati di Fondo - Circolo Canottieri Aniene","isPartOf":{"@id":"https:\/\/www.ccaniene.com\/it_it\/#website"},"primaryImageOfPage":{"@id":"https:\/\/www.ccaniene.com\/en\/gara-nazionale-di-velocita-e-campionati-di-fondo-di-canoa\/#primaryimage"},"image":{"@id":"https:\/\/www.ccaniene.com\/en\/gara-nazionale-di-velocita-e-campionati-di-fondo-di-canoa\/#primaryimage"},"thumbnailUrl":"https:\/\/www.ccaniene.com\/wp-content\/uploads\/2016\/03\/dsc8872r-1050x701.jpg","datePublished":"2016-03-22T11:05:02+00:00","dateModified":"2016-03-22T11:58:58+00:00","author":{"@id":"https:\/\/www.ccaniene.com\/it_it\/#\/schema\/person\/e9d8dc6c30c855799a336858c8ea05da"},"breadcrumb":{"@id":"https:\/\/www.ccaniene.com\/en\/gara-nazionale-di-velocita-e-campionati-di-fondo-di-canoa\/#breadcrumb"},"inLanguage":"en-GB","potentialAction":[{"@type":"ReadAction","target":["https:\/\/www.ccaniene.com\/en\/gara-nazionale-di-velocita-e-campionati-di-fondo-di-canoa\/"]}]},{"@type":"ImageObject","inLanguage":"en-GB","@id":"https:\/\/www.ccaniene.com\/en\/gara-nazionale-di-velocita-e-campionati-di-fondo-di-canoa\/#primaryimage","url":"https:\/\/www.ccaniene.com\/wp-content\/uploads\/2016\/03\/dsc8872r-1050x701.jpg","contentUrl":"https:\/\/www.ccaniene.com\/wp-content\/uploads\/2016\/03\/dsc8872r-1050x701.jpg","width":1050,"height":701},{"@type":"BreadcrumbList","@id":"https:\/\/www.ccaniene.com\/en\/gara-nazionale-di-velocita-e-campionati-di-fondo-di-canoa\/#breadcrumb","itemListElement":[{"@type":"ListItem","position":1,"name":"Home","item":"https:\/\/www.ccaniene.com\/it_it\/"},{"@type":"ListItem","position":2,"name":"Canoa: Risultati Gara Nazionale di Velocit\u00e0 e Campionati di Fondo"}]},{"@type":"WebSite","@id":"https:\/\/www.ccaniene.com\/it_it\/#website","url":"https:\/\/www.ccaniene.com\/it_it\/","name":"Circolo Canottieri Aniene","description":"Collare d&#039;Oro e Stella d&#039;Oro al Merito Sportivo","potentialAction":[{"@type":"SearchAction","target":{"@type":"EntryPoint","urlTemplate":"https:\/\/www.ccaniene.com\/it_it\/?s={search_term_string}"},"query-input":{"@type":"PropertyValueSpecification","valueRequired":true,"valueName":"search_term_string"}}],"inLanguage":"en-GB"},{"@type":"Person","@id":"https:\/\/www.ccaniene.com\/it_it\/#\/schema\/person\/e9d8dc6c30c855799a336858c8ea05da","name":"ccaniene1892","image":{"@type":"ImageObject","inLanguage":"en-GB","@id":"https:\/\/www.ccaniene.com\/it_it\/#\/schema\/person\/image\/","url":"https:\/\/secure.gravatar.com\/avatar\/3458910e74e84c55d38369b8a2dd355c?s=96&d=mm&r=g","contentUrl":"https:\/\/secure.gravatar.com\/avatar\/3458910e74e84c55d38369b8a2dd355c?s=96&d=mm&r=g","caption":"ccaniene1892"},"url":"https:\/\/www.ccaniene.com\/en\/author\/ccaniene1892\/"}]}},"_links":{"self":[{"href":"https:\/\/www.ccaniene.com\/en\/wp-json\/wp\/v2\/posts\/9038"}],"collection":[{"href":"https:\/\/www.ccaniene.com\/en\/wp-json\/wp\/v2\/posts"}],"about":[{"href":"https:\/\/www.ccaniene.com\/en\/wp-json\/wp\/v2\/types\/post"}],"author":[{"embeddable":true,"href":"https:\/\/www.ccaniene.com\/en\/wp-json\/wp\/v2\/users\/6630"}],"replies":[{"embeddable":true,"href":"https:\/\/www.ccaniene.com\/en\/wp-json\/wp\/v2\/comments?post=9038"}],"version-history":[{"count":6,"href":"https:\/\/www.ccaniene.com\/en\/wp-json\/wp\/v2\/posts\/9038\/revisions"}],"predecessor-version":[{"id":9053,"href":"https:\/\/www.ccaniene.com\/en\/wp-json\/wp\/v2\/posts\/9038\/revisions\/9053"}],"wp:featuredmedia":[{"embeddable":true,"href":"https:\/\/www.ccaniene.com\/en\/wp-json\/wp\/v2\/media\/9048"}],"wp:attachment":[{"href":"https:\/\/www.ccaniene.com\/en\/wp-json\/wp\/v2\/media?parent=9038"}],"wp:term":[{"taxonomy":"category","embeddable":true,"href":"https:\/\/www.ccaniene.com\/en\/wp-json\/wp\/v2\/categories?post=9038"},{"taxonomy":"post_tag","embeddable":true,"href":"https:\/\/www.ccaniene.com\/en\/wp-json\/wp\/v2\/tags?post=9038"}],"curies":[{"name":"wp","href":"https:\/\/api.w.org\/{rel}","templated":true}]}}