{"id":8122,"date":"2015-06-10T09:30:32","date_gmt":"2015-06-10T07:30:32","guid":{"rendered":"https:\/\/www.ccaniene.com\/?p=8122"},"modified":"2015-06-10T09:30:32","modified_gmt":"2015-06-10T07:30:32","slug":"laniene-affronta-loceano-con-giancarlo-pedote","status":"publish","type":"post","link":"https:\/\/www.ccaniene.com\/en\/laniene-affronta-loceano-con-giancarlo-pedote\/","title":{"rendered":"L&#8217;Aniene affronta l&#8217;oceano con Giancarlo Pedote"},"content":{"rendered":"<p>Dal mese di giugno sventoler\u00e0 la bandiera del Circolo Canottieri Aniene anche in Oceano. A portarla sar\u00e0 Giancarlo Pedote, esperto navigatore che ha conquistato lo scorso anno il primo posto in tutte le regate dei Mini 6.50 a cui ha partecipato.<br \/>\nDa quando il Circolo Canottieri Aniene decise di fondare la Sezione Vela, ha sempre visto un crescendo d&#8217;iniziative . Quest&#8217;anno il Circolo romano, dopo aver dato vita alla Lega Italiana Vela per promuovere la Sailing Champion League tra circoli velici, presenta un altro progetto ambizioso : sostenere agonisticamente il navigatore italiano Giancarlo Pedote con un curriculum di grande prestigio in oceano, accogliendolo tra i nostri tesserati FIV.<br \/>\nNon \u00e8 la prima volta che all&#8217;Aniene si parla di vela oceanica. Oltre alle imprese individuali di alcuni consoci nelle regate oceaniche affrontate con le loro barche, lo scorso anno i saloni del Circolo romano hanno ospitato il gotha della vela estrema con la presentazione della Volvo Ocean Race 2014-2015 .<br \/>\nGiancarlo Pedote vive da diversi anni a Lorient in Bretagna, a ovest della Francia, nella patria dei navigatori francesi, e l\u00ec ha ottenuto tante vittorie, battendo la proverbiale bravura dei velisti d&#8217;oltralpe.<br \/>\nCon le sue imprese storiche, nel 2014 ha vinto tutte le pi\u00f9 importanti regate con il Mini Prysmian ITA 747, aggiudicandosi per la seconda volta consecutiva il titolo di miglior navigatore della categoria prototipi Mini, vincendo la Lorient-Bretagne Sud Mini, la Pornichet Select, la Mini en Mai, il Troph\u00e9e Marie-Agn\u00e8s P\u00e9ron, la Les Sables Les A\u00e7ores.<br \/>\nGiancarlo, protagonista indiscusso dell&#8217;ultima Mini Transat, autore dell&#8217;importante record del Trofeo MAP e vincitore dei titoli di Champion de France Promotion Course au Large en Solitaire 2013 e 2014, dopo aver brillato per una memorabile rimonta di 30 posizioni all&#8217;ultima Route du Rhum sul Class 40 &#8220;Fantastica&#8221; di Lanfranco Cirillo, si \u00e8 associato a Erwan Le Roux per affrontare a bordo del trimarano Fen\u00eatr\u00e9A-Prysmian la stagione 2015 dei Multi50, che culminer\u00e0 con la Transat Jacques Vabre in partenza a fine ottobre. I due skipper hanno gi\u00e0 partecipato alle prime tre regate del calendario, il Grand Prix de Guyader, il Tour de Belle Ile e l&#8217;Armen Race, vincendole tutte.<\/p>\n<p>Giancarlo Pedote ed Erwan Le Roux hanno appena concluso la qualifica valida per la partecipazione alla Transat Jacques Vabre, compiendo il percorso da La Trinit\u00e8 sur Mer (in Bretagna) a Las Palmas, nelle Canarie, dove dal 12 al 14 giugno avr\u00e0 luogo il Grand Prix Las Palmas de Gran Canaria, la prossima regata a cui parteciper\u00e0 Fen\u00eatr\u00e9A-Prysmian. Si tratta del primo Grand Prix per Multi50 che si disputa fuori dalla Francia, una regata in equipaggio che si svolge in tre giornate: venerd\u00ec 12 e domenica 14, gli skipper saranno impegnati in percorsi costieri e &#8220;runs&#8221; al largo di Las Palmas, mentre sabato 13 giugno i team dovranno effetttuare un giro dell&#8217;isola di Gran Canaria.<\/p>\n<p>Sar\u00e0 possibile seguire le regata Live sul sito ufficiale: <a href=\"http:\/\/www.laspalmasgcgrandprix.com\" target=\"_blank\">www.laspalmasgcgrandprix.com<\/a><\/p>\n<p>&#8220;Sono veramente emozionato &#8211; afferma Alessandro M. Rinaldi &#8211; a dover annunciare per conto del Circolo Canottieri Aniene che Giancarlo Pedote, che ho avuto la fortuna di conoscere a marzo dello scorso anno quando venne nominato Velista dell&#8217;Anno 2013, ha accettato di regatare in Oceano con i colori del nostro Circolo, a dimostrazione che la Sezione Vela in questi anni \u00e8 andata veramente lontano. Con Giancarlo pensiamo di offrire una piattaforma straordinaria a questa specialit\u00e0 superando i confini dei nostri mari e immaginando imprese oceaniche per rilanciare lo spirito d&#8217;avventura che solo questo sport pu\u00f2 regalare&#8221;.<\/p>","protected":false},"excerpt":{"rendered":"<p>Dal mese di giugno sventoler\u00e0 la bandiera del Circolo Canottieri Aniene anche in Oceano. A portarla sar\u00e0 Giancarlo Pedote, esperto navigatore che ha conquistato lo scorso anno il primo posto in tutte le regate dei Mini 6.50 a cui ha partecipato. Da quando il Circolo Canottieri Aniene decise di fondare la Sezione Vela, ha sempre [&hellip;]<\/p>","protected":false},"author":6630,"featured_media":8123,"comment_status":"open","ping_status":"closed","sticky":false,"template":"","format":"standard","meta":{"pmpro_default_level":0,"footnotes":"","_links_to":"","_links_to_target":""},"categories":[2,26],"tags":[],"class_list":["post-8122","post","type-post","status-publish","format-standard","has-post-thumbnail","hentry","category-in-evidenza","category-vela","pmpro-has-access"],"featured_image_urls":{"woocommerce_thumbnail":"https:\/\/www.ccaniene.com\/wp-content\/uploads\/2015\/06\/BodyPart-300x300.jpeg","woocommerce_gallery_thumbnail":"https:\/\/www.ccaniene.com\/wp-content\/uploads\/2015\/06\/BodyPart-100x100.jpeg","thumbnail":"https:\/\/www.ccaniene.com\/wp-content\/uploads\/2015\/06\/BodyPart-400x400.jpeg"},"appp_media":null,"yoast_head":"<!-- This site is optimized with the Yoast SEO plugin v23.6 - https:\/\/yoast.com\/wordpress\/plugins\/seo\/ -->\n<title>L&#039;Aniene affronta l&#039;oceano con Giancarlo Pedote - Circolo Canottieri Aniene<\/title>\n<meta name=\"robots\" content=\"index, follow, max-snippet:-1, max-image-preview:large, max-video-preview:-1\" \/>\n<link rel=\"canonical\" href=\"https:\/\/www.ccaniene.com\/en\/laniene-affronta-loceano-con-giancarlo-pedote\/\" \/>\n<meta property=\"og:locale\" content=\"en_GB\" \/>\n<meta property=\"og:type\" content=\"article\" \/>\n<meta property=\"og:title\" content=\"L&#039;Aniene affronta l&#039;oceano con Giancarlo Pedote - Circolo Canottieri Aniene\" \/>\n<meta property=\"og:description\" content=\"Dal mese di giugno sventoler\u00e0 la bandiera del Circolo Canottieri Aniene anche in Oceano. A portarla sar\u00e0 Giancarlo Pedote, esperto navigatore che ha conquistato lo scorso anno il primo posto in tutte le regate dei Mini 6.50 a cui ha partecipato. Da quando il Circolo Canottieri Aniene decise di fondare la Sezione Vela, ha sempre [&hellip;]\" \/>\n<meta property=\"og:url\" content=\"https:\/\/www.ccaniene.com\/en\/laniene-affronta-loceano-con-giancarlo-pedote\/\" \/>\n<meta property=\"og:site_name\" content=\"Circolo Canottieri Aniene\" \/>\n<meta property=\"article:published_time\" content=\"2015-06-10T07:30:32+00:00\" \/>\n<meta property=\"og:image\" content=\"https:\/\/www.ccaniene.com\/wp-content\/uploads\/2015\/06\/BodyPart.jpeg\" \/>\n\t<meta property=\"og:image:width\" content=\"534\" \/>\n\t<meta property=\"og:image:height\" content=\"800\" \/>\n\t<meta property=\"og:image:type\" content=\"image\/jpeg\" \/>\n<meta name=\"author\" content=\"ccaniene1892\" \/>\n<meta name=\"twitter:card\" content=\"summary_large_image\" \/>\n<meta name=\"twitter:label1\" content=\"Written by\" \/>\n\t<meta name=\"twitter:data1\" content=\"ccaniene1892\" \/>\n\t<meta name=\"twitter:label2\" content=\"Estimated reading time\" \/>\n\t<meta name=\"twitter:data2\" content=\"3 minutes\" \/>\n<script type=\"application\/ld+json\" class=\"yoast-schema-graph\">{\"@context\":\"https:\/\/schema.org\",\"@graph\":[{\"@type\":\"WebPage\",\"@id\":\"https:\/\/www.ccaniene.com\/en\/laniene-affronta-loceano-con-giancarlo-pedote\/\",\"url\":\"https:\/\/www.ccaniene.com\/en\/laniene-affronta-loceano-con-giancarlo-pedote\/\",\"name\":\"L'Aniene affronta l'oceano con Giancarlo Pedote - Circolo Canottieri Aniene\",\"isPartOf\":{\"@id\":\"https:\/\/www.ccaniene.com\/it_it\/#website\"},\"primaryImageOfPage\":{\"@id\":\"https:\/\/www.ccaniene.com\/en\/laniene-affronta-loceano-con-giancarlo-pedote\/#primaryimage\"},\"image\":{\"@id\":\"https:\/\/www.ccaniene.com\/en\/laniene-affronta-loceano-con-giancarlo-pedote\/#primaryimage\"},\"thumbnailUrl\":\"https:\/\/www.ccaniene.com\/wp-content\/uploads\/2015\/06\/BodyPart.jpeg\",\"datePublished\":\"2015-06-10T07:30:32+00:00\",\"dateModified\":\"2015-06-10T07:30:32+00:00\",\"author\":{\"@id\":\"https:\/\/www.ccaniene.com\/it_it\/#\/schema\/person\/e9d8dc6c30c855799a336858c8ea05da\"},\"breadcrumb\":{\"@id\":\"https:\/\/www.ccaniene.com\/en\/laniene-affronta-loceano-con-giancarlo-pedote\/#breadcrumb\"},\"inLanguage\":\"en-GB\",\"potentialAction\":[{\"@type\":\"ReadAction\",\"target\":[\"https:\/\/www.ccaniene.com\/en\/laniene-affronta-loceano-con-giancarlo-pedote\/\"]}]},{\"@type\":\"ImageObject\",\"inLanguage\":\"en-GB\",\"@id\":\"https:\/\/www.ccaniene.com\/en\/laniene-affronta-loceano-con-giancarlo-pedote\/#primaryimage\",\"url\":\"https:\/\/www.ccaniene.com\/wp-content\/uploads\/2015\/06\/BodyPart.jpeg\",\"contentUrl\":\"https:\/\/www.ccaniene.com\/wp-content\/uploads\/2015\/06\/BodyPart.jpeg\",\"width\":534,\"height\":800},{\"@type\":\"BreadcrumbList\",\"@id\":\"https:\/\/www.ccaniene.com\/en\/laniene-affronta-loceano-con-giancarlo-pedote\/#breadcrumb\",\"itemListElement\":[{\"@type\":\"ListItem\",\"position\":1,\"name\":\"Home\",\"item\":\"https:\/\/www.ccaniene.com\/it_it\/\"},{\"@type\":\"ListItem\",\"position\":2,\"name\":\"L&#8217;Aniene affronta l&#8217;oceano con Giancarlo Pedote\"}]},{\"@type\":\"WebSite\",\"@id\":\"https:\/\/www.ccaniene.com\/it_it\/#website\",\"url\":\"https:\/\/www.ccaniene.com\/it_it\/\",\"name\":\"Circolo Canottieri Aniene\",\"description\":\"Collare d&#039;Oro e Stella d&#039;Oro al Merito Sportivo\",\"potentialAction\":[{\"@type\":\"SearchAction\",\"target\":{\"@type\":\"EntryPoint\",\"urlTemplate\":\"https:\/\/www.ccaniene.com\/it_it\/?s={search_term_string}\"},\"query-input\":{\"@type\":\"PropertyValueSpecification\",\"valueRequired\":true,\"valueName\":\"search_term_string\"}}],\"inLanguage\":\"en-GB\"},{\"@type\":\"Person\",\"@id\":\"https:\/\/www.ccaniene.com\/it_it\/#\/schema\/person\/e9d8dc6c30c855799a336858c8ea05da\",\"name\":\"ccaniene1892\",\"image\":{\"@type\":\"ImageObject\",\"inLanguage\":\"en-GB\",\"@id\":\"https:\/\/www.ccaniene.com\/it_it\/#\/schema\/person\/image\/\",\"url\":\"https:\/\/secure.gravatar.com\/avatar\/3458910e74e84c55d38369b8a2dd355c?s=96&d=mm&r=g\",\"contentUrl\":\"https:\/\/secure.gravatar.com\/avatar\/3458910e74e84c55d38369b8a2dd355c?s=96&d=mm&r=g\",\"caption\":\"ccaniene1892\"},\"url\":\"https:\/\/www.ccaniene.com\/en\/author\/ccaniene1892\/\"}]}<\/script>\n<!-- \/ Yoast SEO plugin. -->","yoast_head_json":{"title":"L'Aniene affronta l'oceano con Giancarlo Pedote - Circolo Canottieri Aniene","robots":{"index":"index","follow":"follow","max-snippet":"max-snippet:-1","max-image-preview":"max-image-preview:large","max-video-preview":"max-video-preview:-1"},"canonical":"https:\/\/www.ccaniene.com\/en\/laniene-affronta-loceano-con-giancarlo-pedote\/","og_locale":"en_GB","og_type":"article","og_title":"L'Aniene affronta l'oceano con Giancarlo Pedote - Circolo Canottieri Aniene","og_description":"Dal mese di giugno sventoler\u00e0 la bandiera del Circolo Canottieri Aniene anche in Oceano. A portarla sar\u00e0 Giancarlo Pedote, esperto navigatore che ha conquistato lo scorso anno il primo posto in tutte le regate dei Mini 6.50 a cui ha partecipato. Da quando il Circolo Canottieri Aniene decise di fondare la Sezione Vela, ha sempre [&hellip;]","og_url":"https:\/\/www.ccaniene.com\/en\/laniene-affronta-loceano-con-giancarlo-pedote\/","og_site_name":"Circolo Canottieri Aniene","article_published_time":"2015-06-10T07:30:32+00:00","og_image":[{"width":534,"height":800,"url":"https:\/\/www.ccaniene.com\/wp-content\/uploads\/2015\/06\/BodyPart.jpeg","type":"image\/jpeg"}],"author":"ccaniene1892","twitter_card":"summary_large_image","twitter_misc":{"Written by":"ccaniene1892","Estimated reading time":"3 minutes"},"schema":{"@context":"https:\/\/schema.org","@graph":[{"@type":"WebPage","@id":"https:\/\/www.ccaniene.com\/en\/laniene-affronta-loceano-con-giancarlo-pedote\/","url":"https:\/\/www.ccaniene.com\/en\/laniene-affronta-loceano-con-giancarlo-pedote\/","name":"L'Aniene affronta l'oceano con Giancarlo Pedote - Circolo Canottieri Aniene","isPartOf":{"@id":"https:\/\/www.ccaniene.com\/it_it\/#website"},"primaryImageOfPage":{"@id":"https:\/\/www.ccaniene.com\/en\/laniene-affronta-loceano-con-giancarlo-pedote\/#primaryimage"},"image":{"@id":"https:\/\/www.ccaniene.com\/en\/laniene-affronta-loceano-con-giancarlo-pedote\/#primaryimage"},"thumbnailUrl":"https:\/\/www.ccaniene.com\/wp-content\/uploads\/2015\/06\/BodyPart.jpeg","datePublished":"2015-06-10T07:30:32+00:00","dateModified":"2015-06-10T07:30:32+00:00","author":{"@id":"https:\/\/www.ccaniene.com\/it_it\/#\/schema\/person\/e9d8dc6c30c855799a336858c8ea05da"},"breadcrumb":{"@id":"https:\/\/www.ccaniene.com\/en\/laniene-affronta-loceano-con-giancarlo-pedote\/#breadcrumb"},"inLanguage":"en-GB","potentialAction":[{"@type":"ReadAction","target":["https:\/\/www.ccaniene.com\/en\/laniene-affronta-loceano-con-giancarlo-pedote\/"]}]},{"@type":"ImageObject","inLanguage":"en-GB","@id":"https:\/\/www.ccaniene.com\/en\/laniene-affronta-loceano-con-giancarlo-pedote\/#primaryimage","url":"https:\/\/www.ccaniene.com\/wp-content\/uploads\/2015\/06\/BodyPart.jpeg","contentUrl":"https:\/\/www.ccaniene.com\/wp-content\/uploads\/2015\/06\/BodyPart.jpeg","width":534,"height":800},{"@type":"BreadcrumbList","@id":"https:\/\/www.ccaniene.com\/en\/laniene-affronta-loceano-con-giancarlo-pedote\/#breadcrumb","itemListElement":[{"@type":"ListItem","position":1,"name":"Home","item":"https:\/\/www.ccaniene.com\/it_it\/"},{"@type":"ListItem","position":2,"name":"L&#8217;Aniene affronta l&#8217;oceano con Giancarlo Pedote"}]},{"@type":"WebSite","@id":"https:\/\/www.ccaniene.com\/it_it\/#website","url":"https:\/\/www.ccaniene.com\/it_it\/","name":"Circolo Canottieri Aniene","description":"Collare d&#039;Oro e Stella d&#039;Oro al Merito Sportivo","potentialAction":[{"@type":"SearchAction","target":{"@type":"EntryPoint","urlTemplate":"https:\/\/www.ccaniene.com\/it_it\/?s={search_term_string}"},"query-input":{"@type":"PropertyValueSpecification","valueRequired":true,"valueName":"search_term_string"}}],"inLanguage":"en-GB"},{"@type":"Person","@id":"https:\/\/www.ccaniene.com\/it_it\/#\/schema\/person\/e9d8dc6c30c855799a336858c8ea05da","name":"ccaniene1892","image":{"@type":"ImageObject","inLanguage":"en-GB","@id":"https:\/\/www.ccaniene.com\/it_it\/#\/schema\/person\/image\/","url":"https:\/\/secure.gravatar.com\/avatar\/3458910e74e84c55d38369b8a2dd355c?s=96&d=mm&r=g","contentUrl":"https:\/\/secure.gravatar.com\/avatar\/3458910e74e84c55d38369b8a2dd355c?s=96&d=mm&r=g","caption":"ccaniene1892"},"url":"https:\/\/www.ccaniene.com\/en\/author\/ccaniene1892\/"}]}},"_links":{"self":[{"href":"https:\/\/www.ccaniene.com\/en\/wp-json\/wp\/v2\/posts\/8122"}],"collection":[{"href":"https:\/\/www.ccaniene.com\/en\/wp-json\/wp\/v2\/posts"}],"about":[{"href":"https:\/\/www.ccaniene.com\/en\/wp-json\/wp\/v2\/types\/post"}],"author":[{"embeddable":true,"href":"https:\/\/www.ccaniene.com\/en\/wp-json\/wp\/v2\/users\/6630"}],"replies":[{"embeddable":true,"href":"https:\/\/www.ccaniene.com\/en\/wp-json\/wp\/v2\/comments?post=8122"}],"version-history":[{"count":1,"href":"https:\/\/www.ccaniene.com\/en\/wp-json\/wp\/v2\/posts\/8122\/revisions"}],"predecessor-version":[{"id":8124,"href":"https:\/\/www.ccaniene.com\/en\/wp-json\/wp\/v2\/posts\/8122\/revisions\/8124"}],"wp:featuredmedia":[{"embeddable":true,"href":"https:\/\/www.ccaniene.com\/en\/wp-json\/wp\/v2\/media\/8123"}],"wp:attachment":[{"href":"https:\/\/www.ccaniene.com\/en\/wp-json\/wp\/v2\/media?parent=8122"}],"wp:term":[{"taxonomy":"category","embeddable":true,"href":"https:\/\/www.ccaniene.com\/en\/wp-json\/wp\/v2\/categories?post=8122"},{"taxonomy":"post_tag","embeddable":true,"href":"https:\/\/www.ccaniene.com\/en\/wp-json\/wp\/v2\/tags?post=8122"}],"curies":[{"name":"wp","href":"https:\/\/api.w.org\/{rel}","templated":true}]}}