{"id":797,"date":"2013-07-05T17:53:28","date_gmt":"2013-07-05T17:53:28","guid":{"rendered":""},"modified":"2013-07-18T08:45:32","modified_gmt":"2013-07-18T06:45:32","slug":"valerio-cleri-e-federico-vanelli-protagonisti-ai-campionati-italiani-di-nuoto-di-fondo-in-acque-libere","status":"publish","type":"post","link":"https:\/\/www.ccaniene.com\/en\/valerio-cleri-e-federico-vanelli-protagonisti-ai-campionati-italiani-di-nuoto-di-fondo-in-acque-libere\/","title":{"rendered":"Valerio Cleri e Federico Vanelli protagonisti ai Campionati Italiani di Nuoto di Fondo in acque libere"},"content":{"rendered":"<p><img decoding=\"async\" style=\"float: left; margin-right: 8px;\" alt=\"\" src=\"http:\/\/www.ccaniene.com\/wp-content\/uploads\/cleri.jpg\" width=\"200\" border=\"0\" \/>Dal 9 al 23 giugno si sono svolti in diverse sedi i Campionati Italiani Assoluti in acque libere. Nella 25 Km svoltasi a Castellabate, Valerio Cleri campione mondiale ed europeo della specialit\u00e0 si impone con autorit\u00e0 vincendo il titolo assoluto e qualificandosi di fatto per i prossimi Mondiali di Barcellona.<\/p>\n<p>Sempre a Castellabate \u00e8 Federico Vanelli a mettersi in luce nella 5 Km laureandosi campione italiano e soprattutto staccando anche lui il pass per la manifestazione iridata.<br \/>\n<!--more--><\/p>\n<p>Nella 10 km disputata a Napoli, protagonista ancora Valerio Cleri che pur avendo toccato per primo \u00e8 stato squalificato per aver superato l\u2019ultima boa al centro anzich\u00e9 sulla destra, sicuramente fuorviato dalla moto d\u2019acqua che faceva l\u2019andatura e, nella stessa gara, Federico Vanelli si aggiudica la medaglia d\u2019argento.<\/p>\n<p>Per chiudere, nella 5 Km a cronometro medaglia d\u2019oro per Federico Vanelli e bronzo per Gianlorenzo Parmigiani.<\/p>\n<p>&nbsp;<\/p>","protected":false},"excerpt":{"rendered":"<p>Dal 9 al 23 giugno si sono svolti in diverse sedi i Campionati Italiani Assoluti in acque libere. Nella 25 Km svoltasi a Castellabate, Valerio Cleri campione mondiale ed europeo della specialit\u00e0 si impone con autorit\u00e0 vincendo il titolo assoluto e qualificandosi di fatto per i prossimi Mondiali di Barcellona. Sempre a Castellabate \u00e8 Federico [&hellip;]<\/p>","protected":false},"author":352,"featured_media":0,"comment_status":"open","ping_status":"closed","sticky":false,"template":"","format":"standard","meta":{"pmpro_default_level":0,"footnotes":"","_links_to":"","_links_to_target":""},"categories":[11],"tags":[],"class_list":["post-797","post","type-post","status-publish","format-standard","hentry","category-nuoto","pmpro-has-access"],"featured_image_urls":{},"appp_media":null,"yoast_head":"<!-- This site is optimized with the Yoast SEO plugin v23.6 - https:\/\/yoast.com\/wordpress\/plugins\/seo\/ -->\n<title>Valerio Cleri e Federico Vanelli protagonisti ai Campionati Italiani di Nuoto di Fondo in acque libere - Circolo Canottieri Aniene<\/title>\n<meta name=\"robots\" content=\"index, follow, max-snippet:-1, max-image-preview:large, max-video-preview:-1\" \/>\n<link rel=\"canonical\" href=\"http:\/\/www.ccaniene.com\/en\/valerio-cleri-e-federico-vanelli-protagonisti-ai-campionati-italiani-di-nuoto-di-fondo-in-acque-libere\/\" \/>\n<meta property=\"og:locale\" content=\"en_GB\" \/>\n<meta property=\"og:type\" content=\"article\" \/>\n<meta property=\"og:title\" content=\"Valerio Cleri e Federico Vanelli protagonisti ai Campionati Italiani di Nuoto di Fondo in acque libere - Circolo Canottieri Aniene\" \/>\n<meta property=\"og:description\" content=\"Dal 9 al 23 giugno si sono svolti in diverse sedi i Campionati Italiani Assoluti in acque libere. Nella 25 Km svoltasi a Castellabate, Valerio Cleri campione mondiale ed europeo della specialit\u00e0 si impone con autorit\u00e0 vincendo il titolo assoluto e qualificandosi di fatto per i prossimi Mondiali di Barcellona. Sempre a Castellabate \u00e8 Federico [&hellip;]\" \/>\n<meta property=\"og:url\" content=\"http:\/\/www.ccaniene.com\/en\/valerio-cleri-e-federico-vanelli-protagonisti-ai-campionati-italiani-di-nuoto-di-fondo-in-acque-libere\/\" \/>\n<meta property=\"og:site_name\" content=\"Circolo Canottieri Aniene\" \/>\n<meta property=\"article:published_time\" content=\"2013-07-05T17:53:28+00:00\" \/>\n<meta property=\"article:modified_time\" content=\"2013-07-18T06:45:32+00:00\" \/>\n<meta property=\"og:image\" content=\"http:\/\/www.ccaniene.com\/wp-content\/uploads\/cleri.jpg\" \/>\n<meta name=\"twitter:card\" content=\"summary_large_image\" \/>\n<meta name=\"twitter:label1\" content=\"Written by\" \/>\n\t<meta name=\"twitter:data1\" content=\"\" \/>\n\t<meta name=\"twitter:label2\" content=\"Estimated reading time\" \/>\n\t<meta name=\"twitter:data2\" content=\"1 minute\" \/>\n<script type=\"application\/ld+json\" class=\"yoast-schema-graph\">{\"@context\":\"https:\/\/schema.org\",\"@graph\":[{\"@type\":\"WebPage\",\"@id\":\"http:\/\/www.ccaniene.com\/en\/valerio-cleri-e-federico-vanelli-protagonisti-ai-campionati-italiani-di-nuoto-di-fondo-in-acque-libere\/\",\"url\":\"http:\/\/www.ccaniene.com\/en\/valerio-cleri-e-federico-vanelli-protagonisti-ai-campionati-italiani-di-nuoto-di-fondo-in-acque-libere\/\",\"name\":\"Valerio Cleri e Federico Vanelli protagonisti ai Campionati Italiani di Nuoto di Fondo in acque libere - Circolo Canottieri Aniene\",\"isPartOf\":{\"@id\":\"http:\/\/www.ccaniene.com\/it_it\/#website\"},\"primaryImageOfPage\":{\"@id\":\"http:\/\/www.ccaniene.com\/en\/valerio-cleri-e-federico-vanelli-protagonisti-ai-campionati-italiani-di-nuoto-di-fondo-in-acque-libere\/#primaryimage\"},\"image\":{\"@id\":\"http:\/\/www.ccaniene.com\/en\/valerio-cleri-e-federico-vanelli-protagonisti-ai-campionati-italiani-di-nuoto-di-fondo-in-acque-libere\/#primaryimage\"},\"thumbnailUrl\":\"http:\/\/www.ccaniene.com\/wp-content\/uploads\/cleri.jpg\",\"datePublished\":\"2013-07-05T17:53:28+00:00\",\"dateModified\":\"2013-07-18T06:45:32+00:00\",\"author\":{\"@id\":\"\"},\"breadcrumb\":{\"@id\":\"http:\/\/www.ccaniene.com\/en\/valerio-cleri-e-federico-vanelli-protagonisti-ai-campionati-italiani-di-nuoto-di-fondo-in-acque-libere\/#breadcrumb\"},\"inLanguage\":\"en-GB\",\"potentialAction\":[{\"@type\":\"ReadAction\",\"target\":[\"http:\/\/www.ccaniene.com\/en\/valerio-cleri-e-federico-vanelli-protagonisti-ai-campionati-italiani-di-nuoto-di-fondo-in-acque-libere\/\"]}]},{\"@type\":\"ImageObject\",\"inLanguage\":\"en-GB\",\"@id\":\"http:\/\/www.ccaniene.com\/en\/valerio-cleri-e-federico-vanelli-protagonisti-ai-campionati-italiani-di-nuoto-di-fondo-in-acque-libere\/#primaryimage\",\"url\":\"http:\/\/www.ccaniene.com\/wp-content\/uploads\/cleri.jpg\",\"contentUrl\":\"http:\/\/www.ccaniene.com\/wp-content\/uploads\/cleri.jpg\"},{\"@type\":\"BreadcrumbList\",\"@id\":\"http:\/\/www.ccaniene.com\/en\/valerio-cleri-e-federico-vanelli-protagonisti-ai-campionati-italiani-di-nuoto-di-fondo-in-acque-libere\/#breadcrumb\",\"itemListElement\":[{\"@type\":\"ListItem\",\"position\":1,\"name\":\"Home\",\"item\":\"http:\/\/www.ccaniene.com\/it_it\/\"},{\"@type\":\"ListItem\",\"position\":2,\"name\":\"Valerio Cleri e Federico Vanelli protagonisti ai Campionati Italiani di Nuoto di Fondo in acque libere\"}]},{\"@type\":\"WebSite\",\"@id\":\"http:\/\/www.ccaniene.com\/it_it\/#website\",\"url\":\"http:\/\/www.ccaniene.com\/it_it\/\",\"name\":\"Circolo Canottieri Aniene\",\"description\":\"Collare d&#039;Oro e Stella d&#039;Oro al Merito Sportivo\",\"potentialAction\":[{\"@type\":\"SearchAction\",\"target\":{\"@type\":\"EntryPoint\",\"urlTemplate\":\"http:\/\/www.ccaniene.com\/it_it\/?s={search_term_string}\"},\"query-input\":{\"@type\":\"PropertyValueSpecification\",\"valueRequired\":true,\"valueName\":\"search_term_string\"}}],\"inLanguage\":\"en-GB\"},{\"@type\":\"Person\",\"@id\":\"\",\"url\":\"https:\/\/www.ccaniene.com\/en\/author\/\"}]}<\/script>\n<!-- \/ Yoast SEO plugin. -->","yoast_head_json":{"title":"Valerio Cleri e Federico Vanelli protagonisti ai Campionati Italiani di Nuoto di Fondo in acque libere - Circolo Canottieri Aniene","robots":{"index":"index","follow":"follow","max-snippet":"max-snippet:-1","max-image-preview":"max-image-preview:large","max-video-preview":"max-video-preview:-1"},"canonical":"http:\/\/www.ccaniene.com\/en\/valerio-cleri-e-federico-vanelli-protagonisti-ai-campionati-italiani-di-nuoto-di-fondo-in-acque-libere\/","og_locale":"en_GB","og_type":"article","og_title":"Valerio Cleri e Federico Vanelli protagonisti ai Campionati Italiani di Nuoto di Fondo in acque libere - Circolo Canottieri Aniene","og_description":"Dal 9 al 23 giugno si sono svolti in diverse sedi i Campionati Italiani Assoluti in acque libere. Nella 25 Km svoltasi a Castellabate, Valerio Cleri campione mondiale ed europeo della specialit\u00e0 si impone con autorit\u00e0 vincendo il titolo assoluto e qualificandosi di fatto per i prossimi Mondiali di Barcellona. Sempre a Castellabate \u00e8 Federico [&hellip;]","og_url":"http:\/\/www.ccaniene.com\/en\/valerio-cleri-e-federico-vanelli-protagonisti-ai-campionati-italiani-di-nuoto-di-fondo-in-acque-libere\/","og_site_name":"Circolo Canottieri Aniene","article_published_time":"2013-07-05T17:53:28+00:00","article_modified_time":"2013-07-18T06:45:32+00:00","og_image":[{"url":"http:\/\/www.ccaniene.com\/wp-content\/uploads\/cleri.jpg"}],"twitter_card":"summary_large_image","twitter_misc":{"Written by":"","Estimated reading time":"1 minute"},"schema":{"@context":"https:\/\/schema.org","@graph":[{"@type":"WebPage","@id":"http:\/\/www.ccaniene.com\/en\/valerio-cleri-e-federico-vanelli-protagonisti-ai-campionati-italiani-di-nuoto-di-fondo-in-acque-libere\/","url":"http:\/\/www.ccaniene.com\/en\/valerio-cleri-e-federico-vanelli-protagonisti-ai-campionati-italiani-di-nuoto-di-fondo-in-acque-libere\/","name":"Valerio Cleri e Federico Vanelli protagonisti ai Campionati Italiani di Nuoto di Fondo in acque libere - Circolo Canottieri Aniene","isPartOf":{"@id":"http:\/\/www.ccaniene.com\/it_it\/#website"},"primaryImageOfPage":{"@id":"http:\/\/www.ccaniene.com\/en\/valerio-cleri-e-federico-vanelli-protagonisti-ai-campionati-italiani-di-nuoto-di-fondo-in-acque-libere\/#primaryimage"},"image":{"@id":"http:\/\/www.ccaniene.com\/en\/valerio-cleri-e-federico-vanelli-protagonisti-ai-campionati-italiani-di-nuoto-di-fondo-in-acque-libere\/#primaryimage"},"thumbnailUrl":"http:\/\/www.ccaniene.com\/wp-content\/uploads\/cleri.jpg","datePublished":"2013-07-05T17:53:28+00:00","dateModified":"2013-07-18T06:45:32+00:00","author":{"@id":""},"breadcrumb":{"@id":"http:\/\/www.ccaniene.com\/en\/valerio-cleri-e-federico-vanelli-protagonisti-ai-campionati-italiani-di-nuoto-di-fondo-in-acque-libere\/#breadcrumb"},"inLanguage":"en-GB","potentialAction":[{"@type":"ReadAction","target":["http:\/\/www.ccaniene.com\/en\/valerio-cleri-e-federico-vanelli-protagonisti-ai-campionati-italiani-di-nuoto-di-fondo-in-acque-libere\/"]}]},{"@type":"ImageObject","inLanguage":"en-GB","@id":"http:\/\/www.ccaniene.com\/en\/valerio-cleri-e-federico-vanelli-protagonisti-ai-campionati-italiani-di-nuoto-di-fondo-in-acque-libere\/#primaryimage","url":"http:\/\/www.ccaniene.com\/wp-content\/uploads\/cleri.jpg","contentUrl":"http:\/\/www.ccaniene.com\/wp-content\/uploads\/cleri.jpg"},{"@type":"BreadcrumbList","@id":"http:\/\/www.ccaniene.com\/en\/valerio-cleri-e-federico-vanelli-protagonisti-ai-campionati-italiani-di-nuoto-di-fondo-in-acque-libere\/#breadcrumb","itemListElement":[{"@type":"ListItem","position":1,"name":"Home","item":"http:\/\/www.ccaniene.com\/it_it\/"},{"@type":"ListItem","position":2,"name":"Valerio Cleri e Federico Vanelli protagonisti ai Campionati Italiani di Nuoto di Fondo in acque libere"}]},{"@type":"WebSite","@id":"http:\/\/www.ccaniene.com\/it_it\/#website","url":"http:\/\/www.ccaniene.com\/it_it\/","name":"Circolo Canottieri Aniene","description":"Collare d&#039;Oro e Stella d&#039;Oro al Merito Sportivo","potentialAction":[{"@type":"SearchAction","target":{"@type":"EntryPoint","urlTemplate":"http:\/\/www.ccaniene.com\/it_it\/?s={search_term_string}"},"query-input":{"@type":"PropertyValueSpecification","valueRequired":true,"valueName":"search_term_string"}}],"inLanguage":"en-GB"},{"@type":"Person","@id":"","url":"https:\/\/www.ccaniene.com\/en\/author\/"}]}},"_links":{"self":[{"href":"https:\/\/www.ccaniene.com\/en\/wp-json\/wp\/v2\/posts\/797"}],"collection":[{"href":"https:\/\/www.ccaniene.com\/en\/wp-json\/wp\/v2\/posts"}],"about":[{"href":"https:\/\/www.ccaniene.com\/en\/wp-json\/wp\/v2\/types\/post"}],"author":[{"embeddable":true,"href":"https:\/\/www.ccaniene.com\/en\/wp-json\/wp\/v2\/users\/352"}],"replies":[{"embeddable":true,"href":"https:\/\/www.ccaniene.com\/en\/wp-json\/wp\/v2\/comments?post=797"}],"version-history":[{"count":4,"href":"https:\/\/www.ccaniene.com\/en\/wp-json\/wp\/v2\/posts\/797\/revisions"}],"predecessor-version":[{"id":2818,"href":"https:\/\/www.ccaniene.com\/en\/wp-json\/wp\/v2\/posts\/797\/revisions\/2818"}],"wp:attachment":[{"href":"https:\/\/www.ccaniene.com\/en\/wp-json\/wp\/v2\/media?parent=797"}],"wp:term":[{"taxonomy":"category","embeddable":true,"href":"https:\/\/www.ccaniene.com\/en\/wp-json\/wp\/v2\/categories?post=797"},{"taxonomy":"post_tag","embeddable":true,"href":"https:\/\/www.ccaniene.com\/en\/wp-json\/wp\/v2\/tags?post=797"}],"curies":[{"name":"wp","href":"https:\/\/api.w.org\/{rel}","templated":true}]}}