{"id":7756,"date":"2015-04-14T04:55:40","date_gmt":"2015-04-14T02:55:40","guid":{"rendered":"https:\/\/www.ccaniene.com\/?p=7756"},"modified":"2015-04-14T04:55:40","modified_gmt":"2015-04-14T02:55:40","slug":"gara-internazionale-di-velocita","status":"publish","type":"post","link":"https:\/\/www.ccaniene.com\/en\/gara-internazionale-di-velocita\/","title":{"rendered":"Gara Internazionale di velocit\u00e0"},"content":{"rendered":"<p>Di seguito i risultati della gara internazionale di velocit\u00e0 che si \u00e8 svolta a Mantova e l&#8217;11 e 12 aprile e valida come selezione della squadra senior:<br \/>\nCRACIUN NICOLAE:Medaglia d\u2019Oro nel C1 200 m. Senior<br \/>\n\t\tMedaglia d\u2019Oro nel C1 500 m. Senior<br \/>\n\t\tMedaglia d\u2019Oro nel C4 1.000 m. Senior<\/p>\n<p>NOLE\u2019 FEDERICA: Medaglia d\u2019Oro nel K4 500 m. Senior<\/p>\n<p>FERRAINA LUCA: Medaglia di Bronzo nel C1 500 m. Senior<br \/>\n\t       Medaglia d\u2019Argento nel C4 1.000 m. Senior<\/p>\n<p>FACCHIN ANDREA e SCADUTO ANTONIO: Medaglia d\u2019Argento nel K4 1.000 m. Senior<\/p>\n<p>GIORGI SIMONE: Medaglia d\u2019Oro nel K4 1.000 m. Junior<\/p>","protected":false},"excerpt":{"rendered":"<p>Di seguito i risultati della gara internazionale di velocit\u00e0 che si \u00e8 svolta a Mantova e l&#8217;11 e 12 aprile e valida come selezione della squadra senior: CRACIUN NICOLAE:Medaglia d\u2019Oro nel C1 200 m. Senior Medaglia d\u2019Oro nel C1 500 m. Senior Medaglia d\u2019Oro nel C4 1.000 m. Senior NOLE\u2019 FEDERICA: Medaglia d\u2019Oro nel K4 [&hellip;]<\/p>","protected":false},"author":6630,"featured_media":7757,"comment_status":"open","ping_status":"closed","sticky":false,"template":"","format":"standard","meta":{"pmpro_default_level":0,"footnotes":"","_links_to":"","_links_to_target":""},"categories":[8],"tags":[],"class_list":["post-7756","post","type-post","status-publish","format-standard","has-post-thumbnail","hentry","category-canoa","pmpro-has-access"],"featured_image_urls":{"woocommerce_thumbnail":"https:\/\/www.ccaniene.com\/wp-content\/uploads\/2015\/04\/craciun-e1377893356473-300x300.jpg","woocommerce_gallery_thumbnail":"https:\/\/www.ccaniene.com\/wp-content\/uploads\/2015\/04\/craciun-e1377893356473-100x100.jpg","woocommerce_single":"https:\/\/www.ccaniene.com\/wp-content\/uploads\/2015\/04\/craciun-e1377893356473-600x411.jpg","thumbnail":"https:\/\/www.ccaniene.com\/wp-content\/uploads\/2015\/04\/craciun-e1377893356473-400x400.jpg"},"appp_media":null,"yoast_head":"<!-- This site is optimized with the Yoast SEO plugin v23.6 - https:\/\/yoast.com\/wordpress\/plugins\/seo\/ -->\n<title>Gara Internazionale di velocit\u00e0 - Circolo Canottieri Aniene<\/title>\n<meta name=\"robots\" content=\"index, follow, max-snippet:-1, max-image-preview:large, max-video-preview:-1\" \/>\n<link rel=\"canonical\" href=\"https:\/\/www.ccaniene.com\/en\/gara-internazionale-di-velocita\/\" \/>\n<meta property=\"og:locale\" content=\"en_GB\" \/>\n<meta property=\"og:type\" content=\"article\" \/>\n<meta property=\"og:title\" content=\"Gara Internazionale di velocit\u00e0 - Circolo Canottieri Aniene\" \/>\n<meta property=\"og:description\" content=\"Di seguito i risultati della gara internazionale di velocit\u00e0 che si \u00e8 svolta a Mantova e l&#8217;11 e 12 aprile e valida come selezione della squadra senior: CRACIUN NICOLAE:Medaglia d\u2019Oro nel C1 200 m. Senior Medaglia d\u2019Oro nel C1 500 m. Senior Medaglia d\u2019Oro nel C4 1.000 m. Senior NOLE\u2019 FEDERICA: Medaglia d\u2019Oro nel K4 [&hellip;]\" \/>\n<meta property=\"og:url\" content=\"https:\/\/www.ccaniene.com\/en\/gara-internazionale-di-velocita\/\" \/>\n<meta property=\"og:site_name\" content=\"Circolo Canottieri Aniene\" \/>\n<meta property=\"article:published_time\" content=\"2015-04-14T02:55:40+00:00\" \/>\n<meta property=\"og:image\" content=\"https:\/\/www.ccaniene.com\/wp-content\/uploads\/2015\/04\/craciun-e1377893356473.jpg\" \/>\n\t<meta property=\"og:image:width\" content=\"684\" \/>\n\t<meta property=\"og:image:height\" content=\"468\" \/>\n\t<meta property=\"og:image:type\" content=\"image\/jpeg\" \/>\n<meta name=\"author\" content=\"ccaniene1892\" \/>\n<meta name=\"twitter:card\" content=\"summary_large_image\" \/>\n<meta name=\"twitter:label1\" content=\"Written by\" \/>\n\t<meta name=\"twitter:data1\" content=\"ccaniene1892\" \/>\n<script type=\"application\/ld+json\" class=\"yoast-schema-graph\">{\"@context\":\"https:\/\/schema.org\",\"@graph\":[{\"@type\":\"WebPage\",\"@id\":\"https:\/\/www.ccaniene.com\/en\/gara-internazionale-di-velocita\/\",\"url\":\"https:\/\/www.ccaniene.com\/en\/gara-internazionale-di-velocita\/\",\"name\":\"Gara Internazionale di velocit\u00e0 - Circolo Canottieri Aniene\",\"isPartOf\":{\"@id\":\"https:\/\/www.ccaniene.com\/it_it\/#website\"},\"primaryImageOfPage\":{\"@id\":\"https:\/\/www.ccaniene.com\/en\/gara-internazionale-di-velocita\/#primaryimage\"},\"image\":{\"@id\":\"https:\/\/www.ccaniene.com\/en\/gara-internazionale-di-velocita\/#primaryimage\"},\"thumbnailUrl\":\"https:\/\/www.ccaniene.com\/wp-content\/uploads\/2015\/04\/craciun-e1377893356473.jpg\",\"datePublished\":\"2015-04-14T02:55:40+00:00\",\"dateModified\":\"2015-04-14T02:55:40+00:00\",\"author\":{\"@id\":\"https:\/\/www.ccaniene.com\/it_it\/#\/schema\/person\/e9d8dc6c30c855799a336858c8ea05da\"},\"breadcrumb\":{\"@id\":\"https:\/\/www.ccaniene.com\/en\/gara-internazionale-di-velocita\/#breadcrumb\"},\"inLanguage\":\"en-GB\",\"potentialAction\":[{\"@type\":\"ReadAction\",\"target\":[\"https:\/\/www.ccaniene.com\/en\/gara-internazionale-di-velocita\/\"]}]},{\"@type\":\"ImageObject\",\"inLanguage\":\"en-GB\",\"@id\":\"https:\/\/www.ccaniene.com\/en\/gara-internazionale-di-velocita\/#primaryimage\",\"url\":\"https:\/\/www.ccaniene.com\/wp-content\/uploads\/2015\/04\/craciun-e1377893356473.jpg\",\"contentUrl\":\"https:\/\/www.ccaniene.com\/wp-content\/uploads\/2015\/04\/craciun-e1377893356473.jpg\",\"width\":684,\"height\":468},{\"@type\":\"BreadcrumbList\",\"@id\":\"https:\/\/www.ccaniene.com\/en\/gara-internazionale-di-velocita\/#breadcrumb\",\"itemListElement\":[{\"@type\":\"ListItem\",\"position\":1,\"name\":\"Home\",\"item\":\"https:\/\/www.ccaniene.com\/it_it\/\"},{\"@type\":\"ListItem\",\"position\":2,\"name\":\"Gara Internazionale di velocit\u00e0\"}]},{\"@type\":\"WebSite\",\"@id\":\"https:\/\/www.ccaniene.com\/it_it\/#website\",\"url\":\"https:\/\/www.ccaniene.com\/it_it\/\",\"name\":\"Circolo Canottieri Aniene\",\"description\":\"Collare d&#039;Oro e Stella d&#039;Oro al Merito Sportivo\",\"potentialAction\":[{\"@type\":\"SearchAction\",\"target\":{\"@type\":\"EntryPoint\",\"urlTemplate\":\"https:\/\/www.ccaniene.com\/it_it\/?s={search_term_string}\"},\"query-input\":{\"@type\":\"PropertyValueSpecification\",\"valueRequired\":true,\"valueName\":\"search_term_string\"}}],\"inLanguage\":\"en-GB\"},{\"@type\":\"Person\",\"@id\":\"https:\/\/www.ccaniene.com\/it_it\/#\/schema\/person\/e9d8dc6c30c855799a336858c8ea05da\",\"name\":\"ccaniene1892\",\"image\":{\"@type\":\"ImageObject\",\"inLanguage\":\"en-GB\",\"@id\":\"https:\/\/www.ccaniene.com\/it_it\/#\/schema\/person\/image\/\",\"url\":\"https:\/\/secure.gravatar.com\/avatar\/3458910e74e84c55d38369b8a2dd355c?s=96&d=mm&r=g\",\"contentUrl\":\"https:\/\/secure.gravatar.com\/avatar\/3458910e74e84c55d38369b8a2dd355c?s=96&d=mm&r=g\",\"caption\":\"ccaniene1892\"},\"url\":\"https:\/\/www.ccaniene.com\/en\/author\/ccaniene1892\/\"}]}<\/script>\n<!-- \/ Yoast SEO plugin. -->","yoast_head_json":{"title":"Gara Internazionale di velocit\u00e0 - Circolo Canottieri Aniene","robots":{"index":"index","follow":"follow","max-snippet":"max-snippet:-1","max-image-preview":"max-image-preview:large","max-video-preview":"max-video-preview:-1"},"canonical":"https:\/\/www.ccaniene.com\/en\/gara-internazionale-di-velocita\/","og_locale":"en_GB","og_type":"article","og_title":"Gara Internazionale di velocit\u00e0 - Circolo Canottieri Aniene","og_description":"Di seguito i risultati della gara internazionale di velocit\u00e0 che si \u00e8 svolta a Mantova e l&#8217;11 e 12 aprile e valida come selezione della squadra senior: CRACIUN NICOLAE:Medaglia d\u2019Oro nel C1 200 m. Senior Medaglia d\u2019Oro nel C1 500 m. Senior Medaglia d\u2019Oro nel C4 1.000 m. Senior NOLE\u2019 FEDERICA: Medaglia d\u2019Oro nel K4 [&hellip;]","og_url":"https:\/\/www.ccaniene.com\/en\/gara-internazionale-di-velocita\/","og_site_name":"Circolo Canottieri Aniene","article_published_time":"2015-04-14T02:55:40+00:00","og_image":[{"width":684,"height":468,"url":"https:\/\/www.ccaniene.com\/wp-content\/uploads\/2015\/04\/craciun-e1377893356473.jpg","type":"image\/jpeg"}],"author":"ccaniene1892","twitter_card":"summary_large_image","twitter_misc":{"Written by":"ccaniene1892"},"schema":{"@context":"https:\/\/schema.org","@graph":[{"@type":"WebPage","@id":"https:\/\/www.ccaniene.com\/en\/gara-internazionale-di-velocita\/","url":"https:\/\/www.ccaniene.com\/en\/gara-internazionale-di-velocita\/","name":"Gara Internazionale di velocit\u00e0 - Circolo Canottieri Aniene","isPartOf":{"@id":"https:\/\/www.ccaniene.com\/it_it\/#website"},"primaryImageOfPage":{"@id":"https:\/\/www.ccaniene.com\/en\/gara-internazionale-di-velocita\/#primaryimage"},"image":{"@id":"https:\/\/www.ccaniene.com\/en\/gara-internazionale-di-velocita\/#primaryimage"},"thumbnailUrl":"https:\/\/www.ccaniene.com\/wp-content\/uploads\/2015\/04\/craciun-e1377893356473.jpg","datePublished":"2015-04-14T02:55:40+00:00","dateModified":"2015-04-14T02:55:40+00:00","author":{"@id":"https:\/\/www.ccaniene.com\/it_it\/#\/schema\/person\/e9d8dc6c30c855799a336858c8ea05da"},"breadcrumb":{"@id":"https:\/\/www.ccaniene.com\/en\/gara-internazionale-di-velocita\/#breadcrumb"},"inLanguage":"en-GB","potentialAction":[{"@type":"ReadAction","target":["https:\/\/www.ccaniene.com\/en\/gara-internazionale-di-velocita\/"]}]},{"@type":"ImageObject","inLanguage":"en-GB","@id":"https:\/\/www.ccaniene.com\/en\/gara-internazionale-di-velocita\/#primaryimage","url":"https:\/\/www.ccaniene.com\/wp-content\/uploads\/2015\/04\/craciun-e1377893356473.jpg","contentUrl":"https:\/\/www.ccaniene.com\/wp-content\/uploads\/2015\/04\/craciun-e1377893356473.jpg","width":684,"height":468},{"@type":"BreadcrumbList","@id":"https:\/\/www.ccaniene.com\/en\/gara-internazionale-di-velocita\/#breadcrumb","itemListElement":[{"@type":"ListItem","position":1,"name":"Home","item":"https:\/\/www.ccaniene.com\/it_it\/"},{"@type":"ListItem","position":2,"name":"Gara Internazionale di velocit\u00e0"}]},{"@type":"WebSite","@id":"https:\/\/www.ccaniene.com\/it_it\/#website","url":"https:\/\/www.ccaniene.com\/it_it\/","name":"Circolo Canottieri Aniene","description":"Collare d&#039;Oro e Stella d&#039;Oro al Merito Sportivo","potentialAction":[{"@type":"SearchAction","target":{"@type":"EntryPoint","urlTemplate":"https:\/\/www.ccaniene.com\/it_it\/?s={search_term_string}"},"query-input":{"@type":"PropertyValueSpecification","valueRequired":true,"valueName":"search_term_string"}}],"inLanguage":"en-GB"},{"@type":"Person","@id":"https:\/\/www.ccaniene.com\/it_it\/#\/schema\/person\/e9d8dc6c30c855799a336858c8ea05da","name":"ccaniene1892","image":{"@type":"ImageObject","inLanguage":"en-GB","@id":"https:\/\/www.ccaniene.com\/it_it\/#\/schema\/person\/image\/","url":"https:\/\/secure.gravatar.com\/avatar\/3458910e74e84c55d38369b8a2dd355c?s=96&d=mm&r=g","contentUrl":"https:\/\/secure.gravatar.com\/avatar\/3458910e74e84c55d38369b8a2dd355c?s=96&d=mm&r=g","caption":"ccaniene1892"},"url":"https:\/\/www.ccaniene.com\/en\/author\/ccaniene1892\/"}]}},"_links":{"self":[{"href":"https:\/\/www.ccaniene.com\/en\/wp-json\/wp\/v2\/posts\/7756"}],"collection":[{"href":"https:\/\/www.ccaniene.com\/en\/wp-json\/wp\/v2\/posts"}],"about":[{"href":"https:\/\/www.ccaniene.com\/en\/wp-json\/wp\/v2\/types\/post"}],"author":[{"embeddable":true,"href":"https:\/\/www.ccaniene.com\/en\/wp-json\/wp\/v2\/users\/6630"}],"replies":[{"embeddable":true,"href":"https:\/\/www.ccaniene.com\/en\/wp-json\/wp\/v2\/comments?post=7756"}],"version-history":[{"count":1,"href":"https:\/\/www.ccaniene.com\/en\/wp-json\/wp\/v2\/posts\/7756\/revisions"}],"predecessor-version":[{"id":7758,"href":"https:\/\/www.ccaniene.com\/en\/wp-json\/wp\/v2\/posts\/7756\/revisions\/7758"}],"wp:featuredmedia":[{"embeddable":true,"href":"https:\/\/www.ccaniene.com\/en\/wp-json\/wp\/v2\/media\/7757"}],"wp:attachment":[{"href":"https:\/\/www.ccaniene.com\/en\/wp-json\/wp\/v2\/media?parent=7756"}],"wp:term":[{"taxonomy":"category","embeddable":true,"href":"https:\/\/www.ccaniene.com\/en\/wp-json\/wp\/v2\/categories?post=7756"},{"taxonomy":"post_tag","embeddable":true,"href":"https:\/\/www.ccaniene.com\/en\/wp-json\/wp\/v2\/tags?post=7756"}],"curies":[{"name":"wp","href":"https:\/\/api.w.org\/{rel}","templated":true}]}}