{"id":770,"date":"2013-06-11T18:09:19","date_gmt":"2013-06-11T18:09:19","guid":{"rendered":""},"modified":"2013-06-11T18:09:19","modified_gmt":"2013-06-11T18:09:19","slug":"sezione-vela-daltura-goliardia-e-competizione-alla-brindisi-corfu-con-andrea-simi-a-co","status":"publish","type":"post","link":"https:\/\/www.ccaniene.com\/en\/sezione-vela-daltura-goliardia-e-competizione-alla-brindisi-corfu-con-andrea-simi-a-co\/","title":{"rendered":"Sezione Vela d&#8217;Altura: Goliardia e competizione alla Brindisi &#8211; Corf\u00f9 con Andrea Simi &#038; Co"},"content":{"rendered":"<p><img decoding=\"async\" src=\"http:\/\/www.ccaniene.com\/wp-content\/uploads\/brindisi-corf.jpg\" border=\"0\" width=\"200\" style=\"float: left;  margin-right: 8px;\" \/>L\u2019edizione numero 28 della Regata Internazionale Brindisi-Corf\u00f9, parte con il piede giusto per trasformarsi in volano alla candidatura di Lecce e Brindisi a Capitale Europea della Cultura 2019. Ideata al fine di contribuire ad avvicinare gli abitanti dell\u2019Europa tra di loro, la manifestazione Capitale Europea della Cultura \u00e8 un\u2019Azione Comunitaria volta a sottolineare la ricchezza, la diversit\u00e0 e gli aspetti comuni delle culture europee e a coadiuvare la comprensione reciproca fra cittadini europei.<\/p>\n<p><span style=\"font-size: 10px;\">A prendere il via, mercoled\u00ec mattina alle 13, un vero esempio di questa cultura : l&#8217;equipaggio &#8220;senior&#8221; del Circolo Canottieri Aniene rappresentato da un nucleo di velisti ed amici di sempre, compagni di molte avventure. Al comando di \u201cLeucothea&#8221; , un Odissey 473 del l&#8217;armatore Andrea Simi , socio del famoso Circolo romano, insieme ai consoci Aniene Giorgio Lora, Francesco Sorricchio di Valforte, Giovanni Pocaterra, Francesco de Sanctis, e gli amici Paolo Delfini, Mario Finzi e Andrea Narracci.<\/span><\/p>\n<p \/>\n<!--more-->\n<\/p>\n<p>&#8220;L&#8217;equipaggio di Leucothea \u00e8 schierato ai blocchi di partenza, senza alcuna velleit\u00e0 di competere con i campioni del TP52Aniene &#8211; proclama soddisfatto il grande Andrea Simi, campione sociale 2009 e 2011, grande chef e skipper dell&#8217;Odissey 473 &#8211; ed ha imbarcato una sessantina di bottiglie, tra bianchi, rossi e champagne millesimato in onore dell&#8217;Armatore che festegger\u00e0 a bordo il suo compleanno&#8221;<\/p>\n<p>Le previsioni meteo parlano di un vento in partenza sui venti nodi, ma sar\u00e0 il men\u00f9 a bordo a farla da padrone. Sono previsti &#8220;testaroli&#8221; al pesto, formaggi di fossa e salumi di produttori locali abruzzesi. Ai fornelli la sfida \u00e8 aperta, lo spirito \u00e8 quello giusto, la goliardia dei soci del Circolo Canottieri Aniene sar\u00e0 la vera marcia in pi\u00f9 in questa sfida nel mar Ionio alla volta di Kassiopi, festeggiando il 64\u00b0 sigillo del Comandante Simi. Forza Aniene e buon appetito!<\/p>\n<p>Non mancheranno le donne, mogli e compagne che saranno a Corf\u00f9 per festeggiare con i marinai d&#8217;altri tempi del sodalizio romano.<\/p>","protected":false},"excerpt":{"rendered":"<p>L\u2019edizione numero 28 della Regata Internazionale Brindisi-Corf\u00f9, parte con il piede giusto per trasformarsi in volano alla candidatura di Lecce e Brindisi a Capitale Europea della Cultura 2019. Ideata al fine di contribuire ad avvicinare gli abitanti dell\u2019Europa tra di loro, la manifestazione Capitale Europea della Cultura \u00e8 un\u2019Azione Comunitaria volta a sottolineare la ricchezza, [&hellip;]<\/p>","protected":false},"author":352,"featured_media":0,"comment_status":"open","ping_status":"closed","sticky":true,"template":"","format":"standard","meta":{"pmpro_default_level":0,"footnotes":"","_links_to":"","_links_to_target":""},"categories":[28],"tags":[],"class_list":["post-770","post","type-post","status-publish","format-standard","hentry","category-regate","pmpro-has-access"],"featured_image_urls":{},"appp_media":null,"yoast_head":"<!-- This site is optimized with the Yoast SEO plugin v23.6 - https:\/\/yoast.com\/wordpress\/plugins\/seo\/ -->\n<title>Sezione Vela d&#039;Altura: Goliardia e competizione alla Brindisi - Corf\u00f9 con Andrea Simi &amp; Co - Circolo Canottieri Aniene<\/title>\n<meta name=\"robots\" content=\"index, follow, max-snippet:-1, max-image-preview:large, max-video-preview:-1\" \/>\n<link rel=\"canonical\" href=\"https:\/\/www.ccaniene.com\/en\/sezione-vela-daltura-goliardia-e-competizione-alla-brindisi-corfu-con-andrea-simi-a-co\/\" \/>\n<meta property=\"og:locale\" content=\"en_GB\" \/>\n<meta property=\"og:type\" content=\"article\" \/>\n<meta property=\"og:title\" content=\"Sezione Vela d&#039;Altura: Goliardia e competizione alla Brindisi - Corf\u00f9 con Andrea Simi &amp; Co - Circolo Canottieri Aniene\" \/>\n<meta property=\"og:description\" content=\"L\u2019edizione numero 28 della Regata Internazionale Brindisi-Corf\u00f9, parte con il piede giusto per trasformarsi in volano alla candidatura di Lecce e Brindisi a Capitale Europea della Cultura 2019. Ideata al fine di contribuire ad avvicinare gli abitanti dell\u2019Europa tra di loro, la manifestazione Capitale Europea della Cultura \u00e8 un\u2019Azione Comunitaria volta a sottolineare la ricchezza, [&hellip;]\" \/>\n<meta property=\"og:url\" content=\"https:\/\/www.ccaniene.com\/en\/sezione-vela-daltura-goliardia-e-competizione-alla-brindisi-corfu-con-andrea-simi-a-co\/\" \/>\n<meta property=\"og:site_name\" content=\"Circolo Canottieri Aniene\" \/>\n<meta property=\"article:published_time\" content=\"2013-06-11T18:09:19+00:00\" \/>\n<meta property=\"og:image\" content=\"http:\/\/www.ccaniene.com\/wp-content\/uploads\/brindisi-corf.jpg\" \/>\n<meta name=\"twitter:card\" content=\"summary_large_image\" \/>\n<meta name=\"twitter:label1\" content=\"Written by\" \/>\n\t<meta name=\"twitter:data1\" content=\"\" \/>\n\t<meta name=\"twitter:label2\" content=\"Estimated reading time\" \/>\n\t<meta name=\"twitter:data2\" content=\"2 minutes\" \/>\n<script type=\"application\/ld+json\" class=\"yoast-schema-graph\">{\"@context\":\"https:\/\/schema.org\",\"@graph\":[{\"@type\":\"WebPage\",\"@id\":\"https:\/\/www.ccaniene.com\/it_it\/sezione-vela-daltura-goliardia-e-competizione-alla-brindisi-corfu-con-andrea-simi-a-co\/\",\"url\":\"https:\/\/www.ccaniene.com\/it_it\/sezione-vela-daltura-goliardia-e-competizione-alla-brindisi-corfu-con-andrea-simi-a-co\/\",\"name\":\"Sezione Vela d'Altura: Goliardia e competizione alla Brindisi - Corf\u00f9 con Andrea Simi & Co - Circolo Canottieri Aniene\",\"isPartOf\":{\"@id\":\"http:\/\/www.ccaniene.com\/it_it\/#website\"},\"primaryImageOfPage\":{\"@id\":\"https:\/\/www.ccaniene.com\/it_it\/sezione-vela-daltura-goliardia-e-competizione-alla-brindisi-corfu-con-andrea-simi-a-co\/#primaryimage\"},\"image\":{\"@id\":\"https:\/\/www.ccaniene.com\/it_it\/sezione-vela-daltura-goliardia-e-competizione-alla-brindisi-corfu-con-andrea-simi-a-co\/#primaryimage\"},\"thumbnailUrl\":\"http:\/\/www.ccaniene.com\/wp-content\/uploads\/brindisi-corf.jpg\",\"datePublished\":\"2013-06-11T18:09:19+00:00\",\"dateModified\":\"2013-06-11T18:09:19+00:00\",\"author\":{\"@id\":\"\"},\"breadcrumb\":{\"@id\":\"https:\/\/www.ccaniene.com\/it_it\/sezione-vela-daltura-goliardia-e-competizione-alla-brindisi-corfu-con-andrea-simi-a-co\/#breadcrumb\"},\"inLanguage\":\"en-GB\",\"potentialAction\":[{\"@type\":\"ReadAction\",\"target\":[\"https:\/\/www.ccaniene.com\/it_it\/sezione-vela-daltura-goliardia-e-competizione-alla-brindisi-corfu-con-andrea-simi-a-co\/\"]}]},{\"@type\":\"ImageObject\",\"inLanguage\":\"en-GB\",\"@id\":\"https:\/\/www.ccaniene.com\/it_it\/sezione-vela-daltura-goliardia-e-competizione-alla-brindisi-corfu-con-andrea-simi-a-co\/#primaryimage\",\"url\":\"http:\/\/www.ccaniene.com\/wp-content\/uploads\/brindisi-corf.jpg\",\"contentUrl\":\"http:\/\/www.ccaniene.com\/wp-content\/uploads\/brindisi-corf.jpg\"},{\"@type\":\"BreadcrumbList\",\"@id\":\"https:\/\/www.ccaniene.com\/it_it\/sezione-vela-daltura-goliardia-e-competizione-alla-brindisi-corfu-con-andrea-simi-a-co\/#breadcrumb\",\"itemListElement\":[{\"@type\":\"ListItem\",\"position\":1,\"name\":\"Home\",\"item\":\"http:\/\/www.ccaniene.com\/it_it\/\"},{\"@type\":\"ListItem\",\"position\":2,\"name\":\"Sezione Vela d&#8217;Altura: Goliardia e competizione alla Brindisi &#8211; Corf\u00f9 con Andrea Simi &#038; Co\"}]},{\"@type\":\"WebSite\",\"@id\":\"http:\/\/www.ccaniene.com\/it_it\/#website\",\"url\":\"http:\/\/www.ccaniene.com\/it_it\/\",\"name\":\"Circolo Canottieri Aniene\",\"description\":\"Collare d&#039;Oro e Stella d&#039;Oro al Merito Sportivo\",\"potentialAction\":[{\"@type\":\"SearchAction\",\"target\":{\"@type\":\"EntryPoint\",\"urlTemplate\":\"http:\/\/www.ccaniene.com\/it_it\/?s={search_term_string}\"},\"query-input\":{\"@type\":\"PropertyValueSpecification\",\"valueRequired\":true,\"valueName\":\"search_term_string\"}}],\"inLanguage\":\"en-GB\"},{\"@type\":\"Person\",\"@id\":\"\",\"url\":\"https:\/\/www.ccaniene.com\/en\/author\/\"}]}<\/script>\n<!-- \/ Yoast SEO plugin. -->","yoast_head_json":{"title":"Sezione Vela d'Altura: Goliardia e competizione alla Brindisi - Corf\u00f9 con Andrea Simi & Co - Circolo Canottieri Aniene","robots":{"index":"index","follow":"follow","max-snippet":"max-snippet:-1","max-image-preview":"max-image-preview:large","max-video-preview":"max-video-preview:-1"},"canonical":"https:\/\/www.ccaniene.com\/en\/sezione-vela-daltura-goliardia-e-competizione-alla-brindisi-corfu-con-andrea-simi-a-co\/","og_locale":"en_GB","og_type":"article","og_title":"Sezione Vela d'Altura: Goliardia e competizione alla Brindisi - Corf\u00f9 con Andrea Simi & Co - Circolo Canottieri Aniene","og_description":"L\u2019edizione numero 28 della Regata Internazionale Brindisi-Corf\u00f9, parte con il piede giusto per trasformarsi in volano alla candidatura di Lecce e Brindisi a Capitale Europea della Cultura 2019. Ideata al fine di contribuire ad avvicinare gli abitanti dell\u2019Europa tra di loro, la manifestazione Capitale Europea della Cultura \u00e8 un\u2019Azione Comunitaria volta a sottolineare la ricchezza, [&hellip;]","og_url":"https:\/\/www.ccaniene.com\/en\/sezione-vela-daltura-goliardia-e-competizione-alla-brindisi-corfu-con-andrea-simi-a-co\/","og_site_name":"Circolo Canottieri Aniene","article_published_time":"2013-06-11T18:09:19+00:00","og_image":[{"url":"http:\/\/www.ccaniene.com\/wp-content\/uploads\/brindisi-corf.jpg"}],"twitter_card":"summary_large_image","twitter_misc":{"Written by":"","Estimated reading time":"2 minutes"},"schema":{"@context":"https:\/\/schema.org","@graph":[{"@type":"WebPage","@id":"https:\/\/www.ccaniene.com\/it_it\/sezione-vela-daltura-goliardia-e-competizione-alla-brindisi-corfu-con-andrea-simi-a-co\/","url":"https:\/\/www.ccaniene.com\/it_it\/sezione-vela-daltura-goliardia-e-competizione-alla-brindisi-corfu-con-andrea-simi-a-co\/","name":"Sezione Vela d'Altura: Goliardia e competizione alla Brindisi - Corf\u00f9 con Andrea Simi & Co - Circolo Canottieri Aniene","isPartOf":{"@id":"http:\/\/www.ccaniene.com\/it_it\/#website"},"primaryImageOfPage":{"@id":"https:\/\/www.ccaniene.com\/it_it\/sezione-vela-daltura-goliardia-e-competizione-alla-brindisi-corfu-con-andrea-simi-a-co\/#primaryimage"},"image":{"@id":"https:\/\/www.ccaniene.com\/it_it\/sezione-vela-daltura-goliardia-e-competizione-alla-brindisi-corfu-con-andrea-simi-a-co\/#primaryimage"},"thumbnailUrl":"http:\/\/www.ccaniene.com\/wp-content\/uploads\/brindisi-corf.jpg","datePublished":"2013-06-11T18:09:19+00:00","dateModified":"2013-06-11T18:09:19+00:00","author":{"@id":""},"breadcrumb":{"@id":"https:\/\/www.ccaniene.com\/it_it\/sezione-vela-daltura-goliardia-e-competizione-alla-brindisi-corfu-con-andrea-simi-a-co\/#breadcrumb"},"inLanguage":"en-GB","potentialAction":[{"@type":"ReadAction","target":["https:\/\/www.ccaniene.com\/it_it\/sezione-vela-daltura-goliardia-e-competizione-alla-brindisi-corfu-con-andrea-simi-a-co\/"]}]},{"@type":"ImageObject","inLanguage":"en-GB","@id":"https:\/\/www.ccaniene.com\/it_it\/sezione-vela-daltura-goliardia-e-competizione-alla-brindisi-corfu-con-andrea-simi-a-co\/#primaryimage","url":"http:\/\/www.ccaniene.com\/wp-content\/uploads\/brindisi-corf.jpg","contentUrl":"http:\/\/www.ccaniene.com\/wp-content\/uploads\/brindisi-corf.jpg"},{"@type":"BreadcrumbList","@id":"https:\/\/www.ccaniene.com\/it_it\/sezione-vela-daltura-goliardia-e-competizione-alla-brindisi-corfu-con-andrea-simi-a-co\/#breadcrumb","itemListElement":[{"@type":"ListItem","position":1,"name":"Home","item":"http:\/\/www.ccaniene.com\/it_it\/"},{"@type":"ListItem","position":2,"name":"Sezione Vela d&#8217;Altura: Goliardia e competizione alla Brindisi &#8211; Corf\u00f9 con Andrea Simi &#038; Co"}]},{"@type":"WebSite","@id":"http:\/\/www.ccaniene.com\/it_it\/#website","url":"http:\/\/www.ccaniene.com\/it_it\/","name":"Circolo Canottieri Aniene","description":"Collare d&#039;Oro e Stella d&#039;Oro al Merito Sportivo","potentialAction":[{"@type":"SearchAction","target":{"@type":"EntryPoint","urlTemplate":"http:\/\/www.ccaniene.com\/it_it\/?s={search_term_string}"},"query-input":{"@type":"PropertyValueSpecification","valueRequired":true,"valueName":"search_term_string"}}],"inLanguage":"en-GB"},{"@type":"Person","@id":"","url":"https:\/\/www.ccaniene.com\/en\/author\/"}]}},"_links":{"self":[{"href":"https:\/\/www.ccaniene.com\/en\/wp-json\/wp\/v2\/posts\/770"}],"collection":[{"href":"https:\/\/www.ccaniene.com\/en\/wp-json\/wp\/v2\/posts"}],"about":[{"href":"https:\/\/www.ccaniene.com\/en\/wp-json\/wp\/v2\/types\/post"}],"author":[{"embeddable":true,"href":"https:\/\/www.ccaniene.com\/en\/wp-json\/wp\/v2\/users\/352"}],"replies":[{"embeddable":true,"href":"https:\/\/www.ccaniene.com\/en\/wp-json\/wp\/v2\/comments?post=770"}],"version-history":[{"count":0,"href":"https:\/\/www.ccaniene.com\/en\/wp-json\/wp\/v2\/posts\/770\/revisions"}],"wp:attachment":[{"href":"https:\/\/www.ccaniene.com\/en\/wp-json\/wp\/v2\/media?parent=770"}],"wp:term":[{"taxonomy":"category","embeddable":true,"href":"https:\/\/www.ccaniene.com\/en\/wp-json\/wp\/v2\/categories?post=770"},{"taxonomy":"post_tag","embeddable":true,"href":"https:\/\/www.ccaniene.com\/en\/wp-json\/wp\/v2\/tags?post=770"}],"curies":[{"name":"wp","href":"https:\/\/api.w.org\/{rel}","templated":true}]}}