{"id":760,"date":"2013-06-05T06:35:41","date_gmt":"2013-06-05T06:35:41","guid":{"rendered":""},"modified":"2013-06-05T06:35:41","modified_gmt":"2013-06-05T06:35:41","slug":"nuoto-adaptive-campionati-italiani-di-societa-finp","status":"publish","type":"post","link":"https:\/\/www.ccaniene.com\/en\/nuoto-adaptive-campionati-italiani-di-societa-finp\/","title":{"rendered":"NUOTO ADAPTIVE: Campionati Italiani di Societ\u00e0 FINP"},"content":{"rendered":"<p> <img decoding=\"async\" src=\"http:\/\/www.ccaniene.com\/wp-content\/uploads\/finp.jpg\" border=\"0\" width=\"200\" style=\"float: left; margin-right: 8px;\" \/>Questo fine settimana a Roma, presso il Salaria Sport Village, si svolgeranno i Campionati Italiani di Societ\u00e0 FINP.<\/p>\n<div \/>La Squadra del<strong> Circolo Canottieri Aniene<\/strong>, allenata da Daniele Naldi e Massimiliano Recchi, sar\u00e0 rappresentata da ben 26 atleti che scenderanno in acqua nelle varie specialit\u00e0:<br \/>\n<!--more--><\/p>\n<div> <\/p>\n<table border=\"0\" cellspacing=\"8\" align=\"center\">\n<tbody>\n<tr>\n<td>L. Aglioti<\/td>\n<td>F. D&#8217;Ippolito<\/td>\n<td>A. Palantrani<\/td>\n<\/tr>\n<tr>\n<td>A. Ahmethodzic<\/td>\n<td>R.V. Di Luca<\/td>\n<td>An. Palantrani<\/td>\n<\/tr>\n<tr>\n<td>F. Bassani<\/td>\n<td>M. Ferrari<\/td>\n<td>A. Pavan<\/td>\n<\/tr>\n<tr>\n<td>G. V. Bazdoaca<\/td>\n<td>L. Fratoni<\/td>\n<td>S. Poliseno<\/td>\n<\/tr>\n<tr>\n<td>N. Bensi<\/td>\n<td>L. Galimberti<\/td>\n<td>Y. Prezzi<\/td>\n<\/tr>\n<tr>\n<td>I. Cerasuolo<\/td>\n<td>D. Gnesini<\/td>\n<td>G. Rossomando<\/td>\n<\/tr>\n<tr>\n<td>S. Cesaroni<\/td>\n<td>M. Mango<\/td>\n<td>F. Rubino<\/td>\n<\/tr>\n<tr>\n<td>S. Chiarioni<\/td>\n<td>V. Micunco<\/td>\n<td>T. Schettino<\/td>\n<\/tr>\n<tr>\n<td>S. Cimmino<\/td>\n<td>D. Motta<\/td>\n<td><\/td>\n<\/tr>\n<\/tbody>\n<\/table>\n<p><\/div>\n<\/div>","protected":false},"excerpt":{"rendered":"<p>Questo fine settimana a Roma, presso il Salaria Sport Village, si svolgeranno i Campionati Italiani di Societ\u00e0 FINP. La Squadra del Circolo Canottieri Aniene, allenata da Daniele Naldi e Massimiliano Recchi, sar\u00e0 rappresentata da ben 26 atleti che scenderanno in acqua nelle varie specialit\u00e0:<\/p>","protected":false},"author":352,"featured_media":0,"comment_status":"open","ping_status":"closed","sticky":true,"template":"","format":"standard","meta":{"pmpro_default_level":0,"footnotes":"","_links_to":"","_links_to_target":""},"categories":[11],"tags":[],"class_list":["post-760","post","type-post","status-publish","format-standard","hentry","category-nuoto","pmpro-has-access"],"featured_image_urls":{},"appp_media":null,"yoast_head":"<!-- This site is optimized with the Yoast SEO plugin v23.6 - https:\/\/yoast.com\/wordpress\/plugins\/seo\/ -->\n<title>NUOTO ADAPTIVE: Campionati Italiani di Societ\u00e0 FINP - Circolo Canottieri Aniene<\/title>\n<meta name=\"robots\" content=\"index, follow, max-snippet:-1, max-image-preview:large, max-video-preview:-1\" \/>\n<link rel=\"canonical\" href=\"http:\/\/www.ccaniene.com\/en\/nuoto-adaptive-campionati-italiani-di-societa-finp\/\" \/>\n<meta property=\"og:locale\" content=\"en_GB\" \/>\n<meta property=\"og:type\" content=\"article\" \/>\n<meta property=\"og:title\" content=\"NUOTO ADAPTIVE: Campionati Italiani di Societ\u00e0 FINP - Circolo Canottieri Aniene\" \/>\n<meta property=\"og:description\" content=\"Questo fine settimana a Roma, presso il Salaria Sport Village, si svolgeranno i Campionati Italiani di Societ\u00e0 FINP. La Squadra del Circolo Canottieri Aniene, allenata da Daniele Naldi e Massimiliano Recchi, sar\u00e0 rappresentata da ben 26 atleti che scenderanno in acqua nelle varie specialit\u00e0:\" \/>\n<meta property=\"og:url\" content=\"http:\/\/www.ccaniene.com\/en\/nuoto-adaptive-campionati-italiani-di-societa-finp\/\" \/>\n<meta property=\"og:site_name\" content=\"Circolo Canottieri Aniene\" \/>\n<meta property=\"article:published_time\" content=\"2013-06-05T06:35:41+00:00\" \/>\n<meta property=\"og:image\" content=\"http:\/\/www.ccaniene.com\/wp-content\/uploads\/finp.jpg\" \/>\n<meta name=\"twitter:card\" content=\"summary_large_image\" \/>\n<meta name=\"twitter:label1\" content=\"Written by\" \/>\n\t<meta name=\"twitter:data1\" content=\"\" \/>\n<script type=\"application\/ld+json\" class=\"yoast-schema-graph\">{\"@context\":\"https:\/\/schema.org\",\"@graph\":[{\"@type\":\"WebPage\",\"@id\":\"http:\/\/www.ccaniene.com\/en\/nuoto-adaptive-campionati-italiani-di-societa-finp\/\",\"url\":\"http:\/\/www.ccaniene.com\/en\/nuoto-adaptive-campionati-italiani-di-societa-finp\/\",\"name\":\"NUOTO ADAPTIVE: Campionati Italiani di Societ\u00e0 FINP - Circolo Canottieri Aniene\",\"isPartOf\":{\"@id\":\"http:\/\/www.ccaniene.com\/it_it\/#website\"},\"primaryImageOfPage\":{\"@id\":\"http:\/\/www.ccaniene.com\/en\/nuoto-adaptive-campionati-italiani-di-societa-finp\/#primaryimage\"},\"image\":{\"@id\":\"http:\/\/www.ccaniene.com\/en\/nuoto-adaptive-campionati-italiani-di-societa-finp\/#primaryimage\"},\"thumbnailUrl\":\"http:\/\/www.ccaniene.com\/wp-content\/uploads\/finp.jpg\",\"datePublished\":\"2013-06-05T06:35:41+00:00\",\"dateModified\":\"2013-06-05T06:35:41+00:00\",\"author\":{\"@id\":\"\"},\"breadcrumb\":{\"@id\":\"http:\/\/www.ccaniene.com\/en\/nuoto-adaptive-campionati-italiani-di-societa-finp\/#breadcrumb\"},\"inLanguage\":\"en-GB\",\"potentialAction\":[{\"@type\":\"ReadAction\",\"target\":[\"http:\/\/www.ccaniene.com\/en\/nuoto-adaptive-campionati-italiani-di-societa-finp\/\"]}]},{\"@type\":\"ImageObject\",\"inLanguage\":\"en-GB\",\"@id\":\"http:\/\/www.ccaniene.com\/en\/nuoto-adaptive-campionati-italiani-di-societa-finp\/#primaryimage\",\"url\":\"http:\/\/www.ccaniene.com\/wp-content\/uploads\/finp.jpg\",\"contentUrl\":\"http:\/\/www.ccaniene.com\/wp-content\/uploads\/finp.jpg\"},{\"@type\":\"BreadcrumbList\",\"@id\":\"http:\/\/www.ccaniene.com\/en\/nuoto-adaptive-campionati-italiani-di-societa-finp\/#breadcrumb\",\"itemListElement\":[{\"@type\":\"ListItem\",\"position\":1,\"name\":\"Home\",\"item\":\"http:\/\/www.ccaniene.com\/it_it\/\"},{\"@type\":\"ListItem\",\"position\":2,\"name\":\"NUOTO ADAPTIVE: Campionati Italiani di Societ\u00e0 FINP\"}]},{\"@type\":\"WebSite\",\"@id\":\"http:\/\/www.ccaniene.com\/it_it\/#website\",\"url\":\"http:\/\/www.ccaniene.com\/it_it\/\",\"name\":\"Circolo Canottieri Aniene\",\"description\":\"Collare d&#039;Oro e Stella d&#039;Oro al Merito Sportivo\",\"potentialAction\":[{\"@type\":\"SearchAction\",\"target\":{\"@type\":\"EntryPoint\",\"urlTemplate\":\"http:\/\/www.ccaniene.com\/it_it\/?s={search_term_string}\"},\"query-input\":{\"@type\":\"PropertyValueSpecification\",\"valueRequired\":true,\"valueName\":\"search_term_string\"}}],\"inLanguage\":\"en-GB\"},{\"@type\":\"Person\",\"@id\":\"\",\"url\":\"https:\/\/www.ccaniene.com\/en\/author\/\"}]}<\/script>\n<!-- \/ Yoast SEO plugin. -->","yoast_head_json":{"title":"NUOTO ADAPTIVE: Campionati Italiani di Societ\u00e0 FINP - Circolo Canottieri Aniene","robots":{"index":"index","follow":"follow","max-snippet":"max-snippet:-1","max-image-preview":"max-image-preview:large","max-video-preview":"max-video-preview:-1"},"canonical":"http:\/\/www.ccaniene.com\/en\/nuoto-adaptive-campionati-italiani-di-societa-finp\/","og_locale":"en_GB","og_type":"article","og_title":"NUOTO ADAPTIVE: Campionati Italiani di Societ\u00e0 FINP - Circolo Canottieri Aniene","og_description":"Questo fine settimana a Roma, presso il Salaria Sport Village, si svolgeranno i Campionati Italiani di Societ\u00e0 FINP. La Squadra del Circolo Canottieri Aniene, allenata da Daniele Naldi e Massimiliano Recchi, sar\u00e0 rappresentata da ben 26 atleti che scenderanno in acqua nelle varie specialit\u00e0:","og_url":"http:\/\/www.ccaniene.com\/en\/nuoto-adaptive-campionati-italiani-di-societa-finp\/","og_site_name":"Circolo Canottieri Aniene","article_published_time":"2013-06-05T06:35:41+00:00","og_image":[{"url":"http:\/\/www.ccaniene.com\/wp-content\/uploads\/finp.jpg"}],"twitter_card":"summary_large_image","twitter_misc":{"Written by":""},"schema":{"@context":"https:\/\/schema.org","@graph":[{"@type":"WebPage","@id":"http:\/\/www.ccaniene.com\/en\/nuoto-adaptive-campionati-italiani-di-societa-finp\/","url":"http:\/\/www.ccaniene.com\/en\/nuoto-adaptive-campionati-italiani-di-societa-finp\/","name":"NUOTO ADAPTIVE: Campionati Italiani di Societ\u00e0 FINP - Circolo Canottieri Aniene","isPartOf":{"@id":"http:\/\/www.ccaniene.com\/it_it\/#website"},"primaryImageOfPage":{"@id":"http:\/\/www.ccaniene.com\/en\/nuoto-adaptive-campionati-italiani-di-societa-finp\/#primaryimage"},"image":{"@id":"http:\/\/www.ccaniene.com\/en\/nuoto-adaptive-campionati-italiani-di-societa-finp\/#primaryimage"},"thumbnailUrl":"http:\/\/www.ccaniene.com\/wp-content\/uploads\/finp.jpg","datePublished":"2013-06-05T06:35:41+00:00","dateModified":"2013-06-05T06:35:41+00:00","author":{"@id":""},"breadcrumb":{"@id":"http:\/\/www.ccaniene.com\/en\/nuoto-adaptive-campionati-italiani-di-societa-finp\/#breadcrumb"},"inLanguage":"en-GB","potentialAction":[{"@type":"ReadAction","target":["http:\/\/www.ccaniene.com\/en\/nuoto-adaptive-campionati-italiani-di-societa-finp\/"]}]},{"@type":"ImageObject","inLanguage":"en-GB","@id":"http:\/\/www.ccaniene.com\/en\/nuoto-adaptive-campionati-italiani-di-societa-finp\/#primaryimage","url":"http:\/\/www.ccaniene.com\/wp-content\/uploads\/finp.jpg","contentUrl":"http:\/\/www.ccaniene.com\/wp-content\/uploads\/finp.jpg"},{"@type":"BreadcrumbList","@id":"http:\/\/www.ccaniene.com\/en\/nuoto-adaptive-campionati-italiani-di-societa-finp\/#breadcrumb","itemListElement":[{"@type":"ListItem","position":1,"name":"Home","item":"http:\/\/www.ccaniene.com\/it_it\/"},{"@type":"ListItem","position":2,"name":"NUOTO ADAPTIVE: Campionati Italiani di Societ\u00e0 FINP"}]},{"@type":"WebSite","@id":"http:\/\/www.ccaniene.com\/it_it\/#website","url":"http:\/\/www.ccaniene.com\/it_it\/","name":"Circolo Canottieri Aniene","description":"Collare d&#039;Oro e Stella d&#039;Oro al Merito Sportivo","potentialAction":[{"@type":"SearchAction","target":{"@type":"EntryPoint","urlTemplate":"http:\/\/www.ccaniene.com\/it_it\/?s={search_term_string}"},"query-input":{"@type":"PropertyValueSpecification","valueRequired":true,"valueName":"search_term_string"}}],"inLanguage":"en-GB"},{"@type":"Person","@id":"","url":"https:\/\/www.ccaniene.com\/en\/author\/"}]}},"_links":{"self":[{"href":"https:\/\/www.ccaniene.com\/en\/wp-json\/wp\/v2\/posts\/760"}],"collection":[{"href":"https:\/\/www.ccaniene.com\/en\/wp-json\/wp\/v2\/posts"}],"about":[{"href":"https:\/\/www.ccaniene.com\/en\/wp-json\/wp\/v2\/types\/post"}],"author":[{"embeddable":true,"href":"https:\/\/www.ccaniene.com\/en\/wp-json\/wp\/v2\/users\/352"}],"replies":[{"embeddable":true,"href":"https:\/\/www.ccaniene.com\/en\/wp-json\/wp\/v2\/comments?post=760"}],"version-history":[{"count":0,"href":"https:\/\/www.ccaniene.com\/en\/wp-json\/wp\/v2\/posts\/760\/revisions"}],"wp:attachment":[{"href":"https:\/\/www.ccaniene.com\/en\/wp-json\/wp\/v2\/media?parent=760"}],"wp:term":[{"taxonomy":"category","embeddable":true,"href":"https:\/\/www.ccaniene.com\/en\/wp-json\/wp\/v2\/categories?post=760"},{"taxonomy":"post_tag","embeddable":true,"href":"https:\/\/www.ccaniene.com\/en\/wp-json\/wp\/v2\/tags?post=760"}],"curies":[{"name":"wp","href":"https:\/\/api.w.org\/{rel}","templated":true}]}}