{"id":7405,"date":"2015-02-04T04:30:39","date_gmt":"2015-02-04T03:30:39","guid":{"rendered":"https:\/\/www.ccaniene.com\/?p=7405"},"modified":"2015-02-04T04:30:39","modified_gmt":"2015-02-04T03:30:39","slug":"giulia-conti-e-dargento-allisaf-sailing-world-cup-di-miami","status":"publish","type":"post","link":"https:\/\/www.ccaniene.com\/en\/giulia-conti-e-dargento-allisaf-sailing-world-cup-di-miami\/","title":{"rendered":"Giulia Conti \u00e8 d\u2019Argento all\u2019Isaf Sailing World Cup di Miami"},"content":{"rendered":"<p>Si \u00e8 chiusa la tappa statunitense dell\u2019ISAF Sailing World Cup, il circuito mondiale delle classi olimpiche che per sei giorni ha dato spettacolo nelle acque della Baia di Biscayne. La \u201cflotta\u201d del Circolo Canottieri Aniene, torna a casa con dei buoni progressi per alcuni componenti del gruppo, ma a brillare d\u2019argento, ancora una volta ai vertici nella loro classe la coppia azzurra Giulia Conti e Francesca Clapcich ha ottenuto una seconda medaglia, grazie alla prestazione fantastica nella classe 49er FX. Le due azzurre, gi\u00e0 bronzo ai Mondiali di Santander, hanno difeso alla grande la seconda posizione, vincendo addirittura la Medal Race della classe 49er FX, davanti alle avversarie dirette, le campionesse mondiali in carica, il duetto brasiliano Grael-Kunze: meritatissima medaglia d\u2019argento, quindi, un altro traguardo di rilievo ottenuto dalle due ragazze. <\/p>\n<p>Il processo di allenamento e di convinzione nelle proprie qualit\u00e0 della coppia \u201cargentata\u201d sta consolidando ai vertici mondiale la coppia Conti &#8211; Clpacich e proprio dalle parole  di Giulia, arrivano quei segnali che una campionessa conserva nel proprio dna: \u201c Sono molto soddisfatta del risultato, di come siamo riuscite ad arrivare alla medal race, vincendola, con la giusta concentrazione e consapevoli delle nostre potenzialit\u00e0. Il lavoro svolto in questi mesi \u00e8 la base che ci serve per rimanere a questi livelli, stiamo entrando nella fase pi\u00f9 importante di questo quadriennio, siamo pronte per tornare in acqua ad allenarci, anche se mancano 70 giorni al prossimi grande evento.\u201d<\/p>\n<p>Questi i risultati finali delle regate di Miami:<br \/>\nNacra 17 1.Vittorio Bissaro-Silvia Sicouri (primi nella Medal); 2.Ben Saxton-Nicola Groves(GBR); 3.Billy Besson-Marie Riou (FRA); 16.Lorenzo Bressani-Giovanna Micol; 28.Federica Salv\u00e0-Francesco Bianchi.<\/p>\n<p>49er 1.Nico Delle Karth-Nikolaus Resch (AUT); 2.Joel Turner-Iain Jensen (AUS); 3.Jonas Warrer-Anders Thomsen (DEN); 15.Ruggero Tita-Giacomo Cavalli; 25.Giuseppe Angilella-Pietro Zucchetti; 26.Luca Dubbini-Roberto Dubbini; 31.Jacopo Plazzi-Umberto Molineris; 36.Stefano Cherin-Andrea Tesei.<\/p>\n<p>49er FX 1.Alexandra Maloney-Molly Meech (NZL); 2.Giulia Conti-Francesca Clapcich; 3.Martine Soffiatti Grael-Kahena Kunze (BRA).<\/p>\n<p>RS:X M 1.Dorian Van Rijsselberge (NED); 2.Thomas Goyard (FRA); 3.Byron Kokkalanis (GRE); 10.Mattia Camboni (decimo nella Medal); 16.Daniele Benedetti; 28.Marco Baglione; 32.Federico Esposito.<\/p>\n<p>RS:X F 1.Bryony Shaw (GBR); 2.Lilian DeGeus (NED); 3.Olga Maslivets (RUS); 4.Flavia Tartaglini (OCS nella Medal); 13.Marta Maggetti; 14.Laura Linares; 23.Veronica Fanciulli.<\/p>\n<p>Finn 1.Giles Scott (GBR); 2.Ivan Gaspic (CRO); 3.Jake Lilley (AUS); 8.Michele Paoletti (sesto nella Medal); 12.Giorgio Poggi; 32.Lanfranco Cirillo.<\/p>\n<p>Laser Standard 1.Philip Buhl (GER); 2.Nick Thompson (GBR); 3.Matthew Wearn (AUS); 17.Giovanni Coccoluto; 30.Marco Gallo; 32.Francesco Marrai; 49.Alessio Spadoni; 51.Michele Benamati.<\/p>\n<p>Laser Radial 1.Anne Marie Rindom (DEN); 2.Evi Van Acker (BEL); 3.Marit Bouwmeester (NED); 19.Silvia Zennaro; 21.Joyce Floridia; 33.Laura Cosentino; 40.Martha Faraguna.<\/p>\n<p>470 M 1.Luke Patience-Elliot Willis (GBR); 2.Mathew Belcher-William Ryan (AUS); 3.Onan Barreiros-Juan Curbero Cabrera (ESP); 23.Simon Sivitiz Kosuta-Jas Farneti; 36.Matteo Pilati-Francesco Rubagotti.<\/p>\n<p>470 F 1.Jo Aleh-Polly Powrie (NZL); 2.Hannah Mills-Saskia Clark (GBR); 3.Ai Kondo Yoshida-Miho Yoshioka (JPN); 24.Roberta Caputo-Alice Sinno; 25.Elena Berta-Giulia Paolillo.<\/p>\n<p>Skud 18 1.Dan Fitzgibbon-Liesl Tesch (AUS); 2.Alexandra Rickham-Niki Birrell (GBR); 3.Marco Gualandris-Marta Zanetti.<\/p>\n<p>2.4 1.Bjornar Erikstad (NOR); 2.Megan Pascoe (GBR); 3.Allan Leibel (CAN).<\/p>\n<p>Sonar 1.Hansen-Kristiansen-Solberg (NOR); 2.Doerr-Kendell-Freund (USA); 3.Tingley-Campbell-Lutes (CAN).<\/p>\n<p>Miami \u00e8 stato l\u2019ultimo evento prima della release della Ranking List ISAF del 2 febbraio che determiner\u00e0 gli accessi alla tappa di Coppa del mondo di Hyeres con la quale entrer\u00e0 in vigore il nuovo sistema di restrizione degli accessi alle tappe di World Cup.<\/p>\n<p>Ad affiancare il team olimpico dell\u2019 Aniene il Gruppo Salini Impregilo che  \u00e8 diventato un player mondiale attivo nella realizzazione di grandi infrastrutture complesse in molteplici  settori : dalle Dighe e Impianti Idroelettrici agli Aeroporti e Autostrade, Ferrovie e Metropolitane.<br \/>\n<a href=\"\/en\/www.salini-impregilo.com\/\" target=\"_blank\">www.salini-impregilo.com<\/a><\/p>\n<p><a href=\"http:\/\/www.sailing.org\/worldcup\/results\/index.php\" target=\"_blank\">http:\/\/www.sailing.org\/worldcup\/results\/index.php<\/a><br \/>\n<a href=\"\/en\/www.federvela.it\/\" target=\"_blank\">www.federvela.it<\/a><br \/>\n<a href=\"\/en\/www.ccaniene.com\/\" target=\"_blank\">www.ccaniene.com<\/a> <\/p>","protected":false},"excerpt":{"rendered":"<p>Si \u00e8 chiusa la tappa statunitense dell\u2019ISAF Sailing World Cup, il circuito mondiale delle classi olimpiche che per sei giorni ha dato spettacolo nelle acque della Baia di Biscayne. La \u201cflotta\u201d del Circolo Canottieri Aniene, torna a casa con dei buoni progressi per alcuni componenti del gruppo, ma a brillare d\u2019argento, ancora una volta ai [&hellip;]<\/p>","protected":false},"author":4667,"featured_media":7406,"comment_status":"open","ping_status":"closed","sticky":false,"template":"","format":"standard","meta":{"pmpro_default_level":0,"footnotes":"","_links_to":"","_links_to_target":""},"categories":[2,32,26],"tags":[],"class_list":["post-7405","post","type-post","status-publish","format-standard","has-post-thumbnail","hentry","category-in-evidenza","category-slider","category-vela","pmpro-has-access"],"featured_image_urls":{"woocommerce_thumbnail":"https:\/\/www.ccaniene.com\/wp-content\/uploads\/2015\/02\/conti-clapcich_49er_fx_2-300x300.jpg","woocommerce_gallery_thumbnail":"https:\/\/www.ccaniene.com\/wp-content\/uploads\/2015\/02\/conti-clapcich_49er_fx_2-100x100.jpg","woocommerce_single":"https:\/\/www.ccaniene.com\/wp-content\/uploads\/2015\/02\/conti-clapcich_49er_fx_2-600x415.jpg","medium":"https:\/\/www.ccaniene.com\/wp-content\/uploads\/2015\/02\/conti-clapcich_49er_fx_2-800x553.jpg","thumbnail":"https:\/\/www.ccaniene.com\/wp-content\/uploads\/2015\/02\/conti-clapcich_49er_fx_2-400x400.jpg","medium_large":"https:\/\/www.ccaniene.com\/wp-content\/uploads\/2015\/02\/conti-clapcich_49er_fx_2-768x531.jpg"},"appp_media":null,"yoast_head":"<!-- This site is optimized with the Yoast SEO plugin v23.6 - https:\/\/yoast.com\/wordpress\/plugins\/seo\/ -->\n<title>Giulia Conti \u00e8 d\u2019Argento all\u2019Isaf Sailing World Cup di Miami - Circolo Canottieri Aniene<\/title>\n<meta name=\"robots\" content=\"index, follow, max-snippet:-1, max-image-preview:large, max-video-preview:-1\" \/>\n<link rel=\"canonical\" href=\"https:\/\/www.ccaniene.com\/en\/giulia-conti-e-dargento-allisaf-sailing-world-cup-di-miami\/\" \/>\n<meta property=\"og:locale\" content=\"en_GB\" \/>\n<meta property=\"og:type\" content=\"article\" \/>\n<meta property=\"og:title\" content=\"Giulia Conti \u00e8 d\u2019Argento all\u2019Isaf Sailing World Cup di Miami - Circolo Canottieri Aniene\" \/>\n<meta property=\"og:description\" content=\"Si \u00e8 chiusa la tappa statunitense dell\u2019ISAF Sailing World Cup, il circuito mondiale delle classi olimpiche che per sei giorni ha dato spettacolo nelle acque della Baia di Biscayne. La \u201cflotta\u201d del Circolo Canottieri Aniene, torna a casa con dei buoni progressi per alcuni componenti del gruppo, ma a brillare d\u2019argento, ancora una volta ai [&hellip;]\" \/>\n<meta property=\"og:url\" content=\"https:\/\/www.ccaniene.com\/en\/giulia-conti-e-dargento-allisaf-sailing-world-cup-di-miami\/\" \/>\n<meta property=\"og:site_name\" content=\"Circolo Canottieri Aniene\" \/>\n<meta property=\"article:published_time\" content=\"2015-02-04T03:30:39+00:00\" \/>\n<meta property=\"og:image\" content=\"https:\/\/www.ccaniene.com\/wp-content\/uploads\/2015\/02\/conti-clapcich_49er_fx_2.jpg\" \/>\n\t<meta property=\"og:image:width\" content=\"977\" \/>\n\t<meta property=\"og:image:height\" content=\"675\" \/>\n\t<meta property=\"og:image:type\" content=\"image\/jpeg\" \/>\n<meta name=\"twitter:card\" content=\"summary_large_image\" \/>\n<meta name=\"twitter:label1\" content=\"Written by\" \/>\n\t<meta name=\"twitter:data1\" content=\"\" \/>\n\t<meta name=\"twitter:label2\" content=\"Estimated reading time\" \/>\n\t<meta name=\"twitter:data2\" content=\"3 minutes\" \/>\n<script type=\"application\/ld+json\" class=\"yoast-schema-graph\">{\"@context\":\"https:\/\/schema.org\",\"@graph\":[{\"@type\":\"WebPage\",\"@id\":\"https:\/\/www.ccaniene.com\/it_it\/giulia-conti-e-dargento-allisaf-sailing-world-cup-di-miami\/\",\"url\":\"https:\/\/www.ccaniene.com\/it_it\/giulia-conti-e-dargento-allisaf-sailing-world-cup-di-miami\/\",\"name\":\"Giulia Conti \u00e8 d\u2019Argento all\u2019Isaf Sailing World Cup di Miami - Circolo Canottieri Aniene\",\"isPartOf\":{\"@id\":\"https:\/\/www.ccaniene.com\/it_it\/#website\"},\"primaryImageOfPage\":{\"@id\":\"https:\/\/www.ccaniene.com\/it_it\/giulia-conti-e-dargento-allisaf-sailing-world-cup-di-miami\/#primaryimage\"},\"image\":{\"@id\":\"https:\/\/www.ccaniene.com\/it_it\/giulia-conti-e-dargento-allisaf-sailing-world-cup-di-miami\/#primaryimage\"},\"thumbnailUrl\":\"https:\/\/www.ccaniene.com\/wp-content\/uploads\/2015\/02\/conti-clapcich_49er_fx_2.jpg\",\"datePublished\":\"2015-02-04T03:30:39+00:00\",\"dateModified\":\"2015-02-04T03:30:39+00:00\",\"author\":{\"@id\":\"\"},\"breadcrumb\":{\"@id\":\"https:\/\/www.ccaniene.com\/it_it\/giulia-conti-e-dargento-allisaf-sailing-world-cup-di-miami\/#breadcrumb\"},\"inLanguage\":\"en-GB\",\"potentialAction\":[{\"@type\":\"ReadAction\",\"target\":[\"https:\/\/www.ccaniene.com\/it_it\/giulia-conti-e-dargento-allisaf-sailing-world-cup-di-miami\/\"]}]},{\"@type\":\"ImageObject\",\"inLanguage\":\"en-GB\",\"@id\":\"https:\/\/www.ccaniene.com\/it_it\/giulia-conti-e-dargento-allisaf-sailing-world-cup-di-miami\/#primaryimage\",\"url\":\"https:\/\/www.ccaniene.com\/wp-content\/uploads\/2015\/02\/conti-clapcich_49er_fx_2.jpg\",\"contentUrl\":\"https:\/\/www.ccaniene.com\/wp-content\/uploads\/2015\/02\/conti-clapcich_49er_fx_2.jpg\",\"width\":977,\"height\":675},{\"@type\":\"BreadcrumbList\",\"@id\":\"https:\/\/www.ccaniene.com\/it_it\/giulia-conti-e-dargento-allisaf-sailing-world-cup-di-miami\/#breadcrumb\",\"itemListElement\":[{\"@type\":\"ListItem\",\"position\":1,\"name\":\"Home\",\"item\":\"https:\/\/www.ccaniene.com\/it_it\/\"},{\"@type\":\"ListItem\",\"position\":2,\"name\":\"Giulia Conti \u00e8 d\u2019Argento all\u2019Isaf Sailing World Cup di Miami\"}]},{\"@type\":\"WebSite\",\"@id\":\"https:\/\/www.ccaniene.com\/it_it\/#website\",\"url\":\"https:\/\/www.ccaniene.com\/it_it\/\",\"name\":\"Circolo Canottieri Aniene\",\"description\":\"Collare d&#039;Oro e Stella d&#039;Oro al Merito Sportivo\",\"potentialAction\":[{\"@type\":\"SearchAction\",\"target\":{\"@type\":\"EntryPoint\",\"urlTemplate\":\"https:\/\/www.ccaniene.com\/it_it\/?s={search_term_string}\"},\"query-input\":{\"@type\":\"PropertyValueSpecification\",\"valueRequired\":true,\"valueName\":\"search_term_string\"}}],\"inLanguage\":\"en-GB\"},{\"@type\":\"Person\",\"@id\":\"\",\"url\":\"https:\/\/www.ccaniene.com\/en\/author\/\"}]}<\/script>\n<!-- \/ Yoast SEO plugin. -->","yoast_head_json":{"title":"Giulia Conti \u00e8 d\u2019Argento all\u2019Isaf Sailing World Cup di Miami - Circolo Canottieri Aniene","robots":{"index":"index","follow":"follow","max-snippet":"max-snippet:-1","max-image-preview":"max-image-preview:large","max-video-preview":"max-video-preview:-1"},"canonical":"https:\/\/www.ccaniene.com\/en\/giulia-conti-e-dargento-allisaf-sailing-world-cup-di-miami\/","og_locale":"en_GB","og_type":"article","og_title":"Giulia Conti \u00e8 d\u2019Argento all\u2019Isaf Sailing World Cup di Miami - Circolo Canottieri Aniene","og_description":"Si \u00e8 chiusa la tappa statunitense dell\u2019ISAF Sailing World Cup, il circuito mondiale delle classi olimpiche che per sei giorni ha dato spettacolo nelle acque della Baia di Biscayne. La \u201cflotta\u201d del Circolo Canottieri Aniene, torna a casa con dei buoni progressi per alcuni componenti del gruppo, ma a brillare d\u2019argento, ancora una volta ai [&hellip;]","og_url":"https:\/\/www.ccaniene.com\/en\/giulia-conti-e-dargento-allisaf-sailing-world-cup-di-miami\/","og_site_name":"Circolo Canottieri Aniene","article_published_time":"2015-02-04T03:30:39+00:00","og_image":[{"width":977,"height":675,"url":"https:\/\/www.ccaniene.com\/wp-content\/uploads\/2015\/02\/conti-clapcich_49er_fx_2.jpg","type":"image\/jpeg"}],"twitter_card":"summary_large_image","twitter_misc":{"Written by":"","Estimated reading time":"3 minutes"},"schema":{"@context":"https:\/\/schema.org","@graph":[{"@type":"WebPage","@id":"https:\/\/www.ccaniene.com\/it_it\/giulia-conti-e-dargento-allisaf-sailing-world-cup-di-miami\/","url":"https:\/\/www.ccaniene.com\/it_it\/giulia-conti-e-dargento-allisaf-sailing-world-cup-di-miami\/","name":"Giulia Conti \u00e8 d\u2019Argento all\u2019Isaf Sailing World Cup di Miami - Circolo Canottieri Aniene","isPartOf":{"@id":"https:\/\/www.ccaniene.com\/it_it\/#website"},"primaryImageOfPage":{"@id":"https:\/\/www.ccaniene.com\/it_it\/giulia-conti-e-dargento-allisaf-sailing-world-cup-di-miami\/#primaryimage"},"image":{"@id":"https:\/\/www.ccaniene.com\/it_it\/giulia-conti-e-dargento-allisaf-sailing-world-cup-di-miami\/#primaryimage"},"thumbnailUrl":"https:\/\/www.ccaniene.com\/wp-content\/uploads\/2015\/02\/conti-clapcich_49er_fx_2.jpg","datePublished":"2015-02-04T03:30:39+00:00","dateModified":"2015-02-04T03:30:39+00:00","author":{"@id":""},"breadcrumb":{"@id":"https:\/\/www.ccaniene.com\/it_it\/giulia-conti-e-dargento-allisaf-sailing-world-cup-di-miami\/#breadcrumb"},"inLanguage":"en-GB","potentialAction":[{"@type":"ReadAction","target":["https:\/\/www.ccaniene.com\/it_it\/giulia-conti-e-dargento-allisaf-sailing-world-cup-di-miami\/"]}]},{"@type":"ImageObject","inLanguage":"en-GB","@id":"https:\/\/www.ccaniene.com\/it_it\/giulia-conti-e-dargento-allisaf-sailing-world-cup-di-miami\/#primaryimage","url":"https:\/\/www.ccaniene.com\/wp-content\/uploads\/2015\/02\/conti-clapcich_49er_fx_2.jpg","contentUrl":"https:\/\/www.ccaniene.com\/wp-content\/uploads\/2015\/02\/conti-clapcich_49er_fx_2.jpg","width":977,"height":675},{"@type":"BreadcrumbList","@id":"https:\/\/www.ccaniene.com\/it_it\/giulia-conti-e-dargento-allisaf-sailing-world-cup-di-miami\/#breadcrumb","itemListElement":[{"@type":"ListItem","position":1,"name":"Home","item":"https:\/\/www.ccaniene.com\/it_it\/"},{"@type":"ListItem","position":2,"name":"Giulia Conti \u00e8 d\u2019Argento all\u2019Isaf Sailing World Cup di Miami"}]},{"@type":"WebSite","@id":"https:\/\/www.ccaniene.com\/it_it\/#website","url":"https:\/\/www.ccaniene.com\/it_it\/","name":"Circolo Canottieri Aniene","description":"Collare d&#039;Oro e Stella d&#039;Oro al Merito Sportivo","potentialAction":[{"@type":"SearchAction","target":{"@type":"EntryPoint","urlTemplate":"https:\/\/www.ccaniene.com\/it_it\/?s={search_term_string}"},"query-input":{"@type":"PropertyValueSpecification","valueRequired":true,"valueName":"search_term_string"}}],"inLanguage":"en-GB"},{"@type":"Person","@id":"","url":"https:\/\/www.ccaniene.com\/en\/author\/"}]}},"_links":{"self":[{"href":"https:\/\/www.ccaniene.com\/en\/wp-json\/wp\/v2\/posts\/7405"}],"collection":[{"href":"https:\/\/www.ccaniene.com\/en\/wp-json\/wp\/v2\/posts"}],"about":[{"href":"https:\/\/www.ccaniene.com\/en\/wp-json\/wp\/v2\/types\/post"}],"author":[{"embeddable":true,"href":"https:\/\/www.ccaniene.com\/en\/wp-json\/wp\/v2\/users\/4667"}],"replies":[{"embeddable":true,"href":"https:\/\/www.ccaniene.com\/en\/wp-json\/wp\/v2\/comments?post=7405"}],"version-history":[{"count":1,"href":"https:\/\/www.ccaniene.com\/en\/wp-json\/wp\/v2\/posts\/7405\/revisions"}],"predecessor-version":[{"id":7407,"href":"https:\/\/www.ccaniene.com\/en\/wp-json\/wp\/v2\/posts\/7405\/revisions\/7407"}],"wp:featuredmedia":[{"embeddable":true,"href":"https:\/\/www.ccaniene.com\/en\/wp-json\/wp\/v2\/media\/7406"}],"wp:attachment":[{"href":"https:\/\/www.ccaniene.com\/en\/wp-json\/wp\/v2\/media?parent=7405"}],"wp:term":[{"taxonomy":"category","embeddable":true,"href":"https:\/\/www.ccaniene.com\/en\/wp-json\/wp\/v2\/categories?post=7405"},{"taxonomy":"post_tag","embeddable":true,"href":"https:\/\/www.ccaniene.com\/en\/wp-json\/wp\/v2\/tags?post=7405"}],"curies":[{"name":"wp","href":"https:\/\/api.w.org\/{rel}","templated":true}]}}