{"id":4718,"date":"2014-07-21T16:02:57","date_gmt":"2014-07-21T14:02:57","guid":{"rendered":"https:\/\/www.ccaniene.com\/?p=4718"},"modified":"2014-07-21T16:02:57","modified_gmt":"2014-07-21T14:02:57","slug":"este-24-circuito-nazionale-si-impone-giulia-conti-con-la-prima-della-classe-del-c-c-aniene","status":"publish","type":"post","link":"https:\/\/www.ccaniene.com\/en\/este-24-circuito-nazionale-si-impone-giulia-conti-con-la-prima-della-classe-del-c-c-aniene\/","title":{"rendered":"Este 24 &#8211; Circuito Nazionale :  si impone Giulia Conti con &#8220;La Prima della Classe&#8221; del C.C.Aniene"},"content":{"rendered":"<p>Estate 2014, 6 regate in 2 giorni nel week end di Santa Marinella : la V\u00aa tappa del Circuito Nazionale Este 24, si chiude con la vittoria di &#8220;La Prima della Classe&#8221;, del Circolo Canottieri Aniene, capitanate da Giulia Conti, che per l\u2019occasione ha sostituito Cristiana Monina, ridando smalto e grinta alla ns atleta olimpica dei 49er.<br \/>\nGrande sorpresa viene anche dai giovani, sempre pi\u00f9 impegnati nella vela d&#8217;altura , con il Team Aniene Young di Luca Tubaro, capitano dei giovani velisti dell&#8217; Aniene under 30, che conquistano uno splendido 5\u00b0 posto nella classifica finale, subito dietro il 4\u00ba posto dei &#8220;senior&#8221; di RideCos\u00ec con Alessandro M. Rinaldi, neo campione italiano, che rimane sempre al comando della classifica generale dopo 27 regate disputate.<br \/>\nBuon momento per i ragazzi di Aniene Young, insieme alle ragazze di Cristiana Monina, i quali sono appena rientrati dall&#8217;exploit all&#8217; Invitational Team Racing a Porto Cervo, dove hanno dominato contro altri 8 Club internazionali, composto dagli inglesi, tedeschi, australiani e greci.<br \/>\nSecondo posto per Gorditos II di Paolo Brinati e terzo per La Poderosa di Roberto Ugolini.<br \/>\nLa V\u00aa tappa del Circuito, ospitata dal Circolo Nautico Guglielmo Marconi di Santa Marinella, si apre il sabato con lo svolgimento di tre prove in condizioni di vento leggerissimo, al limite della regola che, malgrado gli aliti d\u2019aria, vede una battaglia serrata per il vertice. Cos\u00ec nella prima giornata, il vento debole da Ovest di 5 nodi premia il lato destro e gli equipaggi di Paolo Brinati e Roberto Ugolini approfittano della termica che con qualche salto di vento riesce a far concludere le prime tre prove.<br \/>\nNella seconda giornata invece , con vento da SE di intensit\u00e0 tra gli 8 e 12 nodi \u00e8 netta la supremazia della &#8220;borsetta&#8221; di Giulia Conti, la barca wrappata dallo sponsor del Circuito, che con un tris di primi posti, sbaraglia tutti e si aggiudica la Coppa Vasari.<br \/>\n&#8220;Una giornata perfetta per noi &#8211; esclama un&#8217; entusiasta Giulia Conti, skipper de La Prima della Classe e olimpica 49er del CCAniene &#8211; siamo andate bene e abbiami chiuso alla grande. Siamo state brave nelle ma-novre e nelle scelte tattiche, le ragazze che formano il nucleo solido di questo team sono veramente in gamba. Era un po&#8217; che non vincevo una regata, ci voleva proprio un risultato positivo, mi sono proprio divertita&#8221;<\/p>\n<p>&#8220;Oggi le ragazze era imprendibili, peccato nell&#8217;ultima regata, con qual-che ingresso in boa aggressivo da pi\u00f9 di qualche imbarcazione &#8211; sono le parole di Paolo Brinati, segretario della Classe e armatore di Gordi-tos II\u00b0 &#8211; Certo con 7\/8 barche che arrivavano praticamente appaiate in boa si stava poco a perder posizioni. Visto l&#8217;inizio di giornata con po-chissimo vento, l&#8217;evoluzione del meteo \u00e8 stata perfetta, Santa Marinella Regala sempre belle giornate di vela&#8221;<\/p>\n<p>Prossimo appuntamento: VI\u00aa tappa del Circuito Nazionale \u201cAlviero Martini 1\u00aa Classe CUP\u201d il 13 e 14 settembre a Santa Marinella.<\/p>\n<p>Nota di colore nella domenica a Santa Marinella, L\u2019Ammiraglio Lo Sardo ha voluto ricorda il 149\u00b0 anniversario del corpo delle Capitanerie di porto indossando una divisa sportiva del Corpo che garantisce la sicurezza in mare del nostro territorio. Auguri al nostro past President !<\/p>\n<p>Alviero Martini S.p.A.<br \/>\nLa Alviero Martini S.p.A., fondata nel 1989, continua un percorso di crescita costante e strutturata in Italia e all\u2019estero.<br \/>\nOggi il brand 1A Classe \u00e8 presente in numerose categorie di prodotto tra le quali: pelletteria e calzature, abbigliamento donna e uomo, linee bambino, cravatte, sciarpe e foulard.<br \/>\nIl gruppo vanta flagship store e monomarca sul territorio nazionale nonch\u00e9 una rete qualificata di punti vendita multimarca.<br \/>\nIl brand \u00e8 distribuito in Europa, Middle East e Far East attraverso boutique monomarca e rivenditori specializzati.<br \/>\nDal 2003 l\u2019azionista di riferimento del gruppo \u00e8 Final S.p.A. e Presidente \u00e8 Luisa Angelini.<\/p>\n<p>IN PIU&#8217; Broker<\/p>\n<p>\u201cIN PIU\u2019 Broker\u201d \u00e8 un\u2019Azienda leader nel settore del brokeraggio assicurativo attiva sul mercato da oltre vent\u2019anni.<br \/>\nUna Societ\u00e0 a totale capitale italiano che ha saputo esportare i valori di alta professionalit\u00e0, qualit\u00e0 e flessibilit\u00e0 tipici del Made in Italy ritagliandosi un ruolo di prestigio anche sul mercato internazionale ove \u00e8 presente come consulente di importanti brand italiani.<br \/>\n\u201cIn Pi\u00f9 Broker\u201d ha consolidato in questi anni la propria esperienza in alcuni settori specialistici come quello Aeronautico, il Fine Art e quello delle Costruzioni.<br \/>\nUna realt\u00e0 che rappresenta oggi il partner strategico e la soluzione ideale per Aziende, Enti Pubblici e Privati, di ogni genere e dimensione che necessitino di servizi di gestione del rischio tailor made.<\/p>","protected":false},"excerpt":{"rendered":"<p>Estate 2014, 6 regate in 2 giorni nel week end di Santa Marinella : la V\u00aa tappa del Circuito Nazionale Este 24, si chiude con la vittoria di &#8220;La Prima della Classe&#8221;, del Circolo Canottieri Aniene, capitanate da Giulia Conti, che per l\u2019occasione ha sostituito Cristiana Monina, ridando smalto e grinta alla ns atleta olimpica [&hellip;]<\/p>","protected":false},"author":4667,"featured_media":4721,"comment_status":"open","ping_status":"closed","sticky":false,"template":"","format":"standard","meta":{"pmpro_default_level":0,"footnotes":"","_links_to":"","_links_to_target":""},"categories":[2,1,32,26],"tags":[],"class_list":["post-4718","post","type-post","status-publish","format-standard","has-post-thumbnail","hentry","category-in-evidenza","category-news","category-slider","category-vela","pmpro-has-access"],"featured_image_urls":{"woocommerce_thumbnail":"https:\/\/www.ccaniene.com\/wp-content\/uploads\/2014\/07\/image-13-300x300.jpeg","woocommerce_gallery_thumbnail":"https:\/\/www.ccaniene.com\/wp-content\/uploads\/2014\/07\/image-13-100x100.jpeg","woocommerce_single":"https:\/\/www.ccaniene.com\/wp-content\/uploads\/2014\/07\/image-13-600x400.jpeg","thumbnail":"https:\/\/www.ccaniene.com\/wp-content\/uploads\/2014\/07\/image-13-200x200.jpeg","medium":"https:\/\/www.ccaniene.com\/wp-content\/uploads\/2014\/07\/image-13-460x307.jpeg","medium_large":"https:\/\/www.ccaniene.com\/wp-content\/uploads\/2014\/07\/image-13-768x512.jpeg","large":"https:\/\/www.ccaniene.com\/wp-content\/uploads\/2014\/07\/image-13-980x653.jpeg","second":"https:\/\/www.ccaniene.com\/wp-content\/uploads\/2014\/07\/image-13-270x246.jpeg","single-thumb":"https:\/\/www.ccaniene.com\/wp-content\/uploads\/2014\/07\/image-13-870x450.jpeg","large-thumb":"https:\/\/www.ccaniene.com\/wp-content\/uploads\/2014\/07\/image-13-780x450.jpeg","medium-thumb":"https:\/\/www.ccaniene.com\/wp-content\/uploads\/2014\/07\/image-13-390x225.jpeg","large-archive-thumb":"https:\/\/www.ccaniene.com\/wp-content\/uploads\/2014\/07\/image-13-570x300.jpeg","small-archive-thumb":"https:\/\/www.ccaniene.com\/wp-content\/uploads\/2014\/07\/image-13-300x200.jpeg","portrait-thumb":"https:\/\/www.ccaniene.com\/wp-content\/uploads\/2014\/07\/image-13-300x200.jpeg","portrait":"https:\/\/www.ccaniene.com\/wp-content\/uploads\/2014\/07\/image-13-870x580.jpeg","gallery":"https:\/\/www.ccaniene.com\/wp-content\/uploads\/2014\/07\/image-13-270x270.jpeg"},"appp_media":null,"yoast_head":"<!-- This site is optimized with the Yoast SEO plugin v23.6 - https:\/\/yoast.com\/wordpress\/plugins\/seo\/ -->\n<title>Este 24 - Circuito Nazionale : si impone Giulia Conti con &quot;La Prima della Classe&quot; del C.C.Aniene - Circolo Canottieri Aniene<\/title>\n<meta name=\"robots\" content=\"index, follow, max-snippet:-1, max-image-preview:large, max-video-preview:-1\" \/>\n<link rel=\"canonical\" href=\"https:\/\/www.ccaniene.com\/en\/este-24-circuito-nazionale-si-impone-giulia-conti-con-la-prima-della-classe-del-c-c-aniene\/\" \/>\n<meta property=\"og:locale\" content=\"en_GB\" \/>\n<meta property=\"og:type\" content=\"article\" \/>\n<meta property=\"og:title\" content=\"Este 24 - Circuito Nazionale : si impone Giulia Conti con &quot;La Prima della Classe&quot; del C.C.Aniene - Circolo Canottieri Aniene\" \/>\n<meta property=\"og:description\" content=\"Estate 2014, 6 regate in 2 giorni nel week end di Santa Marinella : la V\u00aa tappa del Circuito Nazionale Este 24, si chiude con la vittoria di &#8220;La Prima della Classe&#8221;, del Circolo Canottieri Aniene, capitanate da Giulia Conti, che per l\u2019occasione ha sostituito Cristiana Monina, ridando smalto e grinta alla ns atleta olimpica [&hellip;]\" \/>\n<meta property=\"og:url\" content=\"https:\/\/www.ccaniene.com\/en\/este-24-circuito-nazionale-si-impone-giulia-conti-con-la-prima-della-classe-del-c-c-aniene\/\" \/>\n<meta property=\"og:site_name\" content=\"Circolo Canottieri Aniene\" \/>\n<meta property=\"article:published_time\" content=\"2014-07-21T14:02:57+00:00\" \/>\n<meta property=\"og:image\" content=\"https:\/\/www.ccaniene.com\/wp-content\/uploads\/2014\/07\/image-13.jpeg\" \/>\n\t<meta property=\"og:image:width\" content=\"2206\" \/>\n\t<meta property=\"og:image:height\" content=\"1471\" \/>\n\t<meta property=\"og:image:type\" content=\"image\/jpeg\" \/>\n<meta name=\"twitter:card\" content=\"summary_large_image\" \/>\n<meta name=\"twitter:label1\" content=\"Written by\" \/>\n\t<meta name=\"twitter:data1\" content=\"\" \/>\n\t<meta name=\"twitter:label2\" content=\"Estimated reading time\" \/>\n\t<meta name=\"twitter:data2\" content=\"4 minutes\" \/>\n<script type=\"application\/ld+json\" class=\"yoast-schema-graph\">{\"@context\":\"https:\/\/schema.org\",\"@graph\":[{\"@type\":\"WebPage\",\"@id\":\"https:\/\/www.ccaniene.com\/it_it\/este-24-circuito-nazionale-si-impone-giulia-conti-con-la-prima-della-classe-del-c-c-aniene\/\",\"url\":\"https:\/\/www.ccaniene.com\/it_it\/este-24-circuito-nazionale-si-impone-giulia-conti-con-la-prima-della-classe-del-c-c-aniene\/\",\"name\":\"Este 24 - Circuito Nazionale : si impone Giulia Conti con \\\"La Prima della Classe\\\" del C.C.Aniene - Circolo Canottieri Aniene\",\"isPartOf\":{\"@id\":\"http:\/\/www.ccaniene.com\/it_it\/#website\"},\"primaryImageOfPage\":{\"@id\":\"https:\/\/www.ccaniene.com\/it_it\/este-24-circuito-nazionale-si-impone-giulia-conti-con-la-prima-della-classe-del-c-c-aniene\/#primaryimage\"},\"image\":{\"@id\":\"https:\/\/www.ccaniene.com\/it_it\/este-24-circuito-nazionale-si-impone-giulia-conti-con-la-prima-della-classe-del-c-c-aniene\/#primaryimage\"},\"thumbnailUrl\":\"https:\/\/www.ccaniene.com\/wp-content\/uploads\/2014\/07\/image-13.jpeg\",\"datePublished\":\"2014-07-21T14:02:57+00:00\",\"dateModified\":\"2014-07-21T14:02:57+00:00\",\"author\":{\"@id\":\"\"},\"breadcrumb\":{\"@id\":\"https:\/\/www.ccaniene.com\/it_it\/este-24-circuito-nazionale-si-impone-giulia-conti-con-la-prima-della-classe-del-c-c-aniene\/#breadcrumb\"},\"inLanguage\":\"en-GB\",\"potentialAction\":[{\"@type\":\"ReadAction\",\"target\":[\"https:\/\/www.ccaniene.com\/it_it\/este-24-circuito-nazionale-si-impone-giulia-conti-con-la-prima-della-classe-del-c-c-aniene\/\"]}]},{\"@type\":\"ImageObject\",\"inLanguage\":\"en-GB\",\"@id\":\"https:\/\/www.ccaniene.com\/it_it\/este-24-circuito-nazionale-si-impone-giulia-conti-con-la-prima-della-classe-del-c-c-aniene\/#primaryimage\",\"url\":\"https:\/\/www.ccaniene.com\/wp-content\/uploads\/2014\/07\/image-13.jpeg\",\"contentUrl\":\"https:\/\/www.ccaniene.com\/wp-content\/uploads\/2014\/07\/image-13.jpeg\",\"width\":2206,\"height\":1471},{\"@type\":\"BreadcrumbList\",\"@id\":\"https:\/\/www.ccaniene.com\/it_it\/este-24-circuito-nazionale-si-impone-giulia-conti-con-la-prima-della-classe-del-c-c-aniene\/#breadcrumb\",\"itemListElement\":[{\"@type\":\"ListItem\",\"position\":1,\"name\":\"Home\",\"item\":\"http:\/\/www.ccaniene.com\/it_it\/\"},{\"@type\":\"ListItem\",\"position\":2,\"name\":\"Este 24 &#8211; Circuito Nazionale : si impone Giulia Conti con &#8220;La Prima della Classe&#8221; del C.C.Aniene\"}]},{\"@type\":\"WebSite\",\"@id\":\"http:\/\/www.ccaniene.com\/it_it\/#website\",\"url\":\"http:\/\/www.ccaniene.com\/it_it\/\",\"name\":\"Circolo Canottieri Aniene\",\"description\":\"Collare d&#039;Oro e Stella d&#039;Oro al Merito Sportivo\",\"potentialAction\":[{\"@type\":\"SearchAction\",\"target\":{\"@type\":\"EntryPoint\",\"urlTemplate\":\"http:\/\/www.ccaniene.com\/it_it\/?s={search_term_string}\"},\"query-input\":{\"@type\":\"PropertyValueSpecification\",\"valueRequired\":true,\"valueName\":\"search_term_string\"}}],\"inLanguage\":\"en-GB\"},{\"@type\":\"Person\",\"@id\":\"\",\"url\":\"https:\/\/www.ccaniene.com\/en\/author\/\"}]}<\/script>\n<!-- \/ Yoast SEO plugin. -->","yoast_head_json":{"title":"Este 24 - Circuito Nazionale : si impone Giulia Conti con \"La Prima della Classe\" del C.C.Aniene - Circolo Canottieri Aniene","robots":{"index":"index","follow":"follow","max-snippet":"max-snippet:-1","max-image-preview":"max-image-preview:large","max-video-preview":"max-video-preview:-1"},"canonical":"https:\/\/www.ccaniene.com\/en\/este-24-circuito-nazionale-si-impone-giulia-conti-con-la-prima-della-classe-del-c-c-aniene\/","og_locale":"en_GB","og_type":"article","og_title":"Este 24 - Circuito Nazionale : si impone Giulia Conti con \"La Prima della Classe\" del C.C.Aniene - Circolo Canottieri Aniene","og_description":"Estate 2014, 6 regate in 2 giorni nel week end di Santa Marinella : la V\u00aa tappa del Circuito Nazionale Este 24, si chiude con la vittoria di &#8220;La Prima della Classe&#8221;, del Circolo Canottieri Aniene, capitanate da Giulia Conti, che per l\u2019occasione ha sostituito Cristiana Monina, ridando smalto e grinta alla ns atleta olimpica [&hellip;]","og_url":"https:\/\/www.ccaniene.com\/en\/este-24-circuito-nazionale-si-impone-giulia-conti-con-la-prima-della-classe-del-c-c-aniene\/","og_site_name":"Circolo Canottieri Aniene","article_published_time":"2014-07-21T14:02:57+00:00","og_image":[{"width":2206,"height":1471,"url":"https:\/\/www.ccaniene.com\/wp-content\/uploads\/2014\/07\/image-13.jpeg","type":"image\/jpeg"}],"twitter_card":"summary_large_image","twitter_misc":{"Written by":"","Estimated reading time":"4 minutes"},"schema":{"@context":"https:\/\/schema.org","@graph":[{"@type":"WebPage","@id":"https:\/\/www.ccaniene.com\/it_it\/este-24-circuito-nazionale-si-impone-giulia-conti-con-la-prima-della-classe-del-c-c-aniene\/","url":"https:\/\/www.ccaniene.com\/it_it\/este-24-circuito-nazionale-si-impone-giulia-conti-con-la-prima-della-classe-del-c-c-aniene\/","name":"Este 24 - Circuito Nazionale : si impone Giulia Conti con \"La Prima della Classe\" del C.C.Aniene - Circolo Canottieri Aniene","isPartOf":{"@id":"http:\/\/www.ccaniene.com\/it_it\/#website"},"primaryImageOfPage":{"@id":"https:\/\/www.ccaniene.com\/it_it\/este-24-circuito-nazionale-si-impone-giulia-conti-con-la-prima-della-classe-del-c-c-aniene\/#primaryimage"},"image":{"@id":"https:\/\/www.ccaniene.com\/it_it\/este-24-circuito-nazionale-si-impone-giulia-conti-con-la-prima-della-classe-del-c-c-aniene\/#primaryimage"},"thumbnailUrl":"https:\/\/www.ccaniene.com\/wp-content\/uploads\/2014\/07\/image-13.jpeg","datePublished":"2014-07-21T14:02:57+00:00","dateModified":"2014-07-21T14:02:57+00:00","author":{"@id":""},"breadcrumb":{"@id":"https:\/\/www.ccaniene.com\/it_it\/este-24-circuito-nazionale-si-impone-giulia-conti-con-la-prima-della-classe-del-c-c-aniene\/#breadcrumb"},"inLanguage":"en-GB","potentialAction":[{"@type":"ReadAction","target":["https:\/\/www.ccaniene.com\/it_it\/este-24-circuito-nazionale-si-impone-giulia-conti-con-la-prima-della-classe-del-c-c-aniene\/"]}]},{"@type":"ImageObject","inLanguage":"en-GB","@id":"https:\/\/www.ccaniene.com\/it_it\/este-24-circuito-nazionale-si-impone-giulia-conti-con-la-prima-della-classe-del-c-c-aniene\/#primaryimage","url":"https:\/\/www.ccaniene.com\/wp-content\/uploads\/2014\/07\/image-13.jpeg","contentUrl":"https:\/\/www.ccaniene.com\/wp-content\/uploads\/2014\/07\/image-13.jpeg","width":2206,"height":1471},{"@type":"BreadcrumbList","@id":"https:\/\/www.ccaniene.com\/it_it\/este-24-circuito-nazionale-si-impone-giulia-conti-con-la-prima-della-classe-del-c-c-aniene\/#breadcrumb","itemListElement":[{"@type":"ListItem","position":1,"name":"Home","item":"http:\/\/www.ccaniene.com\/it_it\/"},{"@type":"ListItem","position":2,"name":"Este 24 &#8211; Circuito Nazionale : si impone Giulia Conti con &#8220;La Prima della Classe&#8221; del C.C.Aniene"}]},{"@type":"WebSite","@id":"http:\/\/www.ccaniene.com\/it_it\/#website","url":"http:\/\/www.ccaniene.com\/it_it\/","name":"Circolo Canottieri Aniene","description":"Collare d&#039;Oro e Stella d&#039;Oro al Merito Sportivo","potentialAction":[{"@type":"SearchAction","target":{"@type":"EntryPoint","urlTemplate":"http:\/\/www.ccaniene.com\/it_it\/?s={search_term_string}"},"query-input":{"@type":"PropertyValueSpecification","valueRequired":true,"valueName":"search_term_string"}}],"inLanguage":"en-GB"},{"@type":"Person","@id":"","url":"https:\/\/www.ccaniene.com\/en\/author\/"}]}},"_links":{"self":[{"href":"https:\/\/www.ccaniene.com\/en\/wp-json\/wp\/v2\/posts\/4718"}],"collection":[{"href":"https:\/\/www.ccaniene.com\/en\/wp-json\/wp\/v2\/posts"}],"about":[{"href":"https:\/\/www.ccaniene.com\/en\/wp-json\/wp\/v2\/types\/post"}],"author":[{"embeddable":true,"href":"https:\/\/www.ccaniene.com\/en\/wp-json\/wp\/v2\/users\/4667"}],"replies":[{"embeddable":true,"href":"https:\/\/www.ccaniene.com\/en\/wp-json\/wp\/v2\/comments?post=4718"}],"version-history":[{"count":1,"href":"https:\/\/www.ccaniene.com\/en\/wp-json\/wp\/v2\/posts\/4718\/revisions"}],"predecessor-version":[{"id":4722,"href":"https:\/\/www.ccaniene.com\/en\/wp-json\/wp\/v2\/posts\/4718\/revisions\/4722"}],"wp:featuredmedia":[{"embeddable":true,"href":"https:\/\/www.ccaniene.com\/en\/wp-json\/wp\/v2\/media\/4721"}],"wp:attachment":[{"href":"https:\/\/www.ccaniene.com\/en\/wp-json\/wp\/v2\/media?parent=4718"}],"wp:term":[{"taxonomy":"category","embeddable":true,"href":"https:\/\/www.ccaniene.com\/en\/wp-json\/wp\/v2\/categories?post=4718"},{"taxonomy":"post_tag","embeddable":true,"href":"https:\/\/www.ccaniene.com\/en\/wp-json\/wp\/v2\/tags?post=4718"}],"curies":[{"name":"wp","href":"https:\/\/api.w.org\/{rel}","templated":true}]}}