{"id":4617,"date":"2014-06-16T10:10:10","date_gmt":"2014-06-16T08:10:10","guid":{"rendered":"https:\/\/www.ccaniene.com\/?p=4617"},"modified":"2014-06-16T10:10:59","modified_gmt":"2014-06-16T08:10:59","slug":"altra-vittoria-per-cratassa","status":"publish","type":"post","link":"https:\/\/www.ccaniene.com\/en\/altra-vittoria-per-cratassa\/","title":{"rendered":"Handbike: Altra vittoria per Cratassa al Giro d&#8217;Italia"},"content":{"rendered":"<p>Mauro Cratassa fa sua la vittoria nella categoria MH4 della terza tappa del Giro d&#8217;Italia Handbike che si \u00e8 svolta ieri a Somma Lombardo (Varese). Siamo quasi a met\u00e0 del giro che prevede 8 tappe e nella classifica generale il nostro Mauro \u00e8 al terzo posto a pochi punti dalla prima posizione.<\/p>","protected":false},"excerpt":{"rendered":"<p>Mauro Cratassa fa sua la vittoria nella categoria MH4 della terza tappa del Giro d&#8217;Italia Handbike che si \u00e8 svolta ieri a Somma Lombardo (Varese). Siamo quasi a met\u00e0 del giro che prevede 8 tappe e nella classifica generale il nostro Mauro \u00e8 al terzo posto a pochi punti dalla prima posizione.<\/p>","protected":false},"author":4667,"featured_media":4618,"comment_status":"open","ping_status":"closed","sticky":false,"template":"","format":"standard","meta":{"pmpro_default_level":0,"footnotes":"","_links_to":"","_links_to_target":""},"categories":[2,46],"tags":[],"class_list":["post-4617","post","type-post","status-publish","format-standard","has-post-thumbnail","hentry","category-in-evidenza","category-sport-paralimpici","pmpro-has-access"],"featured_image_urls":{"woocommerce_thumbnail":"https:\/\/www.ccaniene.com\/wp-content\/uploads\/2014\/06\/cratassa_giro-e1402906196613-300x300.jpg","woocommerce_gallery_thumbnail":"https:\/\/www.ccaniene.com\/wp-content\/uploads\/2014\/06\/cratassa_giro-e1402906196613-100x100.jpg","thumbnail":"https:\/\/www.ccaniene.com\/wp-content\/uploads\/2014\/06\/cratassa_giro-e1402906196613-200x200.jpg","medium":"https:\/\/www.ccaniene.com\/wp-content\/uploads\/2014\/06\/cratassa_giro-e1402906196613-377x460.jpg","second":"https:\/\/www.ccaniene.com\/wp-content\/uploads\/2014\/06\/cratassa_giro-e1402906196613-270x246.jpg","single-thumb":"https:\/\/www.ccaniene.com\/wp-content\/uploads\/2014\/06\/cratassa_giro-e1402906196613-478x450.jpg","large-thumb":"https:\/\/www.ccaniene.com\/wp-content\/uploads\/2014\/06\/cratassa_giro-e1402906196613-478x450.jpg","medium-thumb":"https:\/\/www.ccaniene.com\/wp-content\/uploads\/2014\/06\/cratassa_giro-e1402906196613-390x225.jpg","large-archive-thumb":"https:\/\/www.ccaniene.com\/wp-content\/uploads\/2014\/06\/cratassa_giro-e1402906196613-478x300.jpg","small-archive-thumb":"https:\/\/www.ccaniene.com\/wp-content\/uploads\/2014\/06\/cratassa_giro-e1402906196613-300x200.jpg","portrait-thumb":"https:\/\/www.ccaniene.com\/wp-content\/uploads\/2014\/06\/cratassa_giro-e1402906196613-300x366.jpg","gallery":"https:\/\/www.ccaniene.com\/wp-content\/uploads\/2014\/06\/cratassa_giro-e1402906196613-270x270.jpg"},"appp_media":null,"yoast_head":"<!-- This site is optimized with the Yoast SEO plugin v23.6 - https:\/\/yoast.com\/wordpress\/plugins\/seo\/ -->\n<title>Handbike: Altra vittoria per Cratassa al Giro d&#039;Italia  - Circolo Canottieri Aniene<\/title>\n<meta name=\"robots\" content=\"index, follow, max-snippet:-1, max-image-preview:large, max-video-preview:-1\" \/>\n<link rel=\"canonical\" href=\"https:\/\/www.ccaniene.com\/en\/altra-vittoria-per-cratassa\/\" \/>\n<meta property=\"og:locale\" content=\"en_GB\" \/>\n<meta property=\"og:type\" content=\"article\" \/>\n<meta property=\"og:title\" content=\"Handbike: Altra vittoria per Cratassa al Giro d&#039;Italia  - Circolo Canottieri Aniene\" \/>\n<meta property=\"og:description\" content=\"Mauro Cratassa fa sua la vittoria nella categoria MH4 della terza tappa del Giro d&#8217;Italia Handbike che si \u00e8 svolta ieri a Somma Lombardo (Varese). Siamo quasi a met\u00e0 del giro che prevede 8 tappe e nella classifica generale il nostro Mauro \u00e8 al terzo posto a pochi punti dalla prima posizione.\" \/>\n<meta property=\"og:url\" content=\"https:\/\/www.ccaniene.com\/en\/altra-vittoria-per-cratassa\/\" \/>\n<meta property=\"og:site_name\" content=\"Circolo Canottieri Aniene\" \/>\n<meta property=\"article:published_time\" content=\"2014-06-16T08:10:10+00:00\" \/>\n<meta property=\"article:modified_time\" content=\"2014-06-16T08:10:59+00:00\" \/>\n<meta property=\"og:image\" content=\"https:\/\/www.ccaniene.com\/wp-content\/uploads\/2014\/06\/cratassa_giro-e1402906196613.jpg\" \/>\n\t<meta property=\"og:image:width\" content=\"478\" \/>\n\t<meta property=\"og:image:height\" content=\"583\" \/>\n\t<meta property=\"og:image:type\" content=\"image\/jpeg\" \/>\n<meta name=\"twitter:card\" content=\"summary_large_image\" \/>\n<meta name=\"twitter:label1\" content=\"Written by\" \/>\n\t<meta name=\"twitter:data1\" content=\"\" \/>\n<script type=\"application\/ld+json\" class=\"yoast-schema-graph\">{\"@context\":\"https:\/\/schema.org\",\"@graph\":[{\"@type\":\"WebPage\",\"@id\":\"https:\/\/www.ccaniene.com\/it_it\/altra-vittoria-per-cratassa\/\",\"url\":\"https:\/\/www.ccaniene.com\/it_it\/altra-vittoria-per-cratassa\/\",\"name\":\"Handbike: Altra vittoria per Cratassa al Giro d'Italia - Circolo Canottieri Aniene\",\"isPartOf\":{\"@id\":\"https:\/\/www.ccaniene.com\/it_it\/#website\"},\"primaryImageOfPage\":{\"@id\":\"https:\/\/www.ccaniene.com\/it_it\/altra-vittoria-per-cratassa\/#primaryimage\"},\"image\":{\"@id\":\"https:\/\/www.ccaniene.com\/it_it\/altra-vittoria-per-cratassa\/#primaryimage\"},\"thumbnailUrl\":\"https:\/\/www.ccaniene.com\/wp-content\/uploads\/2014\/06\/cratassa_giro-e1402906196613.jpg\",\"datePublished\":\"2014-06-16T08:10:10+00:00\",\"dateModified\":\"2014-06-16T08:10:59+00:00\",\"author\":{\"@id\":\"\"},\"breadcrumb\":{\"@id\":\"https:\/\/www.ccaniene.com\/it_it\/altra-vittoria-per-cratassa\/#breadcrumb\"},\"inLanguage\":\"en-GB\",\"potentialAction\":[{\"@type\":\"ReadAction\",\"target\":[\"https:\/\/www.ccaniene.com\/it_it\/altra-vittoria-per-cratassa\/\"]}]},{\"@type\":\"ImageObject\",\"inLanguage\":\"en-GB\",\"@id\":\"https:\/\/www.ccaniene.com\/it_it\/altra-vittoria-per-cratassa\/#primaryimage\",\"url\":\"https:\/\/www.ccaniene.com\/wp-content\/uploads\/2014\/06\/cratassa_giro-e1402906196613.jpg\",\"contentUrl\":\"https:\/\/www.ccaniene.com\/wp-content\/uploads\/2014\/06\/cratassa_giro-e1402906196613.jpg\",\"width\":478,\"height\":583},{\"@type\":\"BreadcrumbList\",\"@id\":\"https:\/\/www.ccaniene.com\/it_it\/altra-vittoria-per-cratassa\/#breadcrumb\",\"itemListElement\":[{\"@type\":\"ListItem\",\"position\":1,\"name\":\"Home\",\"item\":\"https:\/\/www.ccaniene.com\/it_it\/\"},{\"@type\":\"ListItem\",\"position\":2,\"name\":\"Handbike: Altra vittoria per Cratassa al Giro d&#8217;Italia\"}]},{\"@type\":\"WebSite\",\"@id\":\"https:\/\/www.ccaniene.com\/it_it\/#website\",\"url\":\"https:\/\/www.ccaniene.com\/it_it\/\",\"name\":\"Circolo Canottieri Aniene\",\"description\":\"Collare d&#039;Oro e Stella d&#039;Oro al Merito Sportivo\",\"potentialAction\":[{\"@type\":\"SearchAction\",\"target\":{\"@type\":\"EntryPoint\",\"urlTemplate\":\"https:\/\/www.ccaniene.com\/it_it\/?s={search_term_string}\"},\"query-input\":{\"@type\":\"PropertyValueSpecification\",\"valueRequired\":true,\"valueName\":\"search_term_string\"}}],\"inLanguage\":\"en-GB\"},{\"@type\":\"Person\",\"@id\":\"\",\"url\":\"https:\/\/www.ccaniene.com\/en\/author\/\"}]}<\/script>\n<!-- \/ Yoast SEO plugin. -->","yoast_head_json":{"title":"Handbike: Altra vittoria per Cratassa al Giro d'Italia  - Circolo Canottieri Aniene","robots":{"index":"index","follow":"follow","max-snippet":"max-snippet:-1","max-image-preview":"max-image-preview:large","max-video-preview":"max-video-preview:-1"},"canonical":"https:\/\/www.ccaniene.com\/en\/altra-vittoria-per-cratassa\/","og_locale":"en_GB","og_type":"article","og_title":"Handbike: Altra vittoria per Cratassa al Giro d'Italia  - Circolo Canottieri Aniene","og_description":"Mauro Cratassa fa sua la vittoria nella categoria MH4 della terza tappa del Giro d&#8217;Italia Handbike che si \u00e8 svolta ieri a Somma Lombardo (Varese). Siamo quasi a met\u00e0 del giro che prevede 8 tappe e nella classifica generale il nostro Mauro \u00e8 al terzo posto a pochi punti dalla prima posizione.","og_url":"https:\/\/www.ccaniene.com\/en\/altra-vittoria-per-cratassa\/","og_site_name":"Circolo Canottieri Aniene","article_published_time":"2014-06-16T08:10:10+00:00","article_modified_time":"2014-06-16T08:10:59+00:00","og_image":[{"width":478,"height":583,"url":"https:\/\/www.ccaniene.com\/wp-content\/uploads\/2014\/06\/cratassa_giro-e1402906196613.jpg","type":"image\/jpeg"}],"twitter_card":"summary_large_image","twitter_misc":{"Written by":""},"schema":{"@context":"https:\/\/schema.org","@graph":[{"@type":"WebPage","@id":"https:\/\/www.ccaniene.com\/it_it\/altra-vittoria-per-cratassa\/","url":"https:\/\/www.ccaniene.com\/it_it\/altra-vittoria-per-cratassa\/","name":"Handbike: Altra vittoria per Cratassa al Giro d'Italia - Circolo Canottieri Aniene","isPartOf":{"@id":"https:\/\/www.ccaniene.com\/it_it\/#website"},"primaryImageOfPage":{"@id":"https:\/\/www.ccaniene.com\/it_it\/altra-vittoria-per-cratassa\/#primaryimage"},"image":{"@id":"https:\/\/www.ccaniene.com\/it_it\/altra-vittoria-per-cratassa\/#primaryimage"},"thumbnailUrl":"https:\/\/www.ccaniene.com\/wp-content\/uploads\/2014\/06\/cratassa_giro-e1402906196613.jpg","datePublished":"2014-06-16T08:10:10+00:00","dateModified":"2014-06-16T08:10:59+00:00","author":{"@id":""},"breadcrumb":{"@id":"https:\/\/www.ccaniene.com\/it_it\/altra-vittoria-per-cratassa\/#breadcrumb"},"inLanguage":"en-GB","potentialAction":[{"@type":"ReadAction","target":["https:\/\/www.ccaniene.com\/it_it\/altra-vittoria-per-cratassa\/"]}]},{"@type":"ImageObject","inLanguage":"en-GB","@id":"https:\/\/www.ccaniene.com\/it_it\/altra-vittoria-per-cratassa\/#primaryimage","url":"https:\/\/www.ccaniene.com\/wp-content\/uploads\/2014\/06\/cratassa_giro-e1402906196613.jpg","contentUrl":"https:\/\/www.ccaniene.com\/wp-content\/uploads\/2014\/06\/cratassa_giro-e1402906196613.jpg","width":478,"height":583},{"@type":"BreadcrumbList","@id":"https:\/\/www.ccaniene.com\/it_it\/altra-vittoria-per-cratassa\/#breadcrumb","itemListElement":[{"@type":"ListItem","position":1,"name":"Home","item":"https:\/\/www.ccaniene.com\/it_it\/"},{"@type":"ListItem","position":2,"name":"Handbike: Altra vittoria per Cratassa al Giro d&#8217;Italia"}]},{"@type":"WebSite","@id":"https:\/\/www.ccaniene.com\/it_it\/#website","url":"https:\/\/www.ccaniene.com\/it_it\/","name":"Circolo Canottieri Aniene","description":"Collare d&#039;Oro e Stella d&#039;Oro al Merito Sportivo","potentialAction":[{"@type":"SearchAction","target":{"@type":"EntryPoint","urlTemplate":"https:\/\/www.ccaniene.com\/it_it\/?s={search_term_string}"},"query-input":{"@type":"PropertyValueSpecification","valueRequired":true,"valueName":"search_term_string"}}],"inLanguage":"en-GB"},{"@type":"Person","@id":"","url":"https:\/\/www.ccaniene.com\/en\/author\/"}]}},"_links":{"self":[{"href":"https:\/\/www.ccaniene.com\/en\/wp-json\/wp\/v2\/posts\/4617"}],"collection":[{"href":"https:\/\/www.ccaniene.com\/en\/wp-json\/wp\/v2\/posts"}],"about":[{"href":"https:\/\/www.ccaniene.com\/en\/wp-json\/wp\/v2\/types\/post"}],"author":[{"embeddable":true,"href":"https:\/\/www.ccaniene.com\/en\/wp-json\/wp\/v2\/users\/4667"}],"replies":[{"embeddable":true,"href":"https:\/\/www.ccaniene.com\/en\/wp-json\/wp\/v2\/comments?post=4617"}],"version-history":[{"count":2,"href":"https:\/\/www.ccaniene.com\/en\/wp-json\/wp\/v2\/posts\/4617\/revisions"}],"predecessor-version":[{"id":4620,"href":"https:\/\/www.ccaniene.com\/en\/wp-json\/wp\/v2\/posts\/4617\/revisions\/4620"}],"wp:featuredmedia":[{"embeddable":true,"href":"https:\/\/www.ccaniene.com\/en\/wp-json\/wp\/v2\/media\/4618"}],"wp:attachment":[{"href":"https:\/\/www.ccaniene.com\/en\/wp-json\/wp\/v2\/media?parent=4617"}],"wp:term":[{"taxonomy":"category","embeddable":true,"href":"https:\/\/www.ccaniene.com\/en\/wp-json\/wp\/v2\/categories?post=4617"},{"taxonomy":"post_tag","embeddable":true,"href":"https:\/\/www.ccaniene.com\/en\/wp-json\/wp\/v2\/tags?post=4617"}],"curies":[{"name":"wp","href":"https:\/\/api.w.org\/{rel}","templated":true}]}}