{"id":4599,"date":"2014-06-09T12:53:22","date_gmt":"2014-06-09T10:53:22","guid":{"rendered":"https:\/\/www.ccaniene.com\/?p=4599"},"modified":"2014-06-16T10:11:41","modified_gmt":"2014-06-16T08:11:41","slug":"aniene-alla-loro-piana-superyacht-regatta-a-porto-cervo","status":"publish","type":"post","link":"https:\/\/www.ccaniene.com\/en\/aniene-alla-loro-piana-superyacht-regatta-a-porto-cervo\/","title":{"rendered":"Aniene alla Loro Piana Superyacht Regatta a Porto Cervo"},"content":{"rendered":"<p>Una settimana spettacolare con le pi\u00f9 grandi barche a vela del Mediterraneo si sono date battaglia all&#8217;interno delle isole dell&#8217;Arcipelago de La Maddalena, dove gli equipaggi insieme ai loro armatori hanno vissuto momenti indimenticabili, vezzeggiati e deliziati dallo sponsor Loro Piana e dalle attenzioni dello Yacht Club Costa Smeralda.<br \/>\nSi sono svolte cos\u00ec a Porto Cervo, le regate della Loro Piana Superyacht Regatta che nella giornata conclusiva non ha mancato di riservare sorprese. L&#8217;evento, ospitato dallo Yacht Club Costa Smeralda in collaborazione con Boat International , vede sul primo gradino del podio l&#8217;olandese Firefly (per la Divisione A), il 34 metri nato dalla matita di German Frers, Unfurled (Divisione B) e l&#8217;italiano Grande Orazio (Divisione C) che sventola il guidone dello YCCS, sul Southern Wind 82.<br \/>\nLa barca Farewell armata per l&#8217;occasione dal Circolo Canottieri Aniene, sponsorizzata da Inpi\u00f9broker , dopo un buon avvio della prima regata, con un 3\u00ba posto nella classifica generale dei Southern Wind, \u00e8 stata penalizzata da una rottura della puleggia della randa che ha compromesso il risultato della seconda prova e pertanto dell&#8217;intero punteggio della serie, non potendo usufruire dello scarto . Non \u00e8 bastato il 3\u00ba posto del Day-3 per conquistare il podio basso della classifica del XXII\u00b0 SWS Trophy, anche a causa di uno svantaggioso rapporto tra il nuovo sistema di rating dei Superyacht (ISYR), che premia le barche pi\u00f9 leggere con vele pi\u00f9 performanti.<br \/>\nMa l&#8217;equipaggio non si \u00e8 affatto preoccupato di questo, perch\u00e9 la manifestazione ha rappresentato un importante appuntamento internazionale che ha posto l&#8217;Aniene nelle condizioni di testimoniare la sua presenza anche nelle regate dei Superyacht con ben 4 dei suoi equipaggi migliori dell&#8217;Altura (Aniene Sailing Team, Aniene Young, La 1\u00aa della Classe, ex-Tp52 Aniene 1\u00aa Classe), composto da soci e tesserati del Circolo Canottieri Aniene, con a bordo 2 membri dello YCCS , dimostrando ancora una volta i buoni rapporti sportivi con lo Yacht Club ospitante. Pochi giorni prima infatti il Presidente Giovanni Malag\u00f3 aveva invitato il Commodoro Riccardo Bonadeo alla presentazione a Roma della Volvo Ocean Race 2014\/2015, nell&#8217;ambito della quale si erano ripromessi di collaborare nell&#8217;Altura, con la presenza ed assistenza del Presidente della Fiv, Carlo Croce.<br \/>\nMa l&#8217;importante era esseri l\u00ec ed, aldil\u00e0 delle regate , il Team Aniene ha voluto offrire prima della partenza, un tributo al Com.te Gianfranco Alberini, venuto a mancare un anno f\u00e0. Il Comandante \u00e8 stato ricordato nel modo che avrebbe senz\u2019altro preferito, con gli uomini dell\u2019imbarcazione Farewell ordinatamente schierati in coperta, in silenzioso defilamento davanti alla barca comitato.<\/p>\n<p>La settimana quindi \u00e8 stata ricca di eventi esclusivi, dal balletto di Eleonora Abbagnato, prima ballerina dell&#8217;Oper\u00e0 di Parigi , al famoso chef 3 stelle Michelin, Massimo Bottura, dalla festa &#8220;in&#8221; al Phi Beach, alla serata di presentazione della SWS Sail Academy a Poltu Quatu; eventi bellissimi in scenari altrettanto straordinari.<\/p>\n<p>Le testimonianze degli organizzatori rappresentano al meglio in che clima si sono svolte le regate.<\/p>\n<p>Anche Pier Luigi Loro Piana, title sponsor dell&#8217;evento, dichiara: &#8220;Grazie innanzitutto al mio Club e a Boat International Media. Il livello di competizione e delle imbarcazioni \u00e8 stato davvero alto, abbiamo avuto una settimana stupenda, buon vento, sole, non avremmo potuto chiedere di pi\u00f9. Sono molto felice di aver visto diverse barche nuove che mi auguro di rincontrare sia ai Caraibi che qui a Porto Cervo.&#8221;<\/p>\n<p>Mentre lo skipper del Farewell , Alessandro M. Rinaldi, subito dopo la conclusione dell&#8217;ultima e combattuta regata, dichiarava : &#8220;Abbiamo trascorso 5 giorni di grande vela internazionale dentro uno degli eventi pi\u00f9 esclusivi al mondo, con tanta navigazione impegnativa lungo il perimetro rasente delle Isole de La Maddalena e i passaggi al cardiocalma tra le Bisce ; boe e percorsi naturali scelti dallo straordinario Comitato internazionale e messi a punto negli anni dallo YCCS.<br \/>\nI nostri 4 teams capitanati da Cristiana Monina ( La 1\u00aa della Classe) , Luca Tubaro ( Aniene Young) , Matteo Mason ( ex-Tp52 Aniene) e Tony Marrero Gonzalez (Com.te del Farewell ), con Roberto de Felice, Alessandro Gucci nel pozzetto, Maurizio Fraschetti e Francesco de Sanctis al centro barca e Matteo Aglietti a prua, coadiuvati da Marco Holm, Cristian Griggio, Fulvio Manuelli, Andrea Pergola, Alessandro Linussi e Samuele Nicolettis hanno manovrato bene portando come un orchestra questo 100 piedi che si muoveva con grande agilit\u00e0 tra gli scogli ed altri Superyacht, come in una regata tra monotipi di 24 piedi. Le partenze scaglionate di 2 minuti, in ordine inverso di velocit\u00e0, hanno prodotto un p\u00f2 di traffico in prossimit\u00e0 dell&#8217;ultimo bordo prima dell&#8217;arrivo, creando incroci impressionanti che arricchivano di adrenalina i tattici e i timonieri&#8221;.<\/p>\n<p>Alviero Martini S.p.A.<br \/>\nLa Alviero Martini S.p.A., fondata nel 1989, continua un percorso di crescita costante e strutturata in Italia e all&#8217;estero.<br \/>\nOggi il brand 1\u00aa Classe \u00e8 presente in numerose categorie di prodotto tra le quali: pelletteria e calzature, abbigliamento donna e uomo, linee bambino, cravatte, sciarpe efoulard.<br \/>\nIl gruppo vanta flagship store e monomarca sul territorio nazionale nonch\u00e9 una rete qualificata di punti vendita multimarca.<br \/>\nIl brand \u00e8 distribuito in Europa, Middle East e Far East attraverso boutique monomarca e rivenditori specializzati.<br \/>\nDal 2003 l&#8217;azionista di riferimento del gruppo \u00e8 Final S.p.A. e Presidente \u00e8 Luisa Angelini.<\/p>\n<p>IN PIU&#8217; Broker<br \/>\n&#8220;IN PIU&#8217; Broker&#8221; \u00e8 un&#8217;Azienda leader nel settore del brokeraggio assicurativo attiva sul mercato da oltre vent&#8217;anni.<br \/>\nUna Societ\u00e0 a totale capitale italiano che ha saputo esportare i valori di alta professionalit\u00e0, qualit\u00e0 e flessibilit\u00e0 tipici del Made in Italy ritagliandosi un ruolo di prestigio anche sul mercato internazionale ove \u00e8 presente come consulente di importanti brand italiani.<br \/>\n&#8220;In Pi\u00f9 Broker&#8221; ha consolidato in questi anni la propria esperienza in alcuni settori specialistici come quello Aeronautico, il Fine Art e quello delle Costruzioni.<br \/>\nUna realt\u00e0 che rappresenta oggi il partner strategico e la soluzione ideale per Aziende, Enti Pubblici e Privati, di ogni genere e dimensione che necessitino di servizi di gestione del rischio tailor made.<\/p>\n<p>https:\/\/www.facebook.com\/pages\/Aniene-1a-Classe<br \/>\nwww.yccs.it<\/p>","protected":false},"excerpt":{"rendered":"<p>Una settimana spettacolare con le pi\u00f9 grandi barche a vela del Mediterraneo si sono date battaglia all&#8217;interno delle isole dell&#8217;Arcipelago de La Maddalena, dove gli equipaggi insieme ai loro armatori hanno vissuto momenti indimenticabili, vezzeggiati e deliziati dallo sponsor Loro Piana e dalle attenzioni dello Yacht Club Costa Smeralda. Si sono svolte cos\u00ec a Porto [&hellip;]<\/p>","protected":false},"author":4667,"featured_media":4600,"comment_status":"open","ping_status":"closed","sticky":false,"template":"","format":"standard","meta":{"pmpro_default_level":0,"footnotes":"","_links_to":"","_links_to_target":""},"categories":[28,26],"tags":[],"class_list":["post-4599","post","type-post","status-publish","format-standard","has-post-thumbnail","hentry","category-regate","category-vela","pmpro-has-access"],"featured_image_urls":{"woocommerce_thumbnail":"https:\/\/www.ccaniene.com\/wp-content\/uploads\/2014\/06\/2H8A0949ritaglio-1-300x300.jpg","woocommerce_gallery_thumbnail":"https:\/\/www.ccaniene.com\/wp-content\/uploads\/2014\/06\/2H8A0949ritaglio-1-100x100.jpg","woocommerce_single":"https:\/\/www.ccaniene.com\/wp-content\/uploads\/2014\/06\/2H8A0949ritaglio-1-600x497.jpg","thumbnail":"https:\/\/www.ccaniene.com\/wp-content\/uploads\/2014\/06\/2H8A0949ritaglio-1-200x200.jpg","medium":"https:\/\/www.ccaniene.com\/wp-content\/uploads\/2014\/06\/2H8A0949ritaglio-1-460x381.jpg","medium_large":"https:\/\/www.ccaniene.com\/wp-content\/uploads\/2014\/06\/2H8A0949ritaglio-1-768x636.jpg","large":"https:\/\/www.ccaniene.com\/wp-content\/uploads\/2014\/06\/2H8A0949ritaglio-1-980x811.jpg","second":"https:\/\/www.ccaniene.com\/wp-content\/uploads\/2014\/06\/2H8A0949ritaglio-1-270x246.jpg","single-thumb":"https:\/\/www.ccaniene.com\/wp-content\/uploads\/2014\/06\/2H8A0949ritaglio-1-870x450.jpg","large-thumb":"https:\/\/www.ccaniene.com\/wp-content\/uploads\/2014\/06\/2H8A0949ritaglio-1-780x450.jpg","medium-thumb":"https:\/\/www.ccaniene.com\/wp-content\/uploads\/2014\/06\/2H8A0949ritaglio-1-390x225.jpg","large-archive-thumb":"https:\/\/www.ccaniene.com\/wp-content\/uploads\/2014\/06\/2H8A0949ritaglio-1-570x300.jpg","small-archive-thumb":"https:\/\/www.ccaniene.com\/wp-content\/uploads\/2014\/06\/2H8A0949ritaglio-1-300x200.jpg","portrait-thumb":"https:\/\/www.ccaniene.com\/wp-content\/uploads\/2014\/06\/2H8A0949ritaglio-1-300x248.jpg","portrait":"https:\/\/www.ccaniene.com\/wp-content\/uploads\/2014\/06\/2H8A0949ritaglio-1-870x720.jpg","gallery":"https:\/\/www.ccaniene.com\/wp-content\/uploads\/2014\/06\/2H8A0949ritaglio-1-270x270.jpg"},"appp_media":null,"yoast_head":"<!-- This site is optimized with the Yoast SEO plugin v23.6 - https:\/\/yoast.com\/wordpress\/plugins\/seo\/ -->\n<title>Aniene alla Loro Piana Superyacht Regatta a Porto Cervo - Circolo Canottieri Aniene<\/title>\n<meta name=\"robots\" content=\"index, follow, max-snippet:-1, max-image-preview:large, max-video-preview:-1\" \/>\n<link rel=\"canonical\" href=\"https:\/\/www.ccaniene.com\/en\/aniene-alla-loro-piana-superyacht-regatta-a-porto-cervo\/\" \/>\n<meta property=\"og:locale\" content=\"en_GB\" \/>\n<meta property=\"og:type\" content=\"article\" \/>\n<meta property=\"og:title\" content=\"Aniene alla Loro Piana Superyacht Regatta a Porto Cervo - Circolo Canottieri Aniene\" \/>\n<meta property=\"og:description\" content=\"Una settimana spettacolare con le pi\u00f9 grandi barche a vela del Mediterraneo si sono date battaglia all&#8217;interno delle isole dell&#8217;Arcipelago de La Maddalena, dove gli equipaggi insieme ai loro armatori hanno vissuto momenti indimenticabili, vezzeggiati e deliziati dallo sponsor Loro Piana e dalle attenzioni dello Yacht Club Costa Smeralda. Si sono svolte cos\u00ec a Porto [&hellip;]\" \/>\n<meta property=\"og:url\" content=\"https:\/\/www.ccaniene.com\/en\/aniene-alla-loro-piana-superyacht-regatta-a-porto-cervo\/\" \/>\n<meta property=\"og:site_name\" content=\"Circolo Canottieri Aniene\" \/>\n<meta property=\"article:published_time\" content=\"2014-06-09T10:53:22+00:00\" \/>\n<meta property=\"article:modified_time\" content=\"2014-06-16T08:11:41+00:00\" \/>\n<meta property=\"og:image\" content=\"https:\/\/www.ccaniene.com\/wp-content\/uploads\/2014\/06\/2H8A0949ritaglio-1.jpg\" \/>\n\t<meta property=\"og:image:width\" content=\"1067\" \/>\n\t<meta property=\"og:image:height\" content=\"883\" \/>\n\t<meta property=\"og:image:type\" content=\"image\/jpeg\" \/>\n<meta name=\"twitter:card\" content=\"summary_large_image\" \/>\n<meta name=\"twitter:label1\" content=\"Written by\" \/>\n\t<meta name=\"twitter:data1\" content=\"\" \/>\n\t<meta name=\"twitter:label2\" content=\"Estimated reading time\" \/>\n\t<meta name=\"twitter:data2\" content=\"5 minutes\" \/>\n<script type=\"application\/ld+json\" class=\"yoast-schema-graph\">{\"@context\":\"https:\/\/schema.org\",\"@graph\":[{\"@type\":\"WebPage\",\"@id\":\"https:\/\/www.ccaniene.com\/en\/aniene-alla-loro-piana-superyacht-regatta-a-porto-cervo\/\",\"url\":\"https:\/\/www.ccaniene.com\/en\/aniene-alla-loro-piana-superyacht-regatta-a-porto-cervo\/\",\"name\":\"Aniene alla Loro Piana Superyacht Regatta a Porto Cervo - Circolo Canottieri Aniene\",\"isPartOf\":{\"@id\":\"https:\/\/www.ccaniene.com\/it_it\/#website\"},\"primaryImageOfPage\":{\"@id\":\"https:\/\/www.ccaniene.com\/en\/aniene-alla-loro-piana-superyacht-regatta-a-porto-cervo\/#primaryimage\"},\"image\":{\"@id\":\"https:\/\/www.ccaniene.com\/en\/aniene-alla-loro-piana-superyacht-regatta-a-porto-cervo\/#primaryimage\"},\"thumbnailUrl\":\"https:\/\/www.ccaniene.com\/wp-content\/uploads\/2014\/06\/2H8A0949ritaglio-1.jpg\",\"datePublished\":\"2014-06-09T10:53:22+00:00\",\"dateModified\":\"2014-06-16T08:11:41+00:00\",\"author\":{\"@id\":\"\"},\"breadcrumb\":{\"@id\":\"https:\/\/www.ccaniene.com\/en\/aniene-alla-loro-piana-superyacht-regatta-a-porto-cervo\/#breadcrumb\"},\"inLanguage\":\"en-GB\",\"potentialAction\":[{\"@type\":\"ReadAction\",\"target\":[\"https:\/\/www.ccaniene.com\/en\/aniene-alla-loro-piana-superyacht-regatta-a-porto-cervo\/\"]}]},{\"@type\":\"ImageObject\",\"inLanguage\":\"en-GB\",\"@id\":\"https:\/\/www.ccaniene.com\/en\/aniene-alla-loro-piana-superyacht-regatta-a-porto-cervo\/#primaryimage\",\"url\":\"https:\/\/www.ccaniene.com\/wp-content\/uploads\/2014\/06\/2H8A0949ritaglio-1.jpg\",\"contentUrl\":\"https:\/\/www.ccaniene.com\/wp-content\/uploads\/2014\/06\/2H8A0949ritaglio-1.jpg\",\"width\":1067,\"height\":883},{\"@type\":\"BreadcrumbList\",\"@id\":\"https:\/\/www.ccaniene.com\/en\/aniene-alla-loro-piana-superyacht-regatta-a-porto-cervo\/#breadcrumb\",\"itemListElement\":[{\"@type\":\"ListItem\",\"position\":1,\"name\":\"Home\",\"item\":\"https:\/\/www.ccaniene.com\/it_it\/\"},{\"@type\":\"ListItem\",\"position\":2,\"name\":\"Aniene alla Loro Piana Superyacht Regatta a Porto Cervo\"}]},{\"@type\":\"WebSite\",\"@id\":\"https:\/\/www.ccaniene.com\/it_it\/#website\",\"url\":\"https:\/\/www.ccaniene.com\/it_it\/\",\"name\":\"Circolo Canottieri Aniene\",\"description\":\"Collare d&#039;Oro e Stella d&#039;Oro al Merito Sportivo\",\"potentialAction\":[{\"@type\":\"SearchAction\",\"target\":{\"@type\":\"EntryPoint\",\"urlTemplate\":\"https:\/\/www.ccaniene.com\/it_it\/?s={search_term_string}\"},\"query-input\":{\"@type\":\"PropertyValueSpecification\",\"valueRequired\":true,\"valueName\":\"search_term_string\"}}],\"inLanguage\":\"en-GB\"},{\"@type\":\"Person\",\"@id\":\"\",\"url\":\"https:\/\/www.ccaniene.com\/en\/author\/\"}]}<\/script>\n<!-- \/ Yoast SEO plugin. -->","yoast_head_json":{"title":"Aniene alla Loro Piana Superyacht Regatta a Porto Cervo - Circolo Canottieri Aniene","robots":{"index":"index","follow":"follow","max-snippet":"max-snippet:-1","max-image-preview":"max-image-preview:large","max-video-preview":"max-video-preview:-1"},"canonical":"https:\/\/www.ccaniene.com\/en\/aniene-alla-loro-piana-superyacht-regatta-a-porto-cervo\/","og_locale":"en_GB","og_type":"article","og_title":"Aniene alla Loro Piana Superyacht Regatta a Porto Cervo - Circolo Canottieri Aniene","og_description":"Una settimana spettacolare con le pi\u00f9 grandi barche a vela del Mediterraneo si sono date battaglia all&#8217;interno delle isole dell&#8217;Arcipelago de La Maddalena, dove gli equipaggi insieme ai loro armatori hanno vissuto momenti indimenticabili, vezzeggiati e deliziati dallo sponsor Loro Piana e dalle attenzioni dello Yacht Club Costa Smeralda. Si sono svolte cos\u00ec a Porto [&hellip;]","og_url":"https:\/\/www.ccaniene.com\/en\/aniene-alla-loro-piana-superyacht-regatta-a-porto-cervo\/","og_site_name":"Circolo Canottieri Aniene","article_published_time":"2014-06-09T10:53:22+00:00","article_modified_time":"2014-06-16T08:11:41+00:00","og_image":[{"width":1067,"height":883,"url":"https:\/\/www.ccaniene.com\/wp-content\/uploads\/2014\/06\/2H8A0949ritaglio-1.jpg","type":"image\/jpeg"}],"twitter_card":"summary_large_image","twitter_misc":{"Written by":"","Estimated reading time":"5 minutes"},"schema":{"@context":"https:\/\/schema.org","@graph":[{"@type":"WebPage","@id":"https:\/\/www.ccaniene.com\/en\/aniene-alla-loro-piana-superyacht-regatta-a-porto-cervo\/","url":"https:\/\/www.ccaniene.com\/en\/aniene-alla-loro-piana-superyacht-regatta-a-porto-cervo\/","name":"Aniene alla Loro Piana Superyacht Regatta a Porto Cervo - Circolo Canottieri Aniene","isPartOf":{"@id":"https:\/\/www.ccaniene.com\/it_it\/#website"},"primaryImageOfPage":{"@id":"https:\/\/www.ccaniene.com\/en\/aniene-alla-loro-piana-superyacht-regatta-a-porto-cervo\/#primaryimage"},"image":{"@id":"https:\/\/www.ccaniene.com\/en\/aniene-alla-loro-piana-superyacht-regatta-a-porto-cervo\/#primaryimage"},"thumbnailUrl":"https:\/\/www.ccaniene.com\/wp-content\/uploads\/2014\/06\/2H8A0949ritaglio-1.jpg","datePublished":"2014-06-09T10:53:22+00:00","dateModified":"2014-06-16T08:11:41+00:00","author":{"@id":""},"breadcrumb":{"@id":"https:\/\/www.ccaniene.com\/en\/aniene-alla-loro-piana-superyacht-regatta-a-porto-cervo\/#breadcrumb"},"inLanguage":"en-GB","potentialAction":[{"@type":"ReadAction","target":["https:\/\/www.ccaniene.com\/en\/aniene-alla-loro-piana-superyacht-regatta-a-porto-cervo\/"]}]},{"@type":"ImageObject","inLanguage":"en-GB","@id":"https:\/\/www.ccaniene.com\/en\/aniene-alla-loro-piana-superyacht-regatta-a-porto-cervo\/#primaryimage","url":"https:\/\/www.ccaniene.com\/wp-content\/uploads\/2014\/06\/2H8A0949ritaglio-1.jpg","contentUrl":"https:\/\/www.ccaniene.com\/wp-content\/uploads\/2014\/06\/2H8A0949ritaglio-1.jpg","width":1067,"height":883},{"@type":"BreadcrumbList","@id":"https:\/\/www.ccaniene.com\/en\/aniene-alla-loro-piana-superyacht-regatta-a-porto-cervo\/#breadcrumb","itemListElement":[{"@type":"ListItem","position":1,"name":"Home","item":"https:\/\/www.ccaniene.com\/it_it\/"},{"@type":"ListItem","position":2,"name":"Aniene alla Loro Piana Superyacht Regatta a Porto Cervo"}]},{"@type":"WebSite","@id":"https:\/\/www.ccaniene.com\/it_it\/#website","url":"https:\/\/www.ccaniene.com\/it_it\/","name":"Circolo Canottieri Aniene","description":"Collare d&#039;Oro e Stella d&#039;Oro al Merito Sportivo","potentialAction":[{"@type":"SearchAction","target":{"@type":"EntryPoint","urlTemplate":"https:\/\/www.ccaniene.com\/it_it\/?s={search_term_string}"},"query-input":{"@type":"PropertyValueSpecification","valueRequired":true,"valueName":"search_term_string"}}],"inLanguage":"en-GB"},{"@type":"Person","@id":"","url":"https:\/\/www.ccaniene.com\/en\/author\/"}]}},"_links":{"self":[{"href":"https:\/\/www.ccaniene.com\/en\/wp-json\/wp\/v2\/posts\/4599"}],"collection":[{"href":"https:\/\/www.ccaniene.com\/en\/wp-json\/wp\/v2\/posts"}],"about":[{"href":"https:\/\/www.ccaniene.com\/en\/wp-json\/wp\/v2\/types\/post"}],"author":[{"embeddable":true,"href":"https:\/\/www.ccaniene.com\/en\/wp-json\/wp\/v2\/users\/4667"}],"replies":[{"embeddable":true,"href":"https:\/\/www.ccaniene.com\/en\/wp-json\/wp\/v2\/comments?post=4599"}],"version-history":[{"count":1,"href":"https:\/\/www.ccaniene.com\/en\/wp-json\/wp\/v2\/posts\/4599\/revisions"}],"predecessor-version":[{"id":4601,"href":"https:\/\/www.ccaniene.com\/en\/wp-json\/wp\/v2\/posts\/4599\/revisions\/4601"}],"wp:featuredmedia":[{"embeddable":true,"href":"https:\/\/www.ccaniene.com\/en\/wp-json\/wp\/v2\/media\/4600"}],"wp:attachment":[{"href":"https:\/\/www.ccaniene.com\/en\/wp-json\/wp\/v2\/media?parent=4599"}],"wp:term":[{"taxonomy":"category","embeddable":true,"href":"https:\/\/www.ccaniene.com\/en\/wp-json\/wp\/v2\/categories?post=4599"},{"taxonomy":"post_tag","embeddable":true,"href":"https:\/\/www.ccaniene.com\/en\/wp-json\/wp\/v2\/tags?post=4599"}],"curies":[{"name":"wp","href":"https:\/\/api.w.org\/{rel}","templated":true}]}}