{"id":439,"date":"2011-10-10T13:58:28","date_gmt":"2011-10-10T13:58:28","guid":{"rendered":""},"modified":"2011-10-10T13:58:28","modified_gmt":"2011-10-10T13:58:28","slug":"tp52-aniene-1a-classe-trieste-e-la-barcolanasecondo-posto-di-classe-per-il-team-capitolino","status":"publish","type":"post","link":"https:\/\/www.ccaniene.com\/en\/tp52-aniene-1a-classe-trieste-e-la-barcolanasecondo-posto-di-classe-per-il-team-capitolino\/","title":{"rendered":"Tp52 Aniene 1a Classe: Trieste e la Barcolana&#8230;secondo posto di classe per il team capitolino"},"content":{"rendered":"<p> <img decoding=\"async\" src=\"http:\/\/www.ccaniene.com\/wp-content\/uploads\/barcolana-2011.jpg\" border=\"0\" width=\"200\" style=\"float: left; margin-right: 8px;\" \/><\/p>\n<p>La capitale della vela ha regalato una giornata indimenticabile all&#8217;equipaggio del <strong> tp52  Aniene 1\u00aa Classe<\/strong>, la passerella finale davanti a decine di migliaia di persone assiepate lungo le rive \u00e8 una soddisfazione che solo in questa citt\u00e0 e in occasione della <strong>43\u00aa Barcolana<\/strong> viene raccolta al termine della regata. Onore ad Esimit Europa 2 che fa il bis, vincendo la seconda edizione consecutiva della Barcolana.<\/p>\n<p \/>Dopo la solita congestione della partenza, caratteristica della Barcolana, \u00e8 stata una regata densa di emozioni e colpi di scena. Sul traguardo la soddisfazione \u00e8 tanta, un ottimo secondo posto di classe e il rientro all&#8217;ormeggio sulle rive di fronte e Piazza Unit\u00e0 appagano gli sforzi di una regata maschia per le condizioni impegnative.<br \/>\n<!--more-->\n<\/p>\n<p>&#8220;Regata emozionante in un contesto assolutamente unico, insieme ad altre 1761 imbarcazioni &#8211; sono le parole di <strong>Alessandro Maria Rinaldi<\/strong> &#8211; Aniene 1\u00aa Classe si impegnata sin dall&#8217;inizio per fare bene portando al massimo delle perfomances l&#8217;imbarcazione timonata egregiamente da Gabriele Benusssi. Le condizioni erano a tratti imprevedibili e la rimonta del finale ci ha permesso di chiudere secondi di categoria. La passerella finale davanti a Piazza Unit\u00e0 di fronte a decine di migliaia di persone \u00e8 qualcosa di indescrivibile e lascer\u00e0 un ricordo indelebile nella nostra esperienza di velisti.&#8221;<\/p>\n<p>&#8220;Siamo soddisfatti di questa seconda posizione &#8211; commenta al termine della regata Gabriele Benussi timoniere di Aniene 1\u00aa Classe &#8211; la partenza \u00e8 stata complicata perch\u00e8 in quella zona del campo di regata, solitamente c&#8217;\u00e8 pi\u00f9 pressioni quando le previsioni parlano di borino. Dopo il disimpegno in territorio sloveno siamo riusciti ad esprimere un&#8217;ottima velocit\u00e0 recuperando posizioni e a chiudere in seconda posizione.&#8221;<\/p>\n<p>\u00a0<\/p>\n<p>La crew list di<strong> Aniene 1a Classe<\/strong>:<\/p>\n<p>Gabriele Benussi &#8211; Alessandro Maria Rinaldi<\/p>\n<p>Andrea  Bussani &#8211; Roberto Emanuele de Felice<\/p>\n<p>Giorgio Martin &#8211; Massimo Malaspina<\/p>\n<p>Fulvio Manuelli &#8211; Alessandro Gucci<\/p>\n<p>Matteo Mason &#8211; Romani Righetti<\/p>\n<p>Massimiliano Galli CENTU &#8211; Paolo di Marco<\/p>\n<p>Matteo Stroppolo &#8211; Francesco Zingales<\/p>\n<p>Andrea Linussi &#8211; Andrea Pergola<\/p>\n<p>Matteo Ledri -Nevio Sabbadin<\/p>","protected":false},"excerpt":{"rendered":"<p>La capitale della vela ha regalato una giornata indimenticabile all&#8217;equipaggio del tp52 Aniene 1\u00aa Classe, la passerella finale davanti a decine di migliaia di persone assiepate lungo le rive \u00e8 una soddisfazione che solo in questa citt\u00e0 e in occasione della 43\u00aa Barcolana viene raccolta al termine della regata. Onore ad Esimit Europa 2 che [&hellip;]<\/p>","protected":false},"author":352,"featured_media":0,"comment_status":"open","ping_status":"closed","sticky":true,"template":"","format":"standard","meta":{"pmpro_default_level":0,"footnotes":"","_links_to":"","_links_to_target":""},"categories":[26],"tags":[],"class_list":["post-439","post","type-post","status-publish","format-standard","hentry","category-vela","pmpro-has-access"],"featured_image_urls":{},"appp_media":null,"yoast_head":"<!-- This site is optimized with the Yoast SEO plugin v23.6 - https:\/\/yoast.com\/wordpress\/plugins\/seo\/ -->\n<title>Tp52 Aniene 1a Classe: Trieste e la Barcolana...secondo posto di classe per il team capitolino - Circolo Canottieri Aniene<\/title>\n<meta name=\"robots\" content=\"index, follow, max-snippet:-1, max-image-preview:large, max-video-preview:-1\" \/>\n<link rel=\"canonical\" href=\"https:\/\/www.ccaniene.com\/en\/tp52-aniene-1a-classe-trieste-e-la-barcolanasecondo-posto-di-classe-per-il-team-capitolino\/\" \/>\n<meta property=\"og:locale\" content=\"en_GB\" \/>\n<meta property=\"og:type\" content=\"article\" \/>\n<meta property=\"og:title\" content=\"Tp52 Aniene 1a Classe: Trieste e la Barcolana...secondo posto di classe per il team capitolino - Circolo Canottieri Aniene\" \/>\n<meta property=\"og:description\" content=\"La capitale della vela ha regalato una giornata indimenticabile all&#8217;equipaggio del tp52 Aniene 1\u00aa Classe, la passerella finale davanti a decine di migliaia di persone assiepate lungo le rive \u00e8 una soddisfazione che solo in questa citt\u00e0 e in occasione della 43\u00aa Barcolana viene raccolta al termine della regata. Onore ad Esimit Europa 2 che [&hellip;]\" \/>\n<meta property=\"og:url\" content=\"https:\/\/www.ccaniene.com\/en\/tp52-aniene-1a-classe-trieste-e-la-barcolanasecondo-posto-di-classe-per-il-team-capitolino\/\" \/>\n<meta property=\"og:site_name\" content=\"Circolo Canottieri Aniene\" \/>\n<meta property=\"article:published_time\" content=\"2011-10-10T13:58:28+00:00\" \/>\n<meta property=\"og:image\" content=\"http:\/\/www.ccaniene.com\/wp-content\/uploads\/barcolana-2011.jpg\" \/>\n<meta name=\"twitter:card\" content=\"summary_large_image\" \/>\n<meta name=\"twitter:label1\" content=\"Written by\" \/>\n\t<meta name=\"twitter:data1\" content=\"\" \/>\n\t<meta name=\"twitter:label2\" content=\"Estimated reading time\" \/>\n\t<meta name=\"twitter:data2\" content=\"2 minutes\" \/>\n<script type=\"application\/ld+json\" class=\"yoast-schema-graph\">{\"@context\":\"https:\/\/schema.org\",\"@graph\":[{\"@type\":\"WebPage\",\"@id\":\"https:\/\/www.ccaniene.com\/it_it\/tp52-aniene-1a-classe-trieste-e-la-barcolanasecondo-posto-di-classe-per-il-team-capitolino\/\",\"url\":\"https:\/\/www.ccaniene.com\/it_it\/tp52-aniene-1a-classe-trieste-e-la-barcolanasecondo-posto-di-classe-per-il-team-capitolino\/\",\"name\":\"Tp52 Aniene 1a Classe: Trieste e la Barcolana...secondo posto di classe per il team capitolino - Circolo Canottieri Aniene\",\"isPartOf\":{\"@id\":\"https:\/\/www.ccaniene.com\/it_it\/#website\"},\"primaryImageOfPage\":{\"@id\":\"https:\/\/www.ccaniene.com\/it_it\/tp52-aniene-1a-classe-trieste-e-la-barcolanasecondo-posto-di-classe-per-il-team-capitolino\/#primaryimage\"},\"image\":{\"@id\":\"https:\/\/www.ccaniene.com\/it_it\/tp52-aniene-1a-classe-trieste-e-la-barcolanasecondo-posto-di-classe-per-il-team-capitolino\/#primaryimage\"},\"thumbnailUrl\":\"http:\/\/www.ccaniene.com\/wp-content\/uploads\/barcolana-2011.jpg\",\"datePublished\":\"2011-10-10T13:58:28+00:00\",\"dateModified\":\"2011-10-10T13:58:28+00:00\",\"author\":{\"@id\":\"\"},\"breadcrumb\":{\"@id\":\"https:\/\/www.ccaniene.com\/it_it\/tp52-aniene-1a-classe-trieste-e-la-barcolanasecondo-posto-di-classe-per-il-team-capitolino\/#breadcrumb\"},\"inLanguage\":\"en-GB\",\"potentialAction\":[{\"@type\":\"ReadAction\",\"target\":[\"https:\/\/www.ccaniene.com\/it_it\/tp52-aniene-1a-classe-trieste-e-la-barcolanasecondo-posto-di-classe-per-il-team-capitolino\/\"]}]},{\"@type\":\"ImageObject\",\"inLanguage\":\"en-GB\",\"@id\":\"https:\/\/www.ccaniene.com\/it_it\/tp52-aniene-1a-classe-trieste-e-la-barcolanasecondo-posto-di-classe-per-il-team-capitolino\/#primaryimage\",\"url\":\"http:\/\/www.ccaniene.com\/wp-content\/uploads\/barcolana-2011.jpg\",\"contentUrl\":\"http:\/\/www.ccaniene.com\/wp-content\/uploads\/barcolana-2011.jpg\"},{\"@type\":\"BreadcrumbList\",\"@id\":\"https:\/\/www.ccaniene.com\/it_it\/tp52-aniene-1a-classe-trieste-e-la-barcolanasecondo-posto-di-classe-per-il-team-capitolino\/#breadcrumb\",\"itemListElement\":[{\"@type\":\"ListItem\",\"position\":1,\"name\":\"Home\",\"item\":\"https:\/\/www.ccaniene.com\/it_it\/\"},{\"@type\":\"ListItem\",\"position\":2,\"name\":\"Tp52 Aniene 1a Classe: Trieste e la Barcolana&#8230;secondo posto di classe per il team capitolino\"}]},{\"@type\":\"WebSite\",\"@id\":\"https:\/\/www.ccaniene.com\/it_it\/#website\",\"url\":\"https:\/\/www.ccaniene.com\/it_it\/\",\"name\":\"Circolo Canottieri Aniene\",\"description\":\"Collare d&#039;Oro e Stella d&#039;Oro al Merito Sportivo\",\"potentialAction\":[{\"@type\":\"SearchAction\",\"target\":{\"@type\":\"EntryPoint\",\"urlTemplate\":\"https:\/\/www.ccaniene.com\/it_it\/?s={search_term_string}\"},\"query-input\":{\"@type\":\"PropertyValueSpecification\",\"valueRequired\":true,\"valueName\":\"search_term_string\"}}],\"inLanguage\":\"en-GB\"},{\"@type\":\"Person\",\"@id\":\"\",\"url\":\"https:\/\/www.ccaniene.com\/en\/author\/\"}]}<\/script>\n<!-- \/ Yoast SEO plugin. -->","yoast_head_json":{"title":"Tp52 Aniene 1a Classe: Trieste e la Barcolana...secondo posto di classe per il team capitolino - Circolo Canottieri Aniene","robots":{"index":"index","follow":"follow","max-snippet":"max-snippet:-1","max-image-preview":"max-image-preview:large","max-video-preview":"max-video-preview:-1"},"canonical":"https:\/\/www.ccaniene.com\/en\/tp52-aniene-1a-classe-trieste-e-la-barcolanasecondo-posto-di-classe-per-il-team-capitolino\/","og_locale":"en_GB","og_type":"article","og_title":"Tp52 Aniene 1a Classe: Trieste e la Barcolana...secondo posto di classe per il team capitolino - Circolo Canottieri Aniene","og_description":"La capitale della vela ha regalato una giornata indimenticabile all&#8217;equipaggio del tp52 Aniene 1\u00aa Classe, la passerella finale davanti a decine di migliaia di persone assiepate lungo le rive \u00e8 una soddisfazione che solo in questa citt\u00e0 e in occasione della 43\u00aa Barcolana viene raccolta al termine della regata. Onore ad Esimit Europa 2 che [&hellip;]","og_url":"https:\/\/www.ccaniene.com\/en\/tp52-aniene-1a-classe-trieste-e-la-barcolanasecondo-posto-di-classe-per-il-team-capitolino\/","og_site_name":"Circolo Canottieri Aniene","article_published_time":"2011-10-10T13:58:28+00:00","og_image":[{"url":"http:\/\/www.ccaniene.com\/wp-content\/uploads\/barcolana-2011.jpg"}],"twitter_card":"summary_large_image","twitter_misc":{"Written by":"","Estimated reading time":"2 minutes"},"schema":{"@context":"https:\/\/schema.org","@graph":[{"@type":"WebPage","@id":"https:\/\/www.ccaniene.com\/it_it\/tp52-aniene-1a-classe-trieste-e-la-barcolanasecondo-posto-di-classe-per-il-team-capitolino\/","url":"https:\/\/www.ccaniene.com\/it_it\/tp52-aniene-1a-classe-trieste-e-la-barcolanasecondo-posto-di-classe-per-il-team-capitolino\/","name":"Tp52 Aniene 1a Classe: Trieste e la Barcolana...secondo posto di classe per il team capitolino - Circolo Canottieri Aniene","isPartOf":{"@id":"https:\/\/www.ccaniene.com\/it_it\/#website"},"primaryImageOfPage":{"@id":"https:\/\/www.ccaniene.com\/it_it\/tp52-aniene-1a-classe-trieste-e-la-barcolanasecondo-posto-di-classe-per-il-team-capitolino\/#primaryimage"},"image":{"@id":"https:\/\/www.ccaniene.com\/it_it\/tp52-aniene-1a-classe-trieste-e-la-barcolanasecondo-posto-di-classe-per-il-team-capitolino\/#primaryimage"},"thumbnailUrl":"http:\/\/www.ccaniene.com\/wp-content\/uploads\/barcolana-2011.jpg","datePublished":"2011-10-10T13:58:28+00:00","dateModified":"2011-10-10T13:58:28+00:00","author":{"@id":""},"breadcrumb":{"@id":"https:\/\/www.ccaniene.com\/it_it\/tp52-aniene-1a-classe-trieste-e-la-barcolanasecondo-posto-di-classe-per-il-team-capitolino\/#breadcrumb"},"inLanguage":"en-GB","potentialAction":[{"@type":"ReadAction","target":["https:\/\/www.ccaniene.com\/it_it\/tp52-aniene-1a-classe-trieste-e-la-barcolanasecondo-posto-di-classe-per-il-team-capitolino\/"]}]},{"@type":"ImageObject","inLanguage":"en-GB","@id":"https:\/\/www.ccaniene.com\/it_it\/tp52-aniene-1a-classe-trieste-e-la-barcolanasecondo-posto-di-classe-per-il-team-capitolino\/#primaryimage","url":"http:\/\/www.ccaniene.com\/wp-content\/uploads\/barcolana-2011.jpg","contentUrl":"http:\/\/www.ccaniene.com\/wp-content\/uploads\/barcolana-2011.jpg"},{"@type":"BreadcrumbList","@id":"https:\/\/www.ccaniene.com\/it_it\/tp52-aniene-1a-classe-trieste-e-la-barcolanasecondo-posto-di-classe-per-il-team-capitolino\/#breadcrumb","itemListElement":[{"@type":"ListItem","position":1,"name":"Home","item":"https:\/\/www.ccaniene.com\/it_it\/"},{"@type":"ListItem","position":2,"name":"Tp52 Aniene 1a Classe: Trieste e la Barcolana&#8230;secondo posto di classe per il team capitolino"}]},{"@type":"WebSite","@id":"https:\/\/www.ccaniene.com\/it_it\/#website","url":"https:\/\/www.ccaniene.com\/it_it\/","name":"Circolo Canottieri Aniene","description":"Collare d&#039;Oro e Stella d&#039;Oro al Merito Sportivo","potentialAction":[{"@type":"SearchAction","target":{"@type":"EntryPoint","urlTemplate":"https:\/\/www.ccaniene.com\/it_it\/?s={search_term_string}"},"query-input":{"@type":"PropertyValueSpecification","valueRequired":true,"valueName":"search_term_string"}}],"inLanguage":"en-GB"},{"@type":"Person","@id":"","url":"https:\/\/www.ccaniene.com\/en\/author\/"}]}},"_links":{"self":[{"href":"https:\/\/www.ccaniene.com\/en\/wp-json\/wp\/v2\/posts\/439"}],"collection":[{"href":"https:\/\/www.ccaniene.com\/en\/wp-json\/wp\/v2\/posts"}],"about":[{"href":"https:\/\/www.ccaniene.com\/en\/wp-json\/wp\/v2\/types\/post"}],"author":[{"embeddable":true,"href":"https:\/\/www.ccaniene.com\/en\/wp-json\/wp\/v2\/users\/352"}],"replies":[{"embeddable":true,"href":"https:\/\/www.ccaniene.com\/en\/wp-json\/wp\/v2\/comments?post=439"}],"version-history":[{"count":0,"href":"https:\/\/www.ccaniene.com\/en\/wp-json\/wp\/v2\/posts\/439\/revisions"}],"wp:attachment":[{"href":"https:\/\/www.ccaniene.com\/en\/wp-json\/wp\/v2\/media?parent=439"}],"wp:term":[{"taxonomy":"category","embeddable":true,"href":"https:\/\/www.ccaniene.com\/en\/wp-json\/wp\/v2\/categories?post=439"},{"taxonomy":"post_tag","embeddable":true,"href":"https:\/\/www.ccaniene.com\/en\/wp-json\/wp\/v2\/tags?post=439"}],"curies":[{"name":"wp","href":"https:\/\/api.w.org\/{rel}","templated":true}]}}