{"id":4085,"date":"2014-03-31T09:00:06","date_gmt":"2014-03-31T07:00:06","guid":{"rendered":"https:\/\/www.ccaniene.com\/?p=4085"},"modified":"2014-04-16T18:11:27","modified_gmt":"2014-04-16T16:11:27","slug":"vittoria-per-il-terzo-anno-consecutivo-del-team-aniene-al-trofeo-este-valevole-come-1a-tappa-del-circuito-nazionale-este24","status":"publish","type":"post","link":"https:\/\/www.ccaniene.com\/en\/vittoria-per-il-terzo-anno-consecutivo-del-team-aniene-al-trofeo-este-valevole-come-1a-tappa-del-circuito-nazionale-este24\/","title":{"rendered":"Vittoria per il terzo anno consecutivo del Team Aniene al Trofeo Este, valevole come 1a tappa del Circuito Nazionale Este24"},"content":{"rendered":"<p>Nella cornice primaverile di Santa Marinella, ha preso il via il Circuito Nazionale \u201cAlviero Martini 1\u00aa Classe Cup 2014\u201d. La flotta ha inaugurato l&#8217;evento con 5 prove e ben 24 iscritti sulla linea di partenza di un circuito che si annuncia combattuto e spettacolare; nomi importanti nella ranking ed equipaggi sempre pi\u00f9 tecnici sono gli ingredienti di questa classe al passo coi tempi. La spunta il Team Aniene con la barca RiDeCoS\u00ec dell\u2019 armatore Alessandro Rinaldi, composto dai ragazzi tesserati Claudia Rossi, Matteo Mason, Samuele Nicolettis .<\/p>\n<p>La primavera \u00e8 sbocciata a Santa Marinella: sole, mare piatto con equipaggi in T-shirt e aria leggera dai quadranti Sud Ovest hanno contraddistinto tutte le 5 prove del week end di regate. Il Comitato di Regata presieduto da Francesco Sette coadiuvato, fra gli altri, da Roberto Emanuele de Felice esperto regatante di Este24, ha seguito con attenzione i salti di vento adeguando il campo di regata con cambi di percorso e riduzioni. Da registrare la presenza di ben 24 imbarcazioni alla partenza con nomi di spicco oramai affezionati a questa classe che stanno contribuendo a farne crescere il livello tecnico: Cristiana Monina, Antonio Sodo Migliori, Raimondo Cappa, Luigi Ravioli, oltre al ritorno dell\u2019equipaggio Campione Italiano in carica di Ricca d\u2019Este di Marco Flemma, con Federico Chiattelli alla tattica.<br \/>\nMa andiamo per ordine: sabato si chiude con lo svolgimento di tre prove molto difficili, duro lavoro per i tattici che oltre a sfruttare le oscillazioni del vento e le aree di pressione devono anche considerare la seppure leggera corrente verso nord. Ricca D&#8217;Este di Marco Flemma cala un 2-1-2 che fa subito capire qual&#8217;\u00e8 lo stato di forma, ma non sono da meno La Poderosa di Roberto Ugolini e RiDeCoS\u00ec del Team Aniene, per l&#8217;occasione timonata dalla giovane Claudia Rossi, gi\u00e0 vincitori del campionato invernale.<br \/>\nLa domenica si apre subito con Ia vittoria di Cristiana Monina su \u201cLa Prima della Classe\u201d, un bel ritorno al timone della velista anconetana e del suo gruppo \u201cRosa\u201d del Team del Circolo Canottieri Aniene, composto da Federica Fornelli (randa), Alessandra Petri (scotte), Elena Orioli (scotte), Francesca Ruggiero (drizze) e Alessandra Angelini (prua). Wasabino di Gianluca Raggi, con alla tattica Gigi Ravioli, cala due splendidi secondi posti, che valgono oro, alla fine sar\u00e0 un \u201cquarto di tappa\u201d, ma la consapevolezza di esser tra i primi \u00e8 sempre pi\u00f9 importante. I campioni italiani in carica di Ricca D&#8217;Este partiti a razzo il primo giorno, deludono, complice una pessima partenza nella prima regata, ed un crollo forse mentale nella seconda, vanificando cos\u00ec la splendida sequenza 2-1-2 di sabato. Eolo, vero burlone nell&#8217;ultima prova, abbandona quasi del tutto il campo di regata a soli 100 metri dall\u2019arrivo del primo, e come sempre accade in questi casi, rimane avvantaggiata la barca che prende il vento per prima e, complici le raffiche provenienti da dietro, la flotta si ricompatta azzerando i distacchi e rimescolando i piazzamenti che con tanta fatica si era conquistato. Ma le regate sono cos\u00ec e fino all\u2019ultimo non si pu\u00f2 mai cantar vittoria ; nel finale l\u2019imbarcazione del Team Aniene &#8211; RiDeCoSi, si impone dopo essere stata sempre avanti nell\u2019ultima gara, tagliando il traguardo al primo posto e portando cos\u00ec a casa per il terzo anno consecutivo il Trofeo Este.<br \/>\nIl podio inoltre si completa con l\u2019ottima prestazione de La Poderosa di Roberto Ugolini, che conferma il secondo posto della prima giornata, e al terzo posto Ricca D&#8217;Este di Marco Flemma.<br \/>\nUna curiosit\u00e0: classifica tecnica per le vele, primo posto ONE sails, secondo posto, vele Cruciani, terzo posto vele Olimpic\/Incarbona.<br \/>\nSi ringrazia: La Marina di Santa Marinella, il comitato organizzatore del CNGM e il comitato di regata (Francesco Sette, Vincenzo Pulcini, Carlo Pulcini, Roberto Emanuele De Felice, Valter De Martis).<br \/>\nProssimo appuntamento, la presentazione alla stampa del circuito (posticipato per motivi organizzativi) Venerd\u00ec 4 aprile alle 18.00, presso l&#8217;Auditorium del Coni, nella sede di Viale Tiziano 74, primo piano.<br \/>\nIn Mare, il 25 e 26 aprile con la Coastal Race, Santa Marinella \u2013 Porto Ercole Santa Marinella nell\u2019 ambito della Lunga Bolina organizzata dal CCAniene.<\/p>","protected":false},"excerpt":{"rendered":"<p>Nella cornice primaverile di Santa Marinella, ha preso il via il Circuito Nazionale \u201cAlviero Martini 1\u00aa Classe Cup 2014\u201d. La flotta ha inaugurato l&#8217;evento con 5 prove e ben 24 iscritti sulla linea di partenza di un circuito che si annuncia combattuto e spettacolare; nomi importanti nella ranking ed equipaggi sempre pi\u00f9 tecnici sono gli [&hellip;]<\/p>","protected":false},"author":4667,"featured_media":4086,"comment_status":"open","ping_status":"closed","sticky":false,"template":"","format":"standard","meta":{"pmpro_default_level":0,"footnotes":"","_links_to":"","_links_to_target":""},"categories":[26],"tags":[],"class_list":["post-4085","post","type-post","status-publish","format-standard","has-post-thumbnail","hentry","category-vela","pmpro-has-access"],"featured_image_urls":{"woocommerce_thumbnail":"https:\/\/www.ccaniene.com\/wp-content\/uploads\/2014\/04\/image-8-300x300.jpeg","woocommerce_gallery_thumbnail":"https:\/\/www.ccaniene.com\/wp-content\/uploads\/2014\/04\/image-8-100x100.jpeg","woocommerce_single":"https:\/\/www.ccaniene.com\/wp-content\/uploads\/2014\/04\/image-8-600x398.jpeg","thumbnail":"https:\/\/www.ccaniene.com\/wp-content\/uploads\/2014\/04\/image-8-200x200.jpeg","medium":"https:\/\/www.ccaniene.com\/wp-content\/uploads\/2014\/04\/image-8-460x305.jpeg","medium_large":"https:\/\/www.ccaniene.com\/wp-content\/uploads\/2014\/04\/image-8-768x510.jpeg","second":"https:\/\/www.ccaniene.com\/wp-content\/uploads\/2014\/04\/image-8-270x246.jpeg","single-thumb":"https:\/\/www.ccaniene.com\/wp-content\/uploads\/2014\/04\/image-8-870x450.jpeg","large-thumb":"https:\/\/www.ccaniene.com\/wp-content\/uploads\/2014\/04\/image-8-780x450.jpeg","medium-thumb":"https:\/\/www.ccaniene.com\/wp-content\/uploads\/2014\/04\/image-8-390x225.jpeg","large-archive-thumb":"https:\/\/www.ccaniene.com\/wp-content\/uploads\/2014\/04\/image-8-570x300.jpeg","small-archive-thumb":"https:\/\/www.ccaniene.com\/wp-content\/uploads\/2014\/04\/image-8-300x200.jpeg","portrait-thumb":"https:\/\/www.ccaniene.com\/wp-content\/uploads\/2014\/04\/image-8-300x199.jpeg","portrait":"https:\/\/www.ccaniene.com\/wp-content\/uploads\/2014\/04\/image-8-870x577.jpeg","gallery":"https:\/\/www.ccaniene.com\/wp-content\/uploads\/2014\/04\/image-8-270x270.jpeg"},"appp_media":null,"yoast_head":"<!-- This site is optimized with the Yoast SEO plugin v23.6 - https:\/\/yoast.com\/wordpress\/plugins\/seo\/ -->\n<title>Vittoria per il terzo anno consecutivo del Team Aniene al Trofeo Este, valevole come 1a tappa del Circuito Nazionale Este24 - Circolo Canottieri Aniene<\/title>\n<meta name=\"robots\" content=\"index, follow, max-snippet:-1, max-image-preview:large, max-video-preview:-1\" \/>\n<link rel=\"canonical\" href=\"http:\/\/www.ccaniene.com\/en\/vittoria-per-il-terzo-anno-consecutivo-del-team-aniene-al-trofeo-este-valevole-come-1a-tappa-del-circuito-nazionale-este24\/\" \/>\n<meta property=\"og:locale\" content=\"en_GB\" \/>\n<meta property=\"og:type\" content=\"article\" \/>\n<meta property=\"og:title\" content=\"Vittoria per il terzo anno consecutivo del Team Aniene al Trofeo Este, valevole come 1a tappa del Circuito Nazionale Este24 - Circolo Canottieri Aniene\" \/>\n<meta property=\"og:description\" content=\"Nella cornice primaverile di Santa Marinella, ha preso il via il Circuito Nazionale \u201cAlviero Martini 1\u00aa Classe Cup 2014\u201d. La flotta ha inaugurato l&#8217;evento con 5 prove e ben 24 iscritti sulla linea di partenza di un circuito che si annuncia combattuto e spettacolare; nomi importanti nella ranking ed equipaggi sempre pi\u00f9 tecnici sono gli [&hellip;]\" \/>\n<meta property=\"og:url\" content=\"http:\/\/www.ccaniene.com\/en\/vittoria-per-il-terzo-anno-consecutivo-del-team-aniene-al-trofeo-este-valevole-come-1a-tappa-del-circuito-nazionale-este24\/\" \/>\n<meta property=\"og:site_name\" content=\"Circolo Canottieri Aniene\" \/>\n<meta property=\"article:published_time\" content=\"2014-03-31T07:00:06+00:00\" \/>\n<meta property=\"article:modified_time\" content=\"2014-04-16T16:11:27+00:00\" \/>\n<meta property=\"og:image\" content=\"http:\/\/www.ccaniene.com\/wp-content\/uploads\/2014\/04\/image-8.jpeg\" \/>\n\t<meta property=\"og:image:width\" content=\"960\" \/>\n\t<meta property=\"og:image:height\" content=\"637\" \/>\n\t<meta property=\"og:image:type\" content=\"image\/jpeg\" \/>\n<meta name=\"twitter:card\" content=\"summary_large_image\" \/>\n<meta name=\"twitter:label1\" content=\"Written by\" \/>\n\t<meta name=\"twitter:data1\" content=\"\" \/>\n\t<meta name=\"twitter:label2\" content=\"Estimated reading time\" \/>\n\t<meta name=\"twitter:data2\" content=\"3 minutes\" \/>\n<script type=\"application\/ld+json\" class=\"yoast-schema-graph\">{\"@context\":\"https:\/\/schema.org\",\"@graph\":[{\"@type\":\"WebPage\",\"@id\":\"http:\/\/www.ccaniene.com\/it_it\/vittoria-per-il-terzo-anno-consecutivo-del-team-aniene-al-trofeo-este-valevole-come-1a-tappa-del-circuito-nazionale-este24\/\",\"url\":\"http:\/\/www.ccaniene.com\/it_it\/vittoria-per-il-terzo-anno-consecutivo-del-team-aniene-al-trofeo-este-valevole-come-1a-tappa-del-circuito-nazionale-este24\/\",\"name\":\"Vittoria per il terzo anno consecutivo del Team Aniene al Trofeo Este, valevole come 1a tappa del Circuito Nazionale Este24 - Circolo Canottieri Aniene\",\"isPartOf\":{\"@id\":\"http:\/\/www.ccaniene.com\/it_it\/#website\"},\"primaryImageOfPage\":{\"@id\":\"http:\/\/www.ccaniene.com\/it_it\/vittoria-per-il-terzo-anno-consecutivo-del-team-aniene-al-trofeo-este-valevole-come-1a-tappa-del-circuito-nazionale-este24\/#primaryimage\"},\"image\":{\"@id\":\"http:\/\/www.ccaniene.com\/it_it\/vittoria-per-il-terzo-anno-consecutivo-del-team-aniene-al-trofeo-este-valevole-come-1a-tappa-del-circuito-nazionale-este24\/#primaryimage\"},\"thumbnailUrl\":\"https:\/\/www.ccaniene.com\/wp-content\/uploads\/2014\/04\/image-8.jpeg\",\"datePublished\":\"2014-03-31T07:00:06+00:00\",\"dateModified\":\"2014-04-16T16:11:27+00:00\",\"author\":{\"@id\":\"\"},\"breadcrumb\":{\"@id\":\"http:\/\/www.ccaniene.com\/it_it\/vittoria-per-il-terzo-anno-consecutivo-del-team-aniene-al-trofeo-este-valevole-come-1a-tappa-del-circuito-nazionale-este24\/#breadcrumb\"},\"inLanguage\":\"en-GB\",\"potentialAction\":[{\"@type\":\"ReadAction\",\"target\":[\"http:\/\/www.ccaniene.com\/it_it\/vittoria-per-il-terzo-anno-consecutivo-del-team-aniene-al-trofeo-este-valevole-come-1a-tappa-del-circuito-nazionale-este24\/\"]}]},{\"@type\":\"ImageObject\",\"inLanguage\":\"en-GB\",\"@id\":\"http:\/\/www.ccaniene.com\/it_it\/vittoria-per-il-terzo-anno-consecutivo-del-team-aniene-al-trofeo-este-valevole-come-1a-tappa-del-circuito-nazionale-este24\/#primaryimage\",\"url\":\"https:\/\/www.ccaniene.com\/wp-content\/uploads\/2014\/04\/image-8.jpeg\",\"contentUrl\":\"https:\/\/www.ccaniene.com\/wp-content\/uploads\/2014\/04\/image-8.jpeg\",\"width\":960,\"height\":637},{\"@type\":\"BreadcrumbList\",\"@id\":\"http:\/\/www.ccaniene.com\/it_it\/vittoria-per-il-terzo-anno-consecutivo-del-team-aniene-al-trofeo-este-valevole-come-1a-tappa-del-circuito-nazionale-este24\/#breadcrumb\",\"itemListElement\":[{\"@type\":\"ListItem\",\"position\":1,\"name\":\"Home\",\"item\":\"http:\/\/www.ccaniene.com\/it_it\/\"},{\"@type\":\"ListItem\",\"position\":2,\"name\":\"Vittoria per il terzo anno consecutivo del Team Aniene al Trofeo Este, valevole come 1a tappa del Circuito Nazionale Este24\"}]},{\"@type\":\"WebSite\",\"@id\":\"http:\/\/www.ccaniene.com\/it_it\/#website\",\"url\":\"http:\/\/www.ccaniene.com\/it_it\/\",\"name\":\"Circolo Canottieri Aniene\",\"description\":\"Collare d&#039;Oro e Stella d&#039;Oro al Merito Sportivo\",\"potentialAction\":[{\"@type\":\"SearchAction\",\"target\":{\"@type\":\"EntryPoint\",\"urlTemplate\":\"http:\/\/www.ccaniene.com\/it_it\/?s={search_term_string}\"},\"query-input\":{\"@type\":\"PropertyValueSpecification\",\"valueRequired\":true,\"valueName\":\"search_term_string\"}}],\"inLanguage\":\"en-GB\"},{\"@type\":\"Person\",\"@id\":\"\",\"url\":\"https:\/\/www.ccaniene.com\/en\/author\/\"}]}<\/script>\n<!-- \/ Yoast SEO plugin. -->","yoast_head_json":{"title":"Vittoria per il terzo anno consecutivo del Team Aniene al Trofeo Este, valevole come 1a tappa del Circuito Nazionale Este24 - Circolo Canottieri Aniene","robots":{"index":"index","follow":"follow","max-snippet":"max-snippet:-1","max-image-preview":"max-image-preview:large","max-video-preview":"max-video-preview:-1"},"canonical":"http:\/\/www.ccaniene.com\/en\/vittoria-per-il-terzo-anno-consecutivo-del-team-aniene-al-trofeo-este-valevole-come-1a-tappa-del-circuito-nazionale-este24\/","og_locale":"en_GB","og_type":"article","og_title":"Vittoria per il terzo anno consecutivo del Team Aniene al Trofeo Este, valevole come 1a tappa del Circuito Nazionale Este24 - Circolo Canottieri Aniene","og_description":"Nella cornice primaverile di Santa Marinella, ha preso il via il Circuito Nazionale \u201cAlviero Martini 1\u00aa Classe Cup 2014\u201d. La flotta ha inaugurato l&#8217;evento con 5 prove e ben 24 iscritti sulla linea di partenza di un circuito che si annuncia combattuto e spettacolare; nomi importanti nella ranking ed equipaggi sempre pi\u00f9 tecnici sono gli [&hellip;]","og_url":"http:\/\/www.ccaniene.com\/en\/vittoria-per-il-terzo-anno-consecutivo-del-team-aniene-al-trofeo-este-valevole-come-1a-tappa-del-circuito-nazionale-este24\/","og_site_name":"Circolo Canottieri Aniene","article_published_time":"2014-03-31T07:00:06+00:00","article_modified_time":"2014-04-16T16:11:27+00:00","og_image":[{"width":960,"height":637,"url":"http:\/\/www.ccaniene.com\/wp-content\/uploads\/2014\/04\/image-8.jpeg","type":"image\/jpeg"}],"twitter_card":"summary_large_image","twitter_misc":{"Written by":"","Estimated reading time":"3 minutes"},"schema":{"@context":"https:\/\/schema.org","@graph":[{"@type":"WebPage","@id":"http:\/\/www.ccaniene.com\/it_it\/vittoria-per-il-terzo-anno-consecutivo-del-team-aniene-al-trofeo-este-valevole-come-1a-tappa-del-circuito-nazionale-este24\/","url":"http:\/\/www.ccaniene.com\/it_it\/vittoria-per-il-terzo-anno-consecutivo-del-team-aniene-al-trofeo-este-valevole-come-1a-tappa-del-circuito-nazionale-este24\/","name":"Vittoria per il terzo anno consecutivo del Team Aniene al Trofeo Este, valevole come 1a tappa del Circuito Nazionale Este24 - Circolo Canottieri Aniene","isPartOf":{"@id":"http:\/\/www.ccaniene.com\/it_it\/#website"},"primaryImageOfPage":{"@id":"http:\/\/www.ccaniene.com\/it_it\/vittoria-per-il-terzo-anno-consecutivo-del-team-aniene-al-trofeo-este-valevole-come-1a-tappa-del-circuito-nazionale-este24\/#primaryimage"},"image":{"@id":"http:\/\/www.ccaniene.com\/it_it\/vittoria-per-il-terzo-anno-consecutivo-del-team-aniene-al-trofeo-este-valevole-come-1a-tappa-del-circuito-nazionale-este24\/#primaryimage"},"thumbnailUrl":"https:\/\/www.ccaniene.com\/wp-content\/uploads\/2014\/04\/image-8.jpeg","datePublished":"2014-03-31T07:00:06+00:00","dateModified":"2014-04-16T16:11:27+00:00","author":{"@id":""},"breadcrumb":{"@id":"http:\/\/www.ccaniene.com\/it_it\/vittoria-per-il-terzo-anno-consecutivo-del-team-aniene-al-trofeo-este-valevole-come-1a-tappa-del-circuito-nazionale-este24\/#breadcrumb"},"inLanguage":"en-GB","potentialAction":[{"@type":"ReadAction","target":["http:\/\/www.ccaniene.com\/it_it\/vittoria-per-il-terzo-anno-consecutivo-del-team-aniene-al-trofeo-este-valevole-come-1a-tappa-del-circuito-nazionale-este24\/"]}]},{"@type":"ImageObject","inLanguage":"en-GB","@id":"http:\/\/www.ccaniene.com\/it_it\/vittoria-per-il-terzo-anno-consecutivo-del-team-aniene-al-trofeo-este-valevole-come-1a-tappa-del-circuito-nazionale-este24\/#primaryimage","url":"https:\/\/www.ccaniene.com\/wp-content\/uploads\/2014\/04\/image-8.jpeg","contentUrl":"https:\/\/www.ccaniene.com\/wp-content\/uploads\/2014\/04\/image-8.jpeg","width":960,"height":637},{"@type":"BreadcrumbList","@id":"http:\/\/www.ccaniene.com\/it_it\/vittoria-per-il-terzo-anno-consecutivo-del-team-aniene-al-trofeo-este-valevole-come-1a-tappa-del-circuito-nazionale-este24\/#breadcrumb","itemListElement":[{"@type":"ListItem","position":1,"name":"Home","item":"http:\/\/www.ccaniene.com\/it_it\/"},{"@type":"ListItem","position":2,"name":"Vittoria per il terzo anno consecutivo del Team Aniene al Trofeo Este, valevole come 1a tappa del Circuito Nazionale Este24"}]},{"@type":"WebSite","@id":"http:\/\/www.ccaniene.com\/it_it\/#website","url":"http:\/\/www.ccaniene.com\/it_it\/","name":"Circolo Canottieri Aniene","description":"Collare d&#039;Oro e Stella d&#039;Oro al Merito Sportivo","potentialAction":[{"@type":"SearchAction","target":{"@type":"EntryPoint","urlTemplate":"http:\/\/www.ccaniene.com\/it_it\/?s={search_term_string}"},"query-input":{"@type":"PropertyValueSpecification","valueRequired":true,"valueName":"search_term_string"}}],"inLanguage":"en-GB"},{"@type":"Person","@id":"","url":"https:\/\/www.ccaniene.com\/en\/author\/"}]}},"_links":{"self":[{"href":"https:\/\/www.ccaniene.com\/en\/wp-json\/wp\/v2\/posts\/4085"}],"collection":[{"href":"https:\/\/www.ccaniene.com\/en\/wp-json\/wp\/v2\/posts"}],"about":[{"href":"https:\/\/www.ccaniene.com\/en\/wp-json\/wp\/v2\/types\/post"}],"author":[{"embeddable":true,"href":"https:\/\/www.ccaniene.com\/en\/wp-json\/wp\/v2\/users\/4667"}],"replies":[{"embeddable":true,"href":"https:\/\/www.ccaniene.com\/en\/wp-json\/wp\/v2\/comments?post=4085"}],"version-history":[{"count":1,"href":"https:\/\/www.ccaniene.com\/en\/wp-json\/wp\/v2\/posts\/4085\/revisions"}],"predecessor-version":[{"id":4087,"href":"https:\/\/www.ccaniene.com\/en\/wp-json\/wp\/v2\/posts\/4085\/revisions\/4087"}],"wp:featuredmedia":[{"embeddable":true,"href":"https:\/\/www.ccaniene.com\/en\/wp-json\/wp\/v2\/media\/4086"}],"wp:attachment":[{"href":"https:\/\/www.ccaniene.com\/en\/wp-json\/wp\/v2\/media?parent=4085"}],"wp:term":[{"taxonomy":"category","embeddable":true,"href":"https:\/\/www.ccaniene.com\/en\/wp-json\/wp\/v2\/categories?post=4085"},{"taxonomy":"post_tag","embeddable":true,"href":"https:\/\/www.ccaniene.com\/en\/wp-json\/wp\/v2\/tags?post=4085"}],"curies":[{"name":"wp","href":"https:\/\/api.w.org\/{rel}","templated":true}]}}