{"id":3775,"date":"2013-12-23T16:04:32","date_gmt":"2013-12-23T15:04:32","guid":{"rendered":"https:\/\/www.ccaniene.com\/?p=3775"},"modified":"2013-12-23T17:51:33","modified_gmt":"2013-12-23T16:51:33","slug":"assoluti-invernali-di-nuoto-laniene-trionfa-a-riccione","status":"publish","type":"post","link":"https:\/\/www.ccaniene.com\/en\/assoluti-invernali-di-nuoto-laniene-trionfa-a-riccione\/","title":{"rendered":"ASSOLUTI INVERNALI DI NUOTO, L\u2019ANIENE TRIONFA A RICCIONE"},"content":{"rendered":"<p>Un autentico successo per i nuotatori dell\u2019Aniene&#8230;13 medaglie d\u2019Oro, 7 d\u2019Argento, 9 di Bronzo, ben 21 gli atleti saliti sul podio, un successo reso ancora pi\u00f9 evidente dalle classifiche finali: 1^ Squadra classificata sia nella Sezione Maschile che Femminile tra le societ\u00e0 civili e 1 nelle classifiche generali, comprese quindi le societ\u00e0 militari anche qui sia a livello maschile che femminile.<br \/>\nQuesti i protagonisti: <strong>Federica Pellegrini<\/strong>, Oro nei 200 dorso e 4&#215;100 stile libero, Argento nella 4&#215;100 mista. <strong>Aurora Ponsel\u00e8<\/strong>, Oro nei 400 e 800 stile libero. S<strong>ilvia Di Pietro<\/strong>, Oro nei 50 stile libero e 50 farfalla. <strong>Giulia De Ascentis<\/strong>, Oro nei 200 misti, Argento nella 4&#215;100 mista, Bronzo nei 100 e 200 rana. <strong>Elena Gemo<\/strong>, Oro nei 50 dorso, Argento nei 50 farfalla, Bronzo nei 100 Dorso. <strong>Piero Codia<\/strong>, Oro nei 50 farfalla ed Argento nei 100 farfalla. <strong>Marco Belotti<\/strong>, Oro nei 200 stile libero, Bronzo nei 100 stile libero e 4&#215;100 stile libero. <strong>Matteo Pelizzari<\/strong>, Oro nei 200 farfalla e Bronzo nei 400 misti. <strong>Christopher Ciccarese<\/strong>, Oro nei 200 dorso. <strong>Matteo Milli<\/strong>, Oro nei 100 dorso. <strong>Rachele Ceracchi<\/strong>, Oro nella 4&#215;100 stile libero e Bronzo nei 100 stile libero. <strong>Miriana Durante<\/strong>, Oro nella 4&#215;100 stile libero.<strong> Lucrezia Raco<\/strong>, Oro nella 4&#215;100 stile libero.<br \/>\n<strong>Alex Di Giorgio<\/strong>, Argento nei 200 e 400 stile libero, Bronzo nella 4&#215;100 stile libero. <strong>Elena Di Liddo<\/strong>, Argento nei 100 farfalla e 4&#215;100 mista. <strong>Luca Mencarini<\/strong>, Argento nei 200 dorso. <strong>Federica Sorriso<\/strong>, Argento nella 4&#215;100 mista. <strong>Mattia Aversa<\/strong>, Bronzo nei 200 dorso. <strong>Giovanni Sorriso<\/strong>, Bronzo nei 200 rana. <strong>Lorenzo Benatti<\/strong> e <strong>Damiano Lestingi<\/strong>, Bronzo nella 4&#215;100 stile libero.<br \/>\nL\u2019anno 2013 si chiude inoltre con il dominio assoluto dell\u2019Aniene nella fase regionale di qualificazione della Coppa Brema, che sancisce di fatto l\u2019ingresso nella finale del Campionato Italiano a Squadre sia per il settore femminile che maschile.<\/p>\n\n\t\t<style type=\"text\/css\">\n\t\t\t#gallery-1 {\n\t\t\t\tmargin: auto;\n\t\t\t}\n\t\t\t#gallery-1 .gallery-item {\n\t\t\t\tfloat: left;\n\t\t\t\tmargin-top: 10px;\n\t\t\t\ttext-align: center;\n\t\t\t\twidth: 33%;\n\t\t\t}\n\t\t\t#gallery-1 img {\n\t\t\t\tborder: 2px solid #cfcfcf;\n\t\t\t}\n\t\t\t#gallery-1 .gallery-caption {\n\t\t\t\tmargin-left: 0;\n\t\t\t}\n\t\t\t\/* see gallery_shortcode() in wp-includes\/media.php *\/\n\t\t<\/style>\n\t\t<div id='gallery-1' class='gallery galleryid-3775 gallery-columns-3 gallery-size-thumbnail'><dl class='gallery-item'>\n\t\t\t<dt class='gallery-icon landscape'>\n\t\t\t\t<a href='https:\/\/www.ccaniene.com\/en\/assoluti-invernali-di-nuoto-laniene-trionfa-a-riccione\/belotti-marco\/'><img decoding=\"async\" width=\"200\" height=\"200\" src=\"https:\/\/www.ccaniene.com\/wp-content\/uploads\/2013\/12\/Belotti-Marco-200x200.jpg\" class=\"attachment-thumbnail size-thumbnail\" alt=\"\" aria-describedby=\"gallery-1-3781\" srcset=\"https:\/\/www.ccaniene.com\/wp-content\/uploads\/2013\/12\/Belotti-Marco-200x200.jpg 200w, https:\/\/www.ccaniene.com\/wp-content\/uploads\/2013\/12\/Belotti-Marco-300x300.jpg 300w, https:\/\/www.ccaniene.com\/wp-content\/uploads\/2013\/12\/Belotti-Marco-100x100.jpg 100w, https:\/\/www.ccaniene.com\/wp-content\/uploads\/2013\/12\/Belotti-Marco-270x270.jpg 270w\" sizes=\"(max-width: 200px) 100vw, 200px\" \/><\/a>\n\t\t\t<\/dt>\n\t\t\t\t<dd class='wp-caption-text gallery-caption' id='gallery-1-3781'>\n\t\t\t\tMarco Belotti\n\t\t\t\t<\/dd><\/dl><dl class='gallery-item'>\n\t\t\t<dt class='gallery-icon landscape'>\n\t\t\t\t<a href='https:\/\/www.ccaniene.com\/en\/assoluti-invernali-di-nuoto-laniene-trionfa-a-riccione\/ciccarese-christopher\/'><img decoding=\"async\" width=\"200\" height=\"200\" src=\"https:\/\/www.ccaniene.com\/wp-content\/uploads\/2013\/12\/Ciccarese-Christopher-200x200.jpg\" class=\"attachment-thumbnail size-thumbnail\" alt=\"\" aria-describedby=\"gallery-1-3782\" srcset=\"https:\/\/www.ccaniene.com\/wp-content\/uploads\/2013\/12\/Ciccarese-Christopher-200x200.jpg 200w, https:\/\/www.ccaniene.com\/wp-content\/uploads\/2013\/12\/Ciccarese-Christopher-300x300.jpg 300w, https:\/\/www.ccaniene.com\/wp-content\/uploads\/2013\/12\/Ciccarese-Christopher-100x100.jpg 100w, https:\/\/www.ccaniene.com\/wp-content\/uploads\/2013\/12\/Ciccarese-Christopher-270x270.jpg 270w\" sizes=\"(max-width: 200px) 100vw, 200px\" \/><\/a>\n\t\t\t<\/dt>\n\t\t\t\t<dd class='wp-caption-text gallery-caption' id='gallery-1-3782'>\n\t\t\t\tChristopher Ciccarese\n\t\t\t\t<\/dd><\/dl><dl class='gallery-item'>\n\t\t\t<dt class='gallery-icon landscape'>\n\t\t\t\t<a href='https:\/\/www.ccaniene.com\/en\/assoluti-invernali-di-nuoto-laniene-trionfa-a-riccione\/codia-piero\/'><img decoding=\"async\" width=\"200\" height=\"200\" src=\"https:\/\/www.ccaniene.com\/wp-content\/uploads\/2013\/12\/Codia-Piero-200x200.jpg\" class=\"attachment-thumbnail size-thumbnail\" alt=\"\" aria-describedby=\"gallery-1-3780\" srcset=\"https:\/\/www.ccaniene.com\/wp-content\/uploads\/2013\/12\/Codia-Piero-200x200.jpg 200w, https:\/\/www.ccaniene.com\/wp-content\/uploads\/2013\/12\/Codia-Piero-300x300.jpg 300w, https:\/\/www.ccaniene.com\/wp-content\/uploads\/2013\/12\/Codia-Piero-100x100.jpg 100w, https:\/\/www.ccaniene.com\/wp-content\/uploads\/2013\/12\/Codia-Piero-270x270.jpg 270w\" sizes=\"(max-width: 200px) 100vw, 200px\" \/><\/a>\n\t\t\t<\/dt>\n\t\t\t\t<dd class='wp-caption-text gallery-caption' id='gallery-1-3780'>\n\t\t\t\tPiero Codia\n\t\t\t\t<\/dd><\/dl><br style=\"clear: both\" \/><dl class='gallery-item'>\n\t\t\t<dt class='gallery-icon landscape'>\n\t\t\t\t<a href='https:\/\/www.ccaniene.com\/en\/assoluti-invernali-di-nuoto-laniene-trionfa-a-riccione\/de-ascentis-giulia\/'><img loading=\"lazy\" decoding=\"async\" width=\"200\" height=\"200\" src=\"https:\/\/www.ccaniene.com\/wp-content\/uploads\/2013\/12\/De-Ascentis-Giulia-200x200.jpg\" class=\"attachment-thumbnail size-thumbnail\" alt=\"\" aria-describedby=\"gallery-1-3783\" srcset=\"https:\/\/www.ccaniene.com\/wp-content\/uploads\/2013\/12\/De-Ascentis-Giulia-200x200.jpg 200w, https:\/\/www.ccaniene.com\/wp-content\/uploads\/2013\/12\/De-Ascentis-Giulia-300x300.jpg 300w, https:\/\/www.ccaniene.com\/wp-content\/uploads\/2013\/12\/De-Ascentis-Giulia-100x100.jpg 100w, https:\/\/www.ccaniene.com\/wp-content\/uploads\/2013\/12\/De-Ascentis-Giulia-270x270.jpg 270w\" sizes=\"(max-width: 200px) 100vw, 200px\" \/><\/a>\n\t\t\t<\/dt>\n\t\t\t\t<dd class='wp-caption-text gallery-caption' id='gallery-1-3783'>\n\t\t\t\tGiulia De Ascentis\n\t\t\t\t<\/dd><\/dl><dl class='gallery-item'>\n\t\t\t<dt class='gallery-icon landscape'>\n\t\t\t\t<a href='https:\/\/www.ccaniene.com\/en\/assoluti-invernali-di-nuoto-laniene-trionfa-a-riccione\/di-pietro-silvia\/'><img loading=\"lazy\" decoding=\"async\" width=\"200\" height=\"200\" src=\"https:\/\/www.ccaniene.com\/wp-content\/uploads\/2013\/12\/Di-Pietro-Silvia-200x200.jpg\" class=\"attachment-thumbnail size-thumbnail\" alt=\"\" aria-describedby=\"gallery-1-3784\" srcset=\"https:\/\/www.ccaniene.com\/wp-content\/uploads\/2013\/12\/Di-Pietro-Silvia-200x200.jpg 200w, https:\/\/www.ccaniene.com\/wp-content\/uploads\/2013\/12\/Di-Pietro-Silvia-300x300.jpg 300w, https:\/\/www.ccaniene.com\/wp-content\/uploads\/2013\/12\/Di-Pietro-Silvia-100x100.jpg 100w, https:\/\/www.ccaniene.com\/wp-content\/uploads\/2013\/12\/Di-Pietro-Silvia-270x270.jpg 270w\" sizes=\"(max-width: 200px) 100vw, 200px\" \/><\/a>\n\t\t\t<\/dt>\n\t\t\t\t<dd class='wp-caption-text gallery-caption' id='gallery-1-3784'>\n\t\t\t\tSilvia Di Pietro\n\t\t\t\t<\/dd><\/dl><dl class='gallery-item'>\n\t\t\t<dt class='gallery-icon landscape'>\n\t\t\t\t<a href='https:\/\/www.ccaniene.com\/en\/assoluti-invernali-di-nuoto-laniene-trionfa-a-riccione\/gemo-elena\/'><img loading=\"lazy\" decoding=\"async\" width=\"200\" height=\"200\" src=\"https:\/\/www.ccaniene.com\/wp-content\/uploads\/2013\/12\/Gemo-Elena-200x200.jpg\" class=\"attachment-thumbnail size-thumbnail\" alt=\"\" aria-describedby=\"gallery-1-3785\" srcset=\"https:\/\/www.ccaniene.com\/wp-content\/uploads\/2013\/12\/Gemo-Elena-200x200.jpg 200w, https:\/\/www.ccaniene.com\/wp-content\/uploads\/2013\/12\/Gemo-Elena-300x300.jpg 300w, https:\/\/www.ccaniene.com\/wp-content\/uploads\/2013\/12\/Gemo-Elena-100x100.jpg 100w, https:\/\/www.ccaniene.com\/wp-content\/uploads\/2013\/12\/Gemo-Elena-270x270.jpg 270w\" sizes=\"(max-width: 200px) 100vw, 200px\" \/><\/a>\n\t\t\t<\/dt>\n\t\t\t\t<dd class='wp-caption-text gallery-caption' id='gallery-1-3785'>\n\t\t\t\tElena Gemo\n\t\t\t\t<\/dd><\/dl><br style=\"clear: both\" \/><dl class='gallery-item'>\n\t\t\t<dt class='gallery-icon landscape'>\n\t\t\t\t<a href='https:\/\/www.ccaniene.com\/en\/assoluti-invernali-di-nuoto-laniene-trionfa-a-riccione\/milli-matteo\/'><img loading=\"lazy\" decoding=\"async\" width=\"200\" height=\"200\" src=\"https:\/\/www.ccaniene.com\/wp-content\/uploads\/2013\/12\/Milli-Matteo-200x200.jpg\" class=\"attachment-thumbnail size-thumbnail\" alt=\"\" aria-describedby=\"gallery-1-3787\" srcset=\"https:\/\/www.ccaniene.com\/wp-content\/uploads\/2013\/12\/Milli-Matteo-200x200.jpg 200w, https:\/\/www.ccaniene.com\/wp-content\/uploads\/2013\/12\/Milli-Matteo-300x300.jpg 300w, https:\/\/www.ccaniene.com\/wp-content\/uploads\/2013\/12\/Milli-Matteo-100x100.jpg 100w, https:\/\/www.ccaniene.com\/wp-content\/uploads\/2013\/12\/Milli-Matteo-270x270.jpg 270w\" sizes=\"(max-width: 200px) 100vw, 200px\" \/><\/a>\n\t\t\t<\/dt>\n\t\t\t\t<dd class='wp-caption-text gallery-caption' id='gallery-1-3787'>\n\t\t\t\tMatteo Milli\n\t\t\t\t<\/dd><\/dl><dl class='gallery-item'>\n\t\t\t<dt class='gallery-icon landscape'>\n\t\t\t\t<a href='https:\/\/www.ccaniene.com\/en\/assoluti-invernali-di-nuoto-laniene-trionfa-a-riccione\/pelizzari-matteo\/'><img loading=\"lazy\" decoding=\"async\" width=\"200\" height=\"200\" src=\"https:\/\/www.ccaniene.com\/wp-content\/uploads\/2013\/12\/Pelizzari-Matteo-200x200.jpg\" class=\"attachment-thumbnail size-thumbnail\" alt=\"\" aria-describedby=\"gallery-1-3786\" srcset=\"https:\/\/www.ccaniene.com\/wp-content\/uploads\/2013\/12\/Pelizzari-Matteo-200x200.jpg 200w, https:\/\/www.ccaniene.com\/wp-content\/uploads\/2013\/12\/Pelizzari-Matteo-300x300.jpg 300w, https:\/\/www.ccaniene.com\/wp-content\/uploads\/2013\/12\/Pelizzari-Matteo-100x100.jpg 100w, https:\/\/www.ccaniene.com\/wp-content\/uploads\/2013\/12\/Pelizzari-Matteo-270x270.jpg 270w\" sizes=\"(max-width: 200px) 100vw, 200px\" \/><\/a>\n\t\t\t<\/dt>\n\t\t\t\t<dd class='wp-caption-text gallery-caption' id='gallery-1-3786'>\n\t\t\t\tMatteo Pelizzari\n\t\t\t\t<\/dd><\/dl><dl class='gallery-item'>\n\t\t\t<dt class='gallery-icon landscape'>\n\t\t\t\t<a href='https:\/\/www.ccaniene.com\/en\/assoluti-invernali-di-nuoto-laniene-trionfa-a-riccione\/pellegrini-federica\/'><img loading=\"lazy\" decoding=\"async\" width=\"200\" height=\"200\" src=\"https:\/\/www.ccaniene.com\/wp-content\/uploads\/2013\/12\/Pellegrini-Federica-200x200.jpg\" class=\"attachment-thumbnail size-thumbnail\" alt=\"\" aria-describedby=\"gallery-1-3788\" srcset=\"https:\/\/www.ccaniene.com\/wp-content\/uploads\/2013\/12\/Pellegrini-Federica-200x200.jpg 200w, https:\/\/www.ccaniene.com\/wp-content\/uploads\/2013\/12\/Pellegrini-Federica-300x300.jpg 300w, https:\/\/www.ccaniene.com\/wp-content\/uploads\/2013\/12\/Pellegrini-Federica-100x100.jpg 100w, https:\/\/www.ccaniene.com\/wp-content\/uploads\/2013\/12\/Pellegrini-Federica-270x270.jpg 270w\" sizes=\"(max-width: 200px) 100vw, 200px\" \/><\/a>\n\t\t\t<\/dt>\n\t\t\t\t<dd class='wp-caption-text gallery-caption' id='gallery-1-3788'>\n\t\t\t\tFederica Pellegrini\n\t\t\t\t<\/dd><\/dl><br style=\"clear: both\" \/><dl class='gallery-item'>\n\t\t\t<dt class='gallery-icon landscape'>\n\t\t\t\t<a href='https:\/\/www.ccaniene.com\/en\/assoluti-invernali-di-nuoto-laniene-trionfa-a-riccione\/ponsele-aurora\/'><img loading=\"lazy\" decoding=\"async\" width=\"200\" height=\"200\" src=\"https:\/\/www.ccaniene.com\/wp-content\/uploads\/2013\/12\/Ponsel\u00e8-Aurora-200x200.jpg\" class=\"attachment-thumbnail size-thumbnail\" alt=\"\" aria-describedby=\"gallery-1-3779\" srcset=\"https:\/\/www.ccaniene.com\/wp-content\/uploads\/2013\/12\/Ponsel\u00e8-Aurora-200x200.jpg 200w, https:\/\/www.ccaniene.com\/wp-content\/uploads\/2013\/12\/Ponsel\u00e8-Aurora-270x270.jpg 270w\" sizes=\"(max-width: 200px) 100vw, 200px\" \/><\/a>\n\t\t\t<\/dt>\n\t\t\t\t<dd class='wp-caption-text gallery-caption' id='gallery-1-3779'>\n\t\t\t\tAurora Ponsel\u00e8\n\t\t\t\t<\/dd><\/dl>\n\t\t\t<br style='clear: both' \/>\n\t\t<\/div>","protected":false},"excerpt":{"rendered":"<p>Un autentico successo per i nuotatori dell\u2019Aniene&#8230;13 medaglie d\u2019Oro, 7 d\u2019Argento, 9 di Bronzo, ben 21 gli atleti saliti sul podio, un successo reso ancora pi\u00f9 evidente dalle classifiche finali: 1^ Squadra classificata sia nella Sezione Maschile che Femminile tra le societ\u00e0 civili e 1 nelle classifiche generali, comprese quindi le societ\u00e0 militari anche qui [&hellip;]<\/p>","protected":false},"author":4667,"featured_media":3778,"comment_status":"open","ping_status":"closed","sticky":false,"template":"","format":"standard","meta":{"pmpro_default_level":0,"footnotes":"","_links_to":"","_links_to_target":""},"categories":[2,11,32],"tags":[],"class_list":["post-3775","post","type-post","status-publish","format-standard","has-post-thumbnail","hentry","category-in-evidenza","category-nuoto","category-slider","pmpro-has-access"],"featured_image_urls":{"woocommerce_thumbnail":"https:\/\/www.ccaniene.com\/wp-content\/uploads\/2013\/12\/Federica-Pellegrini-slider-300x300.jpg","woocommerce_gallery_thumbnail":"https:\/\/www.ccaniene.com\/wp-content\/uploads\/2013\/12\/Federica-Pellegrini-slider-100x100.jpg","woocommerce_single":"https:\/\/www.ccaniene.com\/wp-content\/uploads\/2013\/12\/Federica-Pellegrini-slider-600x396.jpg","thumbnail":"https:\/\/www.ccaniene.com\/wp-content\/uploads\/2013\/12\/Federica-Pellegrini-slider-200x200.jpg","medium":"https:\/\/www.ccaniene.com\/wp-content\/uploads\/2013\/12\/Federica-Pellegrini-slider-460x304.jpg","medium_large":"https:\/\/www.ccaniene.com\/wp-content\/uploads\/2013\/12\/Federica-Pellegrini-slider-768x507.jpg","large":"https:\/\/www.ccaniene.com\/wp-content\/uploads\/2013\/12\/Federica-Pellegrini-slider-980x647.jpg","second":"https:\/\/www.ccaniene.com\/wp-content\/uploads\/2013\/12\/Federica-Pellegrini-slider-270x246.jpg","single-thumb":"https:\/\/www.ccaniene.com\/wp-content\/uploads\/2013\/12\/Federica-Pellegrini-slider-870x450.jpg","large-thumb":"https:\/\/www.ccaniene.com\/wp-content\/uploads\/2013\/12\/Federica-Pellegrini-slider-780x450.jpg","medium-thumb":"https:\/\/www.ccaniene.com\/wp-content\/uploads\/2013\/12\/Federica-Pellegrini-slider-390x225.jpg","large-archive-thumb":"https:\/\/www.ccaniene.com\/wp-content\/uploads\/2013\/12\/Federica-Pellegrini-slider-570x300.jpg","small-archive-thumb":"https:\/\/www.ccaniene.com\/wp-content\/uploads\/2013\/12\/Federica-Pellegrini-slider-300x200.jpg","portrait-thumb":"https:\/\/www.ccaniene.com\/wp-content\/uploads\/2013\/12\/Federica-Pellegrini-slider-300x198.jpg","portrait":"https:\/\/www.ccaniene.com\/wp-content\/uploads\/2013\/12\/Federica-Pellegrini-slider-870x574.jpg","gallery":"https:\/\/www.ccaniene.com\/wp-content\/uploads\/2013\/12\/Federica-Pellegrini-slider-270x270.jpg"},"appp_media":null,"yoast_head":"<!-- This site is optimized with the Yoast SEO plugin v23.6 - https:\/\/yoast.com\/wordpress\/plugins\/seo\/ -->\n<title>ASSOLUTI INVERNALI DI NUOTO, L\u2019ANIENE TRIONFA A RICCIONE - Circolo Canottieri Aniene<\/title>\n<meta name=\"robots\" content=\"index, follow, max-snippet:-1, max-image-preview:large, max-video-preview:-1\" \/>\n<link rel=\"canonical\" href=\"https:\/\/www.ccaniene.com\/en\/assoluti-invernali-di-nuoto-laniene-trionfa-a-riccione\/\" \/>\n<meta property=\"og:locale\" content=\"en_GB\" \/>\n<meta property=\"og:type\" content=\"article\" \/>\n<meta property=\"og:title\" content=\"ASSOLUTI INVERNALI DI NUOTO, L\u2019ANIENE TRIONFA A RICCIONE - Circolo Canottieri Aniene\" \/>\n<meta property=\"og:description\" content=\"Un autentico successo per i nuotatori dell\u2019Aniene&#8230;13 medaglie d\u2019Oro, 7 d\u2019Argento, 9 di Bronzo, ben 21 gli atleti saliti sul podio, un successo reso ancora pi\u00f9 evidente dalle classifiche finali: 1^ Squadra classificata sia nella Sezione Maschile che Femminile tra le societ\u00e0 civili e 1 nelle classifiche generali, comprese quindi le societ\u00e0 militari anche qui [&hellip;]\" \/>\n<meta property=\"og:url\" content=\"https:\/\/www.ccaniene.com\/en\/assoluti-invernali-di-nuoto-laniene-trionfa-a-riccione\/\" \/>\n<meta property=\"og:site_name\" content=\"Circolo Canottieri Aniene\" \/>\n<meta property=\"article:published_time\" content=\"2013-12-23T15:04:32+00:00\" \/>\n<meta property=\"article:modified_time\" content=\"2013-12-23T16:51:33+00:00\" \/>\n<meta property=\"og:image\" content=\"https:\/\/www.ccaniene.com\/wp-content\/uploads\/2013\/12\/Federica-Pellegrini-slider.jpg\" \/>\n\t<meta property=\"og:image:width\" content=\"1515\" \/>\n\t<meta property=\"og:image:height\" content=\"1000\" \/>\n\t<meta property=\"og:image:type\" content=\"image\/jpeg\" \/>\n<meta name=\"twitter:card\" content=\"summary_large_image\" \/>\n<meta name=\"twitter:label1\" content=\"Written by\" \/>\n\t<meta name=\"twitter:data1\" content=\"\" \/>\n\t<meta name=\"twitter:label2\" content=\"Estimated reading time\" \/>\n\t<meta name=\"twitter:data2\" content=\"1 minute\" \/>\n<script type=\"application\/ld+json\" class=\"yoast-schema-graph\">{\"@context\":\"https:\/\/schema.org\",\"@graph\":[{\"@type\":\"WebPage\",\"@id\":\"https:\/\/www.ccaniene.com\/assoluti-invernali-di-nuoto-laniene-trionfa-a-riccione\/\",\"url\":\"https:\/\/www.ccaniene.com\/assoluti-invernali-di-nuoto-laniene-trionfa-a-riccione\/\",\"name\":\"ASSOLUTI INVERNALI DI NUOTO, L\u2019ANIENE TRIONFA A RICCIONE - Circolo Canottieri Aniene\",\"isPartOf\":{\"@id\":\"http:\/\/www.ccaniene.com\/it_it\/#website\"},\"primaryImageOfPage\":{\"@id\":\"https:\/\/www.ccaniene.com\/assoluti-invernali-di-nuoto-laniene-trionfa-a-riccione\/#primaryimage\"},\"image\":{\"@id\":\"https:\/\/www.ccaniene.com\/assoluti-invernali-di-nuoto-laniene-trionfa-a-riccione\/#primaryimage\"},\"thumbnailUrl\":\"https:\/\/www.ccaniene.com\/wp-content\/uploads\/2013\/12\/Federica-Pellegrini-slider.jpg\",\"datePublished\":\"2013-12-23T15:04:32+00:00\",\"dateModified\":\"2013-12-23T16:51:33+00:00\",\"author\":{\"@id\":\"\"},\"breadcrumb\":{\"@id\":\"https:\/\/www.ccaniene.com\/assoluti-invernali-di-nuoto-laniene-trionfa-a-riccione\/#breadcrumb\"},\"inLanguage\":\"en-GB\",\"potentialAction\":[{\"@type\":\"ReadAction\",\"target\":[\"https:\/\/www.ccaniene.com\/assoluti-invernali-di-nuoto-laniene-trionfa-a-riccione\/\"]}]},{\"@type\":\"ImageObject\",\"inLanguage\":\"en-GB\",\"@id\":\"https:\/\/www.ccaniene.com\/assoluti-invernali-di-nuoto-laniene-trionfa-a-riccione\/#primaryimage\",\"url\":\"https:\/\/www.ccaniene.com\/wp-content\/uploads\/2013\/12\/Federica-Pellegrini-slider.jpg\",\"contentUrl\":\"https:\/\/www.ccaniene.com\/wp-content\/uploads\/2013\/12\/Federica-Pellegrini-slider.jpg\",\"width\":1515,\"height\":1000},{\"@type\":\"BreadcrumbList\",\"@id\":\"https:\/\/www.ccaniene.com\/assoluti-invernali-di-nuoto-laniene-trionfa-a-riccione\/#breadcrumb\",\"itemListElement\":[{\"@type\":\"ListItem\",\"position\":1,\"name\":\"Home\",\"item\":\"http:\/\/www.ccaniene.com\/it_it\/\"},{\"@type\":\"ListItem\",\"position\":2,\"name\":\"ASSOLUTI INVERNALI DI NUOTO, L\u2019ANIENE TRIONFA A RICCIONE\"}]},{\"@type\":\"WebSite\",\"@id\":\"http:\/\/www.ccaniene.com\/it_it\/#website\",\"url\":\"http:\/\/www.ccaniene.com\/it_it\/\",\"name\":\"Circolo Canottieri Aniene\",\"description\":\"Collare d&#039;Oro e Stella d&#039;Oro al Merito Sportivo\",\"potentialAction\":[{\"@type\":\"SearchAction\",\"target\":{\"@type\":\"EntryPoint\",\"urlTemplate\":\"http:\/\/www.ccaniene.com\/it_it\/?s={search_term_string}\"},\"query-input\":{\"@type\":\"PropertyValueSpecification\",\"valueRequired\":true,\"valueName\":\"search_term_string\"}}],\"inLanguage\":\"en-GB\"},{\"@type\":\"Person\",\"@id\":\"\",\"url\":\"https:\/\/www.ccaniene.com\/en\/author\/\"}]}<\/script>\n<!-- \/ Yoast SEO plugin. -->","yoast_head_json":{"title":"ASSOLUTI INVERNALI DI NUOTO, L\u2019ANIENE TRIONFA A RICCIONE - Circolo Canottieri Aniene","robots":{"index":"index","follow":"follow","max-snippet":"max-snippet:-1","max-image-preview":"max-image-preview:large","max-video-preview":"max-video-preview:-1"},"canonical":"https:\/\/www.ccaniene.com\/en\/assoluti-invernali-di-nuoto-laniene-trionfa-a-riccione\/","og_locale":"en_GB","og_type":"article","og_title":"ASSOLUTI INVERNALI DI NUOTO, L\u2019ANIENE TRIONFA A RICCIONE - Circolo Canottieri Aniene","og_description":"Un autentico successo per i nuotatori dell\u2019Aniene&#8230;13 medaglie d\u2019Oro, 7 d\u2019Argento, 9 di Bronzo, ben 21 gli atleti saliti sul podio, un successo reso ancora pi\u00f9 evidente dalle classifiche finali: 1^ Squadra classificata sia nella Sezione Maschile che Femminile tra le societ\u00e0 civili e 1 nelle classifiche generali, comprese quindi le societ\u00e0 militari anche qui [&hellip;]","og_url":"https:\/\/www.ccaniene.com\/en\/assoluti-invernali-di-nuoto-laniene-trionfa-a-riccione\/","og_site_name":"Circolo Canottieri Aniene","article_published_time":"2013-12-23T15:04:32+00:00","article_modified_time":"2013-12-23T16:51:33+00:00","og_image":[{"width":1515,"height":1000,"url":"https:\/\/www.ccaniene.com\/wp-content\/uploads\/2013\/12\/Federica-Pellegrini-slider.jpg","type":"image\/jpeg"}],"twitter_card":"summary_large_image","twitter_misc":{"Written by":"","Estimated reading time":"1 minute"},"schema":{"@context":"https:\/\/schema.org","@graph":[{"@type":"WebPage","@id":"https:\/\/www.ccaniene.com\/assoluti-invernali-di-nuoto-laniene-trionfa-a-riccione\/","url":"https:\/\/www.ccaniene.com\/assoluti-invernali-di-nuoto-laniene-trionfa-a-riccione\/","name":"ASSOLUTI INVERNALI DI NUOTO, L\u2019ANIENE TRIONFA A RICCIONE - Circolo Canottieri Aniene","isPartOf":{"@id":"http:\/\/www.ccaniene.com\/it_it\/#website"},"primaryImageOfPage":{"@id":"https:\/\/www.ccaniene.com\/assoluti-invernali-di-nuoto-laniene-trionfa-a-riccione\/#primaryimage"},"image":{"@id":"https:\/\/www.ccaniene.com\/assoluti-invernali-di-nuoto-laniene-trionfa-a-riccione\/#primaryimage"},"thumbnailUrl":"https:\/\/www.ccaniene.com\/wp-content\/uploads\/2013\/12\/Federica-Pellegrini-slider.jpg","datePublished":"2013-12-23T15:04:32+00:00","dateModified":"2013-12-23T16:51:33+00:00","author":{"@id":""},"breadcrumb":{"@id":"https:\/\/www.ccaniene.com\/assoluti-invernali-di-nuoto-laniene-trionfa-a-riccione\/#breadcrumb"},"inLanguage":"en-GB","potentialAction":[{"@type":"ReadAction","target":["https:\/\/www.ccaniene.com\/assoluti-invernali-di-nuoto-laniene-trionfa-a-riccione\/"]}]},{"@type":"ImageObject","inLanguage":"en-GB","@id":"https:\/\/www.ccaniene.com\/assoluti-invernali-di-nuoto-laniene-trionfa-a-riccione\/#primaryimage","url":"https:\/\/www.ccaniene.com\/wp-content\/uploads\/2013\/12\/Federica-Pellegrini-slider.jpg","contentUrl":"https:\/\/www.ccaniene.com\/wp-content\/uploads\/2013\/12\/Federica-Pellegrini-slider.jpg","width":1515,"height":1000},{"@type":"BreadcrumbList","@id":"https:\/\/www.ccaniene.com\/assoluti-invernali-di-nuoto-laniene-trionfa-a-riccione\/#breadcrumb","itemListElement":[{"@type":"ListItem","position":1,"name":"Home","item":"http:\/\/www.ccaniene.com\/it_it\/"},{"@type":"ListItem","position":2,"name":"ASSOLUTI INVERNALI DI NUOTO, L\u2019ANIENE TRIONFA A RICCIONE"}]},{"@type":"WebSite","@id":"http:\/\/www.ccaniene.com\/it_it\/#website","url":"http:\/\/www.ccaniene.com\/it_it\/","name":"Circolo Canottieri Aniene","description":"Collare d&#039;Oro e Stella d&#039;Oro al Merito Sportivo","potentialAction":[{"@type":"SearchAction","target":{"@type":"EntryPoint","urlTemplate":"http:\/\/www.ccaniene.com\/it_it\/?s={search_term_string}"},"query-input":{"@type":"PropertyValueSpecification","valueRequired":true,"valueName":"search_term_string"}}],"inLanguage":"en-GB"},{"@type":"Person","@id":"","url":"https:\/\/www.ccaniene.com\/en\/author\/"}]}},"_links":{"self":[{"href":"https:\/\/www.ccaniene.com\/en\/wp-json\/wp\/v2\/posts\/3775"}],"collection":[{"href":"https:\/\/www.ccaniene.com\/en\/wp-json\/wp\/v2\/posts"}],"about":[{"href":"https:\/\/www.ccaniene.com\/en\/wp-json\/wp\/v2\/types\/post"}],"author":[{"embeddable":true,"href":"https:\/\/www.ccaniene.com\/en\/wp-json\/wp\/v2\/users\/4667"}],"replies":[{"embeddable":true,"href":"https:\/\/www.ccaniene.com\/en\/wp-json\/wp\/v2\/comments?post=3775"}],"version-history":[{"count":4,"href":"https:\/\/www.ccaniene.com\/en\/wp-json\/wp\/v2\/posts\/3775\/revisions"}],"predecessor-version":[{"id":3791,"href":"https:\/\/www.ccaniene.com\/en\/wp-json\/wp\/v2\/posts\/3775\/revisions\/3791"}],"wp:featuredmedia":[{"embeddable":true,"href":"https:\/\/www.ccaniene.com\/en\/wp-json\/wp\/v2\/media\/3778"}],"wp:attachment":[{"href":"https:\/\/www.ccaniene.com\/en\/wp-json\/wp\/v2\/media?parent=3775"}],"wp:term":[{"taxonomy":"category","embeddable":true,"href":"https:\/\/www.ccaniene.com\/en\/wp-json\/wp\/v2\/categories?post=3775"},{"taxonomy":"post_tag","embeddable":true,"href":"https:\/\/www.ccaniene.com\/en\/wp-json\/wp\/v2\/tags?post=3775"}],"curies":[{"name":"wp","href":"https:\/\/api.w.org\/{rel}","templated":true}]}}