{"id":3300,"date":"2013-09-23T13:38:06","date_gmt":"2013-09-23T11:38:06","guid":{"rendered":"https:\/\/www.ccaniene.com\/?p=3300"},"modified":"2013-09-23T13:38:06","modified_gmt":"2013-09-23T11:38:06","slug":"ridecosi-della-coppia-rinaldi-de-felice-vince-lultima-tappa-del-circuito-este-24-alviero-martini-1a-classe-cup-e-sbanca-anche-il-circuito-davanti-a-ricca-deste-e-la-prima-della-classe","status":"publish","type":"post","link":"https:\/\/www.ccaniene.com\/en\/ridecosi-della-coppia-rinaldi-de-felice-vince-lultima-tappa-del-circuito-este-24-alviero-martini-1a-classe-cup-e-sbanca-anche-il-circuito-davanti-a-ricca-deste-e-la-prima-della-classe\/","title":{"rendered":"RiDeCoS\u00ec della coppia Rinaldi- de Felice vince l&#8217;ultima tappa del Circuito Este 24 &#8211; Alviero Martini 1\u00aa Classe Cup e sbanca anche il circuito davanti a Ricca D&#8217;Este e La Prima della Classe."},"content":{"rendered":"<p>Week end conclusivo a Santa Marinella per il Circuito Este 24 \u2013 Alviero<br \/>\nMartini 1\u00aa Classe Cup. In una giornata dove il vento ha girato presentando tre<br \/>\ndiverse situazioni nelle tre prove di giornata, prima da nord est, girato a sud<br \/>\ned infine ovest, se questa \u00e8 la vela, l&#8217;imprevedibilit\u00e0 \u00e8 veramente una<br \/>\ncomponente troppo affascinante; l&#8217; alto livello tecnico del Circuito ha messo in<br \/>\nevidenza nuove forze in campo e un livellamento sempre pi\u00f9 evidente.<br \/>\nNell&#8217;ultima regata della terza prova RiDeCoS\u00ec , equipaggio battente guidone<br \/>\ndel Circolo Canottieri Aniene, skipper e timoniere Alessandro Maria Rinaldi,<br \/>\ncon Roberto Emanuele de Felice , con tre primi posti, due secondi posti e un<br \/>\nterzo scartato, mette il sigillo finale sulla vittoria di tappa, davanti a Ricca<br \/>\nD&#8217;Este e Frog. Una sequenza incredibile quella di RiDeCoS\u00ec che porta il team<br \/>\ndel C.C.Aniene anche sul gradino pi\u00f9 alto del Circuito Nazionale 2013, un<br \/>\nweek end da incorniciare per la compagine giallo-celeste.<br \/>\n\u201cOggi concludiamo in bellezza questo Circuito \u2013 sono le parole di<br \/>\nAlessandro Maria Rinaldi, timoniere di RiDeCoS\u00ec &#8211; non solo per il risultato<br \/>\nottenuto dalla nostra imbarcazione insieme all&#8217;amico e consocio Roberto de<br \/>\nFelice, ma per la consapevolezza di una crescita della Classe E24 che rende<br \/>\nonore alla vela italiana, perch\u00e8 negli anni abbiamo radunato sempre pi\u00f9<br \/>\narmatori esperti con equipaggi e tattici di grande livello. Abbiamo regatato in<br \/>\ntanti posti, abbiamo percorso pi\u00f9 di 70 miglia nella Coastal Race alla Lunga<br \/>\nBolina, ci siamo sfidati fino all&#8217;ultimo bordo al Campionato Nazionale a<br \/>\nScarlino, e possiamo dire con soddisfazione che , insieme agli appuntamenti<br \/>\ninvernali , abbiamo fatto quest&#8217;anno quasi un mese di regate insieme. Onore<br \/>\na Ricca D&#8217;Este e a La Prima della Classe, insieme a La Poderosa , Gorditos<br \/>\ne a Garopera che si sono battuti fino all&#8217;ultimo bordo in questo rush finale di<br \/>\nstagione. La Prima della Classe \u00e8 sicuramente la rivelazione dell&#8217;anno, le<br \/>\nragazze capitanate da Cristiana Monina hanno dimostrato di avere preso<br \/>\nsubito il feeling giusto con questa barca. Un ringraziamento va al mio<br \/>\nequipaggio, Roberto de Felice, Matteo Mason, Samuele Nicolettis, Simone<br \/>\nSpangaro, e agli amici, Nello, Nevio e Andrea che si sono inseriti di volta in<br \/>\nvolta nei cambi e al nostro sponsor che ci \u00e8 stato molto vicino e che ha dato<br \/>\nla giusta importanza a questa Classe che raduna una trentina di<br \/>\nimbarcazioni. E poi le sorprese non finiranno qui perch\u00e9 lo sponsor ha messo<br \/>\nin palio 10 premi fantastici, di cui l&#8217;ultimo modello dell&#8217; auto Smart, che<br \/>\nverranno estratti a sorte tra le prime 10 imbarcazioni che hanno partecipato a<br \/>\ntutte e sei le tappe! \u201d<br \/>\nSi chiude cos\u00ec il Circuito Este 24 &#8211; Alviero Martini 1\u00aa Classe Cup con la<br \/>\nvittoria di RiDeCoS\u00ec davanti a Ricca D&#8217;este e La Prima della Classe.<br \/>\nAppuntamento il 27 ottobre a Santa Marinella per l&#8217;inizio del Campionato<br \/>\nInvernale che si chiuder\u00e0 il 23 febbraio 2014.<\/p>","protected":false},"excerpt":{"rendered":"<p>Week end conclusivo a Santa Marinella per il Circuito Este 24 \u2013 Alviero Martini 1\u00aa Classe Cup. In una giornata dove il vento ha girato presentando tre diverse situazioni nelle tre prove di giornata, prima da nord est, girato a sud ed infine ovest, se questa \u00e8 la vela, l&#8217;imprevedibilit\u00e0 \u00e8 veramente una componente troppo [&hellip;]<\/p>","protected":false},"author":352,"featured_media":3301,"comment_status":"open","ping_status":"closed","sticky":false,"template":"","format":"standard","meta":{"pmpro_default_level":0,"footnotes":"","_links_to":"","_links_to_target":""},"categories":[2,28,26],"tags":[],"class_list":["post-3300","post","type-post","status-publish","format-standard","has-post-thumbnail","hentry","category-in-evidenza","category-regate","category-vela","pmpro-has-access"],"featured_image_urls":{"thumbnail":"https:\/\/www.ccaniene.com\/wp-content\/uploads\/2013\/09\/ridecos\u00ec-200x200.jpeg","medium":"https:\/\/www.ccaniene.com\/wp-content\/uploads\/2013\/09\/ridecos\u00ec-460x305.jpeg","medium_large":"https:\/\/www.ccaniene.com\/wp-content\/uploads\/2013\/09\/ridecos\u00ec-768x509.jpeg","large":"https:\/\/www.ccaniene.com\/wp-content\/uploads\/2013\/09\/ridecos\u00ec-980x649.jpeg","second":"https:\/\/www.ccaniene.com\/wp-content\/uploads\/2013\/09\/ridecos\u00ec-270x246.jpeg","single-thumb":"https:\/\/www.ccaniene.com\/wp-content\/uploads\/2013\/09\/ridecos\u00ec-870x450.jpeg","large-thumb":"https:\/\/www.ccaniene.com\/wp-content\/uploads\/2013\/09\/ridecos\u00ec-780x450.jpeg","medium-thumb":"https:\/\/www.ccaniene.com\/wp-content\/uploads\/2013\/09\/ridecos\u00ec-390x225.jpeg","large-archive-thumb":"https:\/\/www.ccaniene.com\/wp-content\/uploads\/2013\/09\/ridecos\u00ec-570x300.jpeg","small-archive-thumb":"https:\/\/www.ccaniene.com\/wp-content\/uploads\/2013\/09\/ridecos\u00ec-300x200.jpeg","portrait-thumb":"https:\/\/www.ccaniene.com\/wp-content\/uploads\/2013\/09\/ridecos\u00ec-300x199.jpeg","portrait":"https:\/\/www.ccaniene.com\/wp-content\/uploads\/2013\/09\/ridecos\u00ec-870x576.jpeg","gallery":"https:\/\/www.ccaniene.com\/wp-content\/uploads\/2013\/09\/ridecos\u00ec-270x270.jpeg"},"appp_media":null,"yoast_head":"<!-- This site is optimized with the Yoast SEO plugin v23.6 - https:\/\/yoast.com\/wordpress\/plugins\/seo\/ -->\n<title>RiDeCoS\u00ec della coppia Rinaldi- de Felice vince l&#039;ultima tappa del Circuito Este 24 - Alviero Martini 1\u00aa Classe Cup e sbanca anche il circuito davanti a Ricca D&#039;Este e La Prima della Classe. - Circolo Canottieri Aniene<\/title>\n<meta name=\"robots\" content=\"index, follow, max-snippet:-1, max-image-preview:large, max-video-preview:-1\" \/>\n<link rel=\"canonical\" href=\"https:\/\/www.ccaniene.com\/en\/ridecosi-della-coppia-rinaldi-de-felice-vince-lultima-tappa-del-circuito-este-24-alviero-martini-1a-classe-cup-e-sbanca-anche-il-circuito-davanti-a-ricca-deste-e-la-prima-della-classe\/\" \/>\n<meta property=\"og:locale\" content=\"en_GB\" \/>\n<meta property=\"og:type\" content=\"article\" \/>\n<meta property=\"og:title\" content=\"RiDeCoS\u00ec della coppia Rinaldi- de Felice vince l&#039;ultima tappa del Circuito Este 24 - Alviero Martini 1\u00aa Classe Cup e sbanca anche il circuito davanti a Ricca D&#039;Este e La Prima della Classe. - Circolo Canottieri Aniene\" \/>\n<meta property=\"og:description\" content=\"Week end conclusivo a Santa Marinella per il Circuito Este 24 \u2013 Alviero Martini 1\u00aa Classe Cup. In una giornata dove il vento ha girato presentando tre diverse situazioni nelle tre prove di giornata, prima da nord est, girato a sud ed infine ovest, se questa \u00e8 la vela, l&#8217;imprevedibilit\u00e0 \u00e8 veramente una componente troppo [&hellip;]\" \/>\n<meta property=\"og:url\" content=\"https:\/\/www.ccaniene.com\/en\/ridecosi-della-coppia-rinaldi-de-felice-vince-lultima-tappa-del-circuito-este-24-alviero-martini-1a-classe-cup-e-sbanca-anche-il-circuito-davanti-a-ricca-deste-e-la-prima-della-classe\/\" \/>\n<meta property=\"og:site_name\" content=\"Circolo Canottieri Aniene\" \/>\n<meta property=\"article:published_time\" content=\"2013-09-23T11:38:06+00:00\" \/>\n<meta property=\"og:image\" content=\"https:\/\/www.ccaniene.com\/wp-content\/uploads\/2013\/09\/ridecos\u00ec.jpeg\" \/>\n\t<meta property=\"og:image:width\" content=\"1024\" \/>\n\t<meta property=\"og:image:height\" content=\"678\" \/>\n\t<meta property=\"og:image:type\" content=\"image\/jpeg\" \/>\n<meta name=\"twitter:card\" content=\"summary_large_image\" \/>\n<meta name=\"twitter:label1\" content=\"Written by\" \/>\n\t<meta name=\"twitter:data1\" content=\"\" \/>\n\t<meta name=\"twitter:label2\" content=\"Estimated reading time\" \/>\n\t<meta name=\"twitter:data2\" content=\"2 minutes\" \/>\n<script type=\"application\/ld+json\" class=\"yoast-schema-graph\">{\"@context\":\"https:\/\/schema.org\",\"@graph\":[{\"@type\":\"WebPage\",\"@id\":\"https:\/\/www.ccaniene.com\/en\/ridecosi-della-coppia-rinaldi-de-felice-vince-lultima-tappa-del-circuito-este-24-alviero-martini-1a-classe-cup-e-sbanca-anche-il-circuito-davanti-a-ricca-deste-e-la-prima-della-classe\/\",\"url\":\"https:\/\/www.ccaniene.com\/en\/ridecosi-della-coppia-rinaldi-de-felice-vince-lultima-tappa-del-circuito-este-24-alviero-martini-1a-classe-cup-e-sbanca-anche-il-circuito-davanti-a-ricca-deste-e-la-prima-della-classe\/\",\"name\":\"RiDeCoS\u00ec della coppia Rinaldi- de Felice vince l'ultima tappa del Circuito Este 24 - Alviero Martini 1\u00aa Classe Cup e sbanca anche il circuito davanti a Ricca D'Este e La Prima della Classe. - Circolo Canottieri Aniene\",\"isPartOf\":{\"@id\":\"http:\/\/www.ccaniene.com\/it_it\/#website\"},\"primaryImageOfPage\":{\"@id\":\"https:\/\/www.ccaniene.com\/en\/ridecosi-della-coppia-rinaldi-de-felice-vince-lultima-tappa-del-circuito-este-24-alviero-martini-1a-classe-cup-e-sbanca-anche-il-circuito-davanti-a-ricca-deste-e-la-prima-della-classe\/#primaryimage\"},\"image\":{\"@id\":\"https:\/\/www.ccaniene.com\/en\/ridecosi-della-coppia-rinaldi-de-felice-vince-lultima-tappa-del-circuito-este-24-alviero-martini-1a-classe-cup-e-sbanca-anche-il-circuito-davanti-a-ricca-deste-e-la-prima-della-classe\/#primaryimage\"},\"thumbnailUrl\":\"https:\/\/www.ccaniene.com\/wp-content\/uploads\/2013\/09\/ridecos\u00ec.jpeg\",\"datePublished\":\"2013-09-23T11:38:06+00:00\",\"dateModified\":\"2013-09-23T11:38:06+00:00\",\"author\":{\"@id\":\"\"},\"breadcrumb\":{\"@id\":\"https:\/\/www.ccaniene.com\/en\/ridecosi-della-coppia-rinaldi-de-felice-vince-lultima-tappa-del-circuito-este-24-alviero-martini-1a-classe-cup-e-sbanca-anche-il-circuito-davanti-a-ricca-deste-e-la-prima-della-classe\/#breadcrumb\"},\"inLanguage\":\"en-GB\",\"potentialAction\":[{\"@type\":\"ReadAction\",\"target\":[\"https:\/\/www.ccaniene.com\/en\/ridecosi-della-coppia-rinaldi-de-felice-vince-lultima-tappa-del-circuito-este-24-alviero-martini-1a-classe-cup-e-sbanca-anche-il-circuito-davanti-a-ricca-deste-e-la-prima-della-classe\/\"]}]},{\"@type\":\"ImageObject\",\"inLanguage\":\"en-GB\",\"@id\":\"https:\/\/www.ccaniene.com\/en\/ridecosi-della-coppia-rinaldi-de-felice-vince-lultima-tappa-del-circuito-este-24-alviero-martini-1a-classe-cup-e-sbanca-anche-il-circuito-davanti-a-ricca-deste-e-la-prima-della-classe\/#primaryimage\",\"url\":\"https:\/\/www.ccaniene.com\/wp-content\/uploads\/2013\/09\/ridecos\u00ec.jpeg\",\"contentUrl\":\"https:\/\/www.ccaniene.com\/wp-content\/uploads\/2013\/09\/ridecos\u00ec.jpeg\",\"width\":1024,\"height\":678},{\"@type\":\"BreadcrumbList\",\"@id\":\"https:\/\/www.ccaniene.com\/en\/ridecosi-della-coppia-rinaldi-de-felice-vince-lultima-tappa-del-circuito-este-24-alviero-martini-1a-classe-cup-e-sbanca-anche-il-circuito-davanti-a-ricca-deste-e-la-prima-della-classe\/#breadcrumb\",\"itemListElement\":[{\"@type\":\"ListItem\",\"position\":1,\"name\":\"Home\",\"item\":\"http:\/\/www.ccaniene.com\/it_it\/\"},{\"@type\":\"ListItem\",\"position\":2,\"name\":\"RiDeCoS\u00ec della coppia Rinaldi- de Felice vince l&#8217;ultima tappa del Circuito Este 24 &#8211; Alviero Martini 1\u00aa Classe Cup e sbanca anche il circuito davanti a Ricca D&#8217;Este e La Prima della Classe.\"}]},{\"@type\":\"WebSite\",\"@id\":\"http:\/\/www.ccaniene.com\/it_it\/#website\",\"url\":\"http:\/\/www.ccaniene.com\/it_it\/\",\"name\":\"Circolo Canottieri Aniene\",\"description\":\"Collare d&#039;Oro e Stella d&#039;Oro al Merito Sportivo\",\"potentialAction\":[{\"@type\":\"SearchAction\",\"target\":{\"@type\":\"EntryPoint\",\"urlTemplate\":\"http:\/\/www.ccaniene.com\/it_it\/?s={search_term_string}\"},\"query-input\":{\"@type\":\"PropertyValueSpecification\",\"valueRequired\":true,\"valueName\":\"search_term_string\"}}],\"inLanguage\":\"en-GB\"},{\"@type\":\"Person\",\"@id\":\"\",\"url\":\"https:\/\/www.ccaniene.com\/en\/author\/\"}]}<\/script>\n<!-- \/ Yoast SEO plugin. -->","yoast_head_json":{"title":"RiDeCoS\u00ec della coppia Rinaldi- de Felice vince l'ultima tappa del Circuito Este 24 - Alviero Martini 1\u00aa Classe Cup e sbanca anche il circuito davanti a Ricca D'Este e La Prima della Classe. - Circolo Canottieri Aniene","robots":{"index":"index","follow":"follow","max-snippet":"max-snippet:-1","max-image-preview":"max-image-preview:large","max-video-preview":"max-video-preview:-1"},"canonical":"https:\/\/www.ccaniene.com\/en\/ridecosi-della-coppia-rinaldi-de-felice-vince-lultima-tappa-del-circuito-este-24-alviero-martini-1a-classe-cup-e-sbanca-anche-il-circuito-davanti-a-ricca-deste-e-la-prima-della-classe\/","og_locale":"en_GB","og_type":"article","og_title":"RiDeCoS\u00ec della coppia Rinaldi- de Felice vince l'ultima tappa del Circuito Este 24 - Alviero Martini 1\u00aa Classe Cup e sbanca anche il circuito davanti a Ricca D'Este e La Prima della Classe. - Circolo Canottieri Aniene","og_description":"Week end conclusivo a Santa Marinella per il Circuito Este 24 \u2013 Alviero Martini 1\u00aa Classe Cup. In una giornata dove il vento ha girato presentando tre diverse situazioni nelle tre prove di giornata, prima da nord est, girato a sud ed infine ovest, se questa \u00e8 la vela, l&#8217;imprevedibilit\u00e0 \u00e8 veramente una componente troppo [&hellip;]","og_url":"https:\/\/www.ccaniene.com\/en\/ridecosi-della-coppia-rinaldi-de-felice-vince-lultima-tappa-del-circuito-este-24-alviero-martini-1a-classe-cup-e-sbanca-anche-il-circuito-davanti-a-ricca-deste-e-la-prima-della-classe\/","og_site_name":"Circolo Canottieri Aniene","article_published_time":"2013-09-23T11:38:06+00:00","og_image":[{"width":1024,"height":678,"url":"https:\/\/www.ccaniene.com\/wp-content\/uploads\/2013\/09\/ridecos\u00ec.jpeg","type":"image\/jpeg"}],"twitter_card":"summary_large_image","twitter_misc":{"Written by":"","Estimated reading time":"2 minutes"},"schema":{"@context":"https:\/\/schema.org","@graph":[{"@type":"WebPage","@id":"https:\/\/www.ccaniene.com\/en\/ridecosi-della-coppia-rinaldi-de-felice-vince-lultima-tappa-del-circuito-este-24-alviero-martini-1a-classe-cup-e-sbanca-anche-il-circuito-davanti-a-ricca-deste-e-la-prima-della-classe\/","url":"https:\/\/www.ccaniene.com\/en\/ridecosi-della-coppia-rinaldi-de-felice-vince-lultima-tappa-del-circuito-este-24-alviero-martini-1a-classe-cup-e-sbanca-anche-il-circuito-davanti-a-ricca-deste-e-la-prima-della-classe\/","name":"RiDeCoS\u00ec della coppia Rinaldi- de Felice vince l'ultima tappa del Circuito Este 24 - Alviero Martini 1\u00aa Classe Cup e sbanca anche il circuito davanti a Ricca D'Este e La Prima della Classe. - Circolo Canottieri Aniene","isPartOf":{"@id":"http:\/\/www.ccaniene.com\/it_it\/#website"},"primaryImageOfPage":{"@id":"https:\/\/www.ccaniene.com\/en\/ridecosi-della-coppia-rinaldi-de-felice-vince-lultima-tappa-del-circuito-este-24-alviero-martini-1a-classe-cup-e-sbanca-anche-il-circuito-davanti-a-ricca-deste-e-la-prima-della-classe\/#primaryimage"},"image":{"@id":"https:\/\/www.ccaniene.com\/en\/ridecosi-della-coppia-rinaldi-de-felice-vince-lultima-tappa-del-circuito-este-24-alviero-martini-1a-classe-cup-e-sbanca-anche-il-circuito-davanti-a-ricca-deste-e-la-prima-della-classe\/#primaryimage"},"thumbnailUrl":"https:\/\/www.ccaniene.com\/wp-content\/uploads\/2013\/09\/ridecos\u00ec.jpeg","datePublished":"2013-09-23T11:38:06+00:00","dateModified":"2013-09-23T11:38:06+00:00","author":{"@id":""},"breadcrumb":{"@id":"https:\/\/www.ccaniene.com\/en\/ridecosi-della-coppia-rinaldi-de-felice-vince-lultima-tappa-del-circuito-este-24-alviero-martini-1a-classe-cup-e-sbanca-anche-il-circuito-davanti-a-ricca-deste-e-la-prima-della-classe\/#breadcrumb"},"inLanguage":"en-GB","potentialAction":[{"@type":"ReadAction","target":["https:\/\/www.ccaniene.com\/en\/ridecosi-della-coppia-rinaldi-de-felice-vince-lultima-tappa-del-circuito-este-24-alviero-martini-1a-classe-cup-e-sbanca-anche-il-circuito-davanti-a-ricca-deste-e-la-prima-della-classe\/"]}]},{"@type":"ImageObject","inLanguage":"en-GB","@id":"https:\/\/www.ccaniene.com\/en\/ridecosi-della-coppia-rinaldi-de-felice-vince-lultima-tappa-del-circuito-este-24-alviero-martini-1a-classe-cup-e-sbanca-anche-il-circuito-davanti-a-ricca-deste-e-la-prima-della-classe\/#primaryimage","url":"https:\/\/www.ccaniene.com\/wp-content\/uploads\/2013\/09\/ridecos\u00ec.jpeg","contentUrl":"https:\/\/www.ccaniene.com\/wp-content\/uploads\/2013\/09\/ridecos\u00ec.jpeg","width":1024,"height":678},{"@type":"BreadcrumbList","@id":"https:\/\/www.ccaniene.com\/en\/ridecosi-della-coppia-rinaldi-de-felice-vince-lultima-tappa-del-circuito-este-24-alviero-martini-1a-classe-cup-e-sbanca-anche-il-circuito-davanti-a-ricca-deste-e-la-prima-della-classe\/#breadcrumb","itemListElement":[{"@type":"ListItem","position":1,"name":"Home","item":"http:\/\/www.ccaniene.com\/it_it\/"},{"@type":"ListItem","position":2,"name":"RiDeCoS\u00ec della coppia Rinaldi- de Felice vince l&#8217;ultima tappa del Circuito Este 24 &#8211; Alviero Martini 1\u00aa Classe Cup e sbanca anche il circuito davanti a Ricca D&#8217;Este e La Prima della Classe."}]},{"@type":"WebSite","@id":"http:\/\/www.ccaniene.com\/it_it\/#website","url":"http:\/\/www.ccaniene.com\/it_it\/","name":"Circolo Canottieri Aniene","description":"Collare d&#039;Oro e Stella d&#039;Oro al Merito Sportivo","potentialAction":[{"@type":"SearchAction","target":{"@type":"EntryPoint","urlTemplate":"http:\/\/www.ccaniene.com\/it_it\/?s={search_term_string}"},"query-input":{"@type":"PropertyValueSpecification","valueRequired":true,"valueName":"search_term_string"}}],"inLanguage":"en-GB"},{"@type":"Person","@id":"","url":"https:\/\/www.ccaniene.com\/en\/author\/"}]}},"_links":{"self":[{"href":"https:\/\/www.ccaniene.com\/en\/wp-json\/wp\/v2\/posts\/3300"}],"collection":[{"href":"https:\/\/www.ccaniene.com\/en\/wp-json\/wp\/v2\/posts"}],"about":[{"href":"https:\/\/www.ccaniene.com\/en\/wp-json\/wp\/v2\/types\/post"}],"author":[{"embeddable":true,"href":"https:\/\/www.ccaniene.com\/en\/wp-json\/wp\/v2\/users\/352"}],"replies":[{"embeddable":true,"href":"https:\/\/www.ccaniene.com\/en\/wp-json\/wp\/v2\/comments?post=3300"}],"version-history":[{"count":1,"href":"https:\/\/www.ccaniene.com\/en\/wp-json\/wp\/v2\/posts\/3300\/revisions"}],"predecessor-version":[{"id":3302,"href":"https:\/\/www.ccaniene.com\/en\/wp-json\/wp\/v2\/posts\/3300\/revisions\/3302"}],"wp:featuredmedia":[{"embeddable":true,"href":"https:\/\/www.ccaniene.com\/en\/wp-json\/wp\/v2\/media\/3301"}],"wp:attachment":[{"href":"https:\/\/www.ccaniene.com\/en\/wp-json\/wp\/v2\/media?parent=3300"}],"wp:term":[{"taxonomy":"category","embeddable":true,"href":"https:\/\/www.ccaniene.com\/en\/wp-json\/wp\/v2\/categories?post=3300"},{"taxonomy":"post_tag","embeddable":true,"href":"https:\/\/www.ccaniene.com\/en\/wp-json\/wp\/v2\/tags?post=3300"}],"curies":[{"name":"wp","href":"https:\/\/api.w.org\/{rel}","templated":true}]}}