{"id":30103,"date":"2025-10-27T17:27:04","date_gmt":"2025-10-27T16:27:04","guid":{"rendered":"https:\/\/www.ccaniene.com\/?p=30103"},"modified":"2025-10-27T17:27:05","modified_gmt":"2025-10-27T16:27:05","slug":"parigi-2024-accolto-il-ricorso-di-giacomo-perini-riavra-il-bronzo-paralimpico","status":"publish","type":"post","link":"https:\/\/www.ccaniene.com\/en\/parigi-2024-accolto-il-ricorso-di-giacomo-perini-riavra-il-bronzo-paralimpico\/","title":{"rendered":"Parigi 2024\/Accolto il ricorso di Giacomo Perini: riavr\u00e0 il bronzo paralimpico"},"content":{"rendered":"<p>Giacomo Perini pu\u00f2 mettersi al collo la medaglia di bronzo delle Paralimpiadi di Parigi 2024. \u00c8 stato accolto, infatti, il ricorso presentato dal Comitato Italiano Paralimpico e dallo stesso inerente l\u2019esclusione dalla finale PR1 dei Giochi Paralimpici di Parigi 2024 per il possesso di un telefono cellulare a bordo dell\u2019imbarcazione.<\/p>\n\n\n\n<p>La decisione di World Rowing, secondo il Tribunale Arbitrale dello Sport (TAS), non rientrava nel cosiddetto \u201cfield of play\u201d, poich\u00e9 non riguardava una valutazione tecnica presa durante la gara ma un provvedimento disciplinare successivo, fondato sull\u2019interpretazione di una norma.<\/p>\n\n\n\n<p>Il TAS ha chiarito che la norma vieta l\u2019uso o la comunicazione tramite dispositivi elettronici, ma non il semplice possesso. Il comportamento non era vietato dal testo regolamentare e non andava sanzionato. Le indagini tecniche e informatiche hanno inoltre accertato che il telefono di Perini non era stato utilizzato durante la gara, n\u00e9 risultava attiva alcuna forma di comunicazione. Il dispositivo era rimasto nella borsa per errore escludendo alcun vantaggio competitivo.<\/p>\n\n\n\n<p>Il Tribunale ha precisato che la pronuncia ripristina la classifica ufficiale, con il vogatore azzurro del CC Aniene nuovamente al terzo posto, ma la materiale assegnazione della medaglia dovr\u00e0 essere attuata dall\u2019IPC, ossia dal Comitato Paralimpico Internazionale, che \u00e8 l\u2019unico organo abilitato a convalidare e distribuire i riconoscimenti paralimpici.<\/p>","protected":false},"excerpt":{"rendered":"<p>Giacomo Perini pu\u00f2 mettersi al collo la medaglia di bronzo delle Paralimpiadi di Parigi 2024. \u00c8 stato accolto, infatti, il ricorso presentato dal Comitato Italiano Paralimpico e dallo stesso inerente l\u2019esclusione dalla finale PR1 dei Giochi Paralimpici di Parigi 2024 per il possesso di un telefono cellulare a bordo dell\u2019imbarcazione. La decisione di World Rowing, [&hellip;]<\/p>","protected":false},"author":23521,"featured_media":30104,"comment_status":"closed","ping_status":"closed","sticky":false,"template":"","format":"standard","meta":{"pmpro_default_level":0,"footnotes":"","_links_to":"","_links_to_target":""},"categories":[9,1,46],"tags":[],"class_list":["post-30103","post","type-post","status-publish","format-standard","has-post-thumbnail","hentry","category-canottaggio","category-news","category-sport-paralimpici","pmpro-has-access"],"featured_image_urls":{"thumbnail":"https:\/\/www.ccaniene.com\/wp-content\/uploads\/2025\/10\/perini-parigi-400x400.jpeg","trp-custom-language-flag":"https:\/\/www.ccaniene.com\/wp-content\/uploads\/2025\/10\/perini-parigi-16x12.jpeg","cmplz_banner_image":"https:\/\/www.ccaniene.com\/wp-content\/uploads\/2025\/10\/perini-parigi-350x100.jpeg"},"appp_media":null,"yoast_head":"<!-- This site is optimized with the Yoast SEO plugin v23.6 - https:\/\/yoast.com\/wordpress\/plugins\/seo\/ -->\n<title>Parigi 2024\/Accolto il ricorso di Giacomo Perini: riavr\u00e0 il bronzo paralimpico - Circolo Canottieri Aniene<\/title>\n<meta name=\"robots\" content=\"index, follow, max-snippet:-1, max-image-preview:large, max-video-preview:-1\" \/>\n<link rel=\"canonical\" href=\"http:\/\/www.ccaniene.com\/en\/parigi-2024-accolto-il-ricorso-di-giacomo-perini-riavra-il-bronzo-paralimpico\/\" \/>\n<meta property=\"og:locale\" content=\"en_GB\" \/>\n<meta property=\"og:type\" content=\"article\" \/>\n<meta property=\"og:title\" content=\"Parigi 2024\/Accolto il ricorso di Giacomo Perini: riavr\u00e0 il bronzo paralimpico - Circolo Canottieri Aniene\" \/>\n<meta property=\"og:description\" content=\"Giacomo Perini pu\u00f2 mettersi al collo la medaglia di bronzo delle Paralimpiadi di Parigi 2024. \u00c8 stato accolto, infatti, il ricorso presentato dal Comitato Italiano Paralimpico e dallo stesso inerente l\u2019esclusione dalla finale PR1 dei Giochi Paralimpici di Parigi 2024 per il possesso di un telefono cellulare a bordo dell\u2019imbarcazione. La decisione di World Rowing, [&hellip;]\" \/>\n<meta property=\"og:url\" content=\"http:\/\/www.ccaniene.com\/en\/parigi-2024-accolto-il-ricorso-di-giacomo-perini-riavra-il-bronzo-paralimpico\/\" \/>\n<meta property=\"og:site_name\" content=\"Circolo Canottieri Aniene\" \/>\n<meta property=\"article:published_time\" content=\"2025-10-27T16:27:04+00:00\" \/>\n<meta property=\"article:modified_time\" content=\"2025-10-27T16:27:05+00:00\" \/>\n<meta property=\"og:image\" content=\"http:\/\/www.ccaniene.com\/wp-content\/uploads\/2025\/10\/perini-parigi.jpeg\" \/>\n\t<meta property=\"og:image:width\" content=\"572\" \/>\n\t<meta property=\"og:image:height\" content=\"429\" \/>\n\t<meta property=\"og:image:type\" content=\"image\/jpeg\" \/>\n<meta name=\"author\" content=\"carlo.san@tin.it\" \/>\n<meta name=\"twitter:card\" content=\"summary_large_image\" \/>\n<meta name=\"twitter:label1\" content=\"Written by\" \/>\n\t<meta name=\"twitter:data1\" content=\"carlo.san@tin.it\" \/>\n\t<meta name=\"twitter:label2\" content=\"Estimated reading time\" \/>\n\t<meta name=\"twitter:data2\" content=\"2 minutes\" \/>\n<script type=\"application\/ld+json\" class=\"yoast-schema-graph\">{\"@context\":\"https:\/\/schema.org\",\"@graph\":[{\"@type\":\"WebPage\",\"@id\":\"http:\/\/www.ccaniene.com\/it_it\/parigi-2024-accolto-il-ricorso-di-giacomo-perini-riavra-il-bronzo-paralimpico\/\",\"url\":\"http:\/\/www.ccaniene.com\/it_it\/parigi-2024-accolto-il-ricorso-di-giacomo-perini-riavra-il-bronzo-paralimpico\/\",\"name\":\"Parigi 2024\/Accolto il ricorso di Giacomo Perini: riavr\u00e0 il bronzo paralimpico - Circolo Canottieri Aniene\",\"isPartOf\":{\"@id\":\"https:\/\/www.ccaniene.com\/it_it\/#website\"},\"primaryImageOfPage\":{\"@id\":\"http:\/\/www.ccaniene.com\/it_it\/parigi-2024-accolto-il-ricorso-di-giacomo-perini-riavra-il-bronzo-paralimpico\/#primaryimage\"},\"image\":{\"@id\":\"http:\/\/www.ccaniene.com\/it_it\/parigi-2024-accolto-il-ricorso-di-giacomo-perini-riavra-il-bronzo-paralimpico\/#primaryimage\"},\"thumbnailUrl\":\"https:\/\/www.ccaniene.com\/wp-content\/uploads\/2025\/10\/perini-parigi.jpeg\",\"datePublished\":\"2025-10-27T16:27:04+00:00\",\"dateModified\":\"2025-10-27T16:27:05+00:00\",\"author\":{\"@id\":\"https:\/\/www.ccaniene.com\/it_it\/#\/schema\/person\/6042bd0ba360674279dffd4247d570ed\"},\"breadcrumb\":{\"@id\":\"http:\/\/www.ccaniene.com\/it_it\/parigi-2024-accolto-il-ricorso-di-giacomo-perini-riavra-il-bronzo-paralimpico\/#breadcrumb\"},\"inLanguage\":\"en-GB\",\"potentialAction\":[{\"@type\":\"ReadAction\",\"target\":[\"http:\/\/www.ccaniene.com\/it_it\/parigi-2024-accolto-il-ricorso-di-giacomo-perini-riavra-il-bronzo-paralimpico\/\"]}]},{\"@type\":\"ImageObject\",\"inLanguage\":\"en-GB\",\"@id\":\"http:\/\/www.ccaniene.com\/it_it\/parigi-2024-accolto-il-ricorso-di-giacomo-perini-riavra-il-bronzo-paralimpico\/#primaryimage\",\"url\":\"https:\/\/www.ccaniene.com\/wp-content\/uploads\/2025\/10\/perini-parigi.jpeg\",\"contentUrl\":\"https:\/\/www.ccaniene.com\/wp-content\/uploads\/2025\/10\/perini-parigi.jpeg\",\"width\":572,\"height\":429},{\"@type\":\"BreadcrumbList\",\"@id\":\"http:\/\/www.ccaniene.com\/it_it\/parigi-2024-accolto-il-ricorso-di-giacomo-perini-riavra-il-bronzo-paralimpico\/#breadcrumb\",\"itemListElement\":[{\"@type\":\"ListItem\",\"position\":1,\"name\":\"Home\",\"item\":\"https:\/\/www.ccaniene.com\/it_it\/\"},{\"@type\":\"ListItem\",\"position\":2,\"name\":\"Parigi 2024\/Accolto il ricorso di Giacomo Perini: riavr\u00e0 il bronzo paralimpico\"}]},{\"@type\":\"WebSite\",\"@id\":\"https:\/\/www.ccaniene.com\/it_it\/#website\",\"url\":\"https:\/\/www.ccaniene.com\/it_it\/\",\"name\":\"Circolo Canottieri Aniene\",\"description\":\"Collare d&#039;Oro e Stella d&#039;Oro al Merito Sportivo\",\"potentialAction\":[{\"@type\":\"SearchAction\",\"target\":{\"@type\":\"EntryPoint\",\"urlTemplate\":\"https:\/\/www.ccaniene.com\/it_it\/?s={search_term_string}\"},\"query-input\":{\"@type\":\"PropertyValueSpecification\",\"valueRequired\":true,\"valueName\":\"search_term_string\"}}],\"inLanguage\":\"en-GB\"},{\"@type\":\"Person\",\"@id\":\"https:\/\/www.ccaniene.com\/it_it\/#\/schema\/person\/6042bd0ba360674279dffd4247d570ed\",\"name\":\"carlo.san@tin.it\",\"image\":{\"@type\":\"ImageObject\",\"inLanguage\":\"en-GB\",\"@id\":\"https:\/\/www.ccaniene.com\/it_it\/#\/schema\/person\/image\/\",\"url\":\"https:\/\/secure.gravatar.com\/avatar\/f993a459d0ffe4d666e4c917fef20ca9?s=96&d=mm&r=g\",\"contentUrl\":\"https:\/\/secure.gravatar.com\/avatar\/f993a459d0ffe4d666e4c917fef20ca9?s=96&d=mm&r=g\",\"caption\":\"carlo.san@tin.it\"},\"url\":\"https:\/\/www.ccaniene.com\/en\/author\/carlo-santi-2\/\"}]}<\/script>\n<!-- \/ Yoast SEO plugin. -->","yoast_head_json":{"title":"Parigi 2024\/Accolto il ricorso di Giacomo Perini: riavr\u00e0 il bronzo paralimpico - Circolo Canottieri Aniene","robots":{"index":"index","follow":"follow","max-snippet":"max-snippet:-1","max-image-preview":"max-image-preview:large","max-video-preview":"max-video-preview:-1"},"canonical":"http:\/\/www.ccaniene.com\/en\/parigi-2024-accolto-il-ricorso-di-giacomo-perini-riavra-il-bronzo-paralimpico\/","og_locale":"en_GB","og_type":"article","og_title":"Parigi 2024\/Accolto il ricorso di Giacomo Perini: riavr\u00e0 il bronzo paralimpico - Circolo Canottieri Aniene","og_description":"Giacomo Perini pu\u00f2 mettersi al collo la medaglia di bronzo delle Paralimpiadi di Parigi 2024. \u00c8 stato accolto, infatti, il ricorso presentato dal Comitato Italiano Paralimpico e dallo stesso inerente l\u2019esclusione dalla finale PR1 dei Giochi Paralimpici di Parigi 2024 per il possesso di un telefono cellulare a bordo dell\u2019imbarcazione. La decisione di World Rowing, [&hellip;]","og_url":"http:\/\/www.ccaniene.com\/en\/parigi-2024-accolto-il-ricorso-di-giacomo-perini-riavra-il-bronzo-paralimpico\/","og_site_name":"Circolo Canottieri Aniene","article_published_time":"2025-10-27T16:27:04+00:00","article_modified_time":"2025-10-27T16:27:05+00:00","og_image":[{"width":572,"height":429,"url":"http:\/\/www.ccaniene.com\/wp-content\/uploads\/2025\/10\/perini-parigi.jpeg","type":"image\/jpeg"}],"author":"carlo.san@tin.it","twitter_card":"summary_large_image","twitter_misc":{"Written by":"carlo.san@tin.it","Estimated reading time":"2 minutes"},"schema":{"@context":"https:\/\/schema.org","@graph":[{"@type":"WebPage","@id":"http:\/\/www.ccaniene.com\/it_it\/parigi-2024-accolto-il-ricorso-di-giacomo-perini-riavra-il-bronzo-paralimpico\/","url":"http:\/\/www.ccaniene.com\/it_it\/parigi-2024-accolto-il-ricorso-di-giacomo-perini-riavra-il-bronzo-paralimpico\/","name":"Parigi 2024\/Accolto il ricorso di Giacomo Perini: riavr\u00e0 il bronzo paralimpico - Circolo Canottieri Aniene","isPartOf":{"@id":"https:\/\/www.ccaniene.com\/it_it\/#website"},"primaryImageOfPage":{"@id":"http:\/\/www.ccaniene.com\/it_it\/parigi-2024-accolto-il-ricorso-di-giacomo-perini-riavra-il-bronzo-paralimpico\/#primaryimage"},"image":{"@id":"http:\/\/www.ccaniene.com\/it_it\/parigi-2024-accolto-il-ricorso-di-giacomo-perini-riavra-il-bronzo-paralimpico\/#primaryimage"},"thumbnailUrl":"https:\/\/www.ccaniene.com\/wp-content\/uploads\/2025\/10\/perini-parigi.jpeg","datePublished":"2025-10-27T16:27:04+00:00","dateModified":"2025-10-27T16:27:05+00:00","author":{"@id":"https:\/\/www.ccaniene.com\/it_it\/#\/schema\/person\/6042bd0ba360674279dffd4247d570ed"},"breadcrumb":{"@id":"http:\/\/www.ccaniene.com\/it_it\/parigi-2024-accolto-il-ricorso-di-giacomo-perini-riavra-il-bronzo-paralimpico\/#breadcrumb"},"inLanguage":"en-GB","potentialAction":[{"@type":"ReadAction","target":["http:\/\/www.ccaniene.com\/it_it\/parigi-2024-accolto-il-ricorso-di-giacomo-perini-riavra-il-bronzo-paralimpico\/"]}]},{"@type":"ImageObject","inLanguage":"en-GB","@id":"http:\/\/www.ccaniene.com\/it_it\/parigi-2024-accolto-il-ricorso-di-giacomo-perini-riavra-il-bronzo-paralimpico\/#primaryimage","url":"https:\/\/www.ccaniene.com\/wp-content\/uploads\/2025\/10\/perini-parigi.jpeg","contentUrl":"https:\/\/www.ccaniene.com\/wp-content\/uploads\/2025\/10\/perini-parigi.jpeg","width":572,"height":429},{"@type":"BreadcrumbList","@id":"http:\/\/www.ccaniene.com\/it_it\/parigi-2024-accolto-il-ricorso-di-giacomo-perini-riavra-il-bronzo-paralimpico\/#breadcrumb","itemListElement":[{"@type":"ListItem","position":1,"name":"Home","item":"https:\/\/www.ccaniene.com\/it_it\/"},{"@type":"ListItem","position":2,"name":"Parigi 2024\/Accolto il ricorso di Giacomo Perini: riavr\u00e0 il bronzo paralimpico"}]},{"@type":"WebSite","@id":"https:\/\/www.ccaniene.com\/it_it\/#website","url":"https:\/\/www.ccaniene.com\/it_it\/","name":"Circolo Canottieri Aniene","description":"Collare d&#039;Oro e Stella d&#039;Oro al Merito Sportivo","potentialAction":[{"@type":"SearchAction","target":{"@type":"EntryPoint","urlTemplate":"https:\/\/www.ccaniene.com\/it_it\/?s={search_term_string}"},"query-input":{"@type":"PropertyValueSpecification","valueRequired":true,"valueName":"search_term_string"}}],"inLanguage":"en-GB"},{"@type":"Person","@id":"https:\/\/www.ccaniene.com\/it_it\/#\/schema\/person\/6042bd0ba360674279dffd4247d570ed","name":"carlo.san@tin.it","image":{"@type":"ImageObject","inLanguage":"en-GB","@id":"https:\/\/www.ccaniene.com\/it_it\/#\/schema\/person\/image\/","url":"https:\/\/secure.gravatar.com\/avatar\/f993a459d0ffe4d666e4c917fef20ca9?s=96&d=mm&r=g","contentUrl":"https:\/\/secure.gravatar.com\/avatar\/f993a459d0ffe4d666e4c917fef20ca9?s=96&d=mm&r=g","caption":"carlo.san@tin.it"},"url":"https:\/\/www.ccaniene.com\/en\/author\/carlo-santi-2\/"}]}},"_links":{"self":[{"href":"https:\/\/www.ccaniene.com\/en\/wp-json\/wp\/v2\/posts\/30103"}],"collection":[{"href":"https:\/\/www.ccaniene.com\/en\/wp-json\/wp\/v2\/posts"}],"about":[{"href":"https:\/\/www.ccaniene.com\/en\/wp-json\/wp\/v2\/types\/post"}],"author":[{"embeddable":true,"href":"https:\/\/www.ccaniene.com\/en\/wp-json\/wp\/v2\/users\/23521"}],"replies":[{"embeddable":true,"href":"https:\/\/www.ccaniene.com\/en\/wp-json\/wp\/v2\/comments?post=30103"}],"version-history":[{"count":1,"href":"https:\/\/www.ccaniene.com\/en\/wp-json\/wp\/v2\/posts\/30103\/revisions"}],"predecessor-version":[{"id":30105,"href":"https:\/\/www.ccaniene.com\/en\/wp-json\/wp\/v2\/posts\/30103\/revisions\/30105"}],"wp:featuredmedia":[{"embeddable":true,"href":"https:\/\/www.ccaniene.com\/en\/wp-json\/wp\/v2\/media\/30104"}],"wp:attachment":[{"href":"https:\/\/www.ccaniene.com\/en\/wp-json\/wp\/v2\/media?parent=30103"}],"wp:term":[{"taxonomy":"category","embeddable":true,"href":"https:\/\/www.ccaniene.com\/en\/wp-json\/wp\/v2\/categories?post=30103"},{"taxonomy":"post_tag","embeddable":true,"href":"https:\/\/www.ccaniene.com\/en\/wp-json\/wp\/v2\/tags?post=30103"}],"curies":[{"name":"wp","href":"https:\/\/api.w.org\/{rel}","templated":true}]}}