{"id":29817,"date":"2025-06-27T21:36:24","date_gmt":"2025-06-27T19:36:24","guid":{"rendered":"https:\/\/www.ccaniene.com\/?p=29817"},"modified":"2025-06-27T21:36:25","modified_gmt":"2025-06-27T19:36:25","slug":"pilatoquadarella-il-settecolli-e-doro","status":"publish","type":"post","link":"https:\/\/www.ccaniene.com\/en\/pilatoquadarella-il-settecolli-e-doro\/","title":{"rendered":"Pilato&amp;Quadarella, il Settecolli \u00e8 d\u2019oro"},"content":{"rendered":"<p>Benedetta Pilato e Simona Quadarella splendono nella seconda giornata dal Settecolli numero 61. Allo Stadio del Nuoto, dove Luciano Bunfiglio ha fatto la prima uscita da presidente del Coni, per Simona \u00e8 doppietta dopo il successo nei 1500sl mentre Benny si avvia verso una stagione importante e di crescita verso il futuro.<\/p>\n\n\n\n<figure class=\"wp-block-image size-full\"><img fetchpriority=\"high\" decoding=\"async\" width=\"1024\" height=\"682\" src=\"http:\/\/www.ccaniene.com\/wp-content\/uploads\/2025\/06\/quadarella-settecolli.jpeg\" alt=\"\" class=\"wp-image-29819\" srcset=\"https:\/\/www.ccaniene.com\/wp-content\/uploads\/2025\/06\/quadarella-settecolli.jpeg 1024w, https:\/\/www.ccaniene.com\/wp-content\/uploads\/2025\/06\/quadarella-settecolli-800x533.jpeg 800w, https:\/\/www.ccaniene.com\/wp-content\/uploads\/2025\/06\/quadarella-settecolli-768x512.jpeg 768w, https:\/\/www.ccaniene.com\/wp-content\/uploads\/2025\/06\/quadarella-settecolli-18x12.jpeg 18w\" sizes=\"(max-width: 1024px) 100vw, 1024px\" \/><\/figure>\n\n\n\n<p>Superbenny nei 50 rana. Benedetta Pilato, allenata a Torino da Antonio Satta, ha firmato un facile 30\u201d30 respingendo negli ultimi dieci metri l\u2019attacco della finlandese Veera Kivirinta seconda in 30\u201d43. \u00abNon sono soddisfatta totalmente e penso sia giusto ammetterlo &#8211; ha detto la Pilato sta italiana della distanza con 29\u201d30 &#8211; Anche io ho dei limiti e imparare a riconoscerli fa parte di un percorso di crescita. Metabolizzare quest\u2019anno per me \u00e8 stato importante: non ho passato un periodo semplicissimo. Spero di riuscire a gestire sempre meglio gli imprevisti, per diventare ancora pi\u00f9 forte\u00bb. Tra gli uomini, Nicol\u00f2 Martinenghi \u00e8 rimasto ai piedi del podio toccando in 26\u201d86.<\/p>\n\n\n\n<p>Un\u2019altra finale e un\u2019altra vittoria per Simona Quadarella, oggi impegnata negli 800sl dopo aver vinto, gioved\u00ec, i 1500sl. Stavolta Simona ha tenuto testa alla tedesca Isabel Gose, seconda in 8\u201923\u201d86, vincendo in 8\u201921\u201d99. \u00abI presupposti erano positivi, soprattutto rispetto a ieri &#8211; ha osservato la Quadarella &#8211; Avevo buone sensazioni sin da prima del via e infatti la gara \u00e8 venuta molto bene. \u00c8 andato tutto pi\u00f9 o meno come avevamo pianificato, quindi sono soddisfatto del risultato e di come ho gestito la gara\u00bb.<\/p>\n\n\n\n<p>Secondo posto nei 100sl per Emma Virginia Menicucci in 54\u201d30.<\/p>\n\n\n\n<p><em>Foto di Andrea Staccioli \/ DBM<\/em><\/p>\n\n\n\n<p>Nella foto di apertura, Benedetta Pilato<\/p>\n\n\n\n<p><\/p>","protected":false},"excerpt":{"rendered":"<p>Benedetta Pilato e Simona Quadarella splendono nella seconda giornata dal Settecolli numero 61. Allo Stadio del Nuoto, dove Luciano Bunfiglio ha fatto la prima uscita da presidente del Coni, per Simona \u00e8 doppietta dopo il successo nei 1500sl mentre Benny si avvia verso una stagione importante e di crescita verso il futuro. Superbenny nei 50 [&hellip;]<\/p>","protected":false},"author":23521,"featured_media":29818,"comment_status":"closed","ping_status":"closed","sticky":false,"template":"","format":"standard","meta":{"pmpro_default_level":0,"footnotes":"","_links_to":"","_links_to_target":""},"categories":[1,11],"tags":[],"class_list":["post-29817","post","type-post","status-publish","format-standard","has-post-thumbnail","hentry","category-news","category-nuoto","pmpro-has-access"],"featured_image_urls":{"medium":"https:\/\/www.ccaniene.com\/wp-content\/uploads\/2025\/06\/pilato-settecolli-800x533.jpeg","thumbnail":"https:\/\/www.ccaniene.com\/wp-content\/uploads\/2025\/06\/pilato-settecolli-400x400.jpeg","medium_large":"https:\/\/www.ccaniene.com\/wp-content\/uploads\/2025\/06\/pilato-settecolli-768x512.jpeg","trp-custom-language-flag":"https:\/\/www.ccaniene.com\/wp-content\/uploads\/2025\/06\/pilato-settecolli-18x12.jpeg","qi_addons_for_elementor_image_size_square":"https:\/\/www.ccaniene.com\/wp-content\/uploads\/2025\/06\/pilato-settecolli-650x650.jpeg","qi_addons_for_elementor_image_size_landscape":"https:\/\/www.ccaniene.com\/wp-content\/uploads\/2025\/06\/pilato-settecolli-1024x650.jpeg","qi_addons_for_elementor_image_size_portrait":"https:\/\/www.ccaniene.com\/wp-content\/uploads\/2025\/06\/pilato-settecolli-650x682.jpeg","fairwaygreen_core_image_size_square":"https:\/\/www.ccaniene.com\/wp-content\/uploads\/2025\/06\/pilato-settecolli-650x650.jpeg","fairwaygreen_core_image_size_landscape":"https:\/\/www.ccaniene.com\/wp-content\/uploads\/2025\/06\/pilato-settecolli-1024x650.jpeg","fairwaygreen_core_image_size_portrait":"https:\/\/www.ccaniene.com\/wp-content\/uploads\/2025\/06\/pilato-settecolli-650x682.jpeg","photo-blog":"https:\/\/www.ccaniene.com\/wp-content\/uploads\/2025\/06\/pilato-settecolli-768x512.jpeg","cmplz_banner_image":"https:\/\/www.ccaniene.com\/wp-content\/uploads\/2025\/06\/pilato-settecolli-350x100.jpeg"},"appp_media":null,"yoast_head":"<!-- This site is optimized with the Yoast SEO plugin v23.6 - https:\/\/yoast.com\/wordpress\/plugins\/seo\/ -->\n<title>Pilato&amp;Quadarella, il Settecolli \u00e8 d\u2019oro - Circolo Canottieri Aniene<\/title>\n<meta name=\"robots\" content=\"index, follow, max-snippet:-1, max-image-preview:large, max-video-preview:-1\" \/>\n<link rel=\"canonical\" href=\"https:\/\/www.ccaniene.com\/en\/pilatoquadarella-il-settecolli-e-doro\/\" \/>\n<meta property=\"og:locale\" content=\"en_GB\" \/>\n<meta property=\"og:type\" content=\"article\" \/>\n<meta property=\"og:title\" content=\"Pilato&amp;Quadarella, il Settecolli \u00e8 d\u2019oro - Circolo Canottieri Aniene\" \/>\n<meta property=\"og:description\" content=\"Benedetta Pilato e Simona Quadarella splendono nella seconda giornata dal Settecolli numero 61. Allo Stadio del Nuoto, dove Luciano Bunfiglio ha fatto la prima uscita da presidente del Coni, per Simona \u00e8 doppietta dopo il successo nei 1500sl mentre Benny si avvia verso una stagione importante e di crescita verso il futuro. Superbenny nei 50 [&hellip;]\" \/>\n<meta property=\"og:url\" content=\"https:\/\/www.ccaniene.com\/en\/pilatoquadarella-il-settecolli-e-doro\/\" \/>\n<meta property=\"og:site_name\" content=\"Circolo Canottieri Aniene\" \/>\n<meta property=\"article:published_time\" content=\"2025-06-27T19:36:24+00:00\" \/>\n<meta property=\"article:modified_time\" content=\"2025-06-27T19:36:25+00:00\" \/>\n<meta property=\"og:image\" content=\"https:\/\/www.ccaniene.com\/wp-content\/uploads\/2025\/06\/pilato-settecolli.jpeg\" \/>\n\t<meta property=\"og:image:width\" content=\"1024\" \/>\n\t<meta property=\"og:image:height\" content=\"682\" \/>\n\t<meta property=\"og:image:type\" content=\"image\/jpeg\" \/>\n<meta name=\"author\" content=\"carlo.san@tin.it\" \/>\n<meta name=\"twitter:card\" content=\"summary_large_image\" \/>\n<meta name=\"twitter:label1\" content=\"Written by\" \/>\n\t<meta name=\"twitter:data1\" content=\"carlo.san@tin.it\" \/>\n\t<meta name=\"twitter:label2\" content=\"Estimated reading time\" \/>\n\t<meta name=\"twitter:data2\" content=\"2 minutes\" \/>\n<script type=\"application\/ld+json\" class=\"yoast-schema-graph\">{\"@context\":\"https:\/\/schema.org\",\"@graph\":[{\"@type\":\"WebPage\",\"@id\":\"https:\/\/www.ccaniene.com\/en\/pilatoquadarella-il-settecolli-e-doro\/\",\"url\":\"https:\/\/www.ccaniene.com\/en\/pilatoquadarella-il-settecolli-e-doro\/\",\"name\":\"Pilato&amp;Quadarella, il Settecolli \u00e8 d\u2019oro - Circolo Canottieri Aniene\",\"isPartOf\":{\"@id\":\"http:\/\/www.ccaniene.com\/it_it\/#website\"},\"primaryImageOfPage\":{\"@id\":\"https:\/\/www.ccaniene.com\/en\/pilatoquadarella-il-settecolli-e-doro\/#primaryimage\"},\"image\":{\"@id\":\"https:\/\/www.ccaniene.com\/en\/pilatoquadarella-il-settecolli-e-doro\/#primaryimage\"},\"thumbnailUrl\":\"https:\/\/www.ccaniene.com\/wp-content\/uploads\/2025\/06\/pilato-settecolli.jpeg\",\"datePublished\":\"2025-06-27T19:36:24+00:00\",\"dateModified\":\"2025-06-27T19:36:25+00:00\",\"author\":{\"@id\":\"http:\/\/www.ccaniene.com\/it_it\/#\/schema\/person\/6042bd0ba360674279dffd4247d570ed\"},\"breadcrumb\":{\"@id\":\"https:\/\/www.ccaniene.com\/en\/pilatoquadarella-il-settecolli-e-doro\/#breadcrumb\"},\"inLanguage\":\"en-GB\",\"potentialAction\":[{\"@type\":\"ReadAction\",\"target\":[\"https:\/\/www.ccaniene.com\/en\/pilatoquadarella-il-settecolli-e-doro\/\"]}]},{\"@type\":\"ImageObject\",\"inLanguage\":\"en-GB\",\"@id\":\"https:\/\/www.ccaniene.com\/en\/pilatoquadarella-il-settecolli-e-doro\/#primaryimage\",\"url\":\"https:\/\/www.ccaniene.com\/wp-content\/uploads\/2025\/06\/pilato-settecolli.jpeg\",\"contentUrl\":\"https:\/\/www.ccaniene.com\/wp-content\/uploads\/2025\/06\/pilato-settecolli.jpeg\",\"width\":1024,\"height\":682},{\"@type\":\"BreadcrumbList\",\"@id\":\"https:\/\/www.ccaniene.com\/en\/pilatoquadarella-il-settecolli-e-doro\/#breadcrumb\",\"itemListElement\":[{\"@type\":\"ListItem\",\"position\":1,\"name\":\"Home\",\"item\":\"http:\/\/www.ccaniene.com\/it_it\/\"},{\"@type\":\"ListItem\",\"position\":2,\"name\":\"Pilato&amp;Quadarella, il Settecolli \u00e8 d\u2019oro\"}]},{\"@type\":\"WebSite\",\"@id\":\"http:\/\/www.ccaniene.com\/it_it\/#website\",\"url\":\"http:\/\/www.ccaniene.com\/it_it\/\",\"name\":\"Circolo Canottieri Aniene\",\"description\":\"Collare d&#039;Oro e Stella d&#039;Oro al Merito Sportivo\",\"potentialAction\":[{\"@type\":\"SearchAction\",\"target\":{\"@type\":\"EntryPoint\",\"urlTemplate\":\"http:\/\/www.ccaniene.com\/it_it\/?s={search_term_string}\"},\"query-input\":{\"@type\":\"PropertyValueSpecification\",\"valueRequired\":true,\"valueName\":\"search_term_string\"}}],\"inLanguage\":\"en-GB\"},{\"@type\":\"Person\",\"@id\":\"http:\/\/www.ccaniene.com\/it_it\/#\/schema\/person\/6042bd0ba360674279dffd4247d570ed\",\"name\":\"carlo.san@tin.it\",\"image\":{\"@type\":\"ImageObject\",\"inLanguage\":\"en-GB\",\"@id\":\"http:\/\/www.ccaniene.com\/it_it\/#\/schema\/person\/image\/\",\"url\":\"https:\/\/secure.gravatar.com\/avatar\/f993a459d0ffe4d666e4c917fef20ca9?s=96&d=mm&r=g\",\"contentUrl\":\"https:\/\/secure.gravatar.com\/avatar\/f993a459d0ffe4d666e4c917fef20ca9?s=96&d=mm&r=g\",\"caption\":\"carlo.san@tin.it\"},\"url\":\"https:\/\/www.ccaniene.com\/en\/author\/carlo-santi-2\/\"}]}<\/script>\n<!-- \/ Yoast SEO plugin. -->","yoast_head_json":{"title":"Pilato&amp;Quadarella, il Settecolli \u00e8 d\u2019oro - Circolo Canottieri Aniene","robots":{"index":"index","follow":"follow","max-snippet":"max-snippet:-1","max-image-preview":"max-image-preview:large","max-video-preview":"max-video-preview:-1"},"canonical":"https:\/\/www.ccaniene.com\/en\/pilatoquadarella-il-settecolli-e-doro\/","og_locale":"en_GB","og_type":"article","og_title":"Pilato&amp;Quadarella, il Settecolli \u00e8 d\u2019oro - Circolo Canottieri Aniene","og_description":"Benedetta Pilato e Simona Quadarella splendono nella seconda giornata dal Settecolli numero 61. Allo Stadio del Nuoto, dove Luciano Bunfiglio ha fatto la prima uscita da presidente del Coni, per Simona \u00e8 doppietta dopo il successo nei 1500sl mentre Benny si avvia verso una stagione importante e di crescita verso il futuro. Superbenny nei 50 [&hellip;]","og_url":"https:\/\/www.ccaniene.com\/en\/pilatoquadarella-il-settecolli-e-doro\/","og_site_name":"Circolo Canottieri Aniene","article_published_time":"2025-06-27T19:36:24+00:00","article_modified_time":"2025-06-27T19:36:25+00:00","og_image":[{"width":1024,"height":682,"url":"https:\/\/www.ccaniene.com\/wp-content\/uploads\/2025\/06\/pilato-settecolli.jpeg","type":"image\/jpeg"}],"author":"carlo.san@tin.it","twitter_card":"summary_large_image","twitter_misc":{"Written by":"carlo.san@tin.it","Estimated reading time":"2 minutes"},"schema":{"@context":"https:\/\/schema.org","@graph":[{"@type":"WebPage","@id":"https:\/\/www.ccaniene.com\/en\/pilatoquadarella-il-settecolli-e-doro\/","url":"https:\/\/www.ccaniene.com\/en\/pilatoquadarella-il-settecolli-e-doro\/","name":"Pilato&amp;Quadarella, il Settecolli \u00e8 d\u2019oro - Circolo Canottieri Aniene","isPartOf":{"@id":"http:\/\/www.ccaniene.com\/it_it\/#website"},"primaryImageOfPage":{"@id":"https:\/\/www.ccaniene.com\/en\/pilatoquadarella-il-settecolli-e-doro\/#primaryimage"},"image":{"@id":"https:\/\/www.ccaniene.com\/en\/pilatoquadarella-il-settecolli-e-doro\/#primaryimage"},"thumbnailUrl":"https:\/\/www.ccaniene.com\/wp-content\/uploads\/2025\/06\/pilato-settecolli.jpeg","datePublished":"2025-06-27T19:36:24+00:00","dateModified":"2025-06-27T19:36:25+00:00","author":{"@id":"http:\/\/www.ccaniene.com\/it_it\/#\/schema\/person\/6042bd0ba360674279dffd4247d570ed"},"breadcrumb":{"@id":"https:\/\/www.ccaniene.com\/en\/pilatoquadarella-il-settecolli-e-doro\/#breadcrumb"},"inLanguage":"en-GB","potentialAction":[{"@type":"ReadAction","target":["https:\/\/www.ccaniene.com\/en\/pilatoquadarella-il-settecolli-e-doro\/"]}]},{"@type":"ImageObject","inLanguage":"en-GB","@id":"https:\/\/www.ccaniene.com\/en\/pilatoquadarella-il-settecolli-e-doro\/#primaryimage","url":"https:\/\/www.ccaniene.com\/wp-content\/uploads\/2025\/06\/pilato-settecolli.jpeg","contentUrl":"https:\/\/www.ccaniene.com\/wp-content\/uploads\/2025\/06\/pilato-settecolli.jpeg","width":1024,"height":682},{"@type":"BreadcrumbList","@id":"https:\/\/www.ccaniene.com\/en\/pilatoquadarella-il-settecolli-e-doro\/#breadcrumb","itemListElement":[{"@type":"ListItem","position":1,"name":"Home","item":"http:\/\/www.ccaniene.com\/it_it\/"},{"@type":"ListItem","position":2,"name":"Pilato&amp;Quadarella, il Settecolli \u00e8 d\u2019oro"}]},{"@type":"WebSite","@id":"http:\/\/www.ccaniene.com\/it_it\/#website","url":"http:\/\/www.ccaniene.com\/it_it\/","name":"Circolo Canottieri Aniene","description":"Collare d&#039;Oro e Stella d&#039;Oro al Merito Sportivo","potentialAction":[{"@type":"SearchAction","target":{"@type":"EntryPoint","urlTemplate":"http:\/\/www.ccaniene.com\/it_it\/?s={search_term_string}"},"query-input":{"@type":"PropertyValueSpecification","valueRequired":true,"valueName":"search_term_string"}}],"inLanguage":"en-GB"},{"@type":"Person","@id":"http:\/\/www.ccaniene.com\/it_it\/#\/schema\/person\/6042bd0ba360674279dffd4247d570ed","name":"carlo.san@tin.it","image":{"@type":"ImageObject","inLanguage":"en-GB","@id":"http:\/\/www.ccaniene.com\/it_it\/#\/schema\/person\/image\/","url":"https:\/\/secure.gravatar.com\/avatar\/f993a459d0ffe4d666e4c917fef20ca9?s=96&d=mm&r=g","contentUrl":"https:\/\/secure.gravatar.com\/avatar\/f993a459d0ffe4d666e4c917fef20ca9?s=96&d=mm&r=g","caption":"carlo.san@tin.it"},"url":"https:\/\/www.ccaniene.com\/en\/author\/carlo-santi-2\/"}]}},"_links":{"self":[{"href":"https:\/\/www.ccaniene.com\/en\/wp-json\/wp\/v2\/posts\/29817"}],"collection":[{"href":"https:\/\/www.ccaniene.com\/en\/wp-json\/wp\/v2\/posts"}],"about":[{"href":"https:\/\/www.ccaniene.com\/en\/wp-json\/wp\/v2\/types\/post"}],"author":[{"embeddable":true,"href":"https:\/\/www.ccaniene.com\/en\/wp-json\/wp\/v2\/users\/23521"}],"replies":[{"embeddable":true,"href":"https:\/\/www.ccaniene.com\/en\/wp-json\/wp\/v2\/comments?post=29817"}],"version-history":[{"count":1,"href":"https:\/\/www.ccaniene.com\/en\/wp-json\/wp\/v2\/posts\/29817\/revisions"}],"predecessor-version":[{"id":29820,"href":"https:\/\/www.ccaniene.com\/en\/wp-json\/wp\/v2\/posts\/29817\/revisions\/29820"}],"wp:featuredmedia":[{"embeddable":true,"href":"https:\/\/www.ccaniene.com\/en\/wp-json\/wp\/v2\/media\/29818"}],"wp:attachment":[{"href":"https:\/\/www.ccaniene.com\/en\/wp-json\/wp\/v2\/media?parent=29817"}],"wp:term":[{"taxonomy":"category","embeddable":true,"href":"https:\/\/www.ccaniene.com\/en\/wp-json\/wp\/v2\/categories?post=29817"},{"taxonomy":"post_tag","embeddable":true,"href":"https:\/\/www.ccaniene.com\/en\/wp-json\/wp\/v2\/tags?post=29817"}],"curies":[{"name":"wp","href":"https:\/\/api.w.org\/{rel}","templated":true}]}}