{"id":29733,"date":"2025-05-17T22:06:11","date_gmt":"2025-05-17T20:06:11","guid":{"rendered":"https:\/\/www.ccaniene.com\/?p=29733"},"modified":"2025-05-18T09:39:14","modified_gmt":"2025-05-18T07:39:14","slug":"laniene-scende-in-campo-con-la-croce-rossa","status":"publish","type":"post","link":"https:\/\/www.ccaniene.com\/en\/laniene-scende-in-campo-con-la-croce-rossa\/","title":{"rendered":"L\u2019Aniene scende in campo con la Croce Rossa"},"content":{"rendered":"<p>Un dovere civico e di solidariet\u00e0. Donare il sangue, un bene essenziale e non riproducibile artificialmente, \u00e8 un atto di generosit\u00e0 che pu\u00f2 salvare vite umane e migliorare la qualit\u00e0 della vita di molte persone. All\u2019Aniene da qualche tempo almenno due volte l\u2019anno con la collaborazione della Croce Rossa e l&#8217;impegno di Andrea Segato, vengono organizzate giornate per la raccolta del sangue.<\/p>\n\n\n\n<p>Erano in tanti, questa mattina, davanti all\u2019autoemoteca della Croce Rossa, un camper parcheggiato all\u2019interno del Circolo, per donare il sangue e aiutare gli altri.<\/p>\n\n\n\n<p>Con loro, salutati dal presidente del Circolo, Massimo Fabbricini, e dal presidente onorario, Giovanni Malag\u00f2, numerosi soci e diversi atleti che hanno aderito all\u2019iniziativa messa a punto da Andrea Segato e dal consigliere alla solidariet\u00e0 Gianfranco Nirdaci, hanno donato il sangue. Tra loro, i campioni del nuoto Simona Quadarella e Marco De Tullio, e il tennista Jacopo Berrettini, fratello di Matteo.<\/p>\n\n\n\n<p>Il prossimo appuntamento all\u2019Aniene per donare il sangue \u00e8 programmato per il 13 dicembre.<\/p>","protected":false},"excerpt":{"rendered":"<p>Un dovere civico e di solidariet\u00e0. Donare il sangue, un bene essenziale e non riproducibile artificialmente, \u00e8 un atto di generosit\u00e0 che pu\u00f2 salvare vite umane e migliorare la qualit\u00e0 della vita di molte persone. All\u2019Aniene da qualche tempo almenno due volte l\u2019anno con la collaborazione della Croce Rossa e l&#8217;impegno di Andrea Segato, vengono [&hellip;]<\/p>","protected":false},"author":23521,"featured_media":29734,"comment_status":"closed","ping_status":"closed","sticky":false,"template":"","format":"standard","meta":{"pmpro_default_level":0,"footnotes":"","_links_to":"","_links_to_target":""},"categories":[1],"tags":[],"class_list":["post-29733","post","type-post","status-publish","format-standard","has-post-thumbnail","hentry","category-news","pmpro-has-access"],"featured_image_urls":{"medium":"https:\/\/www.ccaniene.com\/wp-content\/uploads\/2025\/05\/croce-rossa-donazione-sangue-800x600.jpeg","large":"https:\/\/www.ccaniene.com\/wp-content\/uploads\/2025\/05\/croce-rossa-donazione-sangue-1920x1440.jpeg","thumbnail":"https:\/\/www.ccaniene.com\/wp-content\/uploads\/2025\/05\/croce-rossa-donazione-sangue-400x400.jpeg","medium_large":"https:\/\/www.ccaniene.com\/wp-content\/uploads\/2025\/05\/croce-rossa-donazione-sangue-768x576.jpeg","1536x1536":"https:\/\/www.ccaniene.com\/wp-content\/uploads\/2025\/05\/croce-rossa-donazione-sangue-1536x1152.jpeg","2048x2048":"https:\/\/www.ccaniene.com\/wp-content\/uploads\/2025\/05\/croce-rossa-donazione-sangue-2048x1536.jpeg","trp-custom-language-flag":"https:\/\/www.ccaniene.com\/wp-content\/uploads\/2025\/05\/croce-rossa-donazione-sangue-16x12.jpeg","qi_addons_for_elementor_image_size_square":"https:\/\/www.ccaniene.com\/wp-content\/uploads\/2025\/05\/croce-rossa-donazione-sangue-650x650.jpeg","qi_addons_for_elementor_image_size_landscape":"https:\/\/www.ccaniene.com\/wp-content\/uploads\/2025\/05\/croce-rossa-donazione-sangue-1300x650.jpeg","qi_addons_for_elementor_image_size_portrait":"https:\/\/www.ccaniene.com\/wp-content\/uploads\/2025\/05\/croce-rossa-donazione-sangue-650x1300.jpeg","qi_addons_for_elementor_image_size_huge-square":"https:\/\/www.ccaniene.com\/wp-content\/uploads\/2025\/05\/croce-rossa-donazione-sangue-1300x1300.jpeg","fairwaygreen_core_image_size_square":"https:\/\/www.ccaniene.com\/wp-content\/uploads\/2025\/05\/croce-rossa-donazione-sangue-650x650.jpeg","fairwaygreen_core_image_size_landscape":"https:\/\/www.ccaniene.com\/wp-content\/uploads\/2025\/05\/croce-rossa-donazione-sangue-1300x650.jpeg","fairwaygreen_core_image_size_portrait":"https:\/\/www.ccaniene.com\/wp-content\/uploads\/2025\/05\/croce-rossa-donazione-sangue-650x1300.jpeg","fairwaygreen_core_image_size_huge-square":"https:\/\/www.ccaniene.com\/wp-content\/uploads\/2025\/05\/croce-rossa-donazione-sangue-1300x1300.jpeg","photo-blog":"https:\/\/www.ccaniene.com\/wp-content\/uploads\/2025\/05\/croce-rossa-donazione-sangue-768x576.jpeg","cmplz_banner_image":"https:\/\/www.ccaniene.com\/wp-content\/uploads\/2025\/05\/croce-rossa-donazione-sangue-350x100.jpeg"},"appp_media":null,"yoast_head":"<!-- This site is optimized with the Yoast SEO plugin v23.6 - https:\/\/yoast.com\/wordpress\/plugins\/seo\/ -->\n<title>L\u2019Aniene scende in campo con la Croce Rossa - Circolo Canottieri Aniene<\/title>\n<meta name=\"robots\" content=\"index, follow, max-snippet:-1, max-image-preview:large, max-video-preview:-1\" \/>\n<link rel=\"canonical\" href=\"https:\/\/www.ccaniene.com\/en\/laniene-scende-in-campo-con-la-croce-rossa\/\" \/>\n<meta property=\"og:locale\" content=\"en_GB\" \/>\n<meta property=\"og:type\" content=\"article\" \/>\n<meta property=\"og:title\" content=\"L\u2019Aniene scende in campo con la Croce Rossa - Circolo Canottieri Aniene\" \/>\n<meta property=\"og:description\" content=\"Un dovere civico e di solidariet\u00e0. Donare il sangue, un bene essenziale e non riproducibile artificialmente, \u00e8 un atto di generosit\u00e0 che pu\u00f2 salvare vite umane e migliorare la qualit\u00e0 della vita di molte persone. All\u2019Aniene da qualche tempo almenno due volte l\u2019anno con la collaborazione della Croce Rossa e l&#8217;impegno di Andrea Segato, vengono [&hellip;]\" \/>\n<meta property=\"og:url\" content=\"https:\/\/www.ccaniene.com\/en\/laniene-scende-in-campo-con-la-croce-rossa\/\" \/>\n<meta property=\"og:site_name\" content=\"Circolo Canottieri Aniene\" \/>\n<meta property=\"article:published_time\" content=\"2025-05-17T20:06:11+00:00\" \/>\n<meta property=\"article:modified_time\" content=\"2025-05-18T07:39:14+00:00\" \/>\n<meta property=\"og:image\" content=\"https:\/\/www.ccaniene.com\/wp-content\/uploads\/2025\/05\/croce-rossa-donazione-sangue-scaled.jpeg\" \/>\n\t<meta property=\"og:image:width\" content=\"2560\" \/>\n\t<meta property=\"og:image:height\" content=\"1920\" \/>\n\t<meta property=\"og:image:type\" content=\"image\/jpeg\" \/>\n<meta name=\"author\" content=\"carlo.san@tin.it\" \/>\n<meta name=\"twitter:card\" content=\"summary_large_image\" \/>\n<meta name=\"twitter:label1\" content=\"Written by\" \/>\n\t<meta name=\"twitter:data1\" content=\"carlo.san@tin.it\" \/>\n\t<meta name=\"twitter:label2\" content=\"Estimated reading time\" \/>\n\t<meta name=\"twitter:data2\" content=\"2 minutes\" \/>\n<script type=\"application\/ld+json\" class=\"yoast-schema-graph\">{\"@context\":\"https:\/\/schema.org\",\"@graph\":[{\"@type\":\"WebPage\",\"@id\":\"https:\/\/www.ccaniene.com\/en\/laniene-scende-in-campo-con-la-croce-rossa\/\",\"url\":\"https:\/\/www.ccaniene.com\/en\/laniene-scende-in-campo-con-la-croce-rossa\/\",\"name\":\"L\u2019Aniene scende in campo con la Croce Rossa - Circolo Canottieri Aniene\",\"isPartOf\":{\"@id\":\"https:\/\/www.ccaniene.com\/it_it\/#website\"},\"primaryImageOfPage\":{\"@id\":\"https:\/\/www.ccaniene.com\/en\/laniene-scende-in-campo-con-la-croce-rossa\/#primaryimage\"},\"image\":{\"@id\":\"https:\/\/www.ccaniene.com\/en\/laniene-scende-in-campo-con-la-croce-rossa\/#primaryimage\"},\"thumbnailUrl\":\"https:\/\/www.ccaniene.com\/wp-content\/uploads\/2025\/05\/croce-rossa-donazione-sangue-scaled.jpeg\",\"datePublished\":\"2025-05-17T20:06:11+00:00\",\"dateModified\":\"2025-05-18T07:39:14+00:00\",\"author\":{\"@id\":\"https:\/\/www.ccaniene.com\/it_it\/#\/schema\/person\/6042bd0ba360674279dffd4247d570ed\"},\"breadcrumb\":{\"@id\":\"https:\/\/www.ccaniene.com\/en\/laniene-scende-in-campo-con-la-croce-rossa\/#breadcrumb\"},\"inLanguage\":\"en-GB\",\"potentialAction\":[{\"@type\":\"ReadAction\",\"target\":[\"https:\/\/www.ccaniene.com\/en\/laniene-scende-in-campo-con-la-croce-rossa\/\"]}]},{\"@type\":\"ImageObject\",\"inLanguage\":\"en-GB\",\"@id\":\"https:\/\/www.ccaniene.com\/en\/laniene-scende-in-campo-con-la-croce-rossa\/#primaryimage\",\"url\":\"https:\/\/www.ccaniene.com\/wp-content\/uploads\/2025\/05\/croce-rossa-donazione-sangue-scaled.jpeg\",\"contentUrl\":\"https:\/\/www.ccaniene.com\/wp-content\/uploads\/2025\/05\/croce-rossa-donazione-sangue-scaled.jpeg\",\"width\":2560,\"height\":1920},{\"@type\":\"BreadcrumbList\",\"@id\":\"https:\/\/www.ccaniene.com\/en\/laniene-scende-in-campo-con-la-croce-rossa\/#breadcrumb\",\"itemListElement\":[{\"@type\":\"ListItem\",\"position\":1,\"name\":\"Home\",\"item\":\"https:\/\/www.ccaniene.com\/it_it\/\"},{\"@type\":\"ListItem\",\"position\":2,\"name\":\"L\u2019Aniene scende in campo con la Croce Rossa\"}]},{\"@type\":\"WebSite\",\"@id\":\"https:\/\/www.ccaniene.com\/it_it\/#website\",\"url\":\"https:\/\/www.ccaniene.com\/it_it\/\",\"name\":\"Circolo Canottieri Aniene\",\"description\":\"Collare d&#039;Oro e Stella d&#039;Oro al Merito Sportivo\",\"potentialAction\":[{\"@type\":\"SearchAction\",\"target\":{\"@type\":\"EntryPoint\",\"urlTemplate\":\"https:\/\/www.ccaniene.com\/it_it\/?s={search_term_string}\"},\"query-input\":{\"@type\":\"PropertyValueSpecification\",\"valueRequired\":true,\"valueName\":\"search_term_string\"}}],\"inLanguage\":\"en-GB\"},{\"@type\":\"Person\",\"@id\":\"https:\/\/www.ccaniene.com\/it_it\/#\/schema\/person\/6042bd0ba360674279dffd4247d570ed\",\"name\":\"carlo.san@tin.it\",\"image\":{\"@type\":\"ImageObject\",\"inLanguage\":\"en-GB\",\"@id\":\"https:\/\/www.ccaniene.com\/it_it\/#\/schema\/person\/image\/\",\"url\":\"https:\/\/secure.gravatar.com\/avatar\/f993a459d0ffe4d666e4c917fef20ca9?s=96&d=mm&r=g\",\"contentUrl\":\"https:\/\/secure.gravatar.com\/avatar\/f993a459d0ffe4d666e4c917fef20ca9?s=96&d=mm&r=g\",\"caption\":\"carlo.san@tin.it\"},\"url\":\"https:\/\/www.ccaniene.com\/en\/author\/carlo-santi-2\/\"}]}<\/script>\n<!-- \/ Yoast SEO plugin. -->","yoast_head_json":{"title":"L\u2019Aniene scende in campo con la Croce Rossa - Circolo Canottieri Aniene","robots":{"index":"index","follow":"follow","max-snippet":"max-snippet:-1","max-image-preview":"max-image-preview:large","max-video-preview":"max-video-preview:-1"},"canonical":"https:\/\/www.ccaniene.com\/en\/laniene-scende-in-campo-con-la-croce-rossa\/","og_locale":"en_GB","og_type":"article","og_title":"L\u2019Aniene scende in campo con la Croce Rossa - Circolo Canottieri Aniene","og_description":"Un dovere civico e di solidariet\u00e0. Donare il sangue, un bene essenziale e non riproducibile artificialmente, \u00e8 un atto di generosit\u00e0 che pu\u00f2 salvare vite umane e migliorare la qualit\u00e0 della vita di molte persone. All\u2019Aniene da qualche tempo almenno due volte l\u2019anno con la collaborazione della Croce Rossa e l&#8217;impegno di Andrea Segato, vengono [&hellip;]","og_url":"https:\/\/www.ccaniene.com\/en\/laniene-scende-in-campo-con-la-croce-rossa\/","og_site_name":"Circolo Canottieri Aniene","article_published_time":"2025-05-17T20:06:11+00:00","article_modified_time":"2025-05-18T07:39:14+00:00","og_image":[{"width":2560,"height":1920,"url":"https:\/\/www.ccaniene.com\/wp-content\/uploads\/2025\/05\/croce-rossa-donazione-sangue-scaled.jpeg","type":"image\/jpeg"}],"author":"carlo.san@tin.it","twitter_card":"summary_large_image","twitter_misc":{"Written by":"carlo.san@tin.it","Estimated reading time":"2 minutes"},"schema":{"@context":"https:\/\/schema.org","@graph":[{"@type":"WebPage","@id":"https:\/\/www.ccaniene.com\/en\/laniene-scende-in-campo-con-la-croce-rossa\/","url":"https:\/\/www.ccaniene.com\/en\/laniene-scende-in-campo-con-la-croce-rossa\/","name":"L\u2019Aniene scende in campo con la Croce Rossa - Circolo Canottieri Aniene","isPartOf":{"@id":"https:\/\/www.ccaniene.com\/it_it\/#website"},"primaryImageOfPage":{"@id":"https:\/\/www.ccaniene.com\/en\/laniene-scende-in-campo-con-la-croce-rossa\/#primaryimage"},"image":{"@id":"https:\/\/www.ccaniene.com\/en\/laniene-scende-in-campo-con-la-croce-rossa\/#primaryimage"},"thumbnailUrl":"https:\/\/www.ccaniene.com\/wp-content\/uploads\/2025\/05\/croce-rossa-donazione-sangue-scaled.jpeg","datePublished":"2025-05-17T20:06:11+00:00","dateModified":"2025-05-18T07:39:14+00:00","author":{"@id":"https:\/\/www.ccaniene.com\/it_it\/#\/schema\/person\/6042bd0ba360674279dffd4247d570ed"},"breadcrumb":{"@id":"https:\/\/www.ccaniene.com\/en\/laniene-scende-in-campo-con-la-croce-rossa\/#breadcrumb"},"inLanguage":"en-GB","potentialAction":[{"@type":"ReadAction","target":["https:\/\/www.ccaniene.com\/en\/laniene-scende-in-campo-con-la-croce-rossa\/"]}]},{"@type":"ImageObject","inLanguage":"en-GB","@id":"https:\/\/www.ccaniene.com\/en\/laniene-scende-in-campo-con-la-croce-rossa\/#primaryimage","url":"https:\/\/www.ccaniene.com\/wp-content\/uploads\/2025\/05\/croce-rossa-donazione-sangue-scaled.jpeg","contentUrl":"https:\/\/www.ccaniene.com\/wp-content\/uploads\/2025\/05\/croce-rossa-donazione-sangue-scaled.jpeg","width":2560,"height":1920},{"@type":"BreadcrumbList","@id":"https:\/\/www.ccaniene.com\/en\/laniene-scende-in-campo-con-la-croce-rossa\/#breadcrumb","itemListElement":[{"@type":"ListItem","position":1,"name":"Home","item":"https:\/\/www.ccaniene.com\/it_it\/"},{"@type":"ListItem","position":2,"name":"L\u2019Aniene scende in campo con la Croce Rossa"}]},{"@type":"WebSite","@id":"https:\/\/www.ccaniene.com\/it_it\/#website","url":"https:\/\/www.ccaniene.com\/it_it\/","name":"Circolo Canottieri Aniene","description":"Collare d&#039;Oro e Stella d&#039;Oro al Merito Sportivo","potentialAction":[{"@type":"SearchAction","target":{"@type":"EntryPoint","urlTemplate":"https:\/\/www.ccaniene.com\/it_it\/?s={search_term_string}"},"query-input":{"@type":"PropertyValueSpecification","valueRequired":true,"valueName":"search_term_string"}}],"inLanguage":"en-GB"},{"@type":"Person","@id":"https:\/\/www.ccaniene.com\/it_it\/#\/schema\/person\/6042bd0ba360674279dffd4247d570ed","name":"carlo.san@tin.it","image":{"@type":"ImageObject","inLanguage":"en-GB","@id":"https:\/\/www.ccaniene.com\/it_it\/#\/schema\/person\/image\/","url":"https:\/\/secure.gravatar.com\/avatar\/f993a459d0ffe4d666e4c917fef20ca9?s=96&d=mm&r=g","contentUrl":"https:\/\/secure.gravatar.com\/avatar\/f993a459d0ffe4d666e4c917fef20ca9?s=96&d=mm&r=g","caption":"carlo.san@tin.it"},"url":"https:\/\/www.ccaniene.com\/en\/author\/carlo-santi-2\/"}]}},"_links":{"self":[{"href":"https:\/\/www.ccaniene.com\/en\/wp-json\/wp\/v2\/posts\/29733"}],"collection":[{"href":"https:\/\/www.ccaniene.com\/en\/wp-json\/wp\/v2\/posts"}],"about":[{"href":"https:\/\/www.ccaniene.com\/en\/wp-json\/wp\/v2\/types\/post"}],"author":[{"embeddable":true,"href":"https:\/\/www.ccaniene.com\/en\/wp-json\/wp\/v2\/users\/23521"}],"replies":[{"embeddable":true,"href":"https:\/\/www.ccaniene.com\/en\/wp-json\/wp\/v2\/comments?post=29733"}],"version-history":[{"count":2,"href":"https:\/\/www.ccaniene.com\/en\/wp-json\/wp\/v2\/posts\/29733\/revisions"}],"predecessor-version":[{"id":29736,"href":"https:\/\/www.ccaniene.com\/en\/wp-json\/wp\/v2\/posts\/29733\/revisions\/29736"}],"wp:featuredmedia":[{"embeddable":true,"href":"https:\/\/www.ccaniene.com\/en\/wp-json\/wp\/v2\/media\/29734"}],"wp:attachment":[{"href":"https:\/\/www.ccaniene.com\/en\/wp-json\/wp\/v2\/media?parent=29733"}],"wp:term":[{"taxonomy":"category","embeddable":true,"href":"https:\/\/www.ccaniene.com\/en\/wp-json\/wp\/v2\/categories?post=29733"},{"taxonomy":"post_tag","embeddable":true,"href":"https:\/\/www.ccaniene.com\/en\/wp-json\/wp\/v2\/tags?post=29733"}],"curies":[{"name":"wp","href":"https:\/\/api.w.org\/{rel}","templated":true}]}}