{"id":29694,"date":"2025-05-01T20:38:44","date_gmt":"2025-05-01T18:38:44","guid":{"rendered":"https:\/\/www.ccaniene.com\/?p=29694"},"modified":"2025-05-01T20:38:50","modified_gmt":"2025-05-01T18:38:50","slug":"il-primo-maggio-e-il-rito-del-pic-nic-allaniene","status":"publish","type":"post","link":"https:\/\/www.ccaniene.com\/en\/il-primo-maggio-e-il-rito-del-pic-nic-allaniene\/","title":{"rendered":"Il primo maggio e il rito del pic-nic all\u2019Aniene"},"content":{"rendered":"<p>Primo maggio vuol dire pic-nic. Un pranzo sotto il sole all\u2019aria aperta sul prato verde sulla sponda del Tevere con trecento \u201cinvitati\u201d tra soci e familiari. Il pic-nic \u00e8 da sempre un momento conviviale perfetto, senza formalismi ed etichette particolari, perci\u00f2 sinonimo di spensieratezza e serenit\u00e0. \u00c8 stato cos\u00ec anche quest\u2019anno nella nuova location sull\u2019argine dato che il prato della piscina \u00e8 al momento inutilizzabile, ma la nuova formula ha funzionato perfettamente.<\/p>\n\n\n\n<p>Pic-nic, che deriva dal francese \u201cpique e nique\u201d, vuole dire spizzicare cibi semplici come indica la prima parola, pique, mentre la seconda, nique, indica qualcosa di minuto o piccolo. Tale tradizione ha origine nel medioevo quando i cacciatori si fermarsi per mangiare e risposare prima di ricominciare la caccia. Pi\u00f9 avanti gli inglesi hanno fondato la \u201cPicnic Society\u201d, un club che ha fatto dei pranzi fuori porta una filosofia di vita e di arte.<\/p>\n\n\n\n<p>All\u2019Aniene, nel nostro pic-nic, non sono mancate, tra le prelibatezze della giornata, fave e pecorino, tradizione di ogni primo maggio. Poi la porchetta, sempre ottima, gli spiedini, il pollo, salumi e formaggio e l\u2019immancabile e super pasta preparata, come avviene da tempo, da Riccardo Bechini che stavolta ha proposto pennette con zucchine e salsiccia. Infine i dolci, molti offerti dai soci: crostate, paste, cannoli siciliani. Il tutto con fiumi di birra e anche buon vino.<\/p>\n\n\n\n<p>Tanti i soci presenti &#8211; oltre trecento come detto &#8211; e un\u2019area dedicata ai bimbi per giocare e gustare l\u2019immancabile zucchero filato richiesto anche da qualche adulto.<\/p>\n\n\n\n<p>Perfetta l\u2019organizzazione guidata come sempre da Alessandro Paco Vaccaro con i suoi giovani che hanno contribuito alla riuscita dell\u2019evento che \u00e8 oramai una tradizione del Circolo Canottieri Aniene insieme al personale del Ristorante e all\u2019impegno determinante dei famigli.<\/p>\n\n\n\n<figure class=\"wp-block-gallery has-nested-images columns-default is-cropped wp-block-gallery-1 is-layout-flex wp-block-gallery-is-layout-flex\">\n<figure class=\"wp-block-image size-large\"><img fetchpriority=\"high\" decoding=\"async\" width=\"1920\" height=\"1279\" data-id=\"29699\" src=\"http:\/\/www.ccaniene.com\/wp-content\/uploads\/2025\/05\/pic-nic-1-maggio-2025-foto-mezzelani-gmt003-1920x1279.jpg\" alt=\"\" class=\"wp-image-29699\" srcset=\"https:\/\/www.ccaniene.com\/wp-content\/uploads\/2025\/05\/pic-nic-1-maggio-2025-foto-mezzelani-gmt003-1920x1279.jpg 1920w, https:\/\/www.ccaniene.com\/wp-content\/uploads\/2025\/05\/pic-nic-1-maggio-2025-foto-mezzelani-gmt003-800x533.jpg 800w, https:\/\/www.ccaniene.com\/wp-content\/uploads\/2025\/05\/pic-nic-1-maggio-2025-foto-mezzelani-gmt003-768x512.jpg 768w, https:\/\/www.ccaniene.com\/wp-content\/uploads\/2025\/05\/pic-nic-1-maggio-2025-foto-mezzelani-gmt003-1536x1023.jpg 1536w, https:\/\/www.ccaniene.com\/wp-content\/uploads\/2025\/05\/pic-nic-1-maggio-2025-foto-mezzelani-gmt003-2048x1364.jpg 2048w, https:\/\/www.ccaniene.com\/wp-content\/uploads\/2025\/05\/pic-nic-1-maggio-2025-foto-mezzelani-gmt003-18x12.jpg 18w\" sizes=\"(max-width: 1920px) 100vw, 1920px\" \/><figcaption class=\"wp-element-caption\"><br \/> <br \/><\/figcaption><\/figure>\n\n\n\n<figure class=\"wp-block-image size-large\"><img decoding=\"async\" width=\"1920\" height=\"1192\" data-id=\"29696\" src=\"http:\/\/www.ccaniene.com\/wp-content\/uploads\/2025\/05\/pic-nic-1-maggio-2025-foto-mezzelani-gmt004-1920x1192.jpg\" alt=\"\" class=\"wp-image-29696\" srcset=\"https:\/\/www.ccaniene.com\/wp-content\/uploads\/2025\/05\/pic-nic-1-maggio-2025-foto-mezzelani-gmt004-1920x1192.jpg 1920w, https:\/\/www.ccaniene.com\/wp-content\/uploads\/2025\/05\/pic-nic-1-maggio-2025-foto-mezzelani-gmt004-800x497.jpg 800w, https:\/\/www.ccaniene.com\/wp-content\/uploads\/2025\/05\/pic-nic-1-maggio-2025-foto-mezzelani-gmt004-768x477.jpg 768w, https:\/\/www.ccaniene.com\/wp-content\/uploads\/2025\/05\/pic-nic-1-maggio-2025-foto-mezzelani-gmt004-1536x954.jpg 1536w, https:\/\/www.ccaniene.com\/wp-content\/uploads\/2025\/05\/pic-nic-1-maggio-2025-foto-mezzelani-gmt004-2048x1271.jpg 2048w, https:\/\/www.ccaniene.com\/wp-content\/uploads\/2025\/05\/pic-nic-1-maggio-2025-foto-mezzelani-gmt004-18x12.jpg 18w\" sizes=\"(max-width: 1920px) 100vw, 1920px\" \/><figcaption class=\"wp-element-caption\"><br \/> <\/figcaption><\/figure>\n\n\n\n<figure class=\"wp-block-image size-large\"><img decoding=\"async\" width=\"1920\" height=\"1153\" data-id=\"29697\" src=\"http:\/\/www.ccaniene.com\/wp-content\/uploads\/2025\/05\/pic-nic-1-maggio-2025-foto-mezzelani-gmt005-1920x1153.jpg\" alt=\"\" class=\"wp-image-29697\" srcset=\"https:\/\/www.ccaniene.com\/wp-content\/uploads\/2025\/05\/pic-nic-1-maggio-2025-foto-mezzelani-gmt005-1920x1153.jpg 1920w, https:\/\/www.ccaniene.com\/wp-content\/uploads\/2025\/05\/pic-nic-1-maggio-2025-foto-mezzelani-gmt005-800x480.jpg 800w, https:\/\/www.ccaniene.com\/wp-content\/uploads\/2025\/05\/pic-nic-1-maggio-2025-foto-mezzelani-gmt005-768x461.jpg 768w, https:\/\/www.ccaniene.com\/wp-content\/uploads\/2025\/05\/pic-nic-1-maggio-2025-foto-mezzelani-gmt005-1536x922.jpg 1536w, https:\/\/www.ccaniene.com\/wp-content\/uploads\/2025\/05\/pic-nic-1-maggio-2025-foto-mezzelani-gmt005-2048x1230.jpg 2048w, https:\/\/www.ccaniene.com\/wp-content\/uploads\/2025\/05\/pic-nic-1-maggio-2025-foto-mezzelani-gmt005-18x12.jpg 18w\" sizes=\"(max-width: 1920px) 100vw, 1920px\" \/><figcaption class=\"wp-element-caption\"> <br \/> <br \/><\/figcaption><\/figure>\n\n\n\n<figure class=\"wp-block-image size-large\"><img loading=\"lazy\" decoding=\"async\" width=\"1920\" height=\"1246\" data-id=\"29698\" src=\"http:\/\/www.ccaniene.com\/wp-content\/uploads\/2025\/05\/pic-nic-1-maggio-2025-foto-mezzelani-gmt006-1920x1246.jpg\" alt=\"\" class=\"wp-image-29698\" srcset=\"https:\/\/www.ccaniene.com\/wp-content\/uploads\/2025\/05\/pic-nic-1-maggio-2025-foto-mezzelani-gmt006-1920x1246.jpg 1920w, https:\/\/www.ccaniene.com\/wp-content\/uploads\/2025\/05\/pic-nic-1-maggio-2025-foto-mezzelani-gmt006-800x519.jpg 800w, https:\/\/www.ccaniene.com\/wp-content\/uploads\/2025\/05\/pic-nic-1-maggio-2025-foto-mezzelani-gmt006-768x499.jpg 768w, https:\/\/www.ccaniene.com\/wp-content\/uploads\/2025\/05\/pic-nic-1-maggio-2025-foto-mezzelani-gmt006-1536x997.jpg 1536w, https:\/\/www.ccaniene.com\/wp-content\/uploads\/2025\/05\/pic-nic-1-maggio-2025-foto-mezzelani-gmt006-2048x1329.jpg 2048w, https:\/\/www.ccaniene.com\/wp-content\/uploads\/2025\/05\/pic-nic-1-maggio-2025-foto-mezzelani-gmt006-18x12.jpg 18w\" sizes=\"(max-width: 1920px) 100vw, 1920px\" \/><figcaption class=\"wp-element-caption\"><br \/> <br \/><\/figcaption><\/figure>\n\n\n\n<figure class=\"wp-block-image size-large\"><img loading=\"lazy\" decoding=\"async\" width=\"1920\" height=\"1131\" data-id=\"29701\" src=\"http:\/\/www.ccaniene.com\/wp-content\/uploads\/2025\/05\/pic-nic-1-maggio-2025-foto-mezzelani-gmt007-1920x1131.jpg\" alt=\"\" class=\"wp-image-29701\" srcset=\"https:\/\/www.ccaniene.com\/wp-content\/uploads\/2025\/05\/pic-nic-1-maggio-2025-foto-mezzelani-gmt007-1920x1131.jpg 1920w, https:\/\/www.ccaniene.com\/wp-content\/uploads\/2025\/05\/pic-nic-1-maggio-2025-foto-mezzelani-gmt007-800x471.jpg 800w, https:\/\/www.ccaniene.com\/wp-content\/uploads\/2025\/05\/pic-nic-1-maggio-2025-foto-mezzelani-gmt007-768x452.jpg 768w, https:\/\/www.ccaniene.com\/wp-content\/uploads\/2025\/05\/pic-nic-1-maggio-2025-foto-mezzelani-gmt007-1536x905.jpg 1536w, https:\/\/www.ccaniene.com\/wp-content\/uploads\/2025\/05\/pic-nic-1-maggio-2025-foto-mezzelani-gmt007-2048x1206.jpg 2048w, https:\/\/www.ccaniene.com\/wp-content\/uploads\/2025\/05\/pic-nic-1-maggio-2025-foto-mezzelani-gmt007-18x12.jpg 18w\" sizes=\"(max-width: 1920px) 100vw, 1920px\" \/><figcaption class=\"wp-element-caption\"><br \/> <br \/><\/figcaption><\/figure>\n\n\n\n<figure class=\"wp-block-image size-large\"><img loading=\"lazy\" decoding=\"async\" width=\"1920\" height=\"1114\" data-id=\"29700\" src=\"http:\/\/www.ccaniene.com\/wp-content\/uploads\/2025\/05\/pic-nic-1-maggio-2025-foto-mezzelani-gmt014-1920x1114.jpg\" alt=\"\" class=\"wp-image-29700\" srcset=\"https:\/\/www.ccaniene.com\/wp-content\/uploads\/2025\/05\/pic-nic-1-maggio-2025-foto-mezzelani-gmt014-1920x1114.jpg 1920w, https:\/\/www.ccaniene.com\/wp-content\/uploads\/2025\/05\/pic-nic-1-maggio-2025-foto-mezzelani-gmt014-800x464.jpg 800w, https:\/\/www.ccaniene.com\/wp-content\/uploads\/2025\/05\/pic-nic-1-maggio-2025-foto-mezzelani-gmt014-768x446.jpg 768w, https:\/\/www.ccaniene.com\/wp-content\/uploads\/2025\/05\/pic-nic-1-maggio-2025-foto-mezzelani-gmt014-1536x892.jpg 1536w, https:\/\/www.ccaniene.com\/wp-content\/uploads\/2025\/05\/pic-nic-1-maggio-2025-foto-mezzelani-gmt014-2048x1189.jpg 2048w, https:\/\/www.ccaniene.com\/wp-content\/uploads\/2025\/05\/pic-nic-1-maggio-2025-foto-mezzelani-gmt014-18x10.jpg 18w\" sizes=\"(max-width: 1920px) 100vw, 1920px\" \/><figcaption class=\"wp-element-caption\"><br \/> <br \/><\/figcaption><\/figure>\n\n\n\n<figure class=\"wp-block-image size-large\"><img loading=\"lazy\" decoding=\"async\" width=\"1920\" height=\"1154\" data-id=\"29702\" src=\"http:\/\/www.ccaniene.com\/wp-content\/uploads\/2025\/05\/pic-nic-1-maggio-2025-foto-mezzelani-gmt013-1920x1154.jpg\" alt=\"\" class=\"wp-image-29702\" srcset=\"https:\/\/www.ccaniene.com\/wp-content\/uploads\/2025\/05\/pic-nic-1-maggio-2025-foto-mezzelani-gmt013-1920x1154.jpg 1920w, https:\/\/www.ccaniene.com\/wp-content\/uploads\/2025\/05\/pic-nic-1-maggio-2025-foto-mezzelani-gmt013-800x481.jpg 800w, https:\/\/www.ccaniene.com\/wp-content\/uploads\/2025\/05\/pic-nic-1-maggio-2025-foto-mezzelani-gmt013-768x461.jpg 768w, https:\/\/www.ccaniene.com\/wp-content\/uploads\/2025\/05\/pic-nic-1-maggio-2025-foto-mezzelani-gmt013-1536x923.jpg 1536w, https:\/\/www.ccaniene.com\/wp-content\/uploads\/2025\/05\/pic-nic-1-maggio-2025-foto-mezzelani-gmt013-2048x1231.jpg 2048w, https:\/\/www.ccaniene.com\/wp-content\/uploads\/2025\/05\/pic-nic-1-maggio-2025-foto-mezzelani-gmt013-18x12.jpg 18w\" sizes=\"(max-width: 1920px) 100vw, 1920px\" \/><figcaption class=\"wp-element-caption\"><br \/><\/figcaption><\/figure>\n\n\n\n<figure class=\"wp-block-image size-large\"><img loading=\"lazy\" decoding=\"async\" width=\"1920\" height=\"1317\" data-id=\"29704\" src=\"http:\/\/www.ccaniene.com\/wp-content\/uploads\/2025\/05\/pic-nic-1-maggio-2025-foto-mezzelani-gmt028-1920x1317.jpg\" alt=\"\" class=\"wp-image-29704\" srcset=\"https:\/\/www.ccaniene.com\/wp-content\/uploads\/2025\/05\/pic-nic-1-maggio-2025-foto-mezzelani-gmt028-1920x1317.jpg 1920w, https:\/\/www.ccaniene.com\/wp-content\/uploads\/2025\/05\/pic-nic-1-maggio-2025-foto-mezzelani-gmt028-800x549.jpg 800w, https:\/\/www.ccaniene.com\/wp-content\/uploads\/2025\/05\/pic-nic-1-maggio-2025-foto-mezzelani-gmt028-768x527.jpg 768w, https:\/\/www.ccaniene.com\/wp-content\/uploads\/2025\/05\/pic-nic-1-maggio-2025-foto-mezzelani-gmt028-1536x1053.jpg 1536w, https:\/\/www.ccaniene.com\/wp-content\/uploads\/2025\/05\/pic-nic-1-maggio-2025-foto-mezzelani-gmt028-2048x1404.jpg 2048w, https:\/\/www.ccaniene.com\/wp-content\/uploads\/2025\/05\/pic-nic-1-maggio-2025-foto-mezzelani-gmt028-18x12.jpg 18w\" sizes=\"(max-width: 1920px) 100vw, 1920px\" \/><figcaption class=\"wp-element-caption\"><br \/> <\/figcaption><\/figure>\n\n\n\n<figure class=\"wp-block-image size-large\"><img loading=\"lazy\" decoding=\"async\" width=\"1920\" height=\"1268\" data-id=\"29705\" src=\"http:\/\/www.ccaniene.com\/wp-content\/uploads\/2025\/05\/pic-nic-1-maggio-2025-foto-mezzelani-gmt019-1920x1268.jpg\" alt=\"\" class=\"wp-image-29705\" srcset=\"https:\/\/www.ccaniene.com\/wp-content\/uploads\/2025\/05\/pic-nic-1-maggio-2025-foto-mezzelani-gmt019-1920x1268.jpg 1920w, https:\/\/www.ccaniene.com\/wp-content\/uploads\/2025\/05\/pic-nic-1-maggio-2025-foto-mezzelani-gmt019-800x528.jpg 800w, https:\/\/www.ccaniene.com\/wp-content\/uploads\/2025\/05\/pic-nic-1-maggio-2025-foto-mezzelani-gmt019-768x507.jpg 768w, https:\/\/www.ccaniene.com\/wp-content\/uploads\/2025\/05\/pic-nic-1-maggio-2025-foto-mezzelani-gmt019-1536x1014.jpg 1536w, https:\/\/www.ccaniene.com\/wp-content\/uploads\/2025\/05\/pic-nic-1-maggio-2025-foto-mezzelani-gmt019-2048x1353.jpg 2048w, https:\/\/www.ccaniene.com\/wp-content\/uploads\/2025\/05\/pic-nic-1-maggio-2025-foto-mezzelani-gmt019-18x12.jpg 18w\" sizes=\"(max-width: 1920px) 100vw, 1920px\" \/><figcaption class=\"wp-element-caption\"><br \/><\/figcaption><\/figure>\n\n\n\n<figure class=\"wp-block-image size-large\"><img loading=\"lazy\" decoding=\"async\" width=\"1920\" height=\"1279\" data-id=\"29706\" src=\"http:\/\/www.ccaniene.com\/wp-content\/uploads\/2025\/05\/pic-nic-1-maggio-2025-foto-mezzelani-gmt018-1920x1279.jpg\" alt=\"\" class=\"wp-image-29706\" srcset=\"https:\/\/www.ccaniene.com\/wp-content\/uploads\/2025\/05\/pic-nic-1-maggio-2025-foto-mezzelani-gmt018-1920x1279.jpg 1920w, https:\/\/www.ccaniene.com\/wp-content\/uploads\/2025\/05\/pic-nic-1-maggio-2025-foto-mezzelani-gmt018-800x533.jpg 800w, https:\/\/www.ccaniene.com\/wp-content\/uploads\/2025\/05\/pic-nic-1-maggio-2025-foto-mezzelani-gmt018-768x512.jpg 768w, https:\/\/www.ccaniene.com\/wp-content\/uploads\/2025\/05\/pic-nic-1-maggio-2025-foto-mezzelani-gmt018-1536x1023.jpg 1536w, https:\/\/www.ccaniene.com\/wp-content\/uploads\/2025\/05\/pic-nic-1-maggio-2025-foto-mezzelani-gmt018-2048x1364.jpg 2048w, https:\/\/www.ccaniene.com\/wp-content\/uploads\/2025\/05\/pic-nic-1-maggio-2025-foto-mezzelani-gmt018-18x12.jpg 18w\" sizes=\"(max-width: 1920px) 100vw, 1920px\" \/><figcaption class=\"wp-element-caption\"><br \/> <br \/><\/figcaption><\/figure>\n\n\n\n<figure class=\"wp-block-image size-large\"><img loading=\"lazy\" decoding=\"async\" width=\"1920\" height=\"1207\" data-id=\"29708\" src=\"http:\/\/www.ccaniene.com\/wp-content\/uploads\/2025\/05\/pic-nic-1-maggio-2025-foto-mezzelani-gmt011-1920x1207.jpg\" alt=\"\" class=\"wp-image-29708\" srcset=\"https:\/\/www.ccaniene.com\/wp-content\/uploads\/2025\/05\/pic-nic-1-maggio-2025-foto-mezzelani-gmt011-1920x1207.jpg 1920w, https:\/\/www.ccaniene.com\/wp-content\/uploads\/2025\/05\/pic-nic-1-maggio-2025-foto-mezzelani-gmt011-800x503.jpg 800w, https:\/\/www.ccaniene.com\/wp-content\/uploads\/2025\/05\/pic-nic-1-maggio-2025-foto-mezzelani-gmt011-768x483.jpg 768w, https:\/\/www.ccaniene.com\/wp-content\/uploads\/2025\/05\/pic-nic-1-maggio-2025-foto-mezzelani-gmt011-1536x966.jpg 1536w, https:\/\/www.ccaniene.com\/wp-content\/uploads\/2025\/05\/pic-nic-1-maggio-2025-foto-mezzelani-gmt011-2048x1288.jpg 2048w, https:\/\/www.ccaniene.com\/wp-content\/uploads\/2025\/05\/pic-nic-1-maggio-2025-foto-mezzelani-gmt011-18x12.jpg 18w\" sizes=\"(max-width: 1920px) 100vw, 1920px\" \/><figcaption class=\"wp-element-caption\"><br \/> <\/figcaption><\/figure>\n\n\n\n<figure class=\"wp-block-image size-large\"><img loading=\"lazy\" decoding=\"async\" width=\"1920\" height=\"1279\" data-id=\"29709\" src=\"http:\/\/www.ccaniene.com\/wp-content\/uploads\/2025\/05\/pic-nic-1-maggio-2025-foto-mezzelani-gmt010-1920x1279.jpg\" alt=\"\" class=\"wp-image-29709\" srcset=\"https:\/\/www.ccaniene.com\/wp-content\/uploads\/2025\/05\/pic-nic-1-maggio-2025-foto-mezzelani-gmt010-1920x1279.jpg 1920w, https:\/\/www.ccaniene.com\/wp-content\/uploads\/2025\/05\/pic-nic-1-maggio-2025-foto-mezzelani-gmt010-800x533.jpg 800w, https:\/\/www.ccaniene.com\/wp-content\/uploads\/2025\/05\/pic-nic-1-maggio-2025-foto-mezzelani-gmt010-768x512.jpg 768w, https:\/\/www.ccaniene.com\/wp-content\/uploads\/2025\/05\/pic-nic-1-maggio-2025-foto-mezzelani-gmt010-1536x1023.jpg 1536w, https:\/\/www.ccaniene.com\/wp-content\/uploads\/2025\/05\/pic-nic-1-maggio-2025-foto-mezzelani-gmt010-2048x1364.jpg 2048w, https:\/\/www.ccaniene.com\/wp-content\/uploads\/2025\/05\/pic-nic-1-maggio-2025-foto-mezzelani-gmt010-18x12.jpg 18w\" sizes=\"(max-width: 1920px) 100vw, 1920px\" \/><\/figure>\n\n\n\n<figure class=\"wp-block-image size-large\"><img loading=\"lazy\" decoding=\"async\" width=\"1920\" height=\"1311\" data-id=\"29707\" src=\"http:\/\/www.ccaniene.com\/wp-content\/uploads\/2025\/05\/pic-nic-1-maggio-2025-foto-mezzelani-gmt009-1920x1311.jpg\" alt=\"\" class=\"wp-image-29707\" srcset=\"https:\/\/www.ccaniene.com\/wp-content\/uploads\/2025\/05\/pic-nic-1-maggio-2025-foto-mezzelani-gmt009-1920x1311.jpg 1920w, https:\/\/www.ccaniene.com\/wp-content\/uploads\/2025\/05\/pic-nic-1-maggio-2025-foto-mezzelani-gmt009-800x546.jpg 800w, https:\/\/www.ccaniene.com\/wp-content\/uploads\/2025\/05\/pic-nic-1-maggio-2025-foto-mezzelani-gmt009-768x524.jpg 768w, https:\/\/www.ccaniene.com\/wp-content\/uploads\/2025\/05\/pic-nic-1-maggio-2025-foto-mezzelani-gmt009-1536x1049.jpg 1536w, https:\/\/www.ccaniene.com\/wp-content\/uploads\/2025\/05\/pic-nic-1-maggio-2025-foto-mezzelani-gmt009-2048x1398.jpg 2048w, https:\/\/www.ccaniene.com\/wp-content\/uploads\/2025\/05\/pic-nic-1-maggio-2025-foto-mezzelani-gmt009-18x12.jpg 18w\" sizes=\"(max-width: 1920px) 100vw, 1920px\" \/><figcaption class=\"wp-element-caption\"> <\/figcaption><\/figure>\n\n\n\n<figure class=\"wp-block-image size-large\"><img loading=\"lazy\" decoding=\"async\" width=\"1920\" height=\"1161\" data-id=\"29710\" src=\"http:\/\/www.ccaniene.com\/wp-content\/uploads\/2025\/05\/pic-nic-1-maggio-2025-foto-mezzelani-gmt008-1920x1161.jpg\" alt=\"\" class=\"wp-image-29710\" srcset=\"https:\/\/www.ccaniene.com\/wp-content\/uploads\/2025\/05\/pic-nic-1-maggio-2025-foto-mezzelani-gmt008-1920x1161.jpg 1920w, https:\/\/www.ccaniene.com\/wp-content\/uploads\/2025\/05\/pic-nic-1-maggio-2025-foto-mezzelani-gmt008-800x484.jpg 800w, https:\/\/www.ccaniene.com\/wp-content\/uploads\/2025\/05\/pic-nic-1-maggio-2025-foto-mezzelani-gmt008-768x464.jpg 768w, https:\/\/www.ccaniene.com\/wp-content\/uploads\/2025\/05\/pic-nic-1-maggio-2025-foto-mezzelani-gmt008-1536x929.jpg 1536w, https:\/\/www.ccaniene.com\/wp-content\/uploads\/2025\/05\/pic-nic-1-maggio-2025-foto-mezzelani-gmt008-2048x1238.jpg 2048w, https:\/\/www.ccaniene.com\/wp-content\/uploads\/2025\/05\/pic-nic-1-maggio-2025-foto-mezzelani-gmt008-18x12.jpg 18w\" sizes=\"(max-width: 1920px) 100vw, 1920px\" \/><figcaption class=\"wp-element-caption\"><br \/> <\/figcaption><\/figure>\n\n\n\n<figure class=\"wp-block-image size-large\"><img loading=\"lazy\" decoding=\"async\" width=\"1920\" height=\"1147\" data-id=\"29711\" src=\"http:\/\/www.ccaniene.com\/wp-content\/uploads\/2025\/05\/pic-nic-1-maggio-2025-foto-mezzelani-gmt015-1920x1147.jpg\" alt=\"\" class=\"wp-image-29711\" srcset=\"https:\/\/www.ccaniene.com\/wp-content\/uploads\/2025\/05\/pic-nic-1-maggio-2025-foto-mezzelani-gmt015-1920x1147.jpg 1920w, https:\/\/www.ccaniene.com\/wp-content\/uploads\/2025\/05\/pic-nic-1-maggio-2025-foto-mezzelani-gmt015-800x478.jpg 800w, https:\/\/www.ccaniene.com\/wp-content\/uploads\/2025\/05\/pic-nic-1-maggio-2025-foto-mezzelani-gmt015-768x459.jpg 768w, https:\/\/www.ccaniene.com\/wp-content\/uploads\/2025\/05\/pic-nic-1-maggio-2025-foto-mezzelani-gmt015-1536x918.jpg 1536w, https:\/\/www.ccaniene.com\/wp-content\/uploads\/2025\/05\/pic-nic-1-maggio-2025-foto-mezzelani-gmt015-2048x1224.jpg 2048w, https:\/\/www.ccaniene.com\/wp-content\/uploads\/2025\/05\/pic-nic-1-maggio-2025-foto-mezzelani-gmt015-18x12.jpg 18w\" sizes=\"(max-width: 1920px) 100vw, 1920px\" \/><figcaption class=\"wp-element-caption\"><br \/> <br \/><\/figcaption><\/figure>\n\n\n\n<figure class=\"wp-block-image size-large\"><img loading=\"lazy\" decoding=\"async\" width=\"1920\" height=\"1242\" data-id=\"29712\" src=\"http:\/\/www.ccaniene.com\/wp-content\/uploads\/2025\/05\/pic-nic-1-maggio-2025-foto-mezzelani-gmt023-1920x1242.jpg\" alt=\"\" class=\"wp-image-29712\" srcset=\"https:\/\/www.ccaniene.com\/wp-content\/uploads\/2025\/05\/pic-nic-1-maggio-2025-foto-mezzelani-gmt023-1920x1242.jpg 1920w, https:\/\/www.ccaniene.com\/wp-content\/uploads\/2025\/05\/pic-nic-1-maggio-2025-foto-mezzelani-gmt023-800x517.jpg 800w, https:\/\/www.ccaniene.com\/wp-content\/uploads\/2025\/05\/pic-nic-1-maggio-2025-foto-mezzelani-gmt023-768x497.jpg 768w, https:\/\/www.ccaniene.com\/wp-content\/uploads\/2025\/05\/pic-nic-1-maggio-2025-foto-mezzelani-gmt023-1536x993.jpg 1536w, https:\/\/www.ccaniene.com\/wp-content\/uploads\/2025\/05\/pic-nic-1-maggio-2025-foto-mezzelani-gmt023-2048x1324.jpg 2048w, https:\/\/www.ccaniene.com\/wp-content\/uploads\/2025\/05\/pic-nic-1-maggio-2025-foto-mezzelani-gmt023-18x12.jpg 18w\" sizes=\"(max-width: 1920px) 100vw, 1920px\" \/><figcaption class=\"wp-element-caption\"><br \/> <br \/><\/figcaption><\/figure>\n\n\n\n<figure class=\"wp-block-image size-large\"><img loading=\"lazy\" decoding=\"async\" width=\"1920\" height=\"1328\" data-id=\"29713\" src=\"http:\/\/www.ccaniene.com\/wp-content\/uploads\/2025\/05\/pic-nic-1-maggio-2025-foto-mezzelani-gmt025-1920x1328.jpg\" alt=\"\" class=\"wp-image-29713\" srcset=\"https:\/\/www.ccaniene.com\/wp-content\/uploads\/2025\/05\/pic-nic-1-maggio-2025-foto-mezzelani-gmt025-1920x1328.jpg 1920w, https:\/\/www.ccaniene.com\/wp-content\/uploads\/2025\/05\/pic-nic-1-maggio-2025-foto-mezzelani-gmt025-800x553.jpg 800w, https:\/\/www.ccaniene.com\/wp-content\/uploads\/2025\/05\/pic-nic-1-maggio-2025-foto-mezzelani-gmt025-768x531.jpg 768w, https:\/\/www.ccaniene.com\/wp-content\/uploads\/2025\/05\/pic-nic-1-maggio-2025-foto-mezzelani-gmt025-1536x1063.jpg 1536w, https:\/\/www.ccaniene.com\/wp-content\/uploads\/2025\/05\/pic-nic-1-maggio-2025-foto-mezzelani-gmt025-2048x1417.jpg 2048w, https:\/\/www.ccaniene.com\/wp-content\/uploads\/2025\/05\/pic-nic-1-maggio-2025-foto-mezzelani-gmt025-18x12.jpg 18w\" sizes=\"(max-width: 1920px) 100vw, 1920px\" \/><figcaption class=\"wp-element-caption\"><br \/> <br \/><\/figcaption><\/figure>\n\n\n\n<figure class=\"wp-block-image size-large\"><img loading=\"lazy\" decoding=\"async\" width=\"1920\" height=\"1279\" data-id=\"29714\" src=\"http:\/\/www.ccaniene.com\/wp-content\/uploads\/2025\/05\/pic-nic-1-maggio-2025-foto-mezzelani-gmt026-1920x1279.jpg\" alt=\"\" class=\"wp-image-29714\" srcset=\"https:\/\/www.ccaniene.com\/wp-content\/uploads\/2025\/05\/pic-nic-1-maggio-2025-foto-mezzelani-gmt026-1920x1279.jpg 1920w, https:\/\/www.ccaniene.com\/wp-content\/uploads\/2025\/05\/pic-nic-1-maggio-2025-foto-mezzelani-gmt026-800x533.jpg 800w, https:\/\/www.ccaniene.com\/wp-content\/uploads\/2025\/05\/pic-nic-1-maggio-2025-foto-mezzelani-gmt026-768x512.jpg 768w, https:\/\/www.ccaniene.com\/wp-content\/uploads\/2025\/05\/pic-nic-1-maggio-2025-foto-mezzelani-gmt026-1536x1023.jpg 1536w, https:\/\/www.ccaniene.com\/wp-content\/uploads\/2025\/05\/pic-nic-1-maggio-2025-foto-mezzelani-gmt026-2048x1364.jpg 2048w, https:\/\/www.ccaniene.com\/wp-content\/uploads\/2025\/05\/pic-nic-1-maggio-2025-foto-mezzelani-gmt026-18x12.jpg 18w\" sizes=\"(max-width: 1920px) 100vw, 1920px\" \/><figcaption class=\"wp-element-caption\"><br \/> <\/figcaption><\/figure>\n\n\n\n<figure class=\"wp-block-image size-large\"><img loading=\"lazy\" decoding=\"async\" width=\"1920\" height=\"1193\" data-id=\"29715\" src=\"http:\/\/www.ccaniene.com\/wp-content\/uploads\/2025\/05\/pic-nic-1-maggio-2025-foto-mezzelani-gmt016-1920x1193.jpg\" alt=\"\" class=\"wp-image-29715\" srcset=\"https:\/\/www.ccaniene.com\/wp-content\/uploads\/2025\/05\/pic-nic-1-maggio-2025-foto-mezzelani-gmt016-1920x1193.jpg 1920w, https:\/\/www.ccaniene.com\/wp-content\/uploads\/2025\/05\/pic-nic-1-maggio-2025-foto-mezzelani-gmt016-800x497.jpg 800w, https:\/\/www.ccaniene.com\/wp-content\/uploads\/2025\/05\/pic-nic-1-maggio-2025-foto-mezzelani-gmt016-768x477.jpg 768w, https:\/\/www.ccaniene.com\/wp-content\/uploads\/2025\/05\/pic-nic-1-maggio-2025-foto-mezzelani-gmt016-1536x954.jpg 1536w, https:\/\/www.ccaniene.com\/wp-content\/uploads\/2025\/05\/pic-nic-1-maggio-2025-foto-mezzelani-gmt016-2048x1272.jpg 2048w, https:\/\/www.ccaniene.com\/wp-content\/uploads\/2025\/05\/pic-nic-1-maggio-2025-foto-mezzelani-gmt016-18x12.jpg 18w\" sizes=\"(max-width: 1920px) 100vw, 1920px\" \/><figcaption class=\"wp-element-caption\"><br \/> <br \/><\/figcaption><\/figure>\n<\/figure>\n\n\n\n<p>Fotoservizio di Ferdinando Mezzelani\/GMT<\/p>\n\n\n\n<p><\/p>","protected":false},"excerpt":{"rendered":"<p>Primo maggio vuol dire pic-nic. Un pranzo sotto il sole all\u2019aria aperta sul prato verde sulla sponda del Tevere con trecento \u201cinvitati\u201d tra soci e familiari. Il pic-nic \u00e8 da sempre un momento conviviale perfetto, senza formalismi ed etichette particolari, perci\u00f2 sinonimo di spensieratezza e serenit\u00e0. \u00c8 stato cos\u00ec anche quest\u2019anno nella nuova location sull\u2019argine [&hellip;]<\/p>","protected":false},"author":23521,"featured_media":29695,"comment_status":"closed","ping_status":"closed","sticky":false,"template":"","format":"standard","meta":{"pmpro_default_level":0,"footnotes":"","_links_to":"","_links_to_target":""},"categories":[137,1],"tags":[],"class_list":["post-29694","post","type-post","status-publish","format-standard","has-post-thumbnail","hentry","category-attivita-sociali","category-news","pmpro-has-access"],"featured_image_urls":{"medium":"https:\/\/www.ccaniene.com\/wp-content\/uploads\/2025\/05\/pic-nic-1-maggio-2025-foto-mezzelani-gmt035-800x533.jpg","large":"https:\/\/www.ccaniene.com\/wp-content\/uploads\/2025\/05\/pic-nic-1-maggio-2025-foto-mezzelani-gmt035-1920x1279.jpg","thumbnail":"https:\/\/www.ccaniene.com\/wp-content\/uploads\/2025\/05\/pic-nic-1-maggio-2025-foto-mezzelani-gmt035-400x400.jpg","medium_large":"https:\/\/www.ccaniene.com\/wp-content\/uploads\/2025\/05\/pic-nic-1-maggio-2025-foto-mezzelani-gmt035-768x512.jpg","1536x1536":"https:\/\/www.ccaniene.com\/wp-content\/uploads\/2025\/05\/pic-nic-1-maggio-2025-foto-mezzelani-gmt035-1536x1023.jpg","2048x2048":"https:\/\/www.ccaniene.com\/wp-content\/uploads\/2025\/05\/pic-nic-1-maggio-2025-foto-mezzelani-gmt035-2048x1364.jpg","trp-custom-language-flag":"https:\/\/www.ccaniene.com\/wp-content\/uploads\/2025\/05\/pic-nic-1-maggio-2025-foto-mezzelani-gmt035-18x12.jpg","qi_addons_for_elementor_image_size_square":"https:\/\/www.ccaniene.com\/wp-content\/uploads\/2025\/05\/pic-nic-1-maggio-2025-foto-mezzelani-gmt035-650x650.jpg","qi_addons_for_elementor_image_size_landscape":"https:\/\/www.ccaniene.com\/wp-content\/uploads\/2025\/05\/pic-nic-1-maggio-2025-foto-mezzelani-gmt035-1300x650.jpg","qi_addons_for_elementor_image_size_portrait":"https:\/\/www.ccaniene.com\/wp-content\/uploads\/2025\/05\/pic-nic-1-maggio-2025-foto-mezzelani-gmt035-650x1300.jpg","qi_addons_for_elementor_image_size_huge-square":"https:\/\/www.ccaniene.com\/wp-content\/uploads\/2025\/05\/pic-nic-1-maggio-2025-foto-mezzelani-gmt035-1300x1300.jpg","fairwaygreen_core_image_size_square":"https:\/\/www.ccaniene.com\/wp-content\/uploads\/2025\/05\/pic-nic-1-maggio-2025-foto-mezzelani-gmt035-650x650.jpg","fairwaygreen_core_image_size_landscape":"https:\/\/www.ccaniene.com\/wp-content\/uploads\/2025\/05\/pic-nic-1-maggio-2025-foto-mezzelani-gmt035-1300x650.jpg","fairwaygreen_core_image_size_portrait":"https:\/\/www.ccaniene.com\/wp-content\/uploads\/2025\/05\/pic-nic-1-maggio-2025-foto-mezzelani-gmt035-650x1300.jpg","fairwaygreen_core_image_size_huge-square":"https:\/\/www.ccaniene.com\/wp-content\/uploads\/2025\/05\/pic-nic-1-maggio-2025-foto-mezzelani-gmt035-1300x1300.jpg","photo-blog":"https:\/\/www.ccaniene.com\/wp-content\/uploads\/2025\/05\/pic-nic-1-maggio-2025-foto-mezzelani-gmt035-768x512.jpg","cmplz_banner_image":"https:\/\/www.ccaniene.com\/wp-content\/uploads\/2025\/05\/pic-nic-1-maggio-2025-foto-mezzelani-gmt035-350x100.jpg"},"appp_media":null,"yoast_head":"<!-- This site is optimized with the Yoast SEO plugin v23.6 - https:\/\/yoast.com\/wordpress\/plugins\/seo\/ -->\n<title>Il primo maggio e il rito del pic-nic all\u2019Aniene - Circolo Canottieri Aniene<\/title>\n<meta name=\"robots\" content=\"index, follow, max-snippet:-1, max-image-preview:large, max-video-preview:-1\" \/>\n<link rel=\"canonical\" href=\"https:\/\/www.ccaniene.com\/en\/il-primo-maggio-e-il-rito-del-pic-nic-allaniene\/\" \/>\n<meta property=\"og:locale\" content=\"en_GB\" \/>\n<meta property=\"og:type\" content=\"article\" \/>\n<meta property=\"og:title\" content=\"Il primo maggio e il rito del pic-nic all\u2019Aniene - Circolo Canottieri Aniene\" \/>\n<meta property=\"og:description\" content=\"Primo maggio vuol dire pic-nic. Un pranzo sotto il sole all\u2019aria aperta sul prato verde sulla sponda del Tevere con trecento \u201cinvitati\u201d tra soci e familiari. Il pic-nic \u00e8 da sempre un momento conviviale perfetto, senza formalismi ed etichette particolari, perci\u00f2 sinonimo di spensieratezza e serenit\u00e0. \u00c8 stato cos\u00ec anche quest\u2019anno nella nuova location sull\u2019argine [&hellip;]\" \/>\n<meta property=\"og:url\" content=\"https:\/\/www.ccaniene.com\/en\/il-primo-maggio-e-il-rito-del-pic-nic-allaniene\/\" \/>\n<meta property=\"og:site_name\" content=\"Circolo Canottieri Aniene\" \/>\n<meta property=\"article:published_time\" content=\"2025-05-01T18:38:44+00:00\" \/>\n<meta property=\"article:modified_time\" content=\"2025-05-01T18:38:50+00:00\" \/>\n<meta property=\"og:image\" content=\"https:\/\/www.ccaniene.com\/wp-content\/uploads\/2025\/05\/pic-nic-1-maggio-2025-foto-mezzelani-gmt035-scaled.jpg\" \/>\n\t<meta property=\"og:image:width\" content=\"2560\" \/>\n\t<meta property=\"og:image:height\" content=\"1705\" \/>\n\t<meta property=\"og:image:type\" content=\"image\/jpeg\" \/>\n<meta name=\"author\" content=\"carlo.san@tin.it\" \/>\n<meta name=\"twitter:card\" content=\"summary_large_image\" \/>\n<meta name=\"twitter:label1\" content=\"Written by\" \/>\n\t<meta name=\"twitter:data1\" content=\"carlo.san@tin.it\" \/>\n\t<meta name=\"twitter:label2\" content=\"Estimated reading time\" \/>\n\t<meta name=\"twitter:data2\" content=\"6 minutes\" \/>\n<script type=\"application\/ld+json\" class=\"yoast-schema-graph\">{\"@context\":\"https:\/\/schema.org\",\"@graph\":[{\"@type\":\"WebPage\",\"@id\":\"https:\/\/www.ccaniene.com\/en\/il-primo-maggio-e-il-rito-del-pic-nic-allaniene\/\",\"url\":\"https:\/\/www.ccaniene.com\/en\/il-primo-maggio-e-il-rito-del-pic-nic-allaniene\/\",\"name\":\"Il primo maggio e il rito del pic-nic all\u2019Aniene - Circolo Canottieri Aniene\",\"isPartOf\":{\"@id\":\"https:\/\/www.ccaniene.com\/it_it\/#website\"},\"primaryImageOfPage\":{\"@id\":\"https:\/\/www.ccaniene.com\/en\/il-primo-maggio-e-il-rito-del-pic-nic-allaniene\/#primaryimage\"},\"image\":{\"@id\":\"https:\/\/www.ccaniene.com\/en\/il-primo-maggio-e-il-rito-del-pic-nic-allaniene\/#primaryimage\"},\"thumbnailUrl\":\"https:\/\/www.ccaniene.com\/wp-content\/uploads\/2025\/05\/pic-nic-1-maggio-2025-foto-mezzelani-gmt035-scaled.jpg\",\"datePublished\":\"2025-05-01T18:38:44+00:00\",\"dateModified\":\"2025-05-01T18:38:50+00:00\",\"author\":{\"@id\":\"https:\/\/www.ccaniene.com\/it_it\/#\/schema\/person\/6042bd0ba360674279dffd4247d570ed\"},\"breadcrumb\":{\"@id\":\"https:\/\/www.ccaniene.com\/en\/il-primo-maggio-e-il-rito-del-pic-nic-allaniene\/#breadcrumb\"},\"inLanguage\":\"en-GB\",\"potentialAction\":[{\"@type\":\"ReadAction\",\"target\":[\"https:\/\/www.ccaniene.com\/en\/il-primo-maggio-e-il-rito-del-pic-nic-allaniene\/\"]}]},{\"@type\":\"ImageObject\",\"inLanguage\":\"en-GB\",\"@id\":\"https:\/\/www.ccaniene.com\/en\/il-primo-maggio-e-il-rito-del-pic-nic-allaniene\/#primaryimage\",\"url\":\"https:\/\/www.ccaniene.com\/wp-content\/uploads\/2025\/05\/pic-nic-1-maggio-2025-foto-mezzelani-gmt035-scaled.jpg\",\"contentUrl\":\"https:\/\/www.ccaniene.com\/wp-content\/uploads\/2025\/05\/pic-nic-1-maggio-2025-foto-mezzelani-gmt035-scaled.jpg\",\"width\":2560,\"height\":1705,\"caption\":\"Pic Nic 1 maggio 2025 Foto di Ferdinando Mezzelani GMT sport\"},{\"@type\":\"BreadcrumbList\",\"@id\":\"https:\/\/www.ccaniene.com\/en\/il-primo-maggio-e-il-rito-del-pic-nic-allaniene\/#breadcrumb\",\"itemListElement\":[{\"@type\":\"ListItem\",\"position\":1,\"name\":\"Home\",\"item\":\"https:\/\/www.ccaniene.com\/it_it\/\"},{\"@type\":\"ListItem\",\"position\":2,\"name\":\"Il primo maggio e il rito del pic-nic all\u2019Aniene\"}]},{\"@type\":\"WebSite\",\"@id\":\"https:\/\/www.ccaniene.com\/it_it\/#website\",\"url\":\"https:\/\/www.ccaniene.com\/it_it\/\",\"name\":\"Circolo Canottieri Aniene\",\"description\":\"Collare d&#039;Oro e Stella d&#039;Oro al Merito Sportivo\",\"potentialAction\":[{\"@type\":\"SearchAction\",\"target\":{\"@type\":\"EntryPoint\",\"urlTemplate\":\"https:\/\/www.ccaniene.com\/it_it\/?s={search_term_string}\"},\"query-input\":{\"@type\":\"PropertyValueSpecification\",\"valueRequired\":true,\"valueName\":\"search_term_string\"}}],\"inLanguage\":\"en-GB\"},{\"@type\":\"Person\",\"@id\":\"https:\/\/www.ccaniene.com\/it_it\/#\/schema\/person\/6042bd0ba360674279dffd4247d570ed\",\"name\":\"carlo.san@tin.it\",\"image\":{\"@type\":\"ImageObject\",\"inLanguage\":\"en-GB\",\"@id\":\"https:\/\/www.ccaniene.com\/it_it\/#\/schema\/person\/image\/\",\"url\":\"https:\/\/secure.gravatar.com\/avatar\/f993a459d0ffe4d666e4c917fef20ca9?s=96&d=mm&r=g\",\"contentUrl\":\"https:\/\/secure.gravatar.com\/avatar\/f993a459d0ffe4d666e4c917fef20ca9?s=96&d=mm&r=g\",\"caption\":\"carlo.san@tin.it\"},\"url\":\"https:\/\/www.ccaniene.com\/en\/author\/carlo-santi-2\/\"}]}<\/script>\n<!-- \/ Yoast SEO plugin. -->","yoast_head_json":{"title":"Il primo maggio e il rito del pic-nic all\u2019Aniene - Circolo Canottieri Aniene","robots":{"index":"index","follow":"follow","max-snippet":"max-snippet:-1","max-image-preview":"max-image-preview:large","max-video-preview":"max-video-preview:-1"},"canonical":"https:\/\/www.ccaniene.com\/en\/il-primo-maggio-e-il-rito-del-pic-nic-allaniene\/","og_locale":"en_GB","og_type":"article","og_title":"Il primo maggio e il rito del pic-nic all\u2019Aniene - Circolo Canottieri Aniene","og_description":"Primo maggio vuol dire pic-nic. Un pranzo sotto il sole all\u2019aria aperta sul prato verde sulla sponda del Tevere con trecento \u201cinvitati\u201d tra soci e familiari. Il pic-nic \u00e8 da sempre un momento conviviale perfetto, senza formalismi ed etichette particolari, perci\u00f2 sinonimo di spensieratezza e serenit\u00e0. \u00c8 stato cos\u00ec anche quest\u2019anno nella nuova location sull\u2019argine [&hellip;]","og_url":"https:\/\/www.ccaniene.com\/en\/il-primo-maggio-e-il-rito-del-pic-nic-allaniene\/","og_site_name":"Circolo Canottieri Aniene","article_published_time":"2025-05-01T18:38:44+00:00","article_modified_time":"2025-05-01T18:38:50+00:00","og_image":[{"width":2560,"height":1705,"url":"https:\/\/www.ccaniene.com\/wp-content\/uploads\/2025\/05\/pic-nic-1-maggio-2025-foto-mezzelani-gmt035-scaled.jpg","type":"image\/jpeg"}],"author":"carlo.san@tin.it","twitter_card":"summary_large_image","twitter_misc":{"Written by":"carlo.san@tin.it","Estimated reading time":"6 minutes"},"schema":{"@context":"https:\/\/schema.org","@graph":[{"@type":"WebPage","@id":"https:\/\/www.ccaniene.com\/en\/il-primo-maggio-e-il-rito-del-pic-nic-allaniene\/","url":"https:\/\/www.ccaniene.com\/en\/il-primo-maggio-e-il-rito-del-pic-nic-allaniene\/","name":"Il primo maggio e il rito del pic-nic all\u2019Aniene - Circolo Canottieri Aniene","isPartOf":{"@id":"https:\/\/www.ccaniene.com\/it_it\/#website"},"primaryImageOfPage":{"@id":"https:\/\/www.ccaniene.com\/en\/il-primo-maggio-e-il-rito-del-pic-nic-allaniene\/#primaryimage"},"image":{"@id":"https:\/\/www.ccaniene.com\/en\/il-primo-maggio-e-il-rito-del-pic-nic-allaniene\/#primaryimage"},"thumbnailUrl":"https:\/\/www.ccaniene.com\/wp-content\/uploads\/2025\/05\/pic-nic-1-maggio-2025-foto-mezzelani-gmt035-scaled.jpg","datePublished":"2025-05-01T18:38:44+00:00","dateModified":"2025-05-01T18:38:50+00:00","author":{"@id":"https:\/\/www.ccaniene.com\/it_it\/#\/schema\/person\/6042bd0ba360674279dffd4247d570ed"},"breadcrumb":{"@id":"https:\/\/www.ccaniene.com\/en\/il-primo-maggio-e-il-rito-del-pic-nic-allaniene\/#breadcrumb"},"inLanguage":"en-GB","potentialAction":[{"@type":"ReadAction","target":["https:\/\/www.ccaniene.com\/en\/il-primo-maggio-e-il-rito-del-pic-nic-allaniene\/"]}]},{"@type":"ImageObject","inLanguage":"en-GB","@id":"https:\/\/www.ccaniene.com\/en\/il-primo-maggio-e-il-rito-del-pic-nic-allaniene\/#primaryimage","url":"https:\/\/www.ccaniene.com\/wp-content\/uploads\/2025\/05\/pic-nic-1-maggio-2025-foto-mezzelani-gmt035-scaled.jpg","contentUrl":"https:\/\/www.ccaniene.com\/wp-content\/uploads\/2025\/05\/pic-nic-1-maggio-2025-foto-mezzelani-gmt035-scaled.jpg","width":2560,"height":1705,"caption":"Pic Nic 1 maggio 2025 Foto di Ferdinando Mezzelani GMT sport"},{"@type":"BreadcrumbList","@id":"https:\/\/www.ccaniene.com\/en\/il-primo-maggio-e-il-rito-del-pic-nic-allaniene\/#breadcrumb","itemListElement":[{"@type":"ListItem","position":1,"name":"Home","item":"https:\/\/www.ccaniene.com\/it_it\/"},{"@type":"ListItem","position":2,"name":"Il primo maggio e il rito del pic-nic all\u2019Aniene"}]},{"@type":"WebSite","@id":"https:\/\/www.ccaniene.com\/it_it\/#website","url":"https:\/\/www.ccaniene.com\/it_it\/","name":"Circolo Canottieri Aniene","description":"Collare d&#039;Oro e Stella d&#039;Oro al Merito Sportivo","potentialAction":[{"@type":"SearchAction","target":{"@type":"EntryPoint","urlTemplate":"https:\/\/www.ccaniene.com\/it_it\/?s={search_term_string}"},"query-input":{"@type":"PropertyValueSpecification","valueRequired":true,"valueName":"search_term_string"}}],"inLanguage":"en-GB"},{"@type":"Person","@id":"https:\/\/www.ccaniene.com\/it_it\/#\/schema\/person\/6042bd0ba360674279dffd4247d570ed","name":"carlo.san@tin.it","image":{"@type":"ImageObject","inLanguage":"en-GB","@id":"https:\/\/www.ccaniene.com\/it_it\/#\/schema\/person\/image\/","url":"https:\/\/secure.gravatar.com\/avatar\/f993a459d0ffe4d666e4c917fef20ca9?s=96&d=mm&r=g","contentUrl":"https:\/\/secure.gravatar.com\/avatar\/f993a459d0ffe4d666e4c917fef20ca9?s=96&d=mm&r=g","caption":"carlo.san@tin.it"},"url":"https:\/\/www.ccaniene.com\/en\/author\/carlo-santi-2\/"}]}},"_links":{"self":[{"href":"https:\/\/www.ccaniene.com\/en\/wp-json\/wp\/v2\/posts\/29694"}],"collection":[{"href":"https:\/\/www.ccaniene.com\/en\/wp-json\/wp\/v2\/posts"}],"about":[{"href":"https:\/\/www.ccaniene.com\/en\/wp-json\/wp\/v2\/types\/post"}],"author":[{"embeddable":true,"href":"https:\/\/www.ccaniene.com\/en\/wp-json\/wp\/v2\/users\/23521"}],"replies":[{"embeddable":true,"href":"https:\/\/www.ccaniene.com\/en\/wp-json\/wp\/v2\/comments?post=29694"}],"version-history":[{"count":1,"href":"https:\/\/www.ccaniene.com\/en\/wp-json\/wp\/v2\/posts\/29694\/revisions"}],"predecessor-version":[{"id":29716,"href":"https:\/\/www.ccaniene.com\/en\/wp-json\/wp\/v2\/posts\/29694\/revisions\/29716"}],"wp:featuredmedia":[{"embeddable":true,"href":"https:\/\/www.ccaniene.com\/en\/wp-json\/wp\/v2\/media\/29695"}],"wp:attachment":[{"href":"https:\/\/www.ccaniene.com\/en\/wp-json\/wp\/v2\/media?parent=29694"}],"wp:term":[{"taxonomy":"category","embeddable":true,"href":"https:\/\/www.ccaniene.com\/en\/wp-json\/wp\/v2\/categories?post=29694"},{"taxonomy":"post_tag","embeddable":true,"href":"https:\/\/www.ccaniene.com\/en\/wp-json\/wp\/v2\/tags?post=29694"}],"curies":[{"name":"wp","href":"https:\/\/api.w.org\/{rel}","templated":true}]}}