{"id":29528,"date":"2025-02-20T21:13:27","date_gmt":"2025-02-20T20:13:27","guid":{"rendered":"https:\/\/www.ccaniene.com\/?p=29528"},"modified":"2025-02-20T21:13:28","modified_gmt":"2025-02-20T20:13:28","slug":"vela-presentata-la-15-la-lunga-bolina","status":"publish","type":"post","link":"https:\/\/www.ccaniene.com\/en\/vela-presentata-la-15-la-lunga-bolina\/","title":{"rendered":"Vela, presentata la 15. La Lunga Bolina"},"content":{"rendered":"<p>La XV edizione de La Lunga Bolina, organizzata dal Circolo Canottieri Aniene in collaborazione con lo Yacht Club Santo Stefano, \u00e8 stata ufficialmente presentata nel Salone del Circolo. La regata d\u2019altura, valida per il Campionato Italiano Offshore (Armatore dell\u2019Anno) insieme alla Coastal Cruise e alla Coastal Race, si svolgeranno dal 25 al 27 aprile a Porto Santo Stefano. Alla conferenza stampa presente la pluri campionessa olimpica e socia onoraria dell\u2019Aniene, Alessandra Sensini, insieme alla medaglia d\u2019oro a Tokyo e a Parigi, Caterina Banti, neo consigliera federale FIV e anche lei socia onoraria del Circolo.<\/p>\n\n\n\n<p>L\u2019evento \u00e8 supportato dagli sponsor principali Banca Patrimoni Sella &amp; C insieme alla Compagnia assicurativa CNP Assicura, come sponsor principali, con la partecipazione di Sella SGR, che confermano la loro fiducia in questa prestigiosa manifestazione velica, ambientata nello splendido scenario dell\u2019Arcipelago Toscano.<\/p>\n\n\n\n<p>Federico Sella, Amministratore Delegato di Banca Patrimoni Sella &amp; C. partner della regata per il quarto anno consecutivo dichiara: \u00abPartecipare alla vita dei territori \u00e8 uno dei nostri principi fondamentali. Farlo con continuit\u00e0 \u00e8 una dimostrazione tangibile dell\u2019impegno che riteniamo sia necessario perch\u00e9 i progetti possano realmente prosperare nel tempo. La vela poi \u00e8 portatrice di un patrimonio inestimabile che \u00e8 anche parte della cultura di BPS\u00bb.<\/p>\n\n\n\n<figure class=\"wp-block-gallery has-nested-images columns-default is-cropped wp-block-gallery-1 is-layout-flex wp-block-gallery-is-layout-flex\">\n<figure class=\"wp-block-image size-large\"><img fetchpriority=\"high\" decoding=\"async\" width=\"1200\" height=\"900\" data-id=\"29530\" src=\"http:\/\/www.ccaniene.com\/wp-content\/uploads\/2025\/02\/unnamed-5-copia-2.jpg\" alt=\"\" class=\"wp-image-29530\" srcset=\"https:\/\/www.ccaniene.com\/wp-content\/uploads\/2025\/02\/unnamed-5-copia-2.jpg 1200w, https:\/\/www.ccaniene.com\/wp-content\/uploads\/2025\/02\/unnamed-5-copia-2-800x600.jpg 800w, https:\/\/www.ccaniene.com\/wp-content\/uploads\/2025\/02\/unnamed-5-copia-2-768x576.jpg 768w, https:\/\/www.ccaniene.com\/wp-content\/uploads\/2025\/02\/unnamed-5-copia-2-16x12.jpg 16w\" sizes=\"(max-width: 1200px) 100vw, 1200px\" \/><\/figure>\n\n\n\n<figure class=\"wp-block-image size-large\"><img decoding=\"async\" width=\"1920\" height=\"1080\" data-id=\"29531\" src=\"http:\/\/www.ccaniene.com\/wp-content\/uploads\/2025\/02\/unnamed-5-1920x1080.jpg\" alt=\"\" class=\"wp-image-29531\" srcset=\"https:\/\/www.ccaniene.com\/wp-content\/uploads\/2025\/02\/unnamed-5-1920x1080.jpg 1920w, https:\/\/www.ccaniene.com\/wp-content\/uploads\/2025\/02\/unnamed-5-800x450.jpg 800w, https:\/\/www.ccaniene.com\/wp-content\/uploads\/2025\/02\/unnamed-5-768x432.jpg 768w, https:\/\/www.ccaniene.com\/wp-content\/uploads\/2025\/02\/unnamed-5-1536x864.jpg 1536w, https:\/\/www.ccaniene.com\/wp-content\/uploads\/2025\/02\/unnamed-5-2048x1152.jpg 2048w, https:\/\/www.ccaniene.com\/wp-content\/uploads\/2025\/02\/unnamed-5-18x10.jpg 18w\" sizes=\"(max-width: 1920px) 100vw, 1920px\" \/><\/figure>\n<\/figure>\n\n\n\n<p>\u00abSostenere La Lunga Bolina insieme al Circolo Canottieri Aniene e a Banca Patrimoni Sella significa celebrare la passione, la determinazione e lo spirito di squadra, valori che guidano non solo la vela ma anche il nostro lavoro quotidiano\u00bb, ha dichiarato Massimiliano Villa, responsabile Distribuzione CNP Vita Assicura.<\/p>\n\n\n\n<p>Il Comune di Monte Argentario ospiter\u00e0 nuovamente lo skipper briefing il 25 aprile presso la Sala Consiliare di Porto Santo Stefano, seguito da un Dinner Music Party nella piazza principale. La partenza della regata \u00e8 prevista per le ore 12,00 di sabato 26 aprile su un percorso di circa 130 miglia nautiche che toccher\u00e0 l\u2019Isola d\u2019Elba, Montecristo e il Giglio, per poi concludersi a Porto Santo Stefano. Il record da battere \u00e8 di 15 ore, 11 minuti e 46 secondi, stabilito lo scorso anno da Carbonita, Neo570 di Kondylis Manolis.<\/p>\n\n\n\n<p>La Lunga Bolina fa parte del Circuito TAT-Trofeo Arcipelago Toscano, insieme alla 151 Miglia, alla Coppa Regina Paesi Bassi e alla Pasquavela. Novit\u00e0 di quest\u2019anno \u00e8 il Trofeo Argentario, assegnato al miglior yacht tra La Lunga Bolina e Pasquavela.<\/p>\n\n\n\n<p>La manifestazione include anche la seconda tappa del Circuito Nazionale Este24, con la celebre Coastal Race. Gli Este24 partiranno da Santa Marinella il 25 aprile per arrivare a Porto Ercole ospiti del Circolo Nautico e della Vela Argentario, e il giorno seguente completeranno il periplo dell\u2019Argentario fino a Porto Santo Stefano, dove si terr\u00e0 la Stadium Race evocando lo storico Palio Marinaro. Domenica, regate tecniche si svolgeranno nelle acque antistanti lo Yacht Club Santo Stefano.<\/p>\n\n\n\n<p>La quarta edizione della Coastal Cruise offrir\u00e0 due regate costiere di 15-20 miglia ciascuna, pensate per le imbarcazioni che preferiscono rientrare in porto ogni sera.<\/p>\n\n\n\n<p>Alla conferenza stampa hanno partecipato oltre al Presidente del Circolo Canottieri Aniene, Massimo Fabbricini, il vice Presidente Francesco Rocco, responsabile della Sezione Vela, il Presidente dello Yacht Club Santo Stefano, Piero Chiozzi, il Presidente del Circolo Nautico della Vela Argentario, Claudio Boccia, il Presidente dell\u2019UVAI, Fabrizio Gagliardi, esprimendo tutti entusiasmo per la regata e il suo crescente rilievo nel panorama velico italiano. Erano altres\u00ec presenti gli organi federali e zonali con la presenza rispettivamente di Caterina Banti e di Cristiana Monina.<\/p>\n\n\n\n<p>\u00abIl Circolo Canottieri Aniene fa della tradizione e della passione le costanti della sua vita sociale e delle sue molteplici attivit\u00e0 sportive. La vela e la Lunga Bolina oramai da pi\u00f9 di un decennio sono espressioni vive e vincenti del nostro modo di essere, anche con il nostro saperci legare a compagni di viaggio &#8211; come nella fattispecie Banca Patrimoni Sella e CNP &#8211; fedeli interpreti dello stesso spirito. Quello spirito &#8211; ce ne sia consentito il vanto &#8211; che ha portato per due volte nell\u2019inusuale spazio di tre anni la nostra socia onoraria Caterina Banti a conquistare sul mare due ori olimpici\u0131\u00bb, ha concluso Massimo Fabbricini, Presidente Circolo Canottieri Aniene.<\/p>\n\n\n\n<p>Inoltre il delegato alle regate d\u2019altura e socio benemerito, Alessandro M. Rinaldi, insieme a Roberto Emanuele de Felice, nella veste di Presidente del Comitato Organizzatore, hanno raccontato l\u2019evoluzione della regata dal 2010 ai nostri giorni, introducendo il nuovo team di soci che l\u2019affiancheranno nelle persone di Luca Tubaro ed Enrico de Crescenzo.<\/p>\n\n\n\n<p>Quindi nella Sezione Vela si allarga la \u201csquadra di casa\u201d con l\u2019inserimento di una seconda generazione Aniene in campo velico. \u00abLa nostra quindicenne \u00e8 stata precoce ed ha avuto una bellissima infanzia &#8211; commenta Alessandro Maria Rinaldi, riferendosi alla 15esima edizione de La Lunga Bolina &#8211; perch\u00e9 \u00e8 nata tra le braccia dei suoi soci ed \u00e8 evoluta diventando un punto di riferimento per tutti gli armatori dell\u2019Altura del Tirreno. Ho voluto coinvolgere nell\u2019organizzazione interna consoci validi e competenti come Luca ed Enrico per condividere con loro l\u2019evoluzione della manifestazione che si rivolger\u00e0 sempre pi\u00f9 a velisti appassionati ed ai giovani\u00bb.<\/p>\n\n\n\n<p>Nel corso della conferenza stampa, moderata dal giornalista Fabio Colivicchi, che ha avuto un cambio continuo di \u201ccoppie\u201d speciali sul palco, sono intervenute Caterina Banti nella nuova veste di Consigliera federale FIV e Cristiana Monina , anch\u2019essa neo-consigliera della IV Zona FIV. Sono altres\u00ec saliti sul palco Fabrizio Gagliardi, Presidente UVAI, ricordando che la Lunga Bolina fa parte delle 15 regate nazionali valevoli per il titolo di Armatore dell\u2019Anno e rappresenta ormai un appuntamento di riferimento grazie al grande coinvolgimento sportivo che il Circolo ci mette per soddisfare tutte le esigenze degli armatori; e Giancarlo Simeoli per conto dell\u2019Aeronautica Militare, vincitore del Giro d\u2019Italia Nastro Rosa Tour 2024.<\/p>","protected":false},"excerpt":{"rendered":"<p>La XV edizione de La Lunga Bolina, organizzata dal Circolo Canottieri Aniene in collaborazione con lo Yacht Club Santo Stefano, \u00e8 stata ufficialmente presentata nel Salone del Circolo. La regata d\u2019altura, valida per il Campionato Italiano Offshore (Armatore dell\u2019Anno) insieme alla Coastal Cruise e alla Coastal Race, si svolgeranno dal 25 al 27 aprile a [&hellip;]<\/p>","protected":false},"author":23521,"featured_media":29529,"comment_status":"closed","ping_status":"closed","sticky":false,"template":"","format":"standard","meta":{"pmpro_default_level":0,"footnotes":"","_links_to":"","_links_to_target":""},"categories":[1,28,26],"tags":[],"class_list":["post-29528","post","type-post","status-publish","format-standard","has-post-thumbnail","hentry","category-news","category-regate","category-vela","pmpro-has-access"],"featured_image_urls":{"medium":"https:\/\/www.ccaniene.com\/wp-content\/uploads\/2025\/02\/unnamed-5-copia-800x533.jpg","thumbnail":"https:\/\/www.ccaniene.com\/wp-content\/uploads\/2025\/02\/unnamed-5-copia-400x400.jpg","medium_large":"https:\/\/www.ccaniene.com\/wp-content\/uploads\/2025\/02\/unnamed-5-copia-768x512.jpg","trp-custom-language-flag":"https:\/\/www.ccaniene.com\/wp-content\/uploads\/2025\/02\/unnamed-5-copia-18x12.jpg","qi_addons_for_elementor_image_size_square":"https:\/\/www.ccaniene.com\/wp-content\/uploads\/2025\/02\/unnamed-5-copia-650x650.jpg","qi_addons_for_elementor_image_size_landscape":"https:\/\/www.ccaniene.com\/wp-content\/uploads\/2025\/02\/unnamed-5-copia-1200x650.jpg","qi_addons_for_elementor_image_size_portrait":"https:\/\/www.ccaniene.com\/wp-content\/uploads\/2025\/02\/unnamed-5-copia-650x800.jpg","fairwaygreen_core_image_size_square":"https:\/\/www.ccaniene.com\/wp-content\/uploads\/2025\/02\/unnamed-5-copia-650x650.jpg","fairwaygreen_core_image_size_landscape":"https:\/\/www.ccaniene.com\/wp-content\/uploads\/2025\/02\/unnamed-5-copia-1200x650.jpg","fairwaygreen_core_image_size_portrait":"https:\/\/www.ccaniene.com\/wp-content\/uploads\/2025\/02\/unnamed-5-copia-650x800.jpg","photo-blog":"https:\/\/www.ccaniene.com\/wp-content\/uploads\/2025\/02\/unnamed-5-copia-768x512.jpg","cmplz_banner_image":"https:\/\/www.ccaniene.com\/wp-content\/uploads\/2025\/02\/unnamed-5-copia-350x100.jpg"},"appp_media":null,"yoast_head":"<!-- This site is optimized with the Yoast SEO plugin v23.6 - https:\/\/yoast.com\/wordpress\/plugins\/seo\/ -->\n<title>Vela, presentata la 15. La Lunga Bolina - Circolo Canottieri Aniene<\/title>\n<meta name=\"robots\" content=\"index, follow, max-snippet:-1, max-image-preview:large, max-video-preview:-1\" \/>\n<link rel=\"canonical\" href=\"https:\/\/www.ccaniene.com\/en\/vela-presentata-la-15-la-lunga-bolina\/\" \/>\n<meta property=\"og:locale\" content=\"en_GB\" \/>\n<meta property=\"og:type\" content=\"article\" \/>\n<meta property=\"og:title\" content=\"Vela, presentata la 15. La Lunga Bolina - Circolo Canottieri Aniene\" \/>\n<meta property=\"og:description\" content=\"La XV edizione de La Lunga Bolina, organizzata dal Circolo Canottieri Aniene in collaborazione con lo Yacht Club Santo Stefano, \u00e8 stata ufficialmente presentata nel Salone del Circolo. La regata d\u2019altura, valida per il Campionato Italiano Offshore (Armatore dell\u2019Anno) insieme alla Coastal Cruise e alla Coastal Race, si svolgeranno dal 25 al 27 aprile a [&hellip;]\" \/>\n<meta property=\"og:url\" content=\"https:\/\/www.ccaniene.com\/en\/vela-presentata-la-15-la-lunga-bolina\/\" \/>\n<meta property=\"og:site_name\" content=\"Circolo Canottieri Aniene\" \/>\n<meta property=\"article:published_time\" content=\"2025-02-20T20:13:27+00:00\" \/>\n<meta property=\"article:modified_time\" content=\"2025-02-20T20:13:28+00:00\" \/>\n<meta property=\"og:image\" content=\"https:\/\/www.ccaniene.com\/wp-content\/uploads\/2025\/02\/unnamed-5-copia.jpg\" \/>\n\t<meta property=\"og:image:width\" content=\"1200\" \/>\n\t<meta property=\"og:image:height\" content=\"800\" \/>\n\t<meta property=\"og:image:type\" content=\"image\/jpeg\" \/>\n<meta name=\"author\" content=\"carlo.san@tin.it\" \/>\n<meta name=\"twitter:card\" content=\"summary_large_image\" \/>\n<meta name=\"twitter:label1\" content=\"Written by\" \/>\n\t<meta name=\"twitter:data1\" content=\"carlo.san@tin.it\" \/>\n\t<meta name=\"twitter:label2\" content=\"Estimated reading time\" \/>\n\t<meta name=\"twitter:data2\" content=\"6 minutes\" \/>\n<script type=\"application\/ld+json\" class=\"yoast-schema-graph\">{\"@context\":\"https:\/\/schema.org\",\"@graph\":[{\"@type\":\"WebPage\",\"@id\":\"https:\/\/www.ccaniene.com\/en\/vela-presentata-la-15-la-lunga-bolina\/\",\"url\":\"https:\/\/www.ccaniene.com\/en\/vela-presentata-la-15-la-lunga-bolina\/\",\"name\":\"Vela, presentata la 15. La Lunga Bolina - Circolo Canottieri Aniene\",\"isPartOf\":{\"@id\":\"https:\/\/www.ccaniene.com\/it_it\/#website\"},\"primaryImageOfPage\":{\"@id\":\"https:\/\/www.ccaniene.com\/en\/vela-presentata-la-15-la-lunga-bolina\/#primaryimage\"},\"image\":{\"@id\":\"https:\/\/www.ccaniene.com\/en\/vela-presentata-la-15-la-lunga-bolina\/#primaryimage\"},\"thumbnailUrl\":\"https:\/\/www.ccaniene.com\/wp-content\/uploads\/2025\/02\/unnamed-5-copia.jpg\",\"datePublished\":\"2025-02-20T20:13:27+00:00\",\"dateModified\":\"2025-02-20T20:13:28+00:00\",\"author\":{\"@id\":\"https:\/\/www.ccaniene.com\/it_it\/#\/schema\/person\/6042bd0ba360674279dffd4247d570ed\"},\"breadcrumb\":{\"@id\":\"https:\/\/www.ccaniene.com\/en\/vela-presentata-la-15-la-lunga-bolina\/#breadcrumb\"},\"inLanguage\":\"en-GB\",\"potentialAction\":[{\"@type\":\"ReadAction\",\"target\":[\"https:\/\/www.ccaniene.com\/en\/vela-presentata-la-15-la-lunga-bolina\/\"]}]},{\"@type\":\"ImageObject\",\"inLanguage\":\"en-GB\",\"@id\":\"https:\/\/www.ccaniene.com\/en\/vela-presentata-la-15-la-lunga-bolina\/#primaryimage\",\"url\":\"https:\/\/www.ccaniene.com\/wp-content\/uploads\/2025\/02\/unnamed-5-copia.jpg\",\"contentUrl\":\"https:\/\/www.ccaniene.com\/wp-content\/uploads\/2025\/02\/unnamed-5-copia.jpg\",\"width\":1200,\"height\":800},{\"@type\":\"BreadcrumbList\",\"@id\":\"https:\/\/www.ccaniene.com\/en\/vela-presentata-la-15-la-lunga-bolina\/#breadcrumb\",\"itemListElement\":[{\"@type\":\"ListItem\",\"position\":1,\"name\":\"Home\",\"item\":\"https:\/\/www.ccaniene.com\/it_it\/\"},{\"@type\":\"ListItem\",\"position\":2,\"name\":\"Vela, presentata la 15. La Lunga Bolina\"}]},{\"@type\":\"WebSite\",\"@id\":\"https:\/\/www.ccaniene.com\/it_it\/#website\",\"url\":\"https:\/\/www.ccaniene.com\/it_it\/\",\"name\":\"Circolo Canottieri Aniene\",\"description\":\"Collare d&#039;Oro e Stella d&#039;Oro al Merito Sportivo\",\"potentialAction\":[{\"@type\":\"SearchAction\",\"target\":{\"@type\":\"EntryPoint\",\"urlTemplate\":\"https:\/\/www.ccaniene.com\/it_it\/?s={search_term_string}\"},\"query-input\":{\"@type\":\"PropertyValueSpecification\",\"valueRequired\":true,\"valueName\":\"search_term_string\"}}],\"inLanguage\":\"en-GB\"},{\"@type\":\"Person\",\"@id\":\"https:\/\/www.ccaniene.com\/it_it\/#\/schema\/person\/6042bd0ba360674279dffd4247d570ed\",\"name\":\"carlo.san@tin.it\",\"image\":{\"@type\":\"ImageObject\",\"inLanguage\":\"en-GB\",\"@id\":\"https:\/\/www.ccaniene.com\/it_it\/#\/schema\/person\/image\/\",\"url\":\"https:\/\/secure.gravatar.com\/avatar\/f993a459d0ffe4d666e4c917fef20ca9?s=96&d=mm&r=g\",\"contentUrl\":\"https:\/\/secure.gravatar.com\/avatar\/f993a459d0ffe4d666e4c917fef20ca9?s=96&d=mm&r=g\",\"caption\":\"carlo.san@tin.it\"},\"url\":\"https:\/\/www.ccaniene.com\/en\/author\/carlo-santi-2\/\"}]}<\/script>\n<!-- \/ Yoast SEO plugin. -->","yoast_head_json":{"title":"Vela, presentata la 15. La Lunga Bolina - Circolo Canottieri Aniene","robots":{"index":"index","follow":"follow","max-snippet":"max-snippet:-1","max-image-preview":"max-image-preview:large","max-video-preview":"max-video-preview:-1"},"canonical":"https:\/\/www.ccaniene.com\/en\/vela-presentata-la-15-la-lunga-bolina\/","og_locale":"en_GB","og_type":"article","og_title":"Vela, presentata la 15. La Lunga Bolina - Circolo Canottieri Aniene","og_description":"La XV edizione de La Lunga Bolina, organizzata dal Circolo Canottieri Aniene in collaborazione con lo Yacht Club Santo Stefano, \u00e8 stata ufficialmente presentata nel Salone del Circolo. La regata d\u2019altura, valida per il Campionato Italiano Offshore (Armatore dell\u2019Anno) insieme alla Coastal Cruise e alla Coastal Race, si svolgeranno dal 25 al 27 aprile a [&hellip;]","og_url":"https:\/\/www.ccaniene.com\/en\/vela-presentata-la-15-la-lunga-bolina\/","og_site_name":"Circolo Canottieri Aniene","article_published_time":"2025-02-20T20:13:27+00:00","article_modified_time":"2025-02-20T20:13:28+00:00","og_image":[{"width":1200,"height":800,"url":"https:\/\/www.ccaniene.com\/wp-content\/uploads\/2025\/02\/unnamed-5-copia.jpg","type":"image\/jpeg"}],"author":"carlo.san@tin.it","twitter_card":"summary_large_image","twitter_misc":{"Written by":"carlo.san@tin.it","Estimated reading time":"6 minutes"},"schema":{"@context":"https:\/\/schema.org","@graph":[{"@type":"WebPage","@id":"https:\/\/www.ccaniene.com\/en\/vela-presentata-la-15-la-lunga-bolina\/","url":"https:\/\/www.ccaniene.com\/en\/vela-presentata-la-15-la-lunga-bolina\/","name":"Vela, presentata la 15. La Lunga Bolina - Circolo Canottieri Aniene","isPartOf":{"@id":"https:\/\/www.ccaniene.com\/it_it\/#website"},"primaryImageOfPage":{"@id":"https:\/\/www.ccaniene.com\/en\/vela-presentata-la-15-la-lunga-bolina\/#primaryimage"},"image":{"@id":"https:\/\/www.ccaniene.com\/en\/vela-presentata-la-15-la-lunga-bolina\/#primaryimage"},"thumbnailUrl":"https:\/\/www.ccaniene.com\/wp-content\/uploads\/2025\/02\/unnamed-5-copia.jpg","datePublished":"2025-02-20T20:13:27+00:00","dateModified":"2025-02-20T20:13:28+00:00","author":{"@id":"https:\/\/www.ccaniene.com\/it_it\/#\/schema\/person\/6042bd0ba360674279dffd4247d570ed"},"breadcrumb":{"@id":"https:\/\/www.ccaniene.com\/en\/vela-presentata-la-15-la-lunga-bolina\/#breadcrumb"},"inLanguage":"en-GB","potentialAction":[{"@type":"ReadAction","target":["https:\/\/www.ccaniene.com\/en\/vela-presentata-la-15-la-lunga-bolina\/"]}]},{"@type":"ImageObject","inLanguage":"en-GB","@id":"https:\/\/www.ccaniene.com\/en\/vela-presentata-la-15-la-lunga-bolina\/#primaryimage","url":"https:\/\/www.ccaniene.com\/wp-content\/uploads\/2025\/02\/unnamed-5-copia.jpg","contentUrl":"https:\/\/www.ccaniene.com\/wp-content\/uploads\/2025\/02\/unnamed-5-copia.jpg","width":1200,"height":800},{"@type":"BreadcrumbList","@id":"https:\/\/www.ccaniene.com\/en\/vela-presentata-la-15-la-lunga-bolina\/#breadcrumb","itemListElement":[{"@type":"ListItem","position":1,"name":"Home","item":"https:\/\/www.ccaniene.com\/it_it\/"},{"@type":"ListItem","position":2,"name":"Vela, presentata la 15. La Lunga Bolina"}]},{"@type":"WebSite","@id":"https:\/\/www.ccaniene.com\/it_it\/#website","url":"https:\/\/www.ccaniene.com\/it_it\/","name":"Circolo Canottieri Aniene","description":"Collare d&#039;Oro e Stella d&#039;Oro al Merito Sportivo","potentialAction":[{"@type":"SearchAction","target":{"@type":"EntryPoint","urlTemplate":"https:\/\/www.ccaniene.com\/it_it\/?s={search_term_string}"},"query-input":{"@type":"PropertyValueSpecification","valueRequired":true,"valueName":"search_term_string"}}],"inLanguage":"en-GB"},{"@type":"Person","@id":"https:\/\/www.ccaniene.com\/it_it\/#\/schema\/person\/6042bd0ba360674279dffd4247d570ed","name":"carlo.san@tin.it","image":{"@type":"ImageObject","inLanguage":"en-GB","@id":"https:\/\/www.ccaniene.com\/it_it\/#\/schema\/person\/image\/","url":"https:\/\/secure.gravatar.com\/avatar\/f993a459d0ffe4d666e4c917fef20ca9?s=96&d=mm&r=g","contentUrl":"https:\/\/secure.gravatar.com\/avatar\/f993a459d0ffe4d666e4c917fef20ca9?s=96&d=mm&r=g","caption":"carlo.san@tin.it"},"url":"https:\/\/www.ccaniene.com\/en\/author\/carlo-santi-2\/"}]}},"_links":{"self":[{"href":"https:\/\/www.ccaniene.com\/en\/wp-json\/wp\/v2\/posts\/29528"}],"collection":[{"href":"https:\/\/www.ccaniene.com\/en\/wp-json\/wp\/v2\/posts"}],"about":[{"href":"https:\/\/www.ccaniene.com\/en\/wp-json\/wp\/v2\/types\/post"}],"author":[{"embeddable":true,"href":"https:\/\/www.ccaniene.com\/en\/wp-json\/wp\/v2\/users\/23521"}],"replies":[{"embeddable":true,"href":"https:\/\/www.ccaniene.com\/en\/wp-json\/wp\/v2\/comments?post=29528"}],"version-history":[{"count":1,"href":"https:\/\/www.ccaniene.com\/en\/wp-json\/wp\/v2\/posts\/29528\/revisions"}],"predecessor-version":[{"id":29532,"href":"https:\/\/www.ccaniene.com\/en\/wp-json\/wp\/v2\/posts\/29528\/revisions\/29532"}],"wp:featuredmedia":[{"embeddable":true,"href":"https:\/\/www.ccaniene.com\/en\/wp-json\/wp\/v2\/media\/29529"}],"wp:attachment":[{"href":"https:\/\/www.ccaniene.com\/en\/wp-json\/wp\/v2\/media?parent=29528"}],"wp:term":[{"taxonomy":"category","embeddable":true,"href":"https:\/\/www.ccaniene.com\/en\/wp-json\/wp\/v2\/categories?post=29528"},{"taxonomy":"post_tag","embeddable":true,"href":"https:\/\/www.ccaniene.com\/en\/wp-json\/wp\/v2\/tags?post=29528"}],"curies":[{"name":"wp","href":"https:\/\/api.w.org\/{rel}","templated":true}]}}