{"id":29451,"date":"2024-12-29T17:22:58","date_gmt":"2024-12-29T16:22:58","guid":{"rendered":"https:\/\/www.ccaniene.com\/?p=29451"},"modified":"2024-12-29T17:22:59","modified_gmt":"2024-12-29T16:22:59","slug":"sci-a-cortina-il-5-memorial-andrea-scozzese","status":"publish","type":"post","link":"https:\/\/www.ccaniene.com\/en\/sci-a-cortina-il-5-memorial-andrea-scozzese\/","title":{"rendered":"Sci\/A Cortina il 5. Memorial Andrea Scozzese"},"content":{"rendered":"<p>Tutto pronto a Cortina per il quinto Memorial Andrea Scozzese, gara di slalom gigante che si disputer\u00e0 domattina 30 dicembre a partire dalle ore 9,15 a Le 5 Torri. I primi a prendere il via saranno i master e poi dai pi\u00f9 piccoli fino ai seniores.<\/p>\n\n\n\n<p>A Cortina, che ricordiamo essere un posto magico per la neve, sede delle Olimpiadi del 1956 e delle prossime, quelle che si disputeranno nel 2026 insieme a Milano, il Memorial Scozzese con l\u2019organizzazione curata dal locale Sci Club e coordinata dal consocio Alessandro Gucci, autentico factotum con la sua verve e il suo entusiasmo, gli iscritti alla vigilia hanno raggiunto il numero di quasi 450 concorrenti e tra questi numerosi soci del nostro Circolo.<\/p>\n\n\n\n<p>La gara \u00e8 intitolata alla memoria di Andrea Scozzese e non solo per una questione di affetto nei confronti del dirigente scomparso a causa di un incidente stradale proprio a Cortina l\u20198 dicembre di nove anni fa: lo \u00e8 perch\u00e9 Andrea nello sport \u00e8 stato non solo atleta in diverse discipline e poi dirigente mettendoci sempre passione, mentalit\u00e0, sacrificio, ricerca dell\u2019eccellenza, voglia di mettersi in gioco.<\/p>\n\n\n\n<p>Alessandro Gucci \u00e8 l\u2019ideatore di questo Memorial che coinvolge non solo appassionati di sci ma anche tante persone che desiderano vivere questa splendida giornata.<\/p>\n\n\n\n<p>Il Memorial, che ha anche nel Tennis Club Parioli un partner organizzativo oltre allo Sci Club Cortina, ha in Banca Finnat e Almaviva gli importanti partner.<\/p>","protected":false},"excerpt":{"rendered":"<p>Tutto pronto a Cortina per il quinto Memorial Andrea Scozzese, gara di slalom gigante che si disputer\u00e0 domattina 30 dicembre a partire dalle ore 9,15 a Le 5 Torri. I primi a prendere il via saranno i master e poi dai pi\u00f9 piccoli fino ai seniores. A Cortina, che ricordiamo essere un posto magico per [&hellip;]<\/p>","protected":false},"author":23521,"featured_media":29452,"comment_status":"closed","ping_status":"closed","sticky":false,"template":"","format":"standard","meta":{"pmpro_default_level":0,"footnotes":"","_links_to":"","_links_to_target":""},"categories":[1,141],"tags":[],"class_list":["post-29451","post","type-post","status-publish","format-standard","has-post-thumbnail","hentry","category-news","category-sci","pmpro-has-access"],"featured_image_urls":{"medium":"https:\/\/www.ccaniene.com\/wp-content\/uploads\/2024\/12\/presentazione-sci-566x800.jpeg","thumbnail":"https:\/\/www.ccaniene.com\/wp-content\/uploads\/2024\/12\/presentazione-sci-400x400.jpeg","medium_large":"https:\/\/www.ccaniene.com\/wp-content\/uploads\/2024\/12\/presentazione-sci-768x1086.jpeg","1536x1536":"https:\/\/www.ccaniene.com\/wp-content\/uploads\/2024\/12\/presentazione-sci-1086x1536.jpeg","trp-custom-language-flag":"https:\/\/www.ccaniene.com\/wp-content\/uploads\/2024\/12\/presentazione-sci-8x12.jpeg","qi_addons_for_elementor_image_size_square":"https:\/\/www.ccaniene.com\/wp-content\/uploads\/2024\/12\/presentazione-sci-650x650.jpeg","qi_addons_for_elementor_image_size_landscape":"https:\/\/www.ccaniene.com\/wp-content\/uploads\/2024\/12\/presentazione-sci-1131x650.jpeg","qi_addons_for_elementor_image_size_portrait":"https:\/\/www.ccaniene.com\/wp-content\/uploads\/2024\/12\/presentazione-sci-650x1300.jpeg","qi_addons_for_elementor_image_size_huge-square":"https:\/\/www.ccaniene.com\/wp-content\/uploads\/2024\/12\/presentazione-sci-1131x1300.jpeg","fairwaygreen_core_image_size_square":"https:\/\/www.ccaniene.com\/wp-content\/uploads\/2024\/12\/presentazione-sci-650x650.jpeg","fairwaygreen_core_image_size_landscape":"https:\/\/www.ccaniene.com\/wp-content\/uploads\/2024\/12\/presentazione-sci-1131x650.jpeg","fairwaygreen_core_image_size_portrait":"https:\/\/www.ccaniene.com\/wp-content\/uploads\/2024\/12\/presentazione-sci-650x1300.jpeg","fairwaygreen_core_image_size_huge-square":"https:\/\/www.ccaniene.com\/wp-content\/uploads\/2024\/12\/presentazione-sci-1131x1300.jpeg","photo-blog":"https:\/\/www.ccaniene.com\/wp-content\/uploads\/2024\/12\/presentazione-sci-768x1086.jpeg","cmplz_banner_image":"https:\/\/www.ccaniene.com\/wp-content\/uploads\/2024\/12\/presentazione-sci-350x100.jpeg"},"appp_media":null,"yoast_head":"<!-- This site is optimized with the Yoast SEO plugin v23.6 - https:\/\/yoast.com\/wordpress\/plugins\/seo\/ -->\n<title>Sci\/A Cortina il 5. Memorial Andrea Scozzese - Circolo Canottieri Aniene<\/title>\n<meta name=\"robots\" content=\"index, follow, max-snippet:-1, max-image-preview:large, max-video-preview:-1\" \/>\n<link rel=\"canonical\" href=\"https:\/\/www.ccaniene.com\/en\/sci-a-cortina-il-5-memorial-andrea-scozzese\/\" \/>\n<meta property=\"og:locale\" content=\"en_GB\" \/>\n<meta property=\"og:type\" content=\"article\" \/>\n<meta property=\"og:title\" content=\"Sci\/A Cortina il 5. Memorial Andrea Scozzese - Circolo Canottieri Aniene\" \/>\n<meta property=\"og:description\" content=\"Tutto pronto a Cortina per il quinto Memorial Andrea Scozzese, gara di slalom gigante che si disputer\u00e0 domattina 30 dicembre a partire dalle ore 9,15 a Le 5 Torri. I primi a prendere il via saranno i master e poi dai pi\u00f9 piccoli fino ai seniores. A Cortina, che ricordiamo essere un posto magico per [&hellip;]\" \/>\n<meta property=\"og:url\" content=\"https:\/\/www.ccaniene.com\/en\/sci-a-cortina-il-5-memorial-andrea-scozzese\/\" \/>\n<meta property=\"og:site_name\" content=\"Circolo Canottieri Aniene\" \/>\n<meta property=\"article:published_time\" content=\"2024-12-29T16:22:58+00:00\" \/>\n<meta property=\"article:modified_time\" content=\"2024-12-29T16:22:59+00:00\" \/>\n<meta property=\"og:image\" content=\"https:\/\/www.ccaniene.com\/wp-content\/uploads\/2024\/12\/presentazione-sci.jpeg\" \/>\n\t<meta property=\"og:image:width\" content=\"1131\" \/>\n\t<meta property=\"og:image:height\" content=\"1600\" \/>\n\t<meta property=\"og:image:type\" content=\"image\/jpeg\" \/>\n<meta name=\"author\" content=\"carlo.san@tin.it\" \/>\n<meta name=\"twitter:card\" content=\"summary_large_image\" \/>\n<meta name=\"twitter:label1\" content=\"Written by\" \/>\n\t<meta name=\"twitter:data1\" content=\"carlo.san@tin.it\" \/>\n\t<meta name=\"twitter:label2\" content=\"Estimated reading time\" \/>\n\t<meta name=\"twitter:data2\" content=\"2 minutes\" \/>\n<script type=\"application\/ld+json\" class=\"yoast-schema-graph\">{\"@context\":\"https:\/\/schema.org\",\"@graph\":[{\"@type\":\"WebPage\",\"@id\":\"https:\/\/www.ccaniene.com\/it_it\/sci-a-cortina-il-5-memorial-andrea-scozzese\/\",\"url\":\"https:\/\/www.ccaniene.com\/it_it\/sci-a-cortina-il-5-memorial-andrea-scozzese\/\",\"name\":\"Sci\/A Cortina il 5. Memorial Andrea Scozzese - Circolo Canottieri Aniene\",\"isPartOf\":{\"@id\":\"https:\/\/www.ccaniene.com\/it_it\/#website\"},\"primaryImageOfPage\":{\"@id\":\"https:\/\/www.ccaniene.com\/it_it\/sci-a-cortina-il-5-memorial-andrea-scozzese\/#primaryimage\"},\"image\":{\"@id\":\"https:\/\/www.ccaniene.com\/it_it\/sci-a-cortina-il-5-memorial-andrea-scozzese\/#primaryimage\"},\"thumbnailUrl\":\"https:\/\/www.ccaniene.com\/wp-content\/uploads\/2024\/12\/presentazione-sci.jpeg\",\"datePublished\":\"2024-12-29T16:22:58+00:00\",\"dateModified\":\"2024-12-29T16:22:59+00:00\",\"author\":{\"@id\":\"https:\/\/www.ccaniene.com\/it_it\/#\/schema\/person\/6042bd0ba360674279dffd4247d570ed\"},\"breadcrumb\":{\"@id\":\"https:\/\/www.ccaniene.com\/it_it\/sci-a-cortina-il-5-memorial-andrea-scozzese\/#breadcrumb\"},\"inLanguage\":\"en-GB\",\"potentialAction\":[{\"@type\":\"ReadAction\",\"target\":[\"https:\/\/www.ccaniene.com\/it_it\/sci-a-cortina-il-5-memorial-andrea-scozzese\/\"]}]},{\"@type\":\"ImageObject\",\"inLanguage\":\"en-GB\",\"@id\":\"https:\/\/www.ccaniene.com\/it_it\/sci-a-cortina-il-5-memorial-andrea-scozzese\/#primaryimage\",\"url\":\"https:\/\/www.ccaniene.com\/wp-content\/uploads\/2024\/12\/presentazione-sci.jpeg\",\"contentUrl\":\"https:\/\/www.ccaniene.com\/wp-content\/uploads\/2024\/12\/presentazione-sci.jpeg\",\"width\":1131,\"height\":1600},{\"@type\":\"BreadcrumbList\",\"@id\":\"https:\/\/www.ccaniene.com\/it_it\/sci-a-cortina-il-5-memorial-andrea-scozzese\/#breadcrumb\",\"itemListElement\":[{\"@type\":\"ListItem\",\"position\":1,\"name\":\"Home\",\"item\":\"https:\/\/www.ccaniene.com\/it_it\/\"},{\"@type\":\"ListItem\",\"position\":2,\"name\":\"Sci\/A Cortina il 5. Memorial Andrea Scozzese\"}]},{\"@type\":\"WebSite\",\"@id\":\"https:\/\/www.ccaniene.com\/it_it\/#website\",\"url\":\"https:\/\/www.ccaniene.com\/it_it\/\",\"name\":\"Circolo Canottieri Aniene\",\"description\":\"Collare d&#039;Oro e Stella d&#039;Oro al Merito Sportivo\",\"potentialAction\":[{\"@type\":\"SearchAction\",\"target\":{\"@type\":\"EntryPoint\",\"urlTemplate\":\"https:\/\/www.ccaniene.com\/it_it\/?s={search_term_string}\"},\"query-input\":{\"@type\":\"PropertyValueSpecification\",\"valueRequired\":true,\"valueName\":\"search_term_string\"}}],\"inLanguage\":\"en-GB\"},{\"@type\":\"Person\",\"@id\":\"https:\/\/www.ccaniene.com\/it_it\/#\/schema\/person\/6042bd0ba360674279dffd4247d570ed\",\"name\":\"carlo.san@tin.it\",\"image\":{\"@type\":\"ImageObject\",\"inLanguage\":\"en-GB\",\"@id\":\"https:\/\/www.ccaniene.com\/it_it\/#\/schema\/person\/image\/\",\"url\":\"https:\/\/secure.gravatar.com\/avatar\/f993a459d0ffe4d666e4c917fef20ca9?s=96&d=mm&r=g\",\"contentUrl\":\"https:\/\/secure.gravatar.com\/avatar\/f993a459d0ffe4d666e4c917fef20ca9?s=96&d=mm&r=g\",\"caption\":\"carlo.san@tin.it\"},\"url\":\"https:\/\/www.ccaniene.com\/en\/author\/carlo-santi-2\/\"}]}<\/script>\n<!-- \/ Yoast SEO plugin. -->","yoast_head_json":{"title":"Sci\/A Cortina il 5. Memorial Andrea Scozzese - Circolo Canottieri Aniene","robots":{"index":"index","follow":"follow","max-snippet":"max-snippet:-1","max-image-preview":"max-image-preview:large","max-video-preview":"max-video-preview:-1"},"canonical":"https:\/\/www.ccaniene.com\/en\/sci-a-cortina-il-5-memorial-andrea-scozzese\/","og_locale":"en_GB","og_type":"article","og_title":"Sci\/A Cortina il 5. Memorial Andrea Scozzese - Circolo Canottieri Aniene","og_description":"Tutto pronto a Cortina per il quinto Memorial Andrea Scozzese, gara di slalom gigante che si disputer\u00e0 domattina 30 dicembre a partire dalle ore 9,15 a Le 5 Torri. I primi a prendere il via saranno i master e poi dai pi\u00f9 piccoli fino ai seniores. A Cortina, che ricordiamo essere un posto magico per [&hellip;]","og_url":"https:\/\/www.ccaniene.com\/en\/sci-a-cortina-il-5-memorial-andrea-scozzese\/","og_site_name":"Circolo Canottieri Aniene","article_published_time":"2024-12-29T16:22:58+00:00","article_modified_time":"2024-12-29T16:22:59+00:00","og_image":[{"width":1131,"height":1600,"url":"https:\/\/www.ccaniene.com\/wp-content\/uploads\/2024\/12\/presentazione-sci.jpeg","type":"image\/jpeg"}],"author":"carlo.san@tin.it","twitter_card":"summary_large_image","twitter_misc":{"Written by":"carlo.san@tin.it","Estimated reading time":"2 minutes"},"schema":{"@context":"https:\/\/schema.org","@graph":[{"@type":"WebPage","@id":"https:\/\/www.ccaniene.com\/it_it\/sci-a-cortina-il-5-memorial-andrea-scozzese\/","url":"https:\/\/www.ccaniene.com\/it_it\/sci-a-cortina-il-5-memorial-andrea-scozzese\/","name":"Sci\/A Cortina il 5. Memorial Andrea Scozzese - Circolo Canottieri Aniene","isPartOf":{"@id":"https:\/\/www.ccaniene.com\/it_it\/#website"},"primaryImageOfPage":{"@id":"https:\/\/www.ccaniene.com\/it_it\/sci-a-cortina-il-5-memorial-andrea-scozzese\/#primaryimage"},"image":{"@id":"https:\/\/www.ccaniene.com\/it_it\/sci-a-cortina-il-5-memorial-andrea-scozzese\/#primaryimage"},"thumbnailUrl":"https:\/\/www.ccaniene.com\/wp-content\/uploads\/2024\/12\/presentazione-sci.jpeg","datePublished":"2024-12-29T16:22:58+00:00","dateModified":"2024-12-29T16:22:59+00:00","author":{"@id":"https:\/\/www.ccaniene.com\/it_it\/#\/schema\/person\/6042bd0ba360674279dffd4247d570ed"},"breadcrumb":{"@id":"https:\/\/www.ccaniene.com\/it_it\/sci-a-cortina-il-5-memorial-andrea-scozzese\/#breadcrumb"},"inLanguage":"en-GB","potentialAction":[{"@type":"ReadAction","target":["https:\/\/www.ccaniene.com\/it_it\/sci-a-cortina-il-5-memorial-andrea-scozzese\/"]}]},{"@type":"ImageObject","inLanguage":"en-GB","@id":"https:\/\/www.ccaniene.com\/it_it\/sci-a-cortina-il-5-memorial-andrea-scozzese\/#primaryimage","url":"https:\/\/www.ccaniene.com\/wp-content\/uploads\/2024\/12\/presentazione-sci.jpeg","contentUrl":"https:\/\/www.ccaniene.com\/wp-content\/uploads\/2024\/12\/presentazione-sci.jpeg","width":1131,"height":1600},{"@type":"BreadcrumbList","@id":"https:\/\/www.ccaniene.com\/it_it\/sci-a-cortina-il-5-memorial-andrea-scozzese\/#breadcrumb","itemListElement":[{"@type":"ListItem","position":1,"name":"Home","item":"https:\/\/www.ccaniene.com\/it_it\/"},{"@type":"ListItem","position":2,"name":"Sci\/A Cortina il 5. Memorial Andrea Scozzese"}]},{"@type":"WebSite","@id":"https:\/\/www.ccaniene.com\/it_it\/#website","url":"https:\/\/www.ccaniene.com\/it_it\/","name":"Circolo Canottieri Aniene","description":"Collare d&#039;Oro e Stella d&#039;Oro al Merito Sportivo","potentialAction":[{"@type":"SearchAction","target":{"@type":"EntryPoint","urlTemplate":"https:\/\/www.ccaniene.com\/it_it\/?s={search_term_string}"},"query-input":{"@type":"PropertyValueSpecification","valueRequired":true,"valueName":"search_term_string"}}],"inLanguage":"en-GB"},{"@type":"Person","@id":"https:\/\/www.ccaniene.com\/it_it\/#\/schema\/person\/6042bd0ba360674279dffd4247d570ed","name":"carlo.san@tin.it","image":{"@type":"ImageObject","inLanguage":"en-GB","@id":"https:\/\/www.ccaniene.com\/it_it\/#\/schema\/person\/image\/","url":"https:\/\/secure.gravatar.com\/avatar\/f993a459d0ffe4d666e4c917fef20ca9?s=96&d=mm&r=g","contentUrl":"https:\/\/secure.gravatar.com\/avatar\/f993a459d0ffe4d666e4c917fef20ca9?s=96&d=mm&r=g","caption":"carlo.san@tin.it"},"url":"https:\/\/www.ccaniene.com\/en\/author\/carlo-santi-2\/"}]}},"_links":{"self":[{"href":"https:\/\/www.ccaniene.com\/en\/wp-json\/wp\/v2\/posts\/29451"}],"collection":[{"href":"https:\/\/www.ccaniene.com\/en\/wp-json\/wp\/v2\/posts"}],"about":[{"href":"https:\/\/www.ccaniene.com\/en\/wp-json\/wp\/v2\/types\/post"}],"author":[{"embeddable":true,"href":"https:\/\/www.ccaniene.com\/en\/wp-json\/wp\/v2\/users\/23521"}],"replies":[{"embeddable":true,"href":"https:\/\/www.ccaniene.com\/en\/wp-json\/wp\/v2\/comments?post=29451"}],"version-history":[{"count":1,"href":"https:\/\/www.ccaniene.com\/en\/wp-json\/wp\/v2\/posts\/29451\/revisions"}],"predecessor-version":[{"id":29453,"href":"https:\/\/www.ccaniene.com\/en\/wp-json\/wp\/v2\/posts\/29451\/revisions\/29453"}],"wp:featuredmedia":[{"embeddable":true,"href":"https:\/\/www.ccaniene.com\/en\/wp-json\/wp\/v2\/media\/29452"}],"wp:attachment":[{"href":"https:\/\/www.ccaniene.com\/en\/wp-json\/wp\/v2\/media?parent=29451"}],"wp:term":[{"taxonomy":"category","embeddable":true,"href":"https:\/\/www.ccaniene.com\/en\/wp-json\/wp\/v2\/categories?post=29451"},{"taxonomy":"post_tag","embeddable":true,"href":"https:\/\/www.ccaniene.com\/en\/wp-json\/wp\/v2\/tags?post=29451"}],"curies":[{"name":"wp","href":"https:\/\/api.w.org\/{rel}","templated":true}]}}